{"id":99990,"date":"2023-04-13T16:02:28","date_gmt":"2023-04-13T16:02:28","guid":{"rendered":"https:\/\/quehacerpolitico.mx\/?p=99990"},"modified":"2023-04-13T16:02:31","modified_gmt":"2023-04-13T16:02:31","slug":"enfoque-litza-deniss-duran-espinosa-elena-poniatowska-sera-galardonada-con-la-medalla-belisario-dominguez-por-el-senado-de-la-republica","status":"publish","type":"post","link":"https:\/\/quehacerpolitico.mx\/?p=99990","title":{"rendered":"Enfoque\/\/\/Litza Deniss Dur\u00e1n Espinosa\/\/\/Elena Poniatowska ser\u00e1 galardonada con la medalla Belisario Dom\u00ednguez por el Senado de la Rep\u00fablica"},"content":{"rendered":"\n<p>Por Litza Deniss Dur\u00e1n Espinosa<\/p>\n\n\n\n<p>Analista<\/p>\n\n\n\n<p>Durante la sesi\u00f3n de este martes se present\u00f3 el dictamen que fue avalado al considerar que Elena Poniatowska Amor debe ser reconocida por su trayectoria como escritora, periodista y activista<\/p>\n\n\n\n<p>El pleno del\u00a0<strong>Senado de la Rep\u00fablica<\/strong>\u00a0aprob\u00f3 por unanimidad con 100 votos, otorgar la\u00a0<strong>Medalla de Honor Belisario Dom\u00ednguez<\/strong>, correspondiente al a\u00f1o 2022, a<strong>\u00a0Elena Poniatowska Amor.<\/strong><\/p>\n\n\n\n<figure class=\"wp-block-image size-full\"><img loading=\"lazy\" decoding=\"async\" width=\"678\" height=\"452\" src=\"https:\/\/quehacerpolitico.mx\/wp-content\/uploads\/2023\/04\/image-24.jpeg\" alt=\"\" class=\"wp-image-99991\" srcset=\"https:\/\/quehacerpolitico.mx\/wp-content\/uploads\/2023\/04\/image-24.jpeg 678w, https:\/\/quehacerpolitico.mx\/wp-content\/uploads\/2023\/04\/image-24-300x200.jpeg 300w, https:\/\/quehacerpolitico.mx\/wp-content\/uploads\/2023\/04\/image-24-219x146.jpeg 219w, https:\/\/quehacerpolitico.mx\/wp-content\/uploads\/2023\/04\/image-24-50x33.jpeg 50w, https:\/\/quehacerpolitico.mx\/wp-content\/uploads\/2023\/04\/image-24-113x75.jpeg 113w\" sizes=\"auto, (max-width: 678px) 100vw, 678px\" \/><\/figure>\n\n\n\n<p>Durante la sesi\u00f3n de este martes se present\u00f3 el dictamen que fue avalado al considerar que Elena Poniatowska Amor&nbsp;<strong>debe ser reconocida por su trayectoria como escritora, periodista y activista.<\/strong><\/p>\n\n\n\n<p>Se destac\u00f3 que en fecha pr\u00f3xima el Senado de la Rep\u00fablica celebrar\u00e1 sesi\u00f3n solemne en la fecha en que la Mesa Directiva determine.<\/p>\n\n\n\n<p><strong>Beatriz Paredes<\/strong>, senadora del&nbsp;<strong>PRI<\/strong>, destac\u00f3 en tribuna que a Elena Poniatowska no la han callado, ni se han cobijado a la sombra del poder, sino que&nbsp;<strong>denunciaron actos y hechos de abuso de poder.<\/strong><\/p>\n\n\n\n<p>Reconoci\u00f3 la figura de Elena Poniatowska como\u00a0<strong>feminista, como literata, como defensora e impulsora de derechos sociales.<\/strong><\/p>\n\n\n\n<p>Solicit\u00f3 guardar un minuto de silencio por el fallecimiento de Ra\u00fal Padilla L\u00f3pez, exrector de la Universidad de Guadalajara y promotor de la Feria Internacional del Libro de Guadalajara.<\/p>\n\n\n\n<p>El pleno legislativo acept\u00f3 guardar el minuto de silencio en memoria del exrector.<\/p>\n","protected":false},"excerpt":{"rendered":"<p>Por Litza Deniss Dur\u00e1n Espinosa Analista Durante la sesi\u00f3n de este martes se present\u00f3 el&#8230;<\/p>\n","protected":false},"author":2,"featured_media":99992,"comment_status":"open","ping_status":"open","sticky":false,"template":"","format":"standard","meta":{"_monsterinsights_skip_tracking":false,"_monsterinsights_sitenote_active":false,"_monsterinsights_sitenote_note":"","_monsterinsights_sitenote_category":0,"footnotes":""},"categories":[58],"tags":[],"class_list":["post-99990","post","type-post","status-publish","format-standard","has-post-thumbnail","hentry","category-cultura"],"yoast_head":"<!-- This site is optimized with the Yoast SEO plugin v27.3 - https:\/\/yoast.com\/product\/yoast-seo-wordpress\/ -->\n<title>Enfoque\/\/\/Litza Deniss Dur\u00e1n Espinosa\/\/\/Elena Poniatowska ser\u00e1 galardonada con la medalla Belisario Dom\u00ednguez por el Senado de la Rep\u00fablica -<\/title>\n<meta name=\"robots\" content=\"index, follow, max-snippet:-1, max-image-preview:large, max-video-preview:-1\" \/>\n<link rel=\"canonical\" href=\"https:\/\/quehacerpolitico.mx\/?p=99990\" \/>\n<meta property=\"og:locale\" content=\"es_MX\" \/>\n<meta property=\"og:type\" content=\"article\" \/>\n<meta property=\"og:title\" content=\"Enfoque\/\/\/Litza Deniss Dur\u00e1n Espinosa\/\/\/Elena Poniatowska ser\u00e1 galardonada con la medalla Belisario Dom\u00ednguez por el Senado de la Rep\u00fablica -\" \/>\n<meta property=\"og:description\" content=\"Por Litza Deniss Dur\u00e1n Espinosa Analista Durante la sesi\u00f3n de este martes se present\u00f3 el...\" \/>\n<meta property=\"og:url\" content=\"https:\/\/quehacerpolitico.mx\/?p=99990\" \/>\n<meta property=\"article:published_time\" content=\"2023-04-13T16:02:28+00:00\" \/>\n<meta property=\"article:modified_time\" content=\"2023-04-13T16:02:31+00:00\" \/>\n<meta property=\"og:image\" content=\"https:\/\/quehacerpolitico.mx\/wp-content\/uploads\/2023\/04\/ffb861ea-47ab-405c-af3e-9b89cc09d96e-5.jpeg\" \/>\n\t<meta property=\"og:image:width\" content=\"963\" \/>\n\t<meta property=\"og:image:height\" content=\"493\" \/>\n\t<meta property=\"og:image:type\" content=\"image\/jpeg\" \/>\n<meta name=\"author\" content=\"Redacci\u00f3n QP\" \/>\n<meta name=\"twitter:card\" content=\"summary_large_image\" \/>\n<meta name=\"twitter:label1\" content=\"Escrito por\" \/>\n\t<meta name=\"twitter:data1\" content=\"Redacci\u00f3n QP\" \/>\n\t<meta name=\"twitter:label2\" content=\"Tiempo de lectura\" \/>\n\t<meta name=\"twitter:data2\" content=\"1 minuto\" \/>\n<script type=\"application\/ld+json\" class=\"yoast-schema-graph\">{\"@context\":\"https:\\\/\\\/schema.org\",\"@graph\":[{\"@type\":\"Article\",\"@id\":\"https:\\\/\\\/quehacerpolitico.mx\\\/?p=99990#article\",\"isPartOf\":{\"@id\":\"https:\\\/\\\/quehacerpolitico.mx\\\/?p=99990\"},\"author\":{\"name\":\"Redacci\u00f3n QP\",\"@id\":\"https:\\\/\\\/quehacerpolitico.mx\\\/#\\\/schema\\\/person\\\/496d8ad2d1d3f8036101dca7ee39e585\"},\"headline\":\"Enfoque\\\/\\\/\\\/Litza Deniss Dur\u00e1n Espinosa\\\/\\\/\\\/Elena Poniatowska ser\u00e1 galardonada con la medalla Belisario Dom\u00ednguez por el Senado de la Rep\u00fablica\",\"datePublished\":\"2023-04-13T16:02:28+00:00\",\"dateModified\":\"2023-04-13T16:02:31+00:00\",\"mainEntityOfPage\":{\"@id\":\"https:\\\/\\\/quehacerpolitico.mx\\\/?p=99990\"},\"wordCount\":246,\"commentCount\":0,\"image\":{\"@id\":\"https:\\\/\\\/quehacerpolitico.mx\\\/?p=99990#primaryimage\"},\"thumbnailUrl\":\"https:\\\/\\\/quehacerpolitico.mx\\\/wp-content\\\/uploads\\\/2023\\\/04\\\/ffb861ea-47ab-405c-af3e-9b89cc09d96e-5.jpeg\",\"articleSection\":[\"Cultura y Entretenimiento\"],\"inLanguage\":\"es\",\"potentialAction\":[{\"@type\":\"CommentAction\",\"name\":\"Comment\",\"target\":[\"https:\\\/\\\/quehacerpolitico.mx\\\/?p=99990#respond\"]}]},{\"@type\":\"WebPage\",\"@id\":\"https:\\\/\\\/quehacerpolitico.mx\\\/?p=99990\",\"url\":\"https:\\\/\\\/quehacerpolitico.mx\\\/?p=99990\",\"name\":\"Enfoque\\\/\\\/\\\/Litza Deniss Dur\u00e1n Espinosa\\\/\\\/\\\/Elena Poniatowska ser\u00e1 galardonada con la medalla Belisario Dom\u00ednguez por el Senado de la Rep\u00fablica -\",\"isPartOf\":{\"@id\":\"https:\\\/\\\/quehacerpolitico.mx\\\/#website\"},\"primaryImageOfPage\":{\"@id\":\"https:\\\/\\\/quehacerpolitico.mx\\\/?p=99990#primaryimage\"},\"image\":{\"@id\":\"https:\\\/\\\/quehacerpolitico.mx\\\/?p=99990#primaryimage\"},\"thumbnailUrl\":\"https:\\\/\\\/quehacerpolitico.mx\\\/wp-content\\\/uploads\\\/2023\\\/04\\\/ffb861ea-47ab-405c-af3e-9b89cc09d96e-5.jpeg\",\"datePublished\":\"2023-04-13T16:02:28+00:00\",\"dateModified\":\"2023-04-13T16:02:31+00:00\",\"author\":{\"@id\":\"https:\\\/\\\/quehacerpolitico.mx\\\/#\\\/schema\\\/person\\\/496d8ad2d1d3f8036101dca7ee39e585\"},\"breadcrumb\":{\"@id\":\"https:\\\/\\\/quehacerpolitico.mx\\\/?p=99990#breadcrumb\"},\"inLanguage\":\"es\",\"potentialAction\":[{\"@type\":\"ReadAction\",\"target\":[\"https:\\\/\\\/quehacerpolitico.mx\\\/?p=99990\"]}]},{\"@type\":\"ImageObject\",\"inLanguage\":\"es\",\"@id\":\"https:\\\/\\\/quehacerpolitico.mx\\\/?p=99990#primaryimage\",\"url\":\"https:\\\/\\\/quehacerpolitico.mx\\\/wp-content\\\/uploads\\\/2023\\\/04\\\/ffb861ea-47ab-405c-af3e-9b89cc09d96e-5.jpeg\",\"contentUrl\":\"https:\\\/\\\/quehacerpolitico.mx\\\/wp-content\\\/uploads\\\/2023\\\/04\\\/ffb861ea-47ab-405c-af3e-9b89cc09d96e-5.jpeg\",\"width\":963,\"height\":493},{\"@type\":\"BreadcrumbList\",\"@id\":\"https:\\\/\\\/quehacerpolitico.mx\\\/?p=99990#breadcrumb\",\"itemListElement\":[{\"@type\":\"ListItem\",\"position\":1,\"name\":\"Inicio\",\"item\":\"https:\\\/\\\/quehacerpolitico.mx\\\/\"},{\"@type\":\"ListItem\",\"position\":2,\"name\":\"Enfoque\\\/\\\/\\\/Litza Deniss Dur\u00e1n Espinosa\\\/\\\/\\\/Elena Poniatowska ser\u00e1 galardonada con la medalla Belisario Dom\u00ednguez por el Senado de la Rep\u00fablica\"}]},{\"@type\":\"WebSite\",\"@id\":\"https:\\\/\\\/quehacerpolitico.mx\\\/#website\",\"url\":\"https:\\\/\\\/quehacerpolitico.mx\\\/\",\"name\":\"\",\"description\":\"\",\"potentialAction\":[{\"@type\":\"SearchAction\",\"target\":{\"@type\":\"EntryPoint\",\"urlTemplate\":\"https:\\\/\\\/quehacerpolitico.mx\\\/?s={search_term_string}\"},\"query-input\":{\"@type\":\"PropertyValueSpecification\",\"valueRequired\":true,\"valueName\":\"search_term_string\"}}],\"inLanguage\":\"es\"},{\"@type\":\"Person\",\"@id\":\"https:\\\/\\\/quehacerpolitico.mx\\\/#\\\/schema\\\/person\\\/496d8ad2d1d3f8036101dca7ee39e585\",\"name\":\"Redacci\u00f3n QP\",\"image\":{\"@type\":\"ImageObject\",\"inLanguage\":\"es\",\"@id\":\"https:\\\/\\\/secure.gravatar.com\\\/avatar\\\/c7164ed6fdec453195284ad24a5ae5b6e1eed2b848477fa2a4787ba9adf39a41?s=96&d=mm&r=g\",\"url\":\"https:\\\/\\\/secure.gravatar.com\\\/avatar\\\/c7164ed6fdec453195284ad24a5ae5b6e1eed2b848477fa2a4787ba9adf39a41?s=96&d=mm&r=g\",\"contentUrl\":\"https:\\\/\\\/secure.gravatar.com\\\/avatar\\\/c7164ed6fdec453195284ad24a5ae5b6e1eed2b848477fa2a4787ba9adf39a41?s=96&d=mm&r=g\",\"caption\":\"Redacci\u00f3n QP\"},\"url\":\"https:\\\/\\\/quehacerpolitico.mx\\\/?author=2\"}]}<\/script>\n<!-- \/ Yoast SEO plugin. -->","yoast_head_json":{"title":"Enfoque\/\/\/Litza Deniss Dur\u00e1n Espinosa\/\/\/Elena Poniatowska ser\u00e1 galardonada con la medalla Belisario Dom\u00ednguez por el Senado de la Rep\u00fablica -","robots":{"index":"index","follow":"follow","max-snippet":"max-snippet:-1","max-image-preview":"max-image-preview:large","max-video-preview":"max-video-preview:-1"},"canonical":"https:\/\/quehacerpolitico.mx\/?p=99990","og_locale":"es_MX","og_type":"article","og_title":"Enfoque\/\/\/Litza Deniss Dur\u00e1n Espinosa\/\/\/Elena Poniatowska ser\u00e1 galardonada con la medalla Belisario Dom\u00ednguez por el Senado de la Rep\u00fablica -","og_description":"Por Litza Deniss Dur\u00e1n Espinosa Analista Durante la sesi\u00f3n de este martes se present\u00f3 el...","og_url":"https:\/\/quehacerpolitico.mx\/?p=99990","article_published_time":"2023-04-13T16:02:28+00:00","article_modified_time":"2023-04-13T16:02:31+00:00","og_image":[{"width":963,"height":493,"url":"https:\/\/quehacerpolitico.mx\/wp-content\/uploads\/2023\/04\/ffb861ea-47ab-405c-af3e-9b89cc09d96e-5.jpeg","type":"image\/jpeg"}],"author":"Redacci\u00f3n QP","twitter_card":"summary_large_image","twitter_misc":{"Escrito por":"Redacci\u00f3n QP","Tiempo de lectura":"1 minuto"},"schema":{"@context":"https:\/\/schema.org","@graph":[{"@type":"Article","@id":"https:\/\/quehacerpolitico.mx\/?p=99990#article","isPartOf":{"@id":"https:\/\/quehacerpolitico.mx\/?p=99990"},"author":{"name":"Redacci\u00f3n QP","@id":"https:\/\/quehacerpolitico.mx\/#\/schema\/person\/496d8ad2d1d3f8036101dca7ee39e585"},"headline":"Enfoque\/\/\/Litza Deniss Dur\u00e1n Espinosa\/\/\/Elena Poniatowska ser\u00e1 galardonada con la medalla Belisario Dom\u00ednguez por el Senado de la Rep\u00fablica","datePublished":"2023-04-13T16:02:28+00:00","dateModified":"2023-04-13T16:02:31+00:00","mainEntityOfPage":{"@id":"https:\/\/quehacerpolitico.mx\/?p=99990"},"wordCount":246,"commentCount":0,"image":{"@id":"https:\/\/quehacerpolitico.mx\/?p=99990#primaryimage"},"thumbnailUrl":"https:\/\/quehacerpolitico.mx\/wp-content\/uploads\/2023\/04\/ffb861ea-47ab-405c-af3e-9b89cc09d96e-5.jpeg","articleSection":["Cultura y Entretenimiento"],"inLanguage":"es","potentialAction":[{"@type":"CommentAction","name":"Comment","target":["https:\/\/quehacerpolitico.mx\/?p=99990#respond"]}]},{"@type":"WebPage","@id":"https:\/\/quehacerpolitico.mx\/?p=99990","url":"https:\/\/quehacerpolitico.mx\/?p=99990","name":"Enfoque\/\/\/Litza Deniss Dur\u00e1n Espinosa\/\/\/Elena Poniatowska ser\u00e1 galardonada con la medalla Belisario Dom\u00ednguez por el Senado de la Rep\u00fablica -","isPartOf":{"@id":"https:\/\/quehacerpolitico.mx\/#website"},"primaryImageOfPage":{"@id":"https:\/\/quehacerpolitico.mx\/?p=99990#primaryimage"},"image":{"@id":"https:\/\/quehacerpolitico.mx\/?p=99990#primaryimage"},"thumbnailUrl":"https:\/\/quehacerpolitico.mx\/wp-content\/uploads\/2023\/04\/ffb861ea-47ab-405c-af3e-9b89cc09d96e-5.jpeg","datePublished":"2023-04-13T16:02:28+00:00","dateModified":"2023-04-13T16:02:31+00:00","author":{"@id":"https:\/\/quehacerpolitico.mx\/#\/schema\/person\/496d8ad2d1d3f8036101dca7ee39e585"},"breadcrumb":{"@id":"https:\/\/quehacerpolitico.mx\/?p=99990#breadcrumb"},"inLanguage":"es","potentialAction":[{"@type":"ReadAction","target":["https:\/\/quehacerpolitico.mx\/?p=99990"]}]},{"@type":"ImageObject","inLanguage":"es","@id":"https:\/\/quehacerpolitico.mx\/?p=99990#primaryimage","url":"https:\/\/quehacerpolitico.mx\/wp-content\/uploads\/2023\/04\/ffb861ea-47ab-405c-af3e-9b89cc09d96e-5.jpeg","contentUrl":"https:\/\/quehacerpolitico.mx\/wp-content\/uploads\/2023\/04\/ffb861ea-47ab-405c-af3e-9b89cc09d96e-5.jpeg","width":963,"height":493},{"@type":"BreadcrumbList","@id":"https:\/\/quehacerpolitico.mx\/?p=99990#breadcrumb","itemListElement":[{"@type":"ListItem","position":1,"name":"Inicio","item":"https:\/\/quehacerpolitico.mx\/"},{"@type":"ListItem","position":2,"name":"Enfoque\/\/\/Litza Deniss Dur\u00e1n Espinosa\/\/\/Elena Poniatowska ser\u00e1 galardonada con la medalla Belisario Dom\u00ednguez por el Senado de la Rep\u00fablica"}]},{"@type":"WebSite","@id":"https:\/\/quehacerpolitico.mx\/#website","url":"https:\/\/quehacerpolitico.mx\/","name":"","description":"","potentialAction":[{"@type":"SearchAction","target":{"@type":"EntryPoint","urlTemplate":"https:\/\/quehacerpolitico.mx\/?s={search_term_string}"},"query-input":{"@type":"PropertyValueSpecification","valueRequired":true,"valueName":"search_term_string"}}],"inLanguage":"es"},{"@type":"Person","@id":"https:\/\/quehacerpolitico.mx\/#\/schema\/person\/496d8ad2d1d3f8036101dca7ee39e585","name":"Redacci\u00f3n QP","image":{"@type":"ImageObject","inLanguage":"es","@id":"https:\/\/secure.gravatar.com\/avatar\/c7164ed6fdec453195284ad24a5ae5b6e1eed2b848477fa2a4787ba9adf39a41?s=96&d=mm&r=g","url":"https:\/\/secure.gravatar.com\/avatar\/c7164ed6fdec453195284ad24a5ae5b6e1eed2b848477fa2a4787ba9adf39a41?s=96&d=mm&r=g","contentUrl":"https:\/\/secure.gravatar.com\/avatar\/c7164ed6fdec453195284ad24a5ae5b6e1eed2b848477fa2a4787ba9adf39a41?s=96&d=mm&r=g","caption":"Redacci\u00f3n QP"},"url":"https:\/\/quehacerpolitico.mx\/?author=2"}]}},"featured_image_urls":{"full":["https:\/\/quehacerpolitico.mx\/wp-content\/uploads\/2023\/04\/ffb861ea-47ab-405c-af3e-9b89cc09d96e-5.jpeg",963,493,false],"thumbnail":["https:\/\/quehacerpolitico.mx\/wp-content\/uploads\/2023\/04\/ffb861ea-47ab-405c-af3e-9b89cc09d96e-5-150x150.jpeg",150,150,true],"medium":["https:\/\/quehacerpolitico.mx\/wp-content\/uploads\/2023\/04\/ffb861ea-47ab-405c-af3e-9b89cc09d96e-5-300x154.jpeg",300,154,true],"medium_large":["https:\/\/quehacerpolitico.mx\/wp-content\/uploads\/2023\/04\/ffb861ea-47ab-405c-af3e-9b89cc09d96e-5-768x393.jpeg",640,328,true],"large":["https:\/\/quehacerpolitico.mx\/wp-content\/uploads\/2023\/04\/ffb861ea-47ab-405c-af3e-9b89cc09d96e-5.jpeg",640,328,false],"1536x1536":["https:\/\/quehacerpolitico.mx\/wp-content\/uploads\/2023\/04\/ffb861ea-47ab-405c-af3e-9b89cc09d96e-5.jpeg",963,493,false],"2048x2048":["https:\/\/quehacerpolitico.mx\/wp-content\/uploads\/2023\/04\/ffb861ea-47ab-405c-af3e-9b89cc09d96e-5.jpeg",963,493,false],"covernews-featured":["https:\/\/quehacerpolitico.mx\/wp-content\/uploads\/2023\/04\/ffb861ea-47ab-405c-af3e-9b89cc09d96e-5.jpeg",963,493,false],"covernews-medium":["https:\/\/quehacerpolitico.mx\/wp-content\/uploads\/2023\/04\/ffb861ea-47ab-405c-af3e-9b89cc09d96e-5.jpeg",540,276,false]},"author_info":{"display_name":"Redacci\u00f3n QP","author_link":"https:\/\/quehacerpolitico.mx\/?author=2"},"category_info":"<a href=\"https:\/\/quehacerpolitico.mx\/?cat=58\" rel=\"category\">Cultura y Entretenimiento<\/a>","tag_info":"Cultura y Entretenimiento","comment_count":"0","_links":{"self":[{"href":"https:\/\/quehacerpolitico.mx\/index.php?rest_route=\/wp\/v2\/posts\/99990","targetHints":{"allow":["GET"]}}],"collection":[{"href":"https:\/\/quehacerpolitico.mx\/index.php?rest_route=\/wp\/v2\/posts"}],"about":[{"href":"https:\/\/quehacerpolitico.mx\/index.php?rest_route=\/wp\/v2\/types\/post"}],"author":[{"embeddable":true,"href":"https:\/\/quehacerpolitico.mx\/index.php?rest_route=\/wp\/v2\/users\/2"}],"replies":[{"embeddable":true,"href":"https:\/\/quehacerpolitico.mx\/index.php?rest_route=%2Fwp%2Fv2%2Fcomments&post=99990"}],"version-history":[{"count":1,"href":"https:\/\/quehacerpolitico.mx\/index.php?rest_route=\/wp\/v2\/posts\/99990\/revisions"}],"predecessor-version":[{"id":99993,"href":"https:\/\/quehacerpolitico.mx\/index.php?rest_route=\/wp\/v2\/posts\/99990\/revisions\/99993"}],"wp:featuredmedia":[{"embeddable":true,"href":"https:\/\/quehacerpolitico.mx\/index.php?rest_route=\/wp\/v2\/media\/99992"}],"wp:attachment":[{"href":"https:\/\/quehacerpolitico.mx\/index.php?rest_route=%2Fwp%2Fv2%2Fmedia&parent=99990"}],"wp:term":[{"taxonomy":"category","embeddable":true,"href":"https:\/\/quehacerpolitico.mx\/index.php?rest_route=%2Fwp%2Fv2%2Fcategories&post=99990"},{"taxonomy":"post_tag","embeddable":true,"href":"https:\/\/quehacerpolitico.mx\/index.php?rest_route=%2Fwp%2Fv2%2Ftags&post=99990"}],"curies":[{"name":"wp","href":"https:\/\/api.w.org\/{rel}","templated":true}]}}