{"id":99984,"date":"2023-04-13T15:37:08","date_gmt":"2023-04-13T15:37:08","guid":{"rendered":"https:\/\/quehacerpolitico.mx\/?p=99984"},"modified":"2023-04-13T15:37:11","modified_gmt":"2023-04-13T15:37:11","slug":"enfoque-litza-deniss-duran-espinosa-pobreza-en-mexico-imparable-sigue-a-la-alza","status":"publish","type":"post","link":"https:\/\/quehacerpolitico.mx\/?p=99984","title":{"rendered":"Enfoque\/\/\/Litza Deniss Dur\u00e1n Espinosa\/\/\/Pobreza en M\u00e9xico imparable sigue a la alza"},"content":{"rendered":"\n<p>Por Litza Deniss Dur\u00e1n Espinosa<\/p>\n\n\n\n<p>Analista<\/p>\n\n\n\n<p>El impacto estimado de la inflaci\u00f3n sobre la tasa de pobreza, antes de nuevas compensaciones medidas, es tan alto como alrededor de un punto porcentual en Francia, M\u00e9xico y Senegal<\/p>\n\n\n\n<p>Debido a la alta inflaci\u00f3n,\u00a0<strong>M\u00e9xico al igual que el resto del mundo enfrentar\u00e1 efectos negativos sobre la deuda p\u00fablica y la pobreza,<\/strong>\u00a0estim\u00f3 el Fondo Monetario Internacional (FMI).<\/p>\n\n\n\n<p>Estableci\u00f3 que la deuda del pa\u00eds, como proporci\u00f3n del Producto Interno Bruto (PIB), comenzar\u00e1 a crecer en el siguiente sexenio hacia niveles de 60% que ten\u00eda en 2020.<\/p>\n\n\n\n<p>Mientras que, seg\u00fan c\u00e1lculos del organismo, el efecto de la inflaci\u00f3n sobre la tasa de pobreza es de un punto porcentual, ante el mayor costo de vida por el encarecimiento de alimentos.<\/p>\n\n\n\n<p>Al dar a conocer el reporte Monitor Fiscal puso de manifiesto que&nbsp;<strong>m\u00e1s all\u00e1 del impacto general de la inflaci\u00f3n en las cuentas fiscales, es clave analizar los efectos en la distribuci\u00f3n del bienestar de los hogares.<\/strong><\/p>\n\n\n\n<p>Se recomienda que a la hora de pensar o dise\u00f1ar reformas para la atenci\u00f3n de la salud y pensiones, ser\u00eda \u00fatil considerar que la inflaci\u00f3n ya es un lastre sobre los hogares y los grupos m\u00e1s desprotegidos.<\/p>\n\n\n\n<p>El FMI analiz\u00f3 los efectos de la inflaci\u00f3n a trav\u00e9s de tres canales para seis econom\u00edas: Kenia y Senegal como pa\u00edses de bajos ingresos; Colombia y M\u00e9xico, de mercados emergentes y Finlandia y Francia, de econom\u00edas avanzadas.<\/p>\n\n\n\n<p>Encontr\u00f3 que&nbsp;<strong>el impacto estimado de la inflaci\u00f3n sobre la tasa de pobreza, antes de nuevas compensaciones medidas, es tan alto como alrededor de un punto porcentual en Francia, M\u00e9xico y Senegal.<\/strong><\/p>\n\n\n\n<p>Tales aumentos de la pobreza ya consideran el crecimiento de la renta nominal, que ayud\u00f3 a frenar los efectos adversos de los precios elevados sobre la inflaci\u00f3n en los m\u00e1s desprotegidos.<\/p>\n\n\n\n<p>Para llegar a esa conclusi\u00f3n, el FMI estudi\u00f3 un periodo que abarc\u00f3 el comportamiento de la inflaci\u00f3n en esos pa\u00edses del segundo trimestre de 2021 al mismo periodo de 2022.<\/p>\n\n\n\n<p>Este aumento se concentr\u00f3 en los precios de los alimentos y la energ\u00eda, y se asoci\u00f3 con una crisis del costo de vida para millones de personas a lo largo de todo el mundo.<\/p>\n\n\n\n<p><strong>Saldo del gobierno<\/strong><\/p>\n\n\n\n<p>Por otro lado,&nbsp;<strong>en la parte de la deuda p\u00fablica de M\u00e9xico, seg\u00fan el reporte cerrar\u00e1 con una disminuci\u00f3n en la presente administraci\u00f3n,<\/strong>&nbsp;pero comenzar\u00e1 a subir durante el pr\u00f3ximo sexenio para volver a acercarse a los niveles en que se encontraba en 2020.<\/p>\n\n\n\n<p>El organismo internacional est\u00e1 calculando que&nbsp;<strong>la deuda p\u00fablica del pa\u00eds pasar\u00e1 de 56% del PIB en que estaba el a\u00f1o pasado a 55.6% en 2023.<\/strong><\/p>\n\n\n\n<p>Posteriormente aumentar\u00e1 a 55.8% en 2024 para retomar su camino ascendente en los siguientes cuatro a\u00f1os y colocarse en niveles similares a los que estaba cuando inici\u00f3 la pandemia, con 60.1% en 2020.<\/p>\n\n\n\n<p>Seg\u00fan las estimaciones del equipo del FMI, la deuda p\u00fablica de M\u00e9xico como proporci\u00f3n de la econom\u00eda se colocar\u00e1 en 56.3% en 2025, cuando arranque de lleno el nuevo gobierno.<\/p>\n\n\n\n<p>Luego escalar\u00e1 a 56.9% del PIB en 2026 para despu\u00e9s dar un brinco a 57.5% y 57.9% en los siguientes dos a\u00f1os.<\/p>\n\n\n\n<p>No obstante,&nbsp;<strong>la deuda de M\u00e9xico ser\u00e1 menos problem\u00e1tica en comparaci\u00f3n a la de todo el mundo, que representar\u00e1 93.3% del PIB global en este a\u00f1o y crecer\u00e1 hasta 99.6% en 2028.<\/strong><\/p>\n\n\n\n<p>Los mayores dolores de cabeza ser\u00e1n para las econom\u00edas avanzadas, cuya deuda pasar\u00e1 de 112.2% a 117.8% en el periodo referido, de acuerdo con las estimaciones del FMI,&nbsp;<strong>con Estados Unidos y Jap\u00f3n con las deudas m\u00e1s abultadas.<\/strong><\/p>\n\n\n\n<p>Para Am\u00e9rica Latina, el promedio es que represente 68.6% del PIB en este a\u00f1o y 70.1% en 2028; Brasil tambi\u00e9n tendr\u00e1 una deuda m\u00e1s alta que M\u00e9xico de 88.4% y 96.2% en el periodo.<\/p>\n","protected":false},"excerpt":{"rendered":"<p>Por Litza Deniss Dur\u00e1n Espinosa Analista El impacto estimado de la inflaci\u00f3n sobre la tasa&#8230;<\/p>\n","protected":false},"author":2,"featured_media":99985,"comment_status":"open","ping_status":"open","sticky":false,"template":"","format":"standard","meta":{"_monsterinsights_skip_tracking":false,"_monsterinsights_sitenote_active":false,"_monsterinsights_sitenote_note":"","_monsterinsights_sitenote_category":0,"footnotes":""},"categories":[56],"tags":[],"class_list":["post-99984","post","type-post","status-publish","format-standard","has-post-thumbnail","hentry","category-economia"],"yoast_head":"<!-- This site is optimized with the Yoast SEO plugin v27.3 - https:\/\/yoast.com\/product\/yoast-seo-wordpress\/ -->\n<title>Enfoque\/\/\/Litza Deniss Dur\u00e1n Espinosa\/\/\/Pobreza en M\u00e9xico imparable sigue a la alza -<\/title>\n<meta name=\"robots\" content=\"index, follow, max-snippet:-1, max-image-preview:large, max-video-preview:-1\" \/>\n<link rel=\"canonical\" href=\"https:\/\/quehacerpolitico.mx\/?p=99984\" \/>\n<meta property=\"og:locale\" content=\"es_MX\" \/>\n<meta property=\"og:type\" content=\"article\" \/>\n<meta property=\"og:title\" content=\"Enfoque\/\/\/Litza Deniss Dur\u00e1n Espinosa\/\/\/Pobreza en M\u00e9xico imparable sigue a la alza -\" \/>\n<meta property=\"og:description\" content=\"Por Litza Deniss Dur\u00e1n Espinosa Analista El impacto estimado de la inflaci\u00f3n sobre la tasa...\" \/>\n<meta property=\"og:url\" content=\"https:\/\/quehacerpolitico.mx\/?p=99984\" \/>\n<meta property=\"article:published_time\" content=\"2023-04-13T15:37:08+00:00\" \/>\n<meta property=\"article:modified_time\" content=\"2023-04-13T15:37:11+00:00\" \/>\n<meta property=\"og:image\" content=\"https:\/\/quehacerpolitico.mx\/wp-content\/uploads\/2023\/04\/ffb861ea-47ab-405c-af3e-9b89cc09d96e-4.jpeg\" \/>\n\t<meta property=\"og:image:width\" content=\"963\" \/>\n\t<meta property=\"og:image:height\" content=\"493\" \/>\n\t<meta property=\"og:image:type\" content=\"image\/jpeg\" \/>\n<meta name=\"author\" content=\"Redacci\u00f3n QP\" \/>\n<meta name=\"twitter:card\" content=\"summary_large_image\" \/>\n<meta name=\"twitter:label1\" content=\"Escrito por\" \/>\n\t<meta name=\"twitter:data1\" content=\"Redacci\u00f3n QP\" \/>\n\t<meta name=\"twitter:label2\" content=\"Tiempo de lectura\" \/>\n\t<meta name=\"twitter:data2\" content=\"3 minutos\" \/>\n<script type=\"application\/ld+json\" class=\"yoast-schema-graph\">{\"@context\":\"https:\\\/\\\/schema.org\",\"@graph\":[{\"@type\":\"Article\",\"@id\":\"https:\\\/\\\/quehacerpolitico.mx\\\/?p=99984#article\",\"isPartOf\":{\"@id\":\"https:\\\/\\\/quehacerpolitico.mx\\\/?p=99984\"},\"author\":{\"name\":\"Redacci\u00f3n QP\",\"@id\":\"https:\\\/\\\/quehacerpolitico.mx\\\/#\\\/schema\\\/person\\\/496d8ad2d1d3f8036101dca7ee39e585\"},\"headline\":\"Enfoque\\\/\\\/\\\/Litza Deniss Dur\u00e1n Espinosa\\\/\\\/\\\/Pobreza en M\u00e9xico imparable sigue a la alza\",\"datePublished\":\"2023-04-13T15:37:08+00:00\",\"dateModified\":\"2023-04-13T15:37:11+00:00\",\"mainEntityOfPage\":{\"@id\":\"https:\\\/\\\/quehacerpolitico.mx\\\/?p=99984\"},\"wordCount\":683,\"commentCount\":0,\"image\":{\"@id\":\"https:\\\/\\\/quehacerpolitico.mx\\\/?p=99984#primaryimage\"},\"thumbnailUrl\":\"https:\\\/\\\/quehacerpolitico.mx\\\/wp-content\\\/uploads\\\/2023\\\/04\\\/ffb861ea-47ab-405c-af3e-9b89cc09d96e-4.jpeg\",\"articleSection\":[\"Econom\u00eda\"],\"inLanguage\":\"es\",\"potentialAction\":[{\"@type\":\"CommentAction\",\"name\":\"Comment\",\"target\":[\"https:\\\/\\\/quehacerpolitico.mx\\\/?p=99984#respond\"]}]},{\"@type\":\"WebPage\",\"@id\":\"https:\\\/\\\/quehacerpolitico.mx\\\/?p=99984\",\"url\":\"https:\\\/\\\/quehacerpolitico.mx\\\/?p=99984\",\"name\":\"Enfoque\\\/\\\/\\\/Litza Deniss Dur\u00e1n Espinosa\\\/\\\/\\\/Pobreza en M\u00e9xico imparable sigue a la alza -\",\"isPartOf\":{\"@id\":\"https:\\\/\\\/quehacerpolitico.mx\\\/#website\"},\"primaryImageOfPage\":{\"@id\":\"https:\\\/\\\/quehacerpolitico.mx\\\/?p=99984#primaryimage\"},\"image\":{\"@id\":\"https:\\\/\\\/quehacerpolitico.mx\\\/?p=99984#primaryimage\"},\"thumbnailUrl\":\"https:\\\/\\\/quehacerpolitico.mx\\\/wp-content\\\/uploads\\\/2023\\\/04\\\/ffb861ea-47ab-405c-af3e-9b89cc09d96e-4.jpeg\",\"datePublished\":\"2023-04-13T15:37:08+00:00\",\"dateModified\":\"2023-04-13T15:37:11+00:00\",\"author\":{\"@id\":\"https:\\\/\\\/quehacerpolitico.mx\\\/#\\\/schema\\\/person\\\/496d8ad2d1d3f8036101dca7ee39e585\"},\"breadcrumb\":{\"@id\":\"https:\\\/\\\/quehacerpolitico.mx\\\/?p=99984#breadcrumb\"},\"inLanguage\":\"es\",\"potentialAction\":[{\"@type\":\"ReadAction\",\"target\":[\"https:\\\/\\\/quehacerpolitico.mx\\\/?p=99984\"]}]},{\"@type\":\"ImageObject\",\"inLanguage\":\"es\",\"@id\":\"https:\\\/\\\/quehacerpolitico.mx\\\/?p=99984#primaryimage\",\"url\":\"https:\\\/\\\/quehacerpolitico.mx\\\/wp-content\\\/uploads\\\/2023\\\/04\\\/ffb861ea-47ab-405c-af3e-9b89cc09d96e-4.jpeg\",\"contentUrl\":\"https:\\\/\\\/quehacerpolitico.mx\\\/wp-content\\\/uploads\\\/2023\\\/04\\\/ffb861ea-47ab-405c-af3e-9b89cc09d96e-4.jpeg\",\"width\":963,\"height\":493},{\"@type\":\"BreadcrumbList\",\"@id\":\"https:\\\/\\\/quehacerpolitico.mx\\\/?p=99984#breadcrumb\",\"itemListElement\":[{\"@type\":\"ListItem\",\"position\":1,\"name\":\"Inicio\",\"item\":\"https:\\\/\\\/quehacerpolitico.mx\\\/\"},{\"@type\":\"ListItem\",\"position\":2,\"name\":\"Enfoque\\\/\\\/\\\/Litza Deniss Dur\u00e1n Espinosa\\\/\\\/\\\/Pobreza en M\u00e9xico imparable sigue a la alza\"}]},{\"@type\":\"WebSite\",\"@id\":\"https:\\\/\\\/quehacerpolitico.mx\\\/#website\",\"url\":\"https:\\\/\\\/quehacerpolitico.mx\\\/\",\"name\":\"\",\"description\":\"\",\"potentialAction\":[{\"@type\":\"SearchAction\",\"target\":{\"@type\":\"EntryPoint\",\"urlTemplate\":\"https:\\\/\\\/quehacerpolitico.mx\\\/?s={search_term_string}\"},\"query-input\":{\"@type\":\"PropertyValueSpecification\",\"valueRequired\":true,\"valueName\":\"search_term_string\"}}],\"inLanguage\":\"es\"},{\"@type\":\"Person\",\"@id\":\"https:\\\/\\\/quehacerpolitico.mx\\\/#\\\/schema\\\/person\\\/496d8ad2d1d3f8036101dca7ee39e585\",\"name\":\"Redacci\u00f3n QP\",\"image\":{\"@type\":\"ImageObject\",\"inLanguage\":\"es\",\"@id\":\"https:\\\/\\\/secure.gravatar.com\\\/avatar\\\/c7164ed6fdec453195284ad24a5ae5b6e1eed2b848477fa2a4787ba9adf39a41?s=96&d=mm&r=g\",\"url\":\"https:\\\/\\\/secure.gravatar.com\\\/avatar\\\/c7164ed6fdec453195284ad24a5ae5b6e1eed2b848477fa2a4787ba9adf39a41?s=96&d=mm&r=g\",\"contentUrl\":\"https:\\\/\\\/secure.gravatar.com\\\/avatar\\\/c7164ed6fdec453195284ad24a5ae5b6e1eed2b848477fa2a4787ba9adf39a41?s=96&d=mm&r=g\",\"caption\":\"Redacci\u00f3n QP\"},\"url\":\"https:\\\/\\\/quehacerpolitico.mx\\\/?author=2\"}]}<\/script>\n<!-- \/ Yoast SEO plugin. -->","yoast_head_json":{"title":"Enfoque\/\/\/Litza Deniss Dur\u00e1n Espinosa\/\/\/Pobreza en M\u00e9xico imparable sigue a la alza -","robots":{"index":"index","follow":"follow","max-snippet":"max-snippet:-1","max-image-preview":"max-image-preview:large","max-video-preview":"max-video-preview:-1"},"canonical":"https:\/\/quehacerpolitico.mx\/?p=99984","og_locale":"es_MX","og_type":"article","og_title":"Enfoque\/\/\/Litza Deniss Dur\u00e1n Espinosa\/\/\/Pobreza en M\u00e9xico imparable sigue a la alza -","og_description":"Por Litza Deniss Dur\u00e1n Espinosa Analista El impacto estimado de la inflaci\u00f3n sobre la tasa...","og_url":"https:\/\/quehacerpolitico.mx\/?p=99984","article_published_time":"2023-04-13T15:37:08+00:00","article_modified_time":"2023-04-13T15:37:11+00:00","og_image":[{"width":963,"height":493,"url":"https:\/\/quehacerpolitico.mx\/wp-content\/uploads\/2023\/04\/ffb861ea-47ab-405c-af3e-9b89cc09d96e-4.jpeg","type":"image\/jpeg"}],"author":"Redacci\u00f3n QP","twitter_card":"summary_large_image","twitter_misc":{"Escrito por":"Redacci\u00f3n QP","Tiempo de lectura":"3 minutos"},"schema":{"@context":"https:\/\/schema.org","@graph":[{"@type":"Article","@id":"https:\/\/quehacerpolitico.mx\/?p=99984#article","isPartOf":{"@id":"https:\/\/quehacerpolitico.mx\/?p=99984"},"author":{"name":"Redacci\u00f3n QP","@id":"https:\/\/quehacerpolitico.mx\/#\/schema\/person\/496d8ad2d1d3f8036101dca7ee39e585"},"headline":"Enfoque\/\/\/Litza Deniss Dur\u00e1n Espinosa\/\/\/Pobreza en M\u00e9xico imparable sigue a la alza","datePublished":"2023-04-13T15:37:08+00:00","dateModified":"2023-04-13T15:37:11+00:00","mainEntityOfPage":{"@id":"https:\/\/quehacerpolitico.mx\/?p=99984"},"wordCount":683,"commentCount":0,"image":{"@id":"https:\/\/quehacerpolitico.mx\/?p=99984#primaryimage"},"thumbnailUrl":"https:\/\/quehacerpolitico.mx\/wp-content\/uploads\/2023\/04\/ffb861ea-47ab-405c-af3e-9b89cc09d96e-4.jpeg","articleSection":["Econom\u00eda"],"inLanguage":"es","potentialAction":[{"@type":"CommentAction","name":"Comment","target":["https:\/\/quehacerpolitico.mx\/?p=99984#respond"]}]},{"@type":"WebPage","@id":"https:\/\/quehacerpolitico.mx\/?p=99984","url":"https:\/\/quehacerpolitico.mx\/?p=99984","name":"Enfoque\/\/\/Litza Deniss Dur\u00e1n Espinosa\/\/\/Pobreza en M\u00e9xico imparable sigue a la alza -","isPartOf":{"@id":"https:\/\/quehacerpolitico.mx\/#website"},"primaryImageOfPage":{"@id":"https:\/\/quehacerpolitico.mx\/?p=99984#primaryimage"},"image":{"@id":"https:\/\/quehacerpolitico.mx\/?p=99984#primaryimage"},"thumbnailUrl":"https:\/\/quehacerpolitico.mx\/wp-content\/uploads\/2023\/04\/ffb861ea-47ab-405c-af3e-9b89cc09d96e-4.jpeg","datePublished":"2023-04-13T15:37:08+00:00","dateModified":"2023-04-13T15:37:11+00:00","author":{"@id":"https:\/\/quehacerpolitico.mx\/#\/schema\/person\/496d8ad2d1d3f8036101dca7ee39e585"},"breadcrumb":{"@id":"https:\/\/quehacerpolitico.mx\/?p=99984#breadcrumb"},"inLanguage":"es","potentialAction":[{"@type":"ReadAction","target":["https:\/\/quehacerpolitico.mx\/?p=99984"]}]},{"@type":"ImageObject","inLanguage":"es","@id":"https:\/\/quehacerpolitico.mx\/?p=99984#primaryimage","url":"https:\/\/quehacerpolitico.mx\/wp-content\/uploads\/2023\/04\/ffb861ea-47ab-405c-af3e-9b89cc09d96e-4.jpeg","contentUrl":"https:\/\/quehacerpolitico.mx\/wp-content\/uploads\/2023\/04\/ffb861ea-47ab-405c-af3e-9b89cc09d96e-4.jpeg","width":963,"height":493},{"@type":"BreadcrumbList","@id":"https:\/\/quehacerpolitico.mx\/?p=99984#breadcrumb","itemListElement":[{"@type":"ListItem","position":1,"name":"Inicio","item":"https:\/\/quehacerpolitico.mx\/"},{"@type":"ListItem","position":2,"name":"Enfoque\/\/\/Litza Deniss Dur\u00e1n Espinosa\/\/\/Pobreza en M\u00e9xico imparable sigue a la alza"}]},{"@type":"WebSite","@id":"https:\/\/quehacerpolitico.mx\/#website","url":"https:\/\/quehacerpolitico.mx\/","name":"","description":"","potentialAction":[{"@type":"SearchAction","target":{"@type":"EntryPoint","urlTemplate":"https:\/\/quehacerpolitico.mx\/?s={search_term_string}"},"query-input":{"@type":"PropertyValueSpecification","valueRequired":true,"valueName":"search_term_string"}}],"inLanguage":"es"},{"@type":"Person","@id":"https:\/\/quehacerpolitico.mx\/#\/schema\/person\/496d8ad2d1d3f8036101dca7ee39e585","name":"Redacci\u00f3n QP","image":{"@type":"ImageObject","inLanguage":"es","@id":"https:\/\/secure.gravatar.com\/avatar\/c7164ed6fdec453195284ad24a5ae5b6e1eed2b848477fa2a4787ba9adf39a41?s=96&d=mm&r=g","url":"https:\/\/secure.gravatar.com\/avatar\/c7164ed6fdec453195284ad24a5ae5b6e1eed2b848477fa2a4787ba9adf39a41?s=96&d=mm&r=g","contentUrl":"https:\/\/secure.gravatar.com\/avatar\/c7164ed6fdec453195284ad24a5ae5b6e1eed2b848477fa2a4787ba9adf39a41?s=96&d=mm&r=g","caption":"Redacci\u00f3n QP"},"url":"https:\/\/quehacerpolitico.mx\/?author=2"}]}},"featured_image_urls":{"full":["https:\/\/quehacerpolitico.mx\/wp-content\/uploads\/2023\/04\/ffb861ea-47ab-405c-af3e-9b89cc09d96e-4.jpeg",963,493,false],"thumbnail":["https:\/\/quehacerpolitico.mx\/wp-content\/uploads\/2023\/04\/ffb861ea-47ab-405c-af3e-9b89cc09d96e-4-150x150.jpeg",150,150,true],"medium":["https:\/\/quehacerpolitico.mx\/wp-content\/uploads\/2023\/04\/ffb861ea-47ab-405c-af3e-9b89cc09d96e-4-300x154.jpeg",300,154,true],"medium_large":["https:\/\/quehacerpolitico.mx\/wp-content\/uploads\/2023\/04\/ffb861ea-47ab-405c-af3e-9b89cc09d96e-4-768x393.jpeg",640,328,true],"large":["https:\/\/quehacerpolitico.mx\/wp-content\/uploads\/2023\/04\/ffb861ea-47ab-405c-af3e-9b89cc09d96e-4.jpeg",640,328,false],"1536x1536":["https:\/\/quehacerpolitico.mx\/wp-content\/uploads\/2023\/04\/ffb861ea-47ab-405c-af3e-9b89cc09d96e-4.jpeg",963,493,false],"2048x2048":["https:\/\/quehacerpolitico.mx\/wp-content\/uploads\/2023\/04\/ffb861ea-47ab-405c-af3e-9b89cc09d96e-4.jpeg",963,493,false],"covernews-featured":["https:\/\/quehacerpolitico.mx\/wp-content\/uploads\/2023\/04\/ffb861ea-47ab-405c-af3e-9b89cc09d96e-4.jpeg",963,493,false],"covernews-medium":["https:\/\/quehacerpolitico.mx\/wp-content\/uploads\/2023\/04\/ffb861ea-47ab-405c-af3e-9b89cc09d96e-4.jpeg",540,276,false]},"author_info":{"display_name":"Redacci\u00f3n QP","author_link":"https:\/\/quehacerpolitico.mx\/?author=2"},"category_info":"<a href=\"https:\/\/quehacerpolitico.mx\/?cat=56\" rel=\"category\">Econom\u00eda<\/a>","tag_info":"Econom\u00eda","comment_count":"0","_links":{"self":[{"href":"https:\/\/quehacerpolitico.mx\/index.php?rest_route=\/wp\/v2\/posts\/99984","targetHints":{"allow":["GET"]}}],"collection":[{"href":"https:\/\/quehacerpolitico.mx\/index.php?rest_route=\/wp\/v2\/posts"}],"about":[{"href":"https:\/\/quehacerpolitico.mx\/index.php?rest_route=\/wp\/v2\/types\/post"}],"author":[{"embeddable":true,"href":"https:\/\/quehacerpolitico.mx\/index.php?rest_route=\/wp\/v2\/users\/2"}],"replies":[{"embeddable":true,"href":"https:\/\/quehacerpolitico.mx\/index.php?rest_route=%2Fwp%2Fv2%2Fcomments&post=99984"}],"version-history":[{"count":1,"href":"https:\/\/quehacerpolitico.mx\/index.php?rest_route=\/wp\/v2\/posts\/99984\/revisions"}],"predecessor-version":[{"id":99986,"href":"https:\/\/quehacerpolitico.mx\/index.php?rest_route=\/wp\/v2\/posts\/99984\/revisions\/99986"}],"wp:featuredmedia":[{"embeddable":true,"href":"https:\/\/quehacerpolitico.mx\/index.php?rest_route=\/wp\/v2\/media\/99985"}],"wp:attachment":[{"href":"https:\/\/quehacerpolitico.mx\/index.php?rest_route=%2Fwp%2Fv2%2Fmedia&parent=99984"}],"wp:term":[{"taxonomy":"category","embeddable":true,"href":"https:\/\/quehacerpolitico.mx\/index.php?rest_route=%2Fwp%2Fv2%2Fcategories&post=99984"},{"taxonomy":"post_tag","embeddable":true,"href":"https:\/\/quehacerpolitico.mx\/index.php?rest_route=%2Fwp%2Fv2%2Ftags&post=99984"}],"curies":[{"name":"wp","href":"https:\/\/api.w.org\/{rel}","templated":true}]}}