{"id":99981,"date":"2023-04-13T15:20:18","date_gmt":"2023-04-13T15:20:18","guid":{"rendered":"https:\/\/quehacerpolitico.mx\/?p=99981"},"modified":"2023-04-13T15:20:21","modified_gmt":"2023-04-13T15:20:21","slug":"lopez-obrador-critica-a-fox-por-negocio-de-venta-de-productos-de-marihuana","status":"publish","type":"post","link":"https:\/\/quehacerpolitico.mx\/?p=99981","title":{"rendered":"L\u00f3pez Obrador critica a Fox por negocio de venta de productos de marihuana"},"content":{"rendered":"\n<p>Por Redacci\u00f3n QP<\/p>\n\n\n\n<p>L\u00f3pez Obrador dice que es &#8220;reprobable&#8221; y &#8220;una inmoralidad&#8221; que el expresidente Fox se dedique al negocio de la venta de productos de marihuana<\/p>\n\n\n\n<p>El Presidente\u00a0Andres Manuel Lopez Obrador manifest\u00f3 que es &#8220;<strong>reprobable&#8221;<\/strong>\u00a0y\u00a0<strong>&#8220;una inmoralidad&#8221;<\/strong>que el expresidente Vicente Fox se dedique al negocio de la venta de productos de marihuana.<\/p>\n\n\n\n<p>En\u00a0conferencia de prensa \u201cma\u00f1anera\u201d, L\u00f3pez Obrador se\u00f1al\u00f3 que\u00a0<strong>si el exmandatario quiere hacer negocios tiene todo un abanico de posibilidades para hacer negocios l\u00edcitos<\/strong>\u00a0y le propuso que si tiene su rancho en Guanajuato, puede dedicarse a la plantaci\u00f3n de ma\u00edz, trigo u hortalizas.<\/p>\n\n\n\n<figure class=\"wp-block-embed is-type-rich is-provider-twitter wp-block-embed-twitter\"><div class=\"wp-block-embed__wrapper\">\n<blockquote class=\"twitter-tweet\" data-width=\"550\" data-dnt=\"true\"><p lang=\"es\" dir=\"ltr\">AMLO se atac\u00f3 m\u00e1s por la marihuana que por la corrupci\u00f3n que cometieron <a href=\"https:\/\/twitter.com\/EPN?ref_src=twsrc%5Etfw\">@EPN<\/a> y Fox. <br><br>&quot;Acerca de la mariguana, pienso que es reprobable que quien ocup\u00f3 un cargo como presidente de M\u00e9xico decida dedicarse a un negocio de esa naturaleza\u201d <a href=\"https:\/\/t.co\/RR73FLHW3m\">pic.twitter.com\/RR73FLHW3m<\/a><\/p>&mdash; Ruido en la Red (@RuidoEnLaRed) <a href=\"https:\/\/twitter.com\/RuidoEnLaRed\/status\/1646527222793269249?ref_src=twsrc%5Etfw\">April 13, 2023<\/a><\/blockquote><script async src=\"https:\/\/platform.twitter.com\/widgets.js\" charset=\"utf-8\"><\/script>\n<\/div><\/figure>\n\n\n\n<p>&#8220;Acerca de lo de la marihuana o la comercializaci\u00f3n de la marihuana,\u00a0<strong>pienso que es totalmente reprobable, que quien ocup\u00f3 un cargo como Presidente de M\u00e9xico decida dedicarse a una negocio de esa naturaleza<\/strong>. Una cosa es el consumo, el que una persona de manera libre y si lo permite la ley pueda consumir marihuana. No s\u00e9 los detalles de la legislaci\u00f3n actual, creo que hay una porci\u00f3n que una persona pueda consumir, el asunto es la comercializaci\u00f3n, es hacer un negocio de eso, y m\u00e1s si se ocup\u00f3 un cargo tan importante como Presidente de M\u00e9xico. Independiente de que si es legal o no, es una inmoralidad&#8221;.<\/p>\n\n\n\n<p>&#8220;Si tienen dinero y quieren hacer negocios, hay un abanico de posibilidades de hacer negocios l\u00edcitos, pero no es posible que esto se acepte como si se tratara de poner una cadena de fondas o tiendas de ropa o cualquier otro negocio, incluso la producci\u00f3n en el campo.\u00a0<strong>\u00c9l tiene ah\u00ed su rancho, grandes extensiones de terreno \u00bfQu\u00e9 no puede sembrar ma\u00edz, trigo, hortalizas? \u00bfPor qu\u00e9 el negocio de la comercializaci\u00f3n de las drogas?&#8221;<\/strong>, cuestion\u00f3.<\/p>\n\n\n\n<p>Con Informaci\u00f3n de SUN <\/p>\n","protected":false},"excerpt":{"rendered":"<p>Por Redacci\u00f3n QP L\u00f3pez Obrador dice que es &#8220;reprobable&#8221; y &#8220;una inmoralidad&#8221; que el expresidente&#8230;<\/p>\n","protected":false},"author":2,"featured_media":99982,"comment_status":"open","ping_status":"open","sticky":false,"template":"","format":"standard","meta":{"_monsterinsights_skip_tracking":false,"_monsterinsights_sitenote_active":false,"_monsterinsights_sitenote_note":"","_monsterinsights_sitenote_category":0,"footnotes":""},"categories":[2],"tags":[],"class_list":["post-99981","post","type-post","status-publish","format-standard","has-post-thumbnail","hentry","category-noticias"],"yoast_head":"<!-- This site is optimized with the Yoast SEO plugin v27.3 - https:\/\/yoast.com\/product\/yoast-seo-wordpress\/ -->\n<title>L\u00f3pez Obrador critica a Fox por negocio de venta de productos de marihuana -<\/title>\n<meta name=\"robots\" content=\"index, follow, max-snippet:-1, max-image-preview:large, max-video-preview:-1\" \/>\n<link rel=\"canonical\" href=\"https:\/\/quehacerpolitico.mx\/?p=99981\" \/>\n<meta property=\"og:locale\" content=\"es_MX\" \/>\n<meta property=\"og:type\" content=\"article\" \/>\n<meta property=\"og:title\" content=\"L\u00f3pez Obrador critica a Fox por negocio de venta de productos de marihuana -\" \/>\n<meta property=\"og:description\" content=\"Por Redacci\u00f3n QP L\u00f3pez Obrador dice que es &#8220;reprobable&#8221; y &#8220;una inmoralidad&#8221; que el expresidente...\" \/>\n<meta property=\"og:url\" content=\"https:\/\/quehacerpolitico.mx\/?p=99981\" \/>\n<meta property=\"article:published_time\" content=\"2023-04-13T15:20:18+00:00\" \/>\n<meta property=\"article:modified_time\" content=\"2023-04-13T15:20:21+00:00\" \/>\n<meta property=\"og:image\" content=\"https:\/\/quehacerpolitico.mx\/wp-content\/uploads\/2023\/04\/IMG_7055.jpeg\" \/>\n\t<meta property=\"og:image:width\" content=\"1284\" \/>\n\t<meta property=\"og:image:height\" content=\"721\" \/>\n\t<meta property=\"og:image:type\" content=\"image\/jpeg\" \/>\n<meta name=\"author\" content=\"Redacci\u00f3n QP\" \/>\n<meta name=\"twitter:card\" content=\"summary_large_image\" \/>\n<meta name=\"twitter:label1\" content=\"Escrito por\" \/>\n\t<meta name=\"twitter:data1\" content=\"Redacci\u00f3n QP\" \/>\n\t<meta name=\"twitter:label2\" content=\"Tiempo de lectura\" \/>\n\t<meta name=\"twitter:data2\" content=\"2 minutos\" \/>\n<script type=\"application\/ld+json\" class=\"yoast-schema-graph\">{\"@context\":\"https:\\\/\\\/schema.org\",\"@graph\":[{\"@type\":\"Article\",\"@id\":\"https:\\\/\\\/quehacerpolitico.mx\\\/?p=99981#article\",\"isPartOf\":{\"@id\":\"https:\\\/\\\/quehacerpolitico.mx\\\/?p=99981\"},\"author\":{\"name\":\"Redacci\u00f3n QP\",\"@id\":\"https:\\\/\\\/quehacerpolitico.mx\\\/#\\\/schema\\\/person\\\/496d8ad2d1d3f8036101dca7ee39e585\"},\"headline\":\"L\u00f3pez Obrador critica a Fox por negocio de venta de productos de marihuana\",\"datePublished\":\"2023-04-13T15:20:18+00:00\",\"dateModified\":\"2023-04-13T15:20:21+00:00\",\"mainEntityOfPage\":{\"@id\":\"https:\\\/\\\/quehacerpolitico.mx\\\/?p=99981\"},\"wordCount\":333,\"commentCount\":0,\"image\":{\"@id\":\"https:\\\/\\\/quehacerpolitico.mx\\\/?p=99981#primaryimage\"},\"thumbnailUrl\":\"https:\\\/\\\/quehacerpolitico.mx\\\/wp-content\\\/uploads\\\/2023\\\/04\\\/IMG_7055.jpeg\",\"articleSection\":[\"Noticias\"],\"inLanguage\":\"es\",\"potentialAction\":[{\"@type\":\"CommentAction\",\"name\":\"Comment\",\"target\":[\"https:\\\/\\\/quehacerpolitico.mx\\\/?p=99981#respond\"]}]},{\"@type\":\"WebPage\",\"@id\":\"https:\\\/\\\/quehacerpolitico.mx\\\/?p=99981\",\"url\":\"https:\\\/\\\/quehacerpolitico.mx\\\/?p=99981\",\"name\":\"L\u00f3pez Obrador critica a Fox por negocio de venta de productos de marihuana -\",\"isPartOf\":{\"@id\":\"https:\\\/\\\/quehacerpolitico.mx\\\/#website\"},\"primaryImageOfPage\":{\"@id\":\"https:\\\/\\\/quehacerpolitico.mx\\\/?p=99981#primaryimage\"},\"image\":{\"@id\":\"https:\\\/\\\/quehacerpolitico.mx\\\/?p=99981#primaryimage\"},\"thumbnailUrl\":\"https:\\\/\\\/quehacerpolitico.mx\\\/wp-content\\\/uploads\\\/2023\\\/04\\\/IMG_7055.jpeg\",\"datePublished\":\"2023-04-13T15:20:18+00:00\",\"dateModified\":\"2023-04-13T15:20:21+00:00\",\"author\":{\"@id\":\"https:\\\/\\\/quehacerpolitico.mx\\\/#\\\/schema\\\/person\\\/496d8ad2d1d3f8036101dca7ee39e585\"},\"breadcrumb\":{\"@id\":\"https:\\\/\\\/quehacerpolitico.mx\\\/?p=99981#breadcrumb\"},\"inLanguage\":\"es\",\"potentialAction\":[{\"@type\":\"ReadAction\",\"target\":[\"https:\\\/\\\/quehacerpolitico.mx\\\/?p=99981\"]}]},{\"@type\":\"ImageObject\",\"inLanguage\":\"es\",\"@id\":\"https:\\\/\\\/quehacerpolitico.mx\\\/?p=99981#primaryimage\",\"url\":\"https:\\\/\\\/quehacerpolitico.mx\\\/wp-content\\\/uploads\\\/2023\\\/04\\\/IMG_7055.jpeg\",\"contentUrl\":\"https:\\\/\\\/quehacerpolitico.mx\\\/wp-content\\\/uploads\\\/2023\\\/04\\\/IMG_7055.jpeg\",\"width\":1284,\"height\":721},{\"@type\":\"BreadcrumbList\",\"@id\":\"https:\\\/\\\/quehacerpolitico.mx\\\/?p=99981#breadcrumb\",\"itemListElement\":[{\"@type\":\"ListItem\",\"position\":1,\"name\":\"Inicio\",\"item\":\"https:\\\/\\\/quehacerpolitico.mx\\\/\"},{\"@type\":\"ListItem\",\"position\":2,\"name\":\"L\u00f3pez Obrador critica a Fox por negocio de venta de productos de marihuana\"}]},{\"@type\":\"WebSite\",\"@id\":\"https:\\\/\\\/quehacerpolitico.mx\\\/#website\",\"url\":\"https:\\\/\\\/quehacerpolitico.mx\\\/\",\"name\":\"\",\"description\":\"\",\"potentialAction\":[{\"@type\":\"SearchAction\",\"target\":{\"@type\":\"EntryPoint\",\"urlTemplate\":\"https:\\\/\\\/quehacerpolitico.mx\\\/?s={search_term_string}\"},\"query-input\":{\"@type\":\"PropertyValueSpecification\",\"valueRequired\":true,\"valueName\":\"search_term_string\"}}],\"inLanguage\":\"es\"},{\"@type\":\"Person\",\"@id\":\"https:\\\/\\\/quehacerpolitico.mx\\\/#\\\/schema\\\/person\\\/496d8ad2d1d3f8036101dca7ee39e585\",\"name\":\"Redacci\u00f3n QP\",\"image\":{\"@type\":\"ImageObject\",\"inLanguage\":\"es\",\"@id\":\"https:\\\/\\\/secure.gravatar.com\\\/avatar\\\/c7164ed6fdec453195284ad24a5ae5b6e1eed2b848477fa2a4787ba9adf39a41?s=96&d=mm&r=g\",\"url\":\"https:\\\/\\\/secure.gravatar.com\\\/avatar\\\/c7164ed6fdec453195284ad24a5ae5b6e1eed2b848477fa2a4787ba9adf39a41?s=96&d=mm&r=g\",\"contentUrl\":\"https:\\\/\\\/secure.gravatar.com\\\/avatar\\\/c7164ed6fdec453195284ad24a5ae5b6e1eed2b848477fa2a4787ba9adf39a41?s=96&d=mm&r=g\",\"caption\":\"Redacci\u00f3n QP\"},\"url\":\"https:\\\/\\\/quehacerpolitico.mx\\\/?author=2\"}]}<\/script>\n<!-- \/ Yoast SEO plugin. -->","yoast_head_json":{"title":"L\u00f3pez Obrador critica a Fox por negocio de venta de productos de marihuana -","robots":{"index":"index","follow":"follow","max-snippet":"max-snippet:-1","max-image-preview":"max-image-preview:large","max-video-preview":"max-video-preview:-1"},"canonical":"https:\/\/quehacerpolitico.mx\/?p=99981","og_locale":"es_MX","og_type":"article","og_title":"L\u00f3pez Obrador critica a Fox por negocio de venta de productos de marihuana -","og_description":"Por Redacci\u00f3n QP L\u00f3pez Obrador dice que es &#8220;reprobable&#8221; y &#8220;una inmoralidad&#8221; que el expresidente...","og_url":"https:\/\/quehacerpolitico.mx\/?p=99981","article_published_time":"2023-04-13T15:20:18+00:00","article_modified_time":"2023-04-13T15:20:21+00:00","og_image":[{"width":1284,"height":721,"url":"https:\/\/quehacerpolitico.mx\/wp-content\/uploads\/2023\/04\/IMG_7055.jpeg","type":"image\/jpeg"}],"author":"Redacci\u00f3n QP","twitter_card":"summary_large_image","twitter_misc":{"Escrito por":"Redacci\u00f3n QP","Tiempo de lectura":"2 minutos"},"schema":{"@context":"https:\/\/schema.org","@graph":[{"@type":"Article","@id":"https:\/\/quehacerpolitico.mx\/?p=99981#article","isPartOf":{"@id":"https:\/\/quehacerpolitico.mx\/?p=99981"},"author":{"name":"Redacci\u00f3n QP","@id":"https:\/\/quehacerpolitico.mx\/#\/schema\/person\/496d8ad2d1d3f8036101dca7ee39e585"},"headline":"L\u00f3pez Obrador critica a Fox por negocio de venta de productos de marihuana","datePublished":"2023-04-13T15:20:18+00:00","dateModified":"2023-04-13T15:20:21+00:00","mainEntityOfPage":{"@id":"https:\/\/quehacerpolitico.mx\/?p=99981"},"wordCount":333,"commentCount":0,"image":{"@id":"https:\/\/quehacerpolitico.mx\/?p=99981#primaryimage"},"thumbnailUrl":"https:\/\/quehacerpolitico.mx\/wp-content\/uploads\/2023\/04\/IMG_7055.jpeg","articleSection":["Noticias"],"inLanguage":"es","potentialAction":[{"@type":"CommentAction","name":"Comment","target":["https:\/\/quehacerpolitico.mx\/?p=99981#respond"]}]},{"@type":"WebPage","@id":"https:\/\/quehacerpolitico.mx\/?p=99981","url":"https:\/\/quehacerpolitico.mx\/?p=99981","name":"L\u00f3pez Obrador critica a Fox por negocio de venta de productos de marihuana -","isPartOf":{"@id":"https:\/\/quehacerpolitico.mx\/#website"},"primaryImageOfPage":{"@id":"https:\/\/quehacerpolitico.mx\/?p=99981#primaryimage"},"image":{"@id":"https:\/\/quehacerpolitico.mx\/?p=99981#primaryimage"},"thumbnailUrl":"https:\/\/quehacerpolitico.mx\/wp-content\/uploads\/2023\/04\/IMG_7055.jpeg","datePublished":"2023-04-13T15:20:18+00:00","dateModified":"2023-04-13T15:20:21+00:00","author":{"@id":"https:\/\/quehacerpolitico.mx\/#\/schema\/person\/496d8ad2d1d3f8036101dca7ee39e585"},"breadcrumb":{"@id":"https:\/\/quehacerpolitico.mx\/?p=99981#breadcrumb"},"inLanguage":"es","potentialAction":[{"@type":"ReadAction","target":["https:\/\/quehacerpolitico.mx\/?p=99981"]}]},{"@type":"ImageObject","inLanguage":"es","@id":"https:\/\/quehacerpolitico.mx\/?p=99981#primaryimage","url":"https:\/\/quehacerpolitico.mx\/wp-content\/uploads\/2023\/04\/IMG_7055.jpeg","contentUrl":"https:\/\/quehacerpolitico.mx\/wp-content\/uploads\/2023\/04\/IMG_7055.jpeg","width":1284,"height":721},{"@type":"BreadcrumbList","@id":"https:\/\/quehacerpolitico.mx\/?p=99981#breadcrumb","itemListElement":[{"@type":"ListItem","position":1,"name":"Inicio","item":"https:\/\/quehacerpolitico.mx\/"},{"@type":"ListItem","position":2,"name":"L\u00f3pez Obrador critica a Fox por negocio de venta de productos de marihuana"}]},{"@type":"WebSite","@id":"https:\/\/quehacerpolitico.mx\/#website","url":"https:\/\/quehacerpolitico.mx\/","name":"","description":"","potentialAction":[{"@type":"SearchAction","target":{"@type":"EntryPoint","urlTemplate":"https:\/\/quehacerpolitico.mx\/?s={search_term_string}"},"query-input":{"@type":"PropertyValueSpecification","valueRequired":true,"valueName":"search_term_string"}}],"inLanguage":"es"},{"@type":"Person","@id":"https:\/\/quehacerpolitico.mx\/#\/schema\/person\/496d8ad2d1d3f8036101dca7ee39e585","name":"Redacci\u00f3n QP","image":{"@type":"ImageObject","inLanguage":"es","@id":"https:\/\/secure.gravatar.com\/avatar\/c7164ed6fdec453195284ad24a5ae5b6e1eed2b848477fa2a4787ba9adf39a41?s=96&d=mm&r=g","url":"https:\/\/secure.gravatar.com\/avatar\/c7164ed6fdec453195284ad24a5ae5b6e1eed2b848477fa2a4787ba9adf39a41?s=96&d=mm&r=g","contentUrl":"https:\/\/secure.gravatar.com\/avatar\/c7164ed6fdec453195284ad24a5ae5b6e1eed2b848477fa2a4787ba9adf39a41?s=96&d=mm&r=g","caption":"Redacci\u00f3n QP"},"url":"https:\/\/quehacerpolitico.mx\/?author=2"}]}},"featured_image_urls":{"full":["https:\/\/quehacerpolitico.mx\/wp-content\/uploads\/2023\/04\/IMG_7055.jpeg",1284,721,false],"thumbnail":["https:\/\/quehacerpolitico.mx\/wp-content\/uploads\/2023\/04\/IMG_7055-150x150.jpeg",150,150,true],"medium":["https:\/\/quehacerpolitico.mx\/wp-content\/uploads\/2023\/04\/IMG_7055-300x168.jpeg",300,168,true],"medium_large":["https:\/\/quehacerpolitico.mx\/wp-content\/uploads\/2023\/04\/IMG_7055-768x431.jpeg",640,359,true],"large":["https:\/\/quehacerpolitico.mx\/wp-content\/uploads\/2023\/04\/IMG_7055-1024x575.jpeg",640,359,true],"1536x1536":["https:\/\/quehacerpolitico.mx\/wp-content\/uploads\/2023\/04\/IMG_7055.jpeg",1284,721,false],"2048x2048":["https:\/\/quehacerpolitico.mx\/wp-content\/uploads\/2023\/04\/IMG_7055.jpeg",1284,721,false],"covernews-featured":["https:\/\/quehacerpolitico.mx\/wp-content\/uploads\/2023\/04\/IMG_7055.jpeg",1024,575,false],"covernews-medium":["https:\/\/quehacerpolitico.mx\/wp-content\/uploads\/2023\/04\/IMG_7055.jpeg",540,303,false]},"author_info":{"display_name":"Redacci\u00f3n QP","author_link":"https:\/\/quehacerpolitico.mx\/?author=2"},"category_info":"<a href=\"https:\/\/quehacerpolitico.mx\/?cat=2\" rel=\"category\">Noticias<\/a>","tag_info":"Noticias","comment_count":"0","_links":{"self":[{"href":"https:\/\/quehacerpolitico.mx\/index.php?rest_route=\/wp\/v2\/posts\/99981","targetHints":{"allow":["GET"]}}],"collection":[{"href":"https:\/\/quehacerpolitico.mx\/index.php?rest_route=\/wp\/v2\/posts"}],"about":[{"href":"https:\/\/quehacerpolitico.mx\/index.php?rest_route=\/wp\/v2\/types\/post"}],"author":[{"embeddable":true,"href":"https:\/\/quehacerpolitico.mx\/index.php?rest_route=\/wp\/v2\/users\/2"}],"replies":[{"embeddable":true,"href":"https:\/\/quehacerpolitico.mx\/index.php?rest_route=%2Fwp%2Fv2%2Fcomments&post=99981"}],"version-history":[{"count":1,"href":"https:\/\/quehacerpolitico.mx\/index.php?rest_route=\/wp\/v2\/posts\/99981\/revisions"}],"predecessor-version":[{"id":99983,"href":"https:\/\/quehacerpolitico.mx\/index.php?rest_route=\/wp\/v2\/posts\/99981\/revisions\/99983"}],"wp:featuredmedia":[{"embeddable":true,"href":"https:\/\/quehacerpolitico.mx\/index.php?rest_route=\/wp\/v2\/media\/99982"}],"wp:attachment":[{"href":"https:\/\/quehacerpolitico.mx\/index.php?rest_route=%2Fwp%2Fv2%2Fmedia&parent=99981"}],"wp:term":[{"taxonomy":"category","embeddable":true,"href":"https:\/\/quehacerpolitico.mx\/index.php?rest_route=%2Fwp%2Fv2%2Fcategories&post=99981"},{"taxonomy":"post_tag","embeddable":true,"href":"https:\/\/quehacerpolitico.mx\/index.php?rest_route=%2Fwp%2Fv2%2Ftags&post=99981"}],"curies":[{"name":"wp","href":"https:\/\/api.w.org\/{rel}","templated":true}]}}