{"id":99952,"date":"2023-04-12T16:28:07","date_gmt":"2023-04-12T16:28:07","guid":{"rendered":"https:\/\/quehacerpolitico.mx\/?p=99952"},"modified":"2023-04-12T16:28:10","modified_gmt":"2023-04-12T16:28:10","slug":"la-coidh-sanciona-a-mexico-por-tener-a-dos-hombres-en-prision-preventiva-por-17-anos","status":"publish","type":"post","link":"https:\/\/quehacerpolitico.mx\/?p=99952","title":{"rendered":"La CoIDH sanciona a M\u00e9xico por tener a dos hombres en prisi\u00f3n preventiva por 17 a\u00f1os"},"content":{"rendered":"\n<p>Por Redacci\u00f3n QP<\/p>\n\n\n\n<p>El presidente de la CoIDH, Ricardo P\u00e9rez, notific\u00f3 la sentencia en un acto llevado a cabo por videoconferencia y en el que estuvieron presentes los representantes de las v\u00edctimas<\/p>\n\n\n\n<p>La Corte Interamericana de Derechos Humanos (CoIDH) encontr\u00f3 al Estado mexicano responsable por la violaci\u00f3n de diversos derechos de dos hombres a quienes las autoridades judiciales<strong> enviaron a prisi\u00f3n preventiva oficiosa por 17 a\u00f1os y que adem\u00e1s sufrieron torturas en el periodo que estuvieron detenidos.<\/strong><\/p>\n\n\n\n<p>El presidente de la CoIDH, Ricardo P\u00e9rez, notific\u00f3 este mi\u00e9rcoles la sentencia en un acto llevado a cabo por videoconferencia y en el que estuvieron presentes los representantes de las v\u00edctimas y funcionarios del Estado.<\/p>\n\n\n\n<figure class=\"wp-block-image size-large\"><img loading=\"lazy\" decoding=\"async\" width=\"744\" height=\"1024\" src=\"https:\/\/quehacerpolitico.mx\/wp-content\/uploads\/2023\/04\/image-23-744x1024.jpeg\" alt=\"\" class=\"wp-image-99954\" srcset=\"https:\/\/quehacerpolitico.mx\/wp-content\/uploads\/2023\/04\/image-23-744x1024.jpeg 744w, https:\/\/quehacerpolitico.mx\/wp-content\/uploads\/2023\/04\/image-23-218x300.jpeg 218w, https:\/\/quehacerpolitico.mx\/wp-content\/uploads\/2023\/04\/image-23-768x1057.jpeg 768w, https:\/\/quehacerpolitico.mx\/wp-content\/uploads\/2023\/04\/image-23-1116x1536.jpeg 1116w, https:\/\/quehacerpolitico.mx\/wp-content\/uploads\/2023\/04\/image-23-106x146.jpeg 106w, https:\/\/quehacerpolitico.mx\/wp-content\/uploads\/2023\/04\/image-23-36x50.jpeg 36w, https:\/\/quehacerpolitico.mx\/wp-content\/uploads\/2023\/04\/image-23-55x75.jpeg 55w, https:\/\/quehacerpolitico.mx\/wp-content\/uploads\/2023\/04\/image-23.jpeg 1170w\" sizes=\"auto, (max-width: 744px) 100vw, 744px\" \/><\/figure>\n\n\n\n<figure class=\"wp-block-image size-large\"><img loading=\"lazy\" decoding=\"async\" width=\"1024\" height=\"158\" src=\"https:\/\/quehacerpolitico.mx\/wp-content\/uploads\/2023\/04\/image-22-1024x158.jpeg\" alt=\"\" class=\"wp-image-99953\" srcset=\"https:\/\/quehacerpolitico.mx\/wp-content\/uploads\/2023\/04\/image-22-1024x158.jpeg 1024w, https:\/\/quehacerpolitico.mx\/wp-content\/uploads\/2023\/04\/image-22-300x46.jpeg 300w, https:\/\/quehacerpolitico.mx\/wp-content\/uploads\/2023\/04\/image-22-768x118.jpeg 768w, https:\/\/quehacerpolitico.mx\/wp-content\/uploads\/2023\/04\/image-22-260x40.jpeg 260w, https:\/\/quehacerpolitico.mx\/wp-content\/uploads\/2023\/04\/image-22-50x8.jpeg 50w, https:\/\/quehacerpolitico.mx\/wp-content\/uploads\/2023\/04\/image-22-150x23.jpeg 150w, https:\/\/quehacerpolitico.mx\/wp-content\/uploads\/2023\/04\/image-22.jpeg 1170w\" sizes=\"auto, (max-width: 1024px) 100vw, 1024px\" \/><\/figure>\n\n\n\n<p>La CoIDH, con sede en Costa Rica, encontr\u00f3 a M\u00e9xico responsable por<strong>\u00a0violaciones a los derechos a la integridad personal, la libertad personal, las garant\u00edas judiciales, la igualdad ante la ley, la protecci\u00f3n judicial, a ser o\u00eddo, a la presunci\u00f3n de inocencia y al principio de plazo razonable.<\/strong><\/p>\n\n\n\n<figure class=\"wp-block-embed is-type-rich is-provider-twitter wp-block-embed-twitter\"><div class=\"wp-block-embed__wrapper\">\n<blockquote class=\"twitter-tweet\" data-width=\"550\" data-dnt=\"true\"><p lang=\"es\" dir=\"ltr\">\ud83d\udd34 Vea la transmisi\u00f3n del Acto de Notificaci\u00f3n de la Sentencia aqu\u00ed:<a href=\"https:\/\/t.co\/wn2A5MrmRD\">https:\/\/t.co\/wn2A5MrmRD<\/a><a href=\"https:\/\/twitter.com\/hashtag\/ProtegiendoDerechos?src=hash&amp;ref_src=twsrc%5Etfw\">#ProtegiendoDerechos<\/a><\/p>&mdash; Corte Interamericana de Derechos Humanos (@CorteIDH) <a href=\"https:\/\/twitter.com\/CorteIDH\/status\/1646158923525681153?ref_src=twsrc%5Etfw\">April 12, 2023<\/a><\/blockquote><script async src=\"https:\/\/platform.twitter.com\/widgets.js\" charset=\"utf-8\"><\/script>\n<\/div><\/figure>\n\n\n\n<h2 class=\"wp-block-heading\">EL CASO<\/h2>\n\n\n\n<p>El caso se refiere a las v<strong>iolaciones al debido proceso y a la libertad personal en contra de Daniel Garc\u00eda Rodr\u00edguez y Reyes Alp\u00edzar Ort\u00edz<\/strong>, quienes fueron acusados de haber asesinado en 2001 a la regidora de Atizap\u00e1n, Mar\u00eda de los \u00c1ngeles Tam\u00e9s.<\/p>\n\n\n\n<p>Garc\u00eda y Alp\u00edzar\u00a0<strong>permanecieron en prisi\u00f3n preventiva por 17 a\u00f1os, el tiempo m\u00e1s largo que alguien en M\u00e9xico ha estado en la c\u00e1rcel sin sentencia<\/strong>, hasta 2019, cuando quedaron bajo arresto domiciliario con el uso de brazaletes electr\u00f3nicos. En 2022 fueron condenados a 35 a\u00f1os de c\u00e1rcel, sentencia que est\u00e1 en apelaci\u00f3n.<\/p>\n\n\n\n<p>&#8220;Para esta Corte es claro que la extensi\u00f3n por m\u00e1s de 17 a\u00f1os de la prisi\u00f3n preventiva signific\u00f3 en los hechos que se aplicara a los procesados una pena encubierta sin una condena, puesto que constituy\u00f3 una medida punitiva sin previo juicio acompa\u00f1ado de sus garant\u00edas, y por un lapso que excede todo plazo razonable ya que este correspondi\u00f3 aproximativamente a la mitad de la pena que se impuso en la sentencia condenatoria&#8221;, indica el fallo de la CoIDH.<\/p>\n\n\n\n<h2 class=\"wp-block-heading\">MALTRATOS Y TORTURAS<\/h2>\n\n\n\n<p>El tribunal internacional tambi\u00e9n concluy\u00f3 que Daniel Garc\u00eda Rodr\u00edguez<strong>&nbsp;&#8220;fue sometido a malos tratos y torturas psicol\u00f3gicas por parte de las autoridades del Ministerio P\u00fablico del Estado de M\u00e9xico&#8221;<\/strong>, situaci\u00f3n que fue denunciada por el sospechoso, sin que los hechos fueran investigados.<\/p>\n\n\n\n<p>&#8220;Los maltratos psicol\u00f3gicos que fueron descriptos por Daniel Garc\u00eda son de una extrema severidad pues consistieron en amenazar y detener a sus familiares y seres queridos. Adem\u00e1s, buscaban una finalidad precisa que consisti\u00f3 en obtener su confesi\u00f3n y firma de documentos implicando a otras personas&#8221;, indic\u00f3 la CoIDH.<\/p>\n\n\n\n<p>En cuanto a Reyes Alp\u00edzar, la CoIDH determin\u00f3 que&nbsp;<strong>el Estado no investig\u00f3 con la debida diligencia las denuncias de tortura que present\u00f3.<\/strong><\/p>\n\n\n\n<p>En su sentencia, la CoIDH orden\u00f3 a M\u00e9xico&nbsp;<strong>concluir los procesos penales, revisar la pertinencia de mantener medidas cautelares, y excluir del proceso los antecedentes incriminatorios obtenidos bajo coacci\u00f3n o tortura.<\/strong><\/p>\n\n\n\n<p>&#8220;El uso de la tortura como mecanismo para obtener confesiones o antecedentes incriminatorios del imputado o acusado no puede tener otra consecuencia que la exclusi\u00f3n de la prueba. De lo contrario, la prohibici\u00f3n de tortura quedar\u00eda vaciada de contenido, convirti\u00e9ndose en un derecho meramente formal sin ninguna consecuencia operativa&#8221;, advierte la sentencia.<\/p>\n\n\n\n<p>Con Informaci\u00f3n de EFE<\/p>\n","protected":false},"excerpt":{"rendered":"<p>Por Redacci\u00f3n QP El presidente de la CoIDH, Ricardo P\u00e9rez, notific\u00f3 la sentencia en un&#8230;<\/p>\n","protected":false},"author":2,"featured_media":99955,"comment_status":"open","ping_status":"open","sticky":false,"template":"","format":"standard","meta":{"_monsterinsights_skip_tracking":false,"_monsterinsights_sitenote_active":false,"_monsterinsights_sitenote_note":"","_monsterinsights_sitenote_category":0,"footnotes":""},"categories":[2],"tags":[],"class_list":["post-99952","post","type-post","status-publish","format-standard","has-post-thumbnail","hentry","category-noticias"],"yoast_head":"<!-- This site is optimized with the Yoast SEO plugin v27.3 - https:\/\/yoast.com\/product\/yoast-seo-wordpress\/ -->\n<title>La CoIDH sanciona a M\u00e9xico por tener a dos hombres en prisi\u00f3n preventiva por 17 a\u00f1os -<\/title>\n<meta name=\"robots\" content=\"index, follow, max-snippet:-1, max-image-preview:large, max-video-preview:-1\" \/>\n<link rel=\"canonical\" href=\"https:\/\/quehacerpolitico.mx\/?p=99952\" \/>\n<meta property=\"og:locale\" content=\"es_MX\" \/>\n<meta property=\"og:type\" content=\"article\" \/>\n<meta property=\"og:title\" content=\"La CoIDH sanciona a M\u00e9xico por tener a dos hombres en prisi\u00f3n preventiva por 17 a\u00f1os -\" \/>\n<meta property=\"og:description\" content=\"Por Redacci\u00f3n QP El presidente de la CoIDH, Ricardo P\u00e9rez, notific\u00f3 la sentencia en un...\" \/>\n<meta property=\"og:url\" content=\"https:\/\/quehacerpolitico.mx\/?p=99952\" \/>\n<meta property=\"article:published_time\" content=\"2023-04-12T16:28:07+00:00\" \/>\n<meta property=\"article:modified_time\" content=\"2023-04-12T16:28:10+00:00\" \/>\n<meta property=\"og:image\" content=\"https:\/\/quehacerpolitico.mx\/wp-content\/uploads\/2023\/04\/IMG_7044.jpeg\" \/>\n\t<meta property=\"og:image:width\" content=\"739\" \/>\n\t<meta property=\"og:image:height\" content=\"415\" \/>\n\t<meta property=\"og:image:type\" content=\"image\/jpeg\" \/>\n<meta name=\"author\" content=\"Redacci\u00f3n QP\" \/>\n<meta name=\"twitter:card\" content=\"summary_large_image\" \/>\n<meta name=\"twitter:label1\" content=\"Escrito por\" \/>\n\t<meta name=\"twitter:data1\" content=\"Redacci\u00f3n QP\" \/>\n\t<meta name=\"twitter:label2\" content=\"Tiempo de lectura\" \/>\n\t<meta name=\"twitter:data2\" content=\"3 minutos\" \/>\n<script type=\"application\/ld+json\" class=\"yoast-schema-graph\">{\"@context\":\"https:\\\/\\\/schema.org\",\"@graph\":[{\"@type\":\"Article\",\"@id\":\"https:\\\/\\\/quehacerpolitico.mx\\\/?p=99952#article\",\"isPartOf\":{\"@id\":\"https:\\\/\\\/quehacerpolitico.mx\\\/?p=99952\"},\"author\":{\"name\":\"Redacci\u00f3n QP\",\"@id\":\"https:\\\/\\\/quehacerpolitico.mx\\\/#\\\/schema\\\/person\\\/496d8ad2d1d3f8036101dca7ee39e585\"},\"headline\":\"La CoIDH sanciona a M\u00e9xico por tener a dos hombres en prisi\u00f3n preventiva por 17 a\u00f1os\",\"datePublished\":\"2023-04-12T16:28:07+00:00\",\"dateModified\":\"2023-04-12T16:28:10+00:00\",\"mainEntityOfPage\":{\"@id\":\"https:\\\/\\\/quehacerpolitico.mx\\\/?p=99952\"},\"wordCount\":622,\"commentCount\":0,\"image\":{\"@id\":\"https:\\\/\\\/quehacerpolitico.mx\\\/?p=99952#primaryimage\"},\"thumbnailUrl\":\"https:\\\/\\\/quehacerpolitico.mx\\\/wp-content\\\/uploads\\\/2023\\\/04\\\/IMG_7044.jpeg\",\"articleSection\":[\"Noticias\"],\"inLanguage\":\"es\",\"potentialAction\":[{\"@type\":\"CommentAction\",\"name\":\"Comment\",\"target\":[\"https:\\\/\\\/quehacerpolitico.mx\\\/?p=99952#respond\"]}]},{\"@type\":\"WebPage\",\"@id\":\"https:\\\/\\\/quehacerpolitico.mx\\\/?p=99952\",\"url\":\"https:\\\/\\\/quehacerpolitico.mx\\\/?p=99952\",\"name\":\"La CoIDH sanciona a M\u00e9xico por tener a dos hombres en prisi\u00f3n preventiva por 17 a\u00f1os -\",\"isPartOf\":{\"@id\":\"https:\\\/\\\/quehacerpolitico.mx\\\/#website\"},\"primaryImageOfPage\":{\"@id\":\"https:\\\/\\\/quehacerpolitico.mx\\\/?p=99952#primaryimage\"},\"image\":{\"@id\":\"https:\\\/\\\/quehacerpolitico.mx\\\/?p=99952#primaryimage\"},\"thumbnailUrl\":\"https:\\\/\\\/quehacerpolitico.mx\\\/wp-content\\\/uploads\\\/2023\\\/04\\\/IMG_7044.jpeg\",\"datePublished\":\"2023-04-12T16:28:07+00:00\",\"dateModified\":\"2023-04-12T16:28:10+00:00\",\"author\":{\"@id\":\"https:\\\/\\\/quehacerpolitico.mx\\\/#\\\/schema\\\/person\\\/496d8ad2d1d3f8036101dca7ee39e585\"},\"breadcrumb\":{\"@id\":\"https:\\\/\\\/quehacerpolitico.mx\\\/?p=99952#breadcrumb\"},\"inLanguage\":\"es\",\"potentialAction\":[{\"@type\":\"ReadAction\",\"target\":[\"https:\\\/\\\/quehacerpolitico.mx\\\/?p=99952\"]}]},{\"@type\":\"ImageObject\",\"inLanguage\":\"es\",\"@id\":\"https:\\\/\\\/quehacerpolitico.mx\\\/?p=99952#primaryimage\",\"url\":\"https:\\\/\\\/quehacerpolitico.mx\\\/wp-content\\\/uploads\\\/2023\\\/04\\\/IMG_7044.jpeg\",\"contentUrl\":\"https:\\\/\\\/quehacerpolitico.mx\\\/wp-content\\\/uploads\\\/2023\\\/04\\\/IMG_7044.jpeg\",\"width\":739,\"height\":415},{\"@type\":\"BreadcrumbList\",\"@id\":\"https:\\\/\\\/quehacerpolitico.mx\\\/?p=99952#breadcrumb\",\"itemListElement\":[{\"@type\":\"ListItem\",\"position\":1,\"name\":\"Inicio\",\"item\":\"https:\\\/\\\/quehacerpolitico.mx\\\/\"},{\"@type\":\"ListItem\",\"position\":2,\"name\":\"La CoIDH sanciona a M\u00e9xico por tener a dos hombres en prisi\u00f3n preventiva por 17 a\u00f1os\"}]},{\"@type\":\"WebSite\",\"@id\":\"https:\\\/\\\/quehacerpolitico.mx\\\/#website\",\"url\":\"https:\\\/\\\/quehacerpolitico.mx\\\/\",\"name\":\"\",\"description\":\"\",\"potentialAction\":[{\"@type\":\"SearchAction\",\"target\":{\"@type\":\"EntryPoint\",\"urlTemplate\":\"https:\\\/\\\/quehacerpolitico.mx\\\/?s={search_term_string}\"},\"query-input\":{\"@type\":\"PropertyValueSpecification\",\"valueRequired\":true,\"valueName\":\"search_term_string\"}}],\"inLanguage\":\"es\"},{\"@type\":\"Person\",\"@id\":\"https:\\\/\\\/quehacerpolitico.mx\\\/#\\\/schema\\\/person\\\/496d8ad2d1d3f8036101dca7ee39e585\",\"name\":\"Redacci\u00f3n QP\",\"image\":{\"@type\":\"ImageObject\",\"inLanguage\":\"es\",\"@id\":\"https:\\\/\\\/secure.gravatar.com\\\/avatar\\\/c7164ed6fdec453195284ad24a5ae5b6e1eed2b848477fa2a4787ba9adf39a41?s=96&d=mm&r=g\",\"url\":\"https:\\\/\\\/secure.gravatar.com\\\/avatar\\\/c7164ed6fdec453195284ad24a5ae5b6e1eed2b848477fa2a4787ba9adf39a41?s=96&d=mm&r=g\",\"contentUrl\":\"https:\\\/\\\/secure.gravatar.com\\\/avatar\\\/c7164ed6fdec453195284ad24a5ae5b6e1eed2b848477fa2a4787ba9adf39a41?s=96&d=mm&r=g\",\"caption\":\"Redacci\u00f3n QP\"},\"url\":\"https:\\\/\\\/quehacerpolitico.mx\\\/?author=2\"}]}<\/script>\n<!-- \/ Yoast SEO plugin. -->","yoast_head_json":{"title":"La CoIDH sanciona a M\u00e9xico por tener a dos hombres en prisi\u00f3n preventiva por 17 a\u00f1os -","robots":{"index":"index","follow":"follow","max-snippet":"max-snippet:-1","max-image-preview":"max-image-preview:large","max-video-preview":"max-video-preview:-1"},"canonical":"https:\/\/quehacerpolitico.mx\/?p=99952","og_locale":"es_MX","og_type":"article","og_title":"La CoIDH sanciona a M\u00e9xico por tener a dos hombres en prisi\u00f3n preventiva por 17 a\u00f1os -","og_description":"Por Redacci\u00f3n QP El presidente de la CoIDH, Ricardo P\u00e9rez, notific\u00f3 la sentencia en un...","og_url":"https:\/\/quehacerpolitico.mx\/?p=99952","article_published_time":"2023-04-12T16:28:07+00:00","article_modified_time":"2023-04-12T16:28:10+00:00","og_image":[{"width":739,"height":415,"url":"https:\/\/quehacerpolitico.mx\/wp-content\/uploads\/2023\/04\/IMG_7044.jpeg","type":"image\/jpeg"}],"author":"Redacci\u00f3n QP","twitter_card":"summary_large_image","twitter_misc":{"Escrito por":"Redacci\u00f3n QP","Tiempo de lectura":"3 minutos"},"schema":{"@context":"https:\/\/schema.org","@graph":[{"@type":"Article","@id":"https:\/\/quehacerpolitico.mx\/?p=99952#article","isPartOf":{"@id":"https:\/\/quehacerpolitico.mx\/?p=99952"},"author":{"name":"Redacci\u00f3n QP","@id":"https:\/\/quehacerpolitico.mx\/#\/schema\/person\/496d8ad2d1d3f8036101dca7ee39e585"},"headline":"La CoIDH sanciona a M\u00e9xico por tener a dos hombres en prisi\u00f3n preventiva por 17 a\u00f1os","datePublished":"2023-04-12T16:28:07+00:00","dateModified":"2023-04-12T16:28:10+00:00","mainEntityOfPage":{"@id":"https:\/\/quehacerpolitico.mx\/?p=99952"},"wordCount":622,"commentCount":0,"image":{"@id":"https:\/\/quehacerpolitico.mx\/?p=99952#primaryimage"},"thumbnailUrl":"https:\/\/quehacerpolitico.mx\/wp-content\/uploads\/2023\/04\/IMG_7044.jpeg","articleSection":["Noticias"],"inLanguage":"es","potentialAction":[{"@type":"CommentAction","name":"Comment","target":["https:\/\/quehacerpolitico.mx\/?p=99952#respond"]}]},{"@type":"WebPage","@id":"https:\/\/quehacerpolitico.mx\/?p=99952","url":"https:\/\/quehacerpolitico.mx\/?p=99952","name":"La CoIDH sanciona a M\u00e9xico por tener a dos hombres en prisi\u00f3n preventiva por 17 a\u00f1os -","isPartOf":{"@id":"https:\/\/quehacerpolitico.mx\/#website"},"primaryImageOfPage":{"@id":"https:\/\/quehacerpolitico.mx\/?p=99952#primaryimage"},"image":{"@id":"https:\/\/quehacerpolitico.mx\/?p=99952#primaryimage"},"thumbnailUrl":"https:\/\/quehacerpolitico.mx\/wp-content\/uploads\/2023\/04\/IMG_7044.jpeg","datePublished":"2023-04-12T16:28:07+00:00","dateModified":"2023-04-12T16:28:10+00:00","author":{"@id":"https:\/\/quehacerpolitico.mx\/#\/schema\/person\/496d8ad2d1d3f8036101dca7ee39e585"},"breadcrumb":{"@id":"https:\/\/quehacerpolitico.mx\/?p=99952#breadcrumb"},"inLanguage":"es","potentialAction":[{"@type":"ReadAction","target":["https:\/\/quehacerpolitico.mx\/?p=99952"]}]},{"@type":"ImageObject","inLanguage":"es","@id":"https:\/\/quehacerpolitico.mx\/?p=99952#primaryimage","url":"https:\/\/quehacerpolitico.mx\/wp-content\/uploads\/2023\/04\/IMG_7044.jpeg","contentUrl":"https:\/\/quehacerpolitico.mx\/wp-content\/uploads\/2023\/04\/IMG_7044.jpeg","width":739,"height":415},{"@type":"BreadcrumbList","@id":"https:\/\/quehacerpolitico.mx\/?p=99952#breadcrumb","itemListElement":[{"@type":"ListItem","position":1,"name":"Inicio","item":"https:\/\/quehacerpolitico.mx\/"},{"@type":"ListItem","position":2,"name":"La CoIDH sanciona a M\u00e9xico por tener a dos hombres en prisi\u00f3n preventiva por 17 a\u00f1os"}]},{"@type":"WebSite","@id":"https:\/\/quehacerpolitico.mx\/#website","url":"https:\/\/quehacerpolitico.mx\/","name":"","description":"","potentialAction":[{"@type":"SearchAction","target":{"@type":"EntryPoint","urlTemplate":"https:\/\/quehacerpolitico.mx\/?s={search_term_string}"},"query-input":{"@type":"PropertyValueSpecification","valueRequired":true,"valueName":"search_term_string"}}],"inLanguage":"es"},{"@type":"Person","@id":"https:\/\/quehacerpolitico.mx\/#\/schema\/person\/496d8ad2d1d3f8036101dca7ee39e585","name":"Redacci\u00f3n QP","image":{"@type":"ImageObject","inLanguage":"es","@id":"https:\/\/secure.gravatar.com\/avatar\/c7164ed6fdec453195284ad24a5ae5b6e1eed2b848477fa2a4787ba9adf39a41?s=96&d=mm&r=g","url":"https:\/\/secure.gravatar.com\/avatar\/c7164ed6fdec453195284ad24a5ae5b6e1eed2b848477fa2a4787ba9adf39a41?s=96&d=mm&r=g","contentUrl":"https:\/\/secure.gravatar.com\/avatar\/c7164ed6fdec453195284ad24a5ae5b6e1eed2b848477fa2a4787ba9adf39a41?s=96&d=mm&r=g","caption":"Redacci\u00f3n QP"},"url":"https:\/\/quehacerpolitico.mx\/?author=2"}]}},"featured_image_urls":{"full":["https:\/\/quehacerpolitico.mx\/wp-content\/uploads\/2023\/04\/IMG_7044.jpeg",739,415,false],"thumbnail":["https:\/\/quehacerpolitico.mx\/wp-content\/uploads\/2023\/04\/IMG_7044-150x150.jpeg",150,150,true],"medium":["https:\/\/quehacerpolitico.mx\/wp-content\/uploads\/2023\/04\/IMG_7044-300x168.jpeg",300,168,true],"medium_large":["https:\/\/quehacerpolitico.mx\/wp-content\/uploads\/2023\/04\/IMG_7044.jpeg",640,359,false],"large":["https:\/\/quehacerpolitico.mx\/wp-content\/uploads\/2023\/04\/IMG_7044.jpeg",640,359,false],"1536x1536":["https:\/\/quehacerpolitico.mx\/wp-content\/uploads\/2023\/04\/IMG_7044.jpeg",739,415,false],"2048x2048":["https:\/\/quehacerpolitico.mx\/wp-content\/uploads\/2023\/04\/IMG_7044.jpeg",739,415,false],"covernews-featured":["https:\/\/quehacerpolitico.mx\/wp-content\/uploads\/2023\/04\/IMG_7044.jpeg",739,415,false],"covernews-medium":["https:\/\/quehacerpolitico.mx\/wp-content\/uploads\/2023\/04\/IMG_7044.jpeg",540,303,false]},"author_info":{"display_name":"Redacci\u00f3n QP","author_link":"https:\/\/quehacerpolitico.mx\/?author=2"},"category_info":"<a href=\"https:\/\/quehacerpolitico.mx\/?cat=2\" rel=\"category\">Noticias<\/a>","tag_info":"Noticias","comment_count":"0","_links":{"self":[{"href":"https:\/\/quehacerpolitico.mx\/index.php?rest_route=\/wp\/v2\/posts\/99952","targetHints":{"allow":["GET"]}}],"collection":[{"href":"https:\/\/quehacerpolitico.mx\/index.php?rest_route=\/wp\/v2\/posts"}],"about":[{"href":"https:\/\/quehacerpolitico.mx\/index.php?rest_route=\/wp\/v2\/types\/post"}],"author":[{"embeddable":true,"href":"https:\/\/quehacerpolitico.mx\/index.php?rest_route=\/wp\/v2\/users\/2"}],"replies":[{"embeddable":true,"href":"https:\/\/quehacerpolitico.mx\/index.php?rest_route=%2Fwp%2Fv2%2Fcomments&post=99952"}],"version-history":[{"count":1,"href":"https:\/\/quehacerpolitico.mx\/index.php?rest_route=\/wp\/v2\/posts\/99952\/revisions"}],"predecessor-version":[{"id":99956,"href":"https:\/\/quehacerpolitico.mx\/index.php?rest_route=\/wp\/v2\/posts\/99952\/revisions\/99956"}],"wp:featuredmedia":[{"embeddable":true,"href":"https:\/\/quehacerpolitico.mx\/index.php?rest_route=\/wp\/v2\/media\/99955"}],"wp:attachment":[{"href":"https:\/\/quehacerpolitico.mx\/index.php?rest_route=%2Fwp%2Fv2%2Fmedia&parent=99952"}],"wp:term":[{"taxonomy":"category","embeddable":true,"href":"https:\/\/quehacerpolitico.mx\/index.php?rest_route=%2Fwp%2Fv2%2Fcategories&post=99952"},{"taxonomy":"post_tag","embeddable":true,"href":"https:\/\/quehacerpolitico.mx\/index.php?rest_route=%2Fwp%2Fv2%2Ftags&post=99952"}],"curies":[{"name":"wp","href":"https:\/\/api.w.org\/{rel}","templated":true}]}}