{"id":9995,"date":"2018-11-23T01:21:34","date_gmt":"2018-11-23T01:21:34","guid":{"rendered":"http:\/\/quehacerpolitico.mx\/el-senado-echa-para-atras-el-intento-de-dar-a-segob-el-control-de-los-medios-publicos-en-el-proximo-gobierno\/"},"modified":"2018-11-23T01:21:34","modified_gmt":"2018-11-23T01:21:34","slug":"el-senado-echa-para-atras-el-intento-de-dar-a-segob-el-control-de-los-medios-publicos-en-el-proximo-gobierno","status":"publish","type":"post","link":"https:\/\/quehacerpolitico.mx\/?p=9995","title":{"rendered":"El Senado echa para atr\u00e1s el intento de dar a Segob el control de los medios p\u00fablicos en el pr\u00f3ximo Gobierno"},"content":{"rendered":"<h1>El Senado echa para atr\u00e1s el intento de dar a Segob el control de los medios p\u00fablicos en el pr\u00f3ximo Gobierno<\/h1>\n<p>Por Redacci\u00f3n QP<\/p>\n<p>El <strong>Senado de la Rep\u00fablica<\/strong>fren\u00f3 la reforma con la que se planteaba que la<strong>Secretar\u00eda de Gobernaci\u00f3n<\/strong> (Segob) <strong>tuviera facultades de control<\/strong> sobre los medios p\u00fablicos.<\/p>\n<p>El punto se hallaba incluido en las modificaciones a la <strong>Ley Org\u00e1nica de la Administraci\u00f3n P\u00fablica Federal<\/strong>, e implicaba entregar facultades a la Segog para proveer el servicio de radiodifusi\u00f3n p\u00fablica digital en todo el <strong>territorio mexicano<\/strong>.<\/p>\n<blockquote>\n<p>\u201cFinalmente logramos que NO pasara en el Senado el ataque a los #MediosP\u00fablicos. Sale del art\u00edculo 27 y de Segob la facultad de \u201cproveer el servicio de radiodifusi\u00f3n p\u00fablica\u201d. Bien por el<strong> Senado y Partido Morena en rectificar<\/strong>. Seguiremos observando. Hicimos equipo\u201d, celebr\u00f3 la abogada Irene Levy.<\/p>\n<p>\u201cEl Senado elimina la facultad de la Secretar\u00eda de Gobernaci\u00f3n sobre los medios p\u00fablicos.\u00a0Felicidades a los comunicadores, activistas y acad\u00e9micos que luchan por #MediosP\u00fablicosLibres por haber impedido esta regresi\u00f3n.\u00a0Ahora a fortalecer a los #MediosP\u00fablicos\u201d, se\u00f1al\u00f3 la Diputada Laura Rojas.<\/p>\n<p>Ricardo Monreal, del Movimiento Regeneraci\u00f3n Nacional (Morena), fue el encargado de proponer que la reforma se borrara.<\/p>\n<blockquote>\n<p>El 19 de noviembre, un total de\u00a042 organizaciones e instituciones, as\u00ed como\u00a0acad\u00e9micos, especialistas, periodistas y ciudadanos\u00a0hicieron un llamado al\u00a0Senado de la Rep\u00fablica\u00a0y al\u00a0Presidente electo, Andr\u00e9s Manuel L\u00f3pez Obrador, para echar abajo los cambios aprobados en la\u00a0C\u00e1mara de Diputados\u00a0en los que se facultaba a la\u00a0Secretar\u00eda de Gobernaci\u00f3n\u00a0(Segob) para\u00a0regular y operar estaciones de radio y televisi\u00f3n.<\/p>\n<\/blockquote>\n<p>\u201cLa Secretar\u00eda de Gobernaci\u00f3n NO deber\u00eda tener injerencia en la regulaci\u00f3n de los medios de comunicaci\u00f3n y mucho menos ser operadora de estaciones de radio o televisi\u00f3n\u201d, se destac\u00f3 en el posicionamiento.<\/p>\n<blockquote>\n<p>De acuerdo con los m\u00e1s de 140 firmantes, los cambios aprobados por la C\u00e1mara de Diputados a la Ley Org\u00e1nica de la Administraci\u00f3n P\u00fablica Federal (LOAPF) determinaban que la Secretar\u00eda de Gobernaci\u00f3n ser\u00eda la encargada de proveer el servicio de radiodifusi\u00f3n p\u00fablica digital a nivel nacional (fracci\u00f3n VIII del art\u00edculo 27 de la minuta proyecto de decreto por el que se reforman, adicionan y derogan diversas disposiciones de la LOAPF).<\/p>\n<p>Esto representaba, se\u00f1alaron, \u201cun grave retroceso en materia de libertad de expresi\u00f3n y derecho a la informaci\u00f3n\u201d.<\/p>\n<p>Las 42 organizaciones e instituciones que suscribieron el posicionamiento se\u00f1alaron que las reformas aprobadas por la C\u00e1mara de Diputados eran radicalmente contrarias a las propuestas y demandas de acad\u00e9micos, expertos y organizaciones de la sociedad civil promotoras y defensoras de la libertad de expresi\u00f3n que han insistido, desde hace d\u00e9cadas, en la necesidad de que los medios p\u00fablicos no sean medios oficiales.<\/p>\n<\/blockquote>\n<\/blockquote>\n","protected":false},"excerpt":{"rendered":"<p>El Senado echa para atr\u00e1s el intento de dar a Segob el control de los medios p\u00fablicos en el pr\u00f3ximo Gobierno<br \/>\nPor Redacci\u00f3n QP<\/p>\n","protected":false},"author":2,"featured_media":9994,"comment_status":"open","ping_status":"open","sticky":false,"template":"","format":"standard","meta":{"_monsterinsights_skip_tracking":false,"_monsterinsights_sitenote_active":false,"_monsterinsights_sitenote_note":"","_monsterinsights_sitenote_category":0,"footnotes":""},"categories":[2],"tags":[],"class_list":["post-9995","post","type-post","status-publish","format-standard","has-post-thumbnail","hentry","category-noticias"],"yoast_head":"<!-- This site is optimized with the Yoast SEO plugin v27.3 - https:\/\/yoast.com\/product\/yoast-seo-wordpress\/ -->\n<title>El Senado echa para atr\u00e1s el intento de dar a Segob el control de los medios p\u00fablicos en el pr\u00f3ximo Gobierno -<\/title>\n<meta name=\"robots\" content=\"index, follow, max-snippet:-1, max-image-preview:large, max-video-preview:-1\" \/>\n<link rel=\"canonical\" href=\"https:\/\/quehacerpolitico.mx\/?p=9995\" \/>\n<meta property=\"og:locale\" content=\"es_MX\" \/>\n<meta property=\"og:type\" content=\"article\" \/>\n<meta property=\"og:title\" content=\"El Senado echa para atr\u00e1s el intento de dar a Segob el control de los medios p\u00fablicos en el pr\u00f3ximo Gobierno -\" \/>\n<meta property=\"og:description\" content=\"El Senado echa para atr\u00e1s el intento de dar a Segob el control de los medios p\u00fablicos en el pr\u00f3ximo Gobierno Por Redacci\u00f3n QP\" \/>\n<meta property=\"og:url\" content=\"https:\/\/quehacerpolitico.mx\/?p=9995\" \/>\n<meta property=\"article:published_time\" content=\"2018-11-23T01:21:34+00:00\" \/>\n<meta name=\"author\" content=\"Redacci\u00f3n QP\" \/>\n<meta name=\"twitter:card\" content=\"summary_large_image\" \/>\n<meta name=\"twitter:label1\" content=\"Escrito por\" \/>\n\t<meta name=\"twitter:data1\" content=\"Redacci\u00f3n QP\" \/>\n\t<meta name=\"twitter:label2\" content=\"Tiempo de lectura\" \/>\n\t<meta name=\"twitter:data2\" content=\"2 minutos\" \/>\n<script type=\"application\/ld+json\" class=\"yoast-schema-graph\">{\"@context\":\"https:\\\/\\\/schema.org\",\"@graph\":[{\"@type\":\"Article\",\"@id\":\"https:\\\/\\\/quehacerpolitico.mx\\\/?p=9995#article\",\"isPartOf\":{\"@id\":\"https:\\\/\\\/quehacerpolitico.mx\\\/?p=9995\"},\"author\":{\"name\":\"Redacci\u00f3n QP\",\"@id\":\"https:\\\/\\\/quehacerpolitico.mx\\\/#\\\/schema\\\/person\\\/496d8ad2d1d3f8036101dca7ee39e585\"},\"headline\":\"El Senado echa para atr\u00e1s el intento de dar a Segob el control de los medios p\u00fablicos en el pr\u00f3ximo Gobierno\",\"datePublished\":\"2018-11-23T01:21:34+00:00\",\"mainEntityOfPage\":{\"@id\":\"https:\\\/\\\/quehacerpolitico.mx\\\/?p=9995\"},\"wordCount\":516,\"commentCount\":0,\"image\":{\"@id\":\"https:\\\/\\\/quehacerpolitico.mx\\\/?p=9995#primaryimage\"},\"thumbnailUrl\":\"\",\"articleSection\":[\"Noticias\"],\"inLanguage\":\"es\",\"potentialAction\":[{\"@type\":\"CommentAction\",\"name\":\"Comment\",\"target\":[\"https:\\\/\\\/quehacerpolitico.mx\\\/?p=9995#respond\"]}]},{\"@type\":\"WebPage\",\"@id\":\"https:\\\/\\\/quehacerpolitico.mx\\\/?p=9995\",\"url\":\"https:\\\/\\\/quehacerpolitico.mx\\\/?p=9995\",\"name\":\"El Senado echa para atr\u00e1s el intento de dar a Segob el control de los medios p\u00fablicos en el pr\u00f3ximo Gobierno -\",\"isPartOf\":{\"@id\":\"https:\\\/\\\/quehacerpolitico.mx\\\/#website\"},\"primaryImageOfPage\":{\"@id\":\"https:\\\/\\\/quehacerpolitico.mx\\\/?p=9995#primaryimage\"},\"image\":{\"@id\":\"https:\\\/\\\/quehacerpolitico.mx\\\/?p=9995#primaryimage\"},\"thumbnailUrl\":\"\",\"datePublished\":\"2018-11-23T01:21:34+00:00\",\"author\":{\"@id\":\"https:\\\/\\\/quehacerpolitico.mx\\\/#\\\/schema\\\/person\\\/496d8ad2d1d3f8036101dca7ee39e585\"},\"breadcrumb\":{\"@id\":\"https:\\\/\\\/quehacerpolitico.mx\\\/?p=9995#breadcrumb\"},\"inLanguage\":\"es\",\"potentialAction\":[{\"@type\":\"ReadAction\",\"target\":[\"https:\\\/\\\/quehacerpolitico.mx\\\/?p=9995\"]}]},{\"@type\":\"ImageObject\",\"inLanguage\":\"es\",\"@id\":\"https:\\\/\\\/quehacerpolitico.mx\\\/?p=9995#primaryimage\",\"url\":\"\",\"contentUrl\":\"\"},{\"@type\":\"BreadcrumbList\",\"@id\":\"https:\\\/\\\/quehacerpolitico.mx\\\/?p=9995#breadcrumb\",\"itemListElement\":[{\"@type\":\"ListItem\",\"position\":1,\"name\":\"Inicio\",\"item\":\"https:\\\/\\\/quehacerpolitico.mx\\\/\"},{\"@type\":\"ListItem\",\"position\":2,\"name\":\"El Senado echa para atr\u00e1s el intento de dar a Segob el control de los medios p\u00fablicos en el pr\u00f3ximo Gobierno\"}]},{\"@type\":\"WebSite\",\"@id\":\"https:\\\/\\\/quehacerpolitico.mx\\\/#website\",\"url\":\"https:\\\/\\\/quehacerpolitico.mx\\\/\",\"name\":\"\",\"description\":\"\",\"potentialAction\":[{\"@type\":\"SearchAction\",\"target\":{\"@type\":\"EntryPoint\",\"urlTemplate\":\"https:\\\/\\\/quehacerpolitico.mx\\\/?s={search_term_string}\"},\"query-input\":{\"@type\":\"PropertyValueSpecification\",\"valueRequired\":true,\"valueName\":\"search_term_string\"}}],\"inLanguage\":\"es\"},{\"@type\":\"Person\",\"@id\":\"https:\\\/\\\/quehacerpolitico.mx\\\/#\\\/schema\\\/person\\\/496d8ad2d1d3f8036101dca7ee39e585\",\"name\":\"Redacci\u00f3n QP\",\"image\":{\"@type\":\"ImageObject\",\"inLanguage\":\"es\",\"@id\":\"https:\\\/\\\/secure.gravatar.com\\\/avatar\\\/c7164ed6fdec453195284ad24a5ae5b6e1eed2b848477fa2a4787ba9adf39a41?s=96&d=mm&r=g\",\"url\":\"https:\\\/\\\/secure.gravatar.com\\\/avatar\\\/c7164ed6fdec453195284ad24a5ae5b6e1eed2b848477fa2a4787ba9adf39a41?s=96&d=mm&r=g\",\"contentUrl\":\"https:\\\/\\\/secure.gravatar.com\\\/avatar\\\/c7164ed6fdec453195284ad24a5ae5b6e1eed2b848477fa2a4787ba9adf39a41?s=96&d=mm&r=g\",\"caption\":\"Redacci\u00f3n QP\"},\"url\":\"https:\\\/\\\/quehacerpolitico.mx\\\/?author=2\"}]}<\/script>\n<!-- \/ Yoast SEO plugin. -->","yoast_head_json":{"title":"El Senado echa para atr\u00e1s el intento de dar a Segob el control de los medios p\u00fablicos en el pr\u00f3ximo Gobierno -","robots":{"index":"index","follow":"follow","max-snippet":"max-snippet:-1","max-image-preview":"max-image-preview:large","max-video-preview":"max-video-preview:-1"},"canonical":"https:\/\/quehacerpolitico.mx\/?p=9995","og_locale":"es_MX","og_type":"article","og_title":"El Senado echa para atr\u00e1s el intento de dar a Segob el control de los medios p\u00fablicos en el pr\u00f3ximo Gobierno -","og_description":"El Senado echa para atr\u00e1s el intento de dar a Segob el control de los medios p\u00fablicos en el pr\u00f3ximo Gobierno Por Redacci\u00f3n QP","og_url":"https:\/\/quehacerpolitico.mx\/?p=9995","article_published_time":"2018-11-23T01:21:34+00:00","author":"Redacci\u00f3n QP","twitter_card":"summary_large_image","twitter_misc":{"Escrito por":"Redacci\u00f3n QP","Tiempo de lectura":"2 minutos"},"schema":{"@context":"https:\/\/schema.org","@graph":[{"@type":"Article","@id":"https:\/\/quehacerpolitico.mx\/?p=9995#article","isPartOf":{"@id":"https:\/\/quehacerpolitico.mx\/?p=9995"},"author":{"name":"Redacci\u00f3n QP","@id":"https:\/\/quehacerpolitico.mx\/#\/schema\/person\/496d8ad2d1d3f8036101dca7ee39e585"},"headline":"El Senado echa para atr\u00e1s el intento de dar a Segob el control de los medios p\u00fablicos en el pr\u00f3ximo Gobierno","datePublished":"2018-11-23T01:21:34+00:00","mainEntityOfPage":{"@id":"https:\/\/quehacerpolitico.mx\/?p=9995"},"wordCount":516,"commentCount":0,"image":{"@id":"https:\/\/quehacerpolitico.mx\/?p=9995#primaryimage"},"thumbnailUrl":"","articleSection":["Noticias"],"inLanguage":"es","potentialAction":[{"@type":"CommentAction","name":"Comment","target":["https:\/\/quehacerpolitico.mx\/?p=9995#respond"]}]},{"@type":"WebPage","@id":"https:\/\/quehacerpolitico.mx\/?p=9995","url":"https:\/\/quehacerpolitico.mx\/?p=9995","name":"El Senado echa para atr\u00e1s el intento de dar a Segob el control de los medios p\u00fablicos en el pr\u00f3ximo Gobierno -","isPartOf":{"@id":"https:\/\/quehacerpolitico.mx\/#website"},"primaryImageOfPage":{"@id":"https:\/\/quehacerpolitico.mx\/?p=9995#primaryimage"},"image":{"@id":"https:\/\/quehacerpolitico.mx\/?p=9995#primaryimage"},"thumbnailUrl":"","datePublished":"2018-11-23T01:21:34+00:00","author":{"@id":"https:\/\/quehacerpolitico.mx\/#\/schema\/person\/496d8ad2d1d3f8036101dca7ee39e585"},"breadcrumb":{"@id":"https:\/\/quehacerpolitico.mx\/?p=9995#breadcrumb"},"inLanguage":"es","potentialAction":[{"@type":"ReadAction","target":["https:\/\/quehacerpolitico.mx\/?p=9995"]}]},{"@type":"ImageObject","inLanguage":"es","@id":"https:\/\/quehacerpolitico.mx\/?p=9995#primaryimage","url":"","contentUrl":""},{"@type":"BreadcrumbList","@id":"https:\/\/quehacerpolitico.mx\/?p=9995#breadcrumb","itemListElement":[{"@type":"ListItem","position":1,"name":"Inicio","item":"https:\/\/quehacerpolitico.mx\/"},{"@type":"ListItem","position":2,"name":"El Senado echa para atr\u00e1s el intento de dar a Segob el control de los medios p\u00fablicos en el pr\u00f3ximo Gobierno"}]},{"@type":"WebSite","@id":"https:\/\/quehacerpolitico.mx\/#website","url":"https:\/\/quehacerpolitico.mx\/","name":"","description":"","potentialAction":[{"@type":"SearchAction","target":{"@type":"EntryPoint","urlTemplate":"https:\/\/quehacerpolitico.mx\/?s={search_term_string}"},"query-input":{"@type":"PropertyValueSpecification","valueRequired":true,"valueName":"search_term_string"}}],"inLanguage":"es"},{"@type":"Person","@id":"https:\/\/quehacerpolitico.mx\/#\/schema\/person\/496d8ad2d1d3f8036101dca7ee39e585","name":"Redacci\u00f3n QP","image":{"@type":"ImageObject","inLanguage":"es","@id":"https:\/\/secure.gravatar.com\/avatar\/c7164ed6fdec453195284ad24a5ae5b6e1eed2b848477fa2a4787ba9adf39a41?s=96&d=mm&r=g","url":"https:\/\/secure.gravatar.com\/avatar\/c7164ed6fdec453195284ad24a5ae5b6e1eed2b848477fa2a4787ba9adf39a41?s=96&d=mm&r=g","contentUrl":"https:\/\/secure.gravatar.com\/avatar\/c7164ed6fdec453195284ad24a5ae5b6e1eed2b848477fa2a4787ba9adf39a41?s=96&d=mm&r=g","caption":"Redacci\u00f3n QP"},"url":"https:\/\/quehacerpolitico.mx\/?author=2"}]}},"featured_image_urls":{"full":"","thumbnail":"","medium":"","medium_large":"","large":"","1536x1536":"","2048x2048":"","covernews-featured":"","covernews-medium":""},"author_info":{"display_name":"Redacci\u00f3n QP","author_link":"https:\/\/quehacerpolitico.mx\/?author=2"},"category_info":"<a href=\"https:\/\/quehacerpolitico.mx\/?cat=2\" rel=\"category\">Noticias<\/a>","tag_info":"Noticias","comment_count":"0","_links":{"self":[{"href":"https:\/\/quehacerpolitico.mx\/index.php?rest_route=\/wp\/v2\/posts\/9995","targetHints":{"allow":["GET"]}}],"collection":[{"href":"https:\/\/quehacerpolitico.mx\/index.php?rest_route=\/wp\/v2\/posts"}],"about":[{"href":"https:\/\/quehacerpolitico.mx\/index.php?rest_route=\/wp\/v2\/types\/post"}],"author":[{"embeddable":true,"href":"https:\/\/quehacerpolitico.mx\/index.php?rest_route=\/wp\/v2\/users\/2"}],"replies":[{"embeddable":true,"href":"https:\/\/quehacerpolitico.mx\/index.php?rest_route=%2Fwp%2Fv2%2Fcomments&post=9995"}],"version-history":[{"count":0,"href":"https:\/\/quehacerpolitico.mx\/index.php?rest_route=\/wp\/v2\/posts\/9995\/revisions"}],"wp:featuredmedia":[{"embeddable":true,"href":"https:\/\/quehacerpolitico.mx\/index.php?rest_route=\/"}],"wp:attachment":[{"href":"https:\/\/quehacerpolitico.mx\/index.php?rest_route=%2Fwp%2Fv2%2Fmedia&parent=9995"}],"wp:term":[{"taxonomy":"category","embeddable":true,"href":"https:\/\/quehacerpolitico.mx\/index.php?rest_route=%2Fwp%2Fv2%2Fcategories&post=9995"},{"taxonomy":"post_tag","embeddable":true,"href":"https:\/\/quehacerpolitico.mx\/index.php?rest_route=%2Fwp%2Fv2%2Ftags&post=9995"}],"curies":[{"name":"wp","href":"https:\/\/api.w.org\/{rel}","templated":true}]}}