{"id":99949,"date":"2023-04-12T16:11:36","date_gmt":"2023-04-12T16:11:36","guid":{"rendered":"https:\/\/quehacerpolitico.mx\/?p=99949"},"modified":"2023-04-12T16:11:40","modified_gmt":"2023-04-12T16:11:40","slug":"seria-un-dano-al-pais-si-los-ministros-de-la-corte-declaran-inconstitucional-el-traslado-de-la-guardia-nacional-a-la-defensa-amlo","status":"publish","type":"post","link":"https:\/\/quehacerpolitico.mx\/?p=99949","title":{"rendered":"\u201cSer\u00eda un da\u00f1o al pa\u00eds si los ministros de la Corte declaran inconstitucional el traslado de la Guardia Nacional a la Defensa\u201d: AMLO"},"content":{"rendered":"\n<p>Por Redacci\u00f3n QP<\/p>\n\n\n\n<p>L\u00f3pez Obrador critic\u00f3 la propuesta de un ministro de la Suprema Corte sobre declarar inconstitucional anexi\u00f3n de Guardia Nacional a Sedena<\/p>\n\n\n\n<p><strong>Andr\u00e9s Manuel L\u00f3pez Obrador<\/strong>, presidente de M\u00e9xico, calific\u00f3 como \u201c<strong>error grave y garrafal<\/strong>\u201d si se aprueba en la\u00a0<strong>Suprema Corte de Justicia de la Naci\u00f3n<\/strong>\u00a0(<strong>SCJN<\/strong>) la propuesta del ministro\u00a0<strong>Juan Luis Gonz\u00e1lez Alc\u00e1ntara Carranc\u00e1<\/strong>, quien propuso declarar\u00a0inconstitucional la anexion de la\u00a0<strong>Guardia Nacional<\/strong>\u00a0a la\u00a0<strong>Secretar\u00eda de la Defensa Nacional<\/strong>\u00a0(<strong>Sedena<\/strong>).<\/p>\n\n\n\n<p>Ojal\u00e1 y lo piensen bien, porque si declaran inconstitucional la ley de la materia, y se impide que la Guardia Nacional dependa de la Sedena, va a ser un grave error, un error garrafal\u201d, indic\u00f3.<\/p>\n\n\n\n<figure class=\"wp-block-embed is-type-rich is-provider-twitter wp-block-embed-twitter\"><div class=\"wp-block-embed__wrapper\">\n<blockquote class=\"twitter-tweet\" data-width=\"550\" data-dnt=\"true\"><p lang=\"es\" dir=\"ltr\">\u201cSer\u00eda un da\u00f1o al pa\u00eds si los ministros de la Corte declaran inconstitucional el traslado de la Guardia Nacional a la Defensa\u201d<br><br>Es la opini\u00f3n de AMLO sobre esta iniciativa. <a href=\"https:\/\/t.co\/wq7UKyKN2n\">pic.twitter.com\/wq7UKyKN2n<\/a><\/p>&mdash; Ruido en la Red (@RuidoEnLaRed) <a href=\"https:\/\/twitter.com\/RuidoEnLaRed\/status\/1646156214412414976?ref_src=twsrc%5Etfw\">April 12, 2023<\/a><\/blockquote><script async src=\"https:\/\/platform.twitter.com\/widgets.js\" charset=\"utf-8\"><\/script>\n<\/div><\/figure>\n\n\n\n<p>En la conferencia matutina de Palacio Nacional, L\u00f3pez Obrador apunt\u00f3 que dicha propuesta significar\u00eda \u201cdarle continuidad a la pol\u00edtica de Garc\u00eda Luna, es continuar con la misma estrategia de la Polic\u00eda Federal, que depend\u00eda de la Secretar\u00eda de Seguridad P\u00fablica, luego de la Segob y se ech\u00f3 a perder por completo, se corrompi\u00f3\u201d.<\/p>\n\n\n\n<p>El mandatario mexicano dej\u00f3 en claro que la \u00fanica manera en que la Guardia Nacional se mantengan con profesionalismo, disciplina y rectitud es si pertenece a la Sedena.<\/p>\n\n\n\n<p>La \u00fanica manera de que la Guardia Nacional se mantenga como hasta ahora como una corporaci\u00f3n para realmente aut\u00e9nticamente defender a los ciudadanos es de que dependa de la Sedena, porque estos significa profesionalismo, disciplina, honestidad, rectitud, si no va a suceder lo mismo al paso del tiempo\u201d, subray\u00f3.<\/p>\n\n\n\n<p>\u201cY puedo agregar que si fuese yo irresponsable dir\u00eda \u2018a m\u00ed qu\u00e9 me importa, estoy por terminar, all\u00e1 el que venga\u2019, que seguramente va ser una persona, hombre o mujer, que le va dar continuidad al proceso de transformaci\u00f3n, pero siempre est\u00e1 la tentaci\u00f3n que un ambicioso, del corte de Garc\u00eda Luna, Ingeniero, abogado, sin principios, sin ideales, sin doctrina y con mucha ambici\u00f3n, se haga cargo de una corporaci\u00f3n que ahora va tener 150 mil elementos\u201d, puntualiz\u00f3.<\/p>\n\n\n\n<p>El ministro<strong>&nbsp;Gonz\u00e1lez Alc\u00e1ntara Carranc\u00e1<\/strong>&nbsp;propondr\u00e1 ante la&nbsp;<strong>Suprema Corte<\/strong>&nbsp;declarar&nbsp;<strong>inconstitucional<\/strong>&nbsp;la anexi\u00f3n de la&nbsp;<strong>Guardia Nacional<\/strong>&nbsp;a la&nbsp;<strong>Secretar\u00eda de la Defensa Nacional<\/strong>&nbsp;(<strong>Sedena<\/strong>).<\/p>\n\n\n\n<p>En la\u00a0propuesta se argumenta que en el\u00a0<strong>art\u00edculo 21<\/strong>\u00a0de la\u00a0<strong>Constituci\u00f3n<\/strong>\u00a0se establece claramente que la Guardia Nacional debe mantener un car\u00e1cter civil.<\/p>\n\n\n\n<p>En septiembre de 2022 se public\u00f3 una reforma que pasa el control de la&nbsp;<strong>GN<\/strong>&nbsp;a la Secretar\u00eda de la Defensa Nacional y designa a su titular, el general&nbsp;<strong>Luis Cresencio Sandoval<\/strong>, como el encargado de elaborar los programas operativos y estrategias de la organizaci\u00f3n.<\/p>\n\n\n\n<p>El titular de Sedena tambi\u00e9n estar\u00e1 encargado de organizar territorialmente a los elementos del&nbsp;cuerpo&nbsp;y podr\u00e1 plantear adecuaciones a su estructura org\u00e1nica.<\/p>\n","protected":false},"excerpt":{"rendered":"<p>Por Redacci\u00f3n QP L\u00f3pez Obrador critic\u00f3 la propuesta de un ministro de la Suprema Corte&#8230;<\/p>\n","protected":false},"author":2,"featured_media":99950,"comment_status":"open","ping_status":"open","sticky":false,"template":"","format":"standard","meta":{"_monsterinsights_skip_tracking":false,"_monsterinsights_sitenote_active":false,"_monsterinsights_sitenote_note":"","_monsterinsights_sitenote_category":0,"footnotes":""},"categories":[2],"tags":[],"class_list":["post-99949","post","type-post","status-publish","format-standard","has-post-thumbnail","hentry","category-noticias"],"yoast_head":"<!-- This site is optimized with the Yoast SEO plugin v27.3 - https:\/\/yoast.com\/product\/yoast-seo-wordpress\/ -->\n<title>\u201cSer\u00eda un da\u00f1o al pa\u00eds si los ministros de la Corte declaran inconstitucional el traslado de la Guardia Nacional a la Defensa\u201d: AMLO -<\/title>\n<meta name=\"robots\" content=\"index, follow, max-snippet:-1, max-image-preview:large, max-video-preview:-1\" \/>\n<link rel=\"canonical\" href=\"https:\/\/quehacerpolitico.mx\/?p=99949\" \/>\n<meta property=\"og:locale\" content=\"es_MX\" \/>\n<meta property=\"og:type\" content=\"article\" \/>\n<meta property=\"og:title\" content=\"\u201cSer\u00eda un da\u00f1o al pa\u00eds si los ministros de la Corte declaran inconstitucional el traslado de la Guardia Nacional a la Defensa\u201d: AMLO -\" \/>\n<meta property=\"og:description\" content=\"Por Redacci\u00f3n QP L\u00f3pez Obrador critic\u00f3 la propuesta de un ministro de la Suprema Corte...\" \/>\n<meta property=\"og:url\" content=\"https:\/\/quehacerpolitico.mx\/?p=99949\" \/>\n<meta property=\"article:published_time\" content=\"2023-04-12T16:11:36+00:00\" \/>\n<meta property=\"article:modified_time\" content=\"2023-04-12T16:11:40+00:00\" \/>\n<meta property=\"og:image\" content=\"https:\/\/quehacerpolitico.mx\/wp-content\/uploads\/2023\/04\/IMG_7041.jpeg\" \/>\n\t<meta property=\"og:image:width\" content=\"1284\" \/>\n\t<meta property=\"og:image:height\" content=\"706\" \/>\n\t<meta property=\"og:image:type\" content=\"image\/jpeg\" \/>\n<meta name=\"author\" content=\"Redacci\u00f3n QP\" \/>\n<meta name=\"twitter:card\" content=\"summary_large_image\" \/>\n<meta name=\"twitter:label1\" content=\"Escrito por\" \/>\n\t<meta name=\"twitter:data1\" content=\"Redacci\u00f3n QP\" \/>\n\t<meta name=\"twitter:label2\" content=\"Tiempo de lectura\" \/>\n\t<meta name=\"twitter:data2\" content=\"2 minutos\" \/>\n<script type=\"application\/ld+json\" class=\"yoast-schema-graph\">{\"@context\":\"https:\\\/\\\/schema.org\",\"@graph\":[{\"@type\":\"Article\",\"@id\":\"https:\\\/\\\/quehacerpolitico.mx\\\/?p=99949#article\",\"isPartOf\":{\"@id\":\"https:\\\/\\\/quehacerpolitico.mx\\\/?p=99949\"},\"author\":{\"name\":\"Redacci\u00f3n QP\",\"@id\":\"https:\\\/\\\/quehacerpolitico.mx\\\/#\\\/schema\\\/person\\\/496d8ad2d1d3f8036101dca7ee39e585\"},\"headline\":\"\u201cSer\u00eda un da\u00f1o al pa\u00eds si los ministros de la Corte declaran inconstitucional el traslado de la Guardia Nacional a la Defensa\u201d: AMLO\",\"datePublished\":\"2023-04-12T16:11:36+00:00\",\"dateModified\":\"2023-04-12T16:11:40+00:00\",\"mainEntityOfPage\":{\"@id\":\"https:\\\/\\\/quehacerpolitico.mx\\\/?p=99949\"},\"wordCount\":525,\"commentCount\":0,\"image\":{\"@id\":\"https:\\\/\\\/quehacerpolitico.mx\\\/?p=99949#primaryimage\"},\"thumbnailUrl\":\"https:\\\/\\\/quehacerpolitico.mx\\\/wp-content\\\/uploads\\\/2023\\\/04\\\/IMG_7041.jpeg\",\"articleSection\":[\"Noticias\"],\"inLanguage\":\"es\",\"potentialAction\":[{\"@type\":\"CommentAction\",\"name\":\"Comment\",\"target\":[\"https:\\\/\\\/quehacerpolitico.mx\\\/?p=99949#respond\"]}]},{\"@type\":\"WebPage\",\"@id\":\"https:\\\/\\\/quehacerpolitico.mx\\\/?p=99949\",\"url\":\"https:\\\/\\\/quehacerpolitico.mx\\\/?p=99949\",\"name\":\"\u201cSer\u00eda un da\u00f1o al pa\u00eds si los ministros de la Corte declaran inconstitucional el traslado de la Guardia Nacional a la Defensa\u201d: AMLO -\",\"isPartOf\":{\"@id\":\"https:\\\/\\\/quehacerpolitico.mx\\\/#website\"},\"primaryImageOfPage\":{\"@id\":\"https:\\\/\\\/quehacerpolitico.mx\\\/?p=99949#primaryimage\"},\"image\":{\"@id\":\"https:\\\/\\\/quehacerpolitico.mx\\\/?p=99949#primaryimage\"},\"thumbnailUrl\":\"https:\\\/\\\/quehacerpolitico.mx\\\/wp-content\\\/uploads\\\/2023\\\/04\\\/IMG_7041.jpeg\",\"datePublished\":\"2023-04-12T16:11:36+00:00\",\"dateModified\":\"2023-04-12T16:11:40+00:00\",\"author\":{\"@id\":\"https:\\\/\\\/quehacerpolitico.mx\\\/#\\\/schema\\\/person\\\/496d8ad2d1d3f8036101dca7ee39e585\"},\"breadcrumb\":{\"@id\":\"https:\\\/\\\/quehacerpolitico.mx\\\/?p=99949#breadcrumb\"},\"inLanguage\":\"es\",\"potentialAction\":[{\"@type\":\"ReadAction\",\"target\":[\"https:\\\/\\\/quehacerpolitico.mx\\\/?p=99949\"]}]},{\"@type\":\"ImageObject\",\"inLanguage\":\"es\",\"@id\":\"https:\\\/\\\/quehacerpolitico.mx\\\/?p=99949#primaryimage\",\"url\":\"https:\\\/\\\/quehacerpolitico.mx\\\/wp-content\\\/uploads\\\/2023\\\/04\\\/IMG_7041.jpeg\",\"contentUrl\":\"https:\\\/\\\/quehacerpolitico.mx\\\/wp-content\\\/uploads\\\/2023\\\/04\\\/IMG_7041.jpeg\",\"width\":1284,\"height\":706},{\"@type\":\"BreadcrumbList\",\"@id\":\"https:\\\/\\\/quehacerpolitico.mx\\\/?p=99949#breadcrumb\",\"itemListElement\":[{\"@type\":\"ListItem\",\"position\":1,\"name\":\"Inicio\",\"item\":\"https:\\\/\\\/quehacerpolitico.mx\\\/\"},{\"@type\":\"ListItem\",\"position\":2,\"name\":\"\u201cSer\u00eda un da\u00f1o al pa\u00eds si los ministros de la Corte declaran inconstitucional el traslado de la Guardia Nacional a la Defensa\u201d: AMLO\"}]},{\"@type\":\"WebSite\",\"@id\":\"https:\\\/\\\/quehacerpolitico.mx\\\/#website\",\"url\":\"https:\\\/\\\/quehacerpolitico.mx\\\/\",\"name\":\"\",\"description\":\"\",\"potentialAction\":[{\"@type\":\"SearchAction\",\"target\":{\"@type\":\"EntryPoint\",\"urlTemplate\":\"https:\\\/\\\/quehacerpolitico.mx\\\/?s={search_term_string}\"},\"query-input\":{\"@type\":\"PropertyValueSpecification\",\"valueRequired\":true,\"valueName\":\"search_term_string\"}}],\"inLanguage\":\"es\"},{\"@type\":\"Person\",\"@id\":\"https:\\\/\\\/quehacerpolitico.mx\\\/#\\\/schema\\\/person\\\/496d8ad2d1d3f8036101dca7ee39e585\",\"name\":\"Redacci\u00f3n QP\",\"image\":{\"@type\":\"ImageObject\",\"inLanguage\":\"es\",\"@id\":\"https:\\\/\\\/secure.gravatar.com\\\/avatar\\\/c7164ed6fdec453195284ad24a5ae5b6e1eed2b848477fa2a4787ba9adf39a41?s=96&d=mm&r=g\",\"url\":\"https:\\\/\\\/secure.gravatar.com\\\/avatar\\\/c7164ed6fdec453195284ad24a5ae5b6e1eed2b848477fa2a4787ba9adf39a41?s=96&d=mm&r=g\",\"contentUrl\":\"https:\\\/\\\/secure.gravatar.com\\\/avatar\\\/c7164ed6fdec453195284ad24a5ae5b6e1eed2b848477fa2a4787ba9adf39a41?s=96&d=mm&r=g\",\"caption\":\"Redacci\u00f3n QP\"},\"url\":\"https:\\\/\\\/quehacerpolitico.mx\\\/?author=2\"}]}<\/script>\n<!-- \/ Yoast SEO plugin. -->","yoast_head_json":{"title":"\u201cSer\u00eda un da\u00f1o al pa\u00eds si los ministros de la Corte declaran inconstitucional el traslado de la Guardia Nacional a la Defensa\u201d: AMLO -","robots":{"index":"index","follow":"follow","max-snippet":"max-snippet:-1","max-image-preview":"max-image-preview:large","max-video-preview":"max-video-preview:-1"},"canonical":"https:\/\/quehacerpolitico.mx\/?p=99949","og_locale":"es_MX","og_type":"article","og_title":"\u201cSer\u00eda un da\u00f1o al pa\u00eds si los ministros de la Corte declaran inconstitucional el traslado de la Guardia Nacional a la Defensa\u201d: AMLO -","og_description":"Por Redacci\u00f3n QP L\u00f3pez Obrador critic\u00f3 la propuesta de un ministro de la Suprema Corte...","og_url":"https:\/\/quehacerpolitico.mx\/?p=99949","article_published_time":"2023-04-12T16:11:36+00:00","article_modified_time":"2023-04-12T16:11:40+00:00","og_image":[{"width":1284,"height":706,"url":"https:\/\/quehacerpolitico.mx\/wp-content\/uploads\/2023\/04\/IMG_7041.jpeg","type":"image\/jpeg"}],"author":"Redacci\u00f3n QP","twitter_card":"summary_large_image","twitter_misc":{"Escrito por":"Redacci\u00f3n QP","Tiempo de lectura":"2 minutos"},"schema":{"@context":"https:\/\/schema.org","@graph":[{"@type":"Article","@id":"https:\/\/quehacerpolitico.mx\/?p=99949#article","isPartOf":{"@id":"https:\/\/quehacerpolitico.mx\/?p=99949"},"author":{"name":"Redacci\u00f3n QP","@id":"https:\/\/quehacerpolitico.mx\/#\/schema\/person\/496d8ad2d1d3f8036101dca7ee39e585"},"headline":"\u201cSer\u00eda un da\u00f1o al pa\u00eds si los ministros de la Corte declaran inconstitucional el traslado de la Guardia Nacional a la Defensa\u201d: AMLO","datePublished":"2023-04-12T16:11:36+00:00","dateModified":"2023-04-12T16:11:40+00:00","mainEntityOfPage":{"@id":"https:\/\/quehacerpolitico.mx\/?p=99949"},"wordCount":525,"commentCount":0,"image":{"@id":"https:\/\/quehacerpolitico.mx\/?p=99949#primaryimage"},"thumbnailUrl":"https:\/\/quehacerpolitico.mx\/wp-content\/uploads\/2023\/04\/IMG_7041.jpeg","articleSection":["Noticias"],"inLanguage":"es","potentialAction":[{"@type":"CommentAction","name":"Comment","target":["https:\/\/quehacerpolitico.mx\/?p=99949#respond"]}]},{"@type":"WebPage","@id":"https:\/\/quehacerpolitico.mx\/?p=99949","url":"https:\/\/quehacerpolitico.mx\/?p=99949","name":"\u201cSer\u00eda un da\u00f1o al pa\u00eds si los ministros de la Corte declaran inconstitucional el traslado de la Guardia Nacional a la Defensa\u201d: AMLO -","isPartOf":{"@id":"https:\/\/quehacerpolitico.mx\/#website"},"primaryImageOfPage":{"@id":"https:\/\/quehacerpolitico.mx\/?p=99949#primaryimage"},"image":{"@id":"https:\/\/quehacerpolitico.mx\/?p=99949#primaryimage"},"thumbnailUrl":"https:\/\/quehacerpolitico.mx\/wp-content\/uploads\/2023\/04\/IMG_7041.jpeg","datePublished":"2023-04-12T16:11:36+00:00","dateModified":"2023-04-12T16:11:40+00:00","author":{"@id":"https:\/\/quehacerpolitico.mx\/#\/schema\/person\/496d8ad2d1d3f8036101dca7ee39e585"},"breadcrumb":{"@id":"https:\/\/quehacerpolitico.mx\/?p=99949#breadcrumb"},"inLanguage":"es","potentialAction":[{"@type":"ReadAction","target":["https:\/\/quehacerpolitico.mx\/?p=99949"]}]},{"@type":"ImageObject","inLanguage":"es","@id":"https:\/\/quehacerpolitico.mx\/?p=99949#primaryimage","url":"https:\/\/quehacerpolitico.mx\/wp-content\/uploads\/2023\/04\/IMG_7041.jpeg","contentUrl":"https:\/\/quehacerpolitico.mx\/wp-content\/uploads\/2023\/04\/IMG_7041.jpeg","width":1284,"height":706},{"@type":"BreadcrumbList","@id":"https:\/\/quehacerpolitico.mx\/?p=99949#breadcrumb","itemListElement":[{"@type":"ListItem","position":1,"name":"Inicio","item":"https:\/\/quehacerpolitico.mx\/"},{"@type":"ListItem","position":2,"name":"\u201cSer\u00eda un da\u00f1o al pa\u00eds si los ministros de la Corte declaran inconstitucional el traslado de la Guardia Nacional a la Defensa\u201d: AMLO"}]},{"@type":"WebSite","@id":"https:\/\/quehacerpolitico.mx\/#website","url":"https:\/\/quehacerpolitico.mx\/","name":"","description":"","potentialAction":[{"@type":"SearchAction","target":{"@type":"EntryPoint","urlTemplate":"https:\/\/quehacerpolitico.mx\/?s={search_term_string}"},"query-input":{"@type":"PropertyValueSpecification","valueRequired":true,"valueName":"search_term_string"}}],"inLanguage":"es"},{"@type":"Person","@id":"https:\/\/quehacerpolitico.mx\/#\/schema\/person\/496d8ad2d1d3f8036101dca7ee39e585","name":"Redacci\u00f3n QP","image":{"@type":"ImageObject","inLanguage":"es","@id":"https:\/\/secure.gravatar.com\/avatar\/c7164ed6fdec453195284ad24a5ae5b6e1eed2b848477fa2a4787ba9adf39a41?s=96&d=mm&r=g","url":"https:\/\/secure.gravatar.com\/avatar\/c7164ed6fdec453195284ad24a5ae5b6e1eed2b848477fa2a4787ba9adf39a41?s=96&d=mm&r=g","contentUrl":"https:\/\/secure.gravatar.com\/avatar\/c7164ed6fdec453195284ad24a5ae5b6e1eed2b848477fa2a4787ba9adf39a41?s=96&d=mm&r=g","caption":"Redacci\u00f3n QP"},"url":"https:\/\/quehacerpolitico.mx\/?author=2"}]}},"featured_image_urls":{"full":["https:\/\/quehacerpolitico.mx\/wp-content\/uploads\/2023\/04\/IMG_7041.jpeg",1284,706,false],"thumbnail":["https:\/\/quehacerpolitico.mx\/wp-content\/uploads\/2023\/04\/IMG_7041-150x150.jpeg",150,150,true],"medium":["https:\/\/quehacerpolitico.mx\/wp-content\/uploads\/2023\/04\/IMG_7041-300x165.jpeg",300,165,true],"medium_large":["https:\/\/quehacerpolitico.mx\/wp-content\/uploads\/2023\/04\/IMG_7041-768x422.jpeg",640,352,true],"large":["https:\/\/quehacerpolitico.mx\/wp-content\/uploads\/2023\/04\/IMG_7041-1024x563.jpeg",640,352,true],"1536x1536":["https:\/\/quehacerpolitico.mx\/wp-content\/uploads\/2023\/04\/IMG_7041.jpeg",1284,706,false],"2048x2048":["https:\/\/quehacerpolitico.mx\/wp-content\/uploads\/2023\/04\/IMG_7041.jpeg",1284,706,false],"covernews-featured":["https:\/\/quehacerpolitico.mx\/wp-content\/uploads\/2023\/04\/IMG_7041.jpeg",1024,563,false],"covernews-medium":["https:\/\/quehacerpolitico.mx\/wp-content\/uploads\/2023\/04\/IMG_7041.jpeg",540,297,false]},"author_info":{"display_name":"Redacci\u00f3n QP","author_link":"https:\/\/quehacerpolitico.mx\/?author=2"},"category_info":"<a href=\"https:\/\/quehacerpolitico.mx\/?cat=2\" rel=\"category\">Noticias<\/a>","tag_info":"Noticias","comment_count":"0","_links":{"self":[{"href":"https:\/\/quehacerpolitico.mx\/index.php?rest_route=\/wp\/v2\/posts\/99949","targetHints":{"allow":["GET"]}}],"collection":[{"href":"https:\/\/quehacerpolitico.mx\/index.php?rest_route=\/wp\/v2\/posts"}],"about":[{"href":"https:\/\/quehacerpolitico.mx\/index.php?rest_route=\/wp\/v2\/types\/post"}],"author":[{"embeddable":true,"href":"https:\/\/quehacerpolitico.mx\/index.php?rest_route=\/wp\/v2\/users\/2"}],"replies":[{"embeddable":true,"href":"https:\/\/quehacerpolitico.mx\/index.php?rest_route=%2Fwp%2Fv2%2Fcomments&post=99949"}],"version-history":[{"count":1,"href":"https:\/\/quehacerpolitico.mx\/index.php?rest_route=\/wp\/v2\/posts\/99949\/revisions"}],"predecessor-version":[{"id":99951,"href":"https:\/\/quehacerpolitico.mx\/index.php?rest_route=\/wp\/v2\/posts\/99949\/revisions\/99951"}],"wp:featuredmedia":[{"embeddable":true,"href":"https:\/\/quehacerpolitico.mx\/index.php?rest_route=\/wp\/v2\/media\/99950"}],"wp:attachment":[{"href":"https:\/\/quehacerpolitico.mx\/index.php?rest_route=%2Fwp%2Fv2%2Fmedia&parent=99949"}],"wp:term":[{"taxonomy":"category","embeddable":true,"href":"https:\/\/quehacerpolitico.mx\/index.php?rest_route=%2Fwp%2Fv2%2Fcategories&post=99949"},{"taxonomy":"post_tag","embeddable":true,"href":"https:\/\/quehacerpolitico.mx\/index.php?rest_route=%2Fwp%2Fv2%2Ftags&post=99949"}],"curies":[{"name":"wp","href":"https:\/\/api.w.org\/{rel}","templated":true}]}}