{"id":99946,"date":"2023-04-12T15:51:23","date_gmt":"2023-04-12T15:51:23","guid":{"rendered":"https:\/\/quehacerpolitico.mx\/?p=99946"},"modified":"2023-04-12T15:51:26","modified_gmt":"2023-04-12T15:51:26","slug":"lopez-obrador-evita-decir-si-garduno-seguira-en-el-inm-va-a-esperar-investigacion","status":"publish","type":"post","link":"https:\/\/quehacerpolitico.mx\/?p=99946","title":{"rendered":"L\u00f3pez Obrador evita decir si Gardu\u00f1o seguir\u00e1 en el INM; &#8220;va a esperar&#8221; investigaci\u00f3n"},"content":{"rendered":"\n<p>Por Redacci\u00f3n QP<\/p>\n\n\n\n<p>Las declaraciones del Presidente se producen despu\u00e9s de que la FGR anunci\u00f3 que &#8220;proceder\u00e1 penalmente&#8221; en contra del director del INM por el incendio que dej\u00f3 40 muertos<\/p>\n\n\n\n<p>El Presidente Andr\u00e9s Manuel L\u00f3pez Obrador expres\u00f3 este mi\u00e9rcoles que &#8220;va a esperar&#8221; antes de tomar decisiones sobre la investigaci\u00f3n penal de la Fiscal\u00eda General de la Rep\u00fablica (FGR) contra el director del Instituto Nacional de Migraci\u00f3n (INM), Francisco Gardu\u00f1o, por el incendio que mat\u00f3 a 40 migrantes en Ciudad Ju\u00e1rez.<\/p>\n\n\n\n<figure class=\"wp-block-embed is-type-rich is-provider-twitter wp-block-embed-twitter\"><div class=\"wp-block-embed__wrapper\">\n<blockquote class=\"twitter-tweet\" data-width=\"550\" data-dnt=\"true\"><p lang=\"es\" dir=\"ltr\">El presidente <a href=\"https:\/\/twitter.com\/lopezobrador_?ref_src=twsrc%5Etfw\">@lopezobrador_<\/a> confirma que hay una investigaci\u00f3n por la muerte de 40 migrantes que INCLUYE a Francisco Gardu\u00f1o.<br><br>Pero OJO, el funcionario sigue laborando porque &quot;vamos a esperar cu\u00e1l es la acusaci\u00f3n y vamos a tomar las decisiones en su momento&quot; <a href=\"https:\/\/t.co\/tTtJZ3cqVC\">pic.twitter.com\/tTtJZ3cqVC<\/a><\/p>&mdash; Ruido en la Red (@RuidoEnLaRed) <a href=\"https:\/\/twitter.com\/RuidoEnLaRed\/status\/1646152391798996999?ref_src=twsrc%5Etfw\">April 12, 2023<\/a><\/blockquote><script async src=\"https:\/\/platform.twitter.com\/widgets.js\" charset=\"utf-8\"><\/script>\n<\/div><\/figure>\n\n\n\n<blockquote class=\"wp-block-quote is-layout-flow wp-block-quote-is-layout-flow\">\n<p>&#8220;Vamos a esperar qu\u00e9 es lo que est\u00e1 de por medio, cu\u00e1l es la acusaci\u00f3n, y vamos a tomar las decisiones en su momento&#8221;<\/p>\n<\/blockquote>\n\n\n\n<p>El Mandatario evadi\u00f3 responder este mi\u00e9rcoles en su rueda de prensa matutina si Gardu\u00f1o permanecer\u00e1 en el cargo pese a la investigaci\u00f3n que la FGR abri\u00f3 el martes contra el titular del INM, que estaba a cargo de la estaci\u00f3n en la que murieron los migrantes el 27 de marzo.<\/p>\n\n\n\n<p>&#8220;Vamos a esperar qu\u00e9 es lo que est\u00e1 de por medio, cu\u00e1l es la acusaci\u00f3n, y vamos a tomar las decisiones en su momento&#8221;, argument\u00f3 L\u00f3pez Obrador.<\/p>\n\n\n\n<p>Sus declaraciones se producen despu\u00e9s de que la FGR anunci\u00f3 que &#8220;proceder\u00e1 penalmente&#8221; en contra del director del INM por el incendio.<\/p>\n\n\n\n<p>La FGR acus\u00f3 a Gardu\u00f1o y a otro alto funcionario del INM &#8220;incurrir en presuntas conductas delictivas, al incumplir con sus obligaciones de vigilar, proteger y dar seguridad a las personas e instalaciones a su cargo, propiciando los delitos cometidos en contra de los migrantes&#8221;.<\/p>\n\n\n\n<p>&#8220;En efecto, hay una investigaci\u00f3n que incluye a Francisco Gardu\u00f1o en el caso lamentable de la p\u00e9rdida de vidas de migrantes en Ciudad Ju\u00e1rez, no sabemos todav\u00eda el alcance, cu\u00e1l es la acusaci\u00f3n en contra de \u00e9l porque son varios los implicados&#8221;, coment\u00f3 L\u00f3pez Obrador.<\/p>\n\n\n\n<figure class=\"wp-block-embed is-type-rich is-provider-twitter wp-block-embed-twitter\"><div class=\"wp-block-embed__wrapper\">\n<blockquote class=\"twitter-tweet\" data-width=\"550\" data-dnt=\"true\"><p lang=\"es\" dir=\"ltr\">AMLO afirma que no va a defender a nadie y le da la espalda a Francisco Gardu\u00f1o hasta que se resuelva. <br><br>Advierte que al \u00fanico que va a defender es a su hijo Jes\u00fas Ernesto <a href=\"https:\/\/t.co\/mixVOC8xp4\">pic.twitter.com\/mixVOC8xp4<\/a><\/p>&mdash; Ruido en la Red (@RuidoEnLaRed) <a href=\"https:\/\/twitter.com\/RuidoEnLaRed\/status\/1646159716110696457?ref_src=twsrc%5Etfw\">April 12, 2023<\/a><\/blockquote><script async src=\"https:\/\/platform.twitter.com\/widgets.js\" charset=\"utf-8\"><\/script>\n<\/div><\/figure>\n\n\n\n<p>&#8220;Hoy en la ma\u00f1ana se habl\u00f3 de que puede ser que se acuse a algunos por omisi\u00f3n, a otros por homicidios, todav\u00eda falta que la Fiscal\u00eda informe m\u00e1s sobre la investigaci\u00f3n y que los jueces sean los encargados de impartir justicia&#8221;, a\u00f1adi\u00f3 el Mandatario.<\/p>\n\n\n\n<p>El escrutinio internacional sobre el rol del Gobierno de M\u00e9xico ha crecido tras la muerte de los 40 migrantes, incluyendo seis hondure\u00f1os, siete salvadore\u00f1os, 19 guatemaltecos, siete venezolanos y un colombiano.<\/p>\n\n\n\n<p>El Gobierno de El Salvador ha sido el m\u00e1s cr\u00edtico, al calificar el hecho de un &#8220;crimen de Estado&#8221; y exigir la remoci\u00f3n de los titulares de la pol\u00edtica migratoria de M\u00e9xico.<\/p>\n\n\n\n<p>Con Informaci\u00f3n de EFE<\/p>\n","protected":false},"excerpt":{"rendered":"<p>Por Redacci\u00f3n QP Las declaraciones del Presidente se producen despu\u00e9s de que la FGR anunci\u00f3&#8230;<\/p>\n","protected":false},"author":2,"featured_media":99947,"comment_status":"open","ping_status":"open","sticky":false,"template":"","format":"standard","meta":{"_monsterinsights_skip_tracking":false,"_monsterinsights_sitenote_active":false,"_monsterinsights_sitenote_note":"","_monsterinsights_sitenote_category":0,"footnotes":""},"categories":[2],"tags":[],"class_list":["post-99946","post","type-post","status-publish","format-standard","has-post-thumbnail","hentry","category-noticias"],"yoast_head":"<!-- This site is optimized with the Yoast SEO plugin v27.3 - https:\/\/yoast.com\/product\/yoast-seo-wordpress\/ -->\n<title>L\u00f3pez Obrador evita decir si Gardu\u00f1o seguir\u00e1 en el INM; &quot;va a esperar&quot; investigaci\u00f3n -<\/title>\n<meta name=\"robots\" content=\"index, follow, max-snippet:-1, max-image-preview:large, max-video-preview:-1\" \/>\n<link rel=\"canonical\" href=\"https:\/\/quehacerpolitico.mx\/?p=99946\" \/>\n<meta property=\"og:locale\" content=\"es_MX\" \/>\n<meta property=\"og:type\" content=\"article\" \/>\n<meta property=\"og:title\" content=\"L\u00f3pez Obrador evita decir si Gardu\u00f1o seguir\u00e1 en el INM; &quot;va a esperar&quot; investigaci\u00f3n -\" \/>\n<meta property=\"og:description\" content=\"Por Redacci\u00f3n QP Las declaraciones del Presidente se producen despu\u00e9s de que la FGR anunci\u00f3...\" \/>\n<meta property=\"og:url\" content=\"https:\/\/quehacerpolitico.mx\/?p=99946\" \/>\n<meta property=\"article:published_time\" content=\"2023-04-12T15:51:23+00:00\" \/>\n<meta property=\"article:modified_time\" content=\"2023-04-12T15:51:26+00:00\" \/>\n<meta property=\"og:image\" content=\"https:\/\/quehacerpolitico.mx\/wp-content\/uploads\/2023\/04\/IMG_7040.jpeg\" \/>\n\t<meta property=\"og:image:width\" content=\"1284\" \/>\n\t<meta property=\"og:image:height\" content=\"680\" \/>\n\t<meta property=\"og:image:type\" content=\"image\/jpeg\" \/>\n<meta name=\"author\" content=\"Redacci\u00f3n QP\" \/>\n<meta name=\"twitter:card\" content=\"summary_large_image\" \/>\n<meta name=\"twitter:label1\" content=\"Escrito por\" \/>\n\t<meta name=\"twitter:data1\" content=\"Redacci\u00f3n QP\" \/>\n\t<meta name=\"twitter:label2\" content=\"Tiempo de lectura\" \/>\n\t<meta name=\"twitter:data2\" content=\"2 minutos\" \/>\n<script type=\"application\/ld+json\" class=\"yoast-schema-graph\">{\"@context\":\"https:\\\/\\\/schema.org\",\"@graph\":[{\"@type\":\"Article\",\"@id\":\"https:\\\/\\\/quehacerpolitico.mx\\\/?p=99946#article\",\"isPartOf\":{\"@id\":\"https:\\\/\\\/quehacerpolitico.mx\\\/?p=99946\"},\"author\":{\"name\":\"Redacci\u00f3n QP\",\"@id\":\"https:\\\/\\\/quehacerpolitico.mx\\\/#\\\/schema\\\/person\\\/496d8ad2d1d3f8036101dca7ee39e585\"},\"headline\":\"L\u00f3pez Obrador evita decir si Gardu\u00f1o seguir\u00e1 en el INM; &#8220;va a esperar&#8221; investigaci\u00f3n\",\"datePublished\":\"2023-04-12T15:51:23+00:00\",\"dateModified\":\"2023-04-12T15:51:26+00:00\",\"mainEntityOfPage\":{\"@id\":\"https:\\\/\\\/quehacerpolitico.mx\\\/?p=99946\"},\"wordCount\":486,\"commentCount\":0,\"image\":{\"@id\":\"https:\\\/\\\/quehacerpolitico.mx\\\/?p=99946#primaryimage\"},\"thumbnailUrl\":\"https:\\\/\\\/quehacerpolitico.mx\\\/wp-content\\\/uploads\\\/2023\\\/04\\\/IMG_7040.jpeg\",\"articleSection\":[\"Noticias\"],\"inLanguage\":\"es\",\"potentialAction\":[{\"@type\":\"CommentAction\",\"name\":\"Comment\",\"target\":[\"https:\\\/\\\/quehacerpolitico.mx\\\/?p=99946#respond\"]}]},{\"@type\":\"WebPage\",\"@id\":\"https:\\\/\\\/quehacerpolitico.mx\\\/?p=99946\",\"url\":\"https:\\\/\\\/quehacerpolitico.mx\\\/?p=99946\",\"name\":\"L\u00f3pez Obrador evita decir si Gardu\u00f1o seguir\u00e1 en el INM; \\\"va a esperar\\\" investigaci\u00f3n -\",\"isPartOf\":{\"@id\":\"https:\\\/\\\/quehacerpolitico.mx\\\/#website\"},\"primaryImageOfPage\":{\"@id\":\"https:\\\/\\\/quehacerpolitico.mx\\\/?p=99946#primaryimage\"},\"image\":{\"@id\":\"https:\\\/\\\/quehacerpolitico.mx\\\/?p=99946#primaryimage\"},\"thumbnailUrl\":\"https:\\\/\\\/quehacerpolitico.mx\\\/wp-content\\\/uploads\\\/2023\\\/04\\\/IMG_7040.jpeg\",\"datePublished\":\"2023-04-12T15:51:23+00:00\",\"dateModified\":\"2023-04-12T15:51:26+00:00\",\"author\":{\"@id\":\"https:\\\/\\\/quehacerpolitico.mx\\\/#\\\/schema\\\/person\\\/496d8ad2d1d3f8036101dca7ee39e585\"},\"breadcrumb\":{\"@id\":\"https:\\\/\\\/quehacerpolitico.mx\\\/?p=99946#breadcrumb\"},\"inLanguage\":\"es\",\"potentialAction\":[{\"@type\":\"ReadAction\",\"target\":[\"https:\\\/\\\/quehacerpolitico.mx\\\/?p=99946\"]}]},{\"@type\":\"ImageObject\",\"inLanguage\":\"es\",\"@id\":\"https:\\\/\\\/quehacerpolitico.mx\\\/?p=99946#primaryimage\",\"url\":\"https:\\\/\\\/quehacerpolitico.mx\\\/wp-content\\\/uploads\\\/2023\\\/04\\\/IMG_7040.jpeg\",\"contentUrl\":\"https:\\\/\\\/quehacerpolitico.mx\\\/wp-content\\\/uploads\\\/2023\\\/04\\\/IMG_7040.jpeg\",\"width\":1284,\"height\":680},{\"@type\":\"BreadcrumbList\",\"@id\":\"https:\\\/\\\/quehacerpolitico.mx\\\/?p=99946#breadcrumb\",\"itemListElement\":[{\"@type\":\"ListItem\",\"position\":1,\"name\":\"Inicio\",\"item\":\"https:\\\/\\\/quehacerpolitico.mx\\\/\"},{\"@type\":\"ListItem\",\"position\":2,\"name\":\"L\u00f3pez Obrador evita decir si Gardu\u00f1o seguir\u00e1 en el INM; &#8220;va a esperar&#8221; investigaci\u00f3n\"}]},{\"@type\":\"WebSite\",\"@id\":\"https:\\\/\\\/quehacerpolitico.mx\\\/#website\",\"url\":\"https:\\\/\\\/quehacerpolitico.mx\\\/\",\"name\":\"\",\"description\":\"\",\"potentialAction\":[{\"@type\":\"SearchAction\",\"target\":{\"@type\":\"EntryPoint\",\"urlTemplate\":\"https:\\\/\\\/quehacerpolitico.mx\\\/?s={search_term_string}\"},\"query-input\":{\"@type\":\"PropertyValueSpecification\",\"valueRequired\":true,\"valueName\":\"search_term_string\"}}],\"inLanguage\":\"es\"},{\"@type\":\"Person\",\"@id\":\"https:\\\/\\\/quehacerpolitico.mx\\\/#\\\/schema\\\/person\\\/496d8ad2d1d3f8036101dca7ee39e585\",\"name\":\"Redacci\u00f3n QP\",\"image\":{\"@type\":\"ImageObject\",\"inLanguage\":\"es\",\"@id\":\"https:\\\/\\\/secure.gravatar.com\\\/avatar\\\/c7164ed6fdec453195284ad24a5ae5b6e1eed2b848477fa2a4787ba9adf39a41?s=96&d=mm&r=g\",\"url\":\"https:\\\/\\\/secure.gravatar.com\\\/avatar\\\/c7164ed6fdec453195284ad24a5ae5b6e1eed2b848477fa2a4787ba9adf39a41?s=96&d=mm&r=g\",\"contentUrl\":\"https:\\\/\\\/secure.gravatar.com\\\/avatar\\\/c7164ed6fdec453195284ad24a5ae5b6e1eed2b848477fa2a4787ba9adf39a41?s=96&d=mm&r=g\",\"caption\":\"Redacci\u00f3n QP\"},\"url\":\"https:\\\/\\\/quehacerpolitico.mx\\\/?author=2\"}]}<\/script>\n<!-- \/ Yoast SEO plugin. -->","yoast_head_json":{"title":"L\u00f3pez Obrador evita decir si Gardu\u00f1o seguir\u00e1 en el INM; \"va a esperar\" investigaci\u00f3n -","robots":{"index":"index","follow":"follow","max-snippet":"max-snippet:-1","max-image-preview":"max-image-preview:large","max-video-preview":"max-video-preview:-1"},"canonical":"https:\/\/quehacerpolitico.mx\/?p=99946","og_locale":"es_MX","og_type":"article","og_title":"L\u00f3pez Obrador evita decir si Gardu\u00f1o seguir\u00e1 en el INM; \"va a esperar\" investigaci\u00f3n -","og_description":"Por Redacci\u00f3n QP Las declaraciones del Presidente se producen despu\u00e9s de que la FGR anunci\u00f3...","og_url":"https:\/\/quehacerpolitico.mx\/?p=99946","article_published_time":"2023-04-12T15:51:23+00:00","article_modified_time":"2023-04-12T15:51:26+00:00","og_image":[{"width":1284,"height":680,"url":"https:\/\/quehacerpolitico.mx\/wp-content\/uploads\/2023\/04\/IMG_7040.jpeg","type":"image\/jpeg"}],"author":"Redacci\u00f3n QP","twitter_card":"summary_large_image","twitter_misc":{"Escrito por":"Redacci\u00f3n QP","Tiempo de lectura":"2 minutos"},"schema":{"@context":"https:\/\/schema.org","@graph":[{"@type":"Article","@id":"https:\/\/quehacerpolitico.mx\/?p=99946#article","isPartOf":{"@id":"https:\/\/quehacerpolitico.mx\/?p=99946"},"author":{"name":"Redacci\u00f3n QP","@id":"https:\/\/quehacerpolitico.mx\/#\/schema\/person\/496d8ad2d1d3f8036101dca7ee39e585"},"headline":"L\u00f3pez Obrador evita decir si Gardu\u00f1o seguir\u00e1 en el INM; &#8220;va a esperar&#8221; investigaci\u00f3n","datePublished":"2023-04-12T15:51:23+00:00","dateModified":"2023-04-12T15:51:26+00:00","mainEntityOfPage":{"@id":"https:\/\/quehacerpolitico.mx\/?p=99946"},"wordCount":486,"commentCount":0,"image":{"@id":"https:\/\/quehacerpolitico.mx\/?p=99946#primaryimage"},"thumbnailUrl":"https:\/\/quehacerpolitico.mx\/wp-content\/uploads\/2023\/04\/IMG_7040.jpeg","articleSection":["Noticias"],"inLanguage":"es","potentialAction":[{"@type":"CommentAction","name":"Comment","target":["https:\/\/quehacerpolitico.mx\/?p=99946#respond"]}]},{"@type":"WebPage","@id":"https:\/\/quehacerpolitico.mx\/?p=99946","url":"https:\/\/quehacerpolitico.mx\/?p=99946","name":"L\u00f3pez Obrador evita decir si Gardu\u00f1o seguir\u00e1 en el INM; \"va a esperar\" investigaci\u00f3n -","isPartOf":{"@id":"https:\/\/quehacerpolitico.mx\/#website"},"primaryImageOfPage":{"@id":"https:\/\/quehacerpolitico.mx\/?p=99946#primaryimage"},"image":{"@id":"https:\/\/quehacerpolitico.mx\/?p=99946#primaryimage"},"thumbnailUrl":"https:\/\/quehacerpolitico.mx\/wp-content\/uploads\/2023\/04\/IMG_7040.jpeg","datePublished":"2023-04-12T15:51:23+00:00","dateModified":"2023-04-12T15:51:26+00:00","author":{"@id":"https:\/\/quehacerpolitico.mx\/#\/schema\/person\/496d8ad2d1d3f8036101dca7ee39e585"},"breadcrumb":{"@id":"https:\/\/quehacerpolitico.mx\/?p=99946#breadcrumb"},"inLanguage":"es","potentialAction":[{"@type":"ReadAction","target":["https:\/\/quehacerpolitico.mx\/?p=99946"]}]},{"@type":"ImageObject","inLanguage":"es","@id":"https:\/\/quehacerpolitico.mx\/?p=99946#primaryimage","url":"https:\/\/quehacerpolitico.mx\/wp-content\/uploads\/2023\/04\/IMG_7040.jpeg","contentUrl":"https:\/\/quehacerpolitico.mx\/wp-content\/uploads\/2023\/04\/IMG_7040.jpeg","width":1284,"height":680},{"@type":"BreadcrumbList","@id":"https:\/\/quehacerpolitico.mx\/?p=99946#breadcrumb","itemListElement":[{"@type":"ListItem","position":1,"name":"Inicio","item":"https:\/\/quehacerpolitico.mx\/"},{"@type":"ListItem","position":2,"name":"L\u00f3pez Obrador evita decir si Gardu\u00f1o seguir\u00e1 en el INM; &#8220;va a esperar&#8221; investigaci\u00f3n"}]},{"@type":"WebSite","@id":"https:\/\/quehacerpolitico.mx\/#website","url":"https:\/\/quehacerpolitico.mx\/","name":"","description":"","potentialAction":[{"@type":"SearchAction","target":{"@type":"EntryPoint","urlTemplate":"https:\/\/quehacerpolitico.mx\/?s={search_term_string}"},"query-input":{"@type":"PropertyValueSpecification","valueRequired":true,"valueName":"search_term_string"}}],"inLanguage":"es"},{"@type":"Person","@id":"https:\/\/quehacerpolitico.mx\/#\/schema\/person\/496d8ad2d1d3f8036101dca7ee39e585","name":"Redacci\u00f3n QP","image":{"@type":"ImageObject","inLanguage":"es","@id":"https:\/\/secure.gravatar.com\/avatar\/c7164ed6fdec453195284ad24a5ae5b6e1eed2b848477fa2a4787ba9adf39a41?s=96&d=mm&r=g","url":"https:\/\/secure.gravatar.com\/avatar\/c7164ed6fdec453195284ad24a5ae5b6e1eed2b848477fa2a4787ba9adf39a41?s=96&d=mm&r=g","contentUrl":"https:\/\/secure.gravatar.com\/avatar\/c7164ed6fdec453195284ad24a5ae5b6e1eed2b848477fa2a4787ba9adf39a41?s=96&d=mm&r=g","caption":"Redacci\u00f3n QP"},"url":"https:\/\/quehacerpolitico.mx\/?author=2"}]}},"featured_image_urls":{"full":["https:\/\/quehacerpolitico.mx\/wp-content\/uploads\/2023\/04\/IMG_7040.jpeg",1284,680,false],"thumbnail":["https:\/\/quehacerpolitico.mx\/wp-content\/uploads\/2023\/04\/IMG_7040-150x150.jpeg",150,150,true],"medium":["https:\/\/quehacerpolitico.mx\/wp-content\/uploads\/2023\/04\/IMG_7040-300x159.jpeg",300,159,true],"medium_large":["https:\/\/quehacerpolitico.mx\/wp-content\/uploads\/2023\/04\/IMG_7040-768x407.jpeg",640,339,true],"large":["https:\/\/quehacerpolitico.mx\/wp-content\/uploads\/2023\/04\/IMG_7040-1024x542.jpeg",640,339,true],"1536x1536":["https:\/\/quehacerpolitico.mx\/wp-content\/uploads\/2023\/04\/IMG_7040.jpeg",1284,680,false],"2048x2048":["https:\/\/quehacerpolitico.mx\/wp-content\/uploads\/2023\/04\/IMG_7040.jpeg",1284,680,false],"covernews-featured":["https:\/\/quehacerpolitico.mx\/wp-content\/uploads\/2023\/04\/IMG_7040.jpeg",1024,542,false],"covernews-medium":["https:\/\/quehacerpolitico.mx\/wp-content\/uploads\/2023\/04\/IMG_7040.jpeg",540,286,false]},"author_info":{"display_name":"Redacci\u00f3n QP","author_link":"https:\/\/quehacerpolitico.mx\/?author=2"},"category_info":"<a href=\"https:\/\/quehacerpolitico.mx\/?cat=2\" rel=\"category\">Noticias<\/a>","tag_info":"Noticias","comment_count":"0","_links":{"self":[{"href":"https:\/\/quehacerpolitico.mx\/index.php?rest_route=\/wp\/v2\/posts\/99946","targetHints":{"allow":["GET"]}}],"collection":[{"href":"https:\/\/quehacerpolitico.mx\/index.php?rest_route=\/wp\/v2\/posts"}],"about":[{"href":"https:\/\/quehacerpolitico.mx\/index.php?rest_route=\/wp\/v2\/types\/post"}],"author":[{"embeddable":true,"href":"https:\/\/quehacerpolitico.mx\/index.php?rest_route=\/wp\/v2\/users\/2"}],"replies":[{"embeddable":true,"href":"https:\/\/quehacerpolitico.mx\/index.php?rest_route=%2Fwp%2Fv2%2Fcomments&post=99946"}],"version-history":[{"count":1,"href":"https:\/\/quehacerpolitico.mx\/index.php?rest_route=\/wp\/v2\/posts\/99946\/revisions"}],"predecessor-version":[{"id":99948,"href":"https:\/\/quehacerpolitico.mx\/index.php?rest_route=\/wp\/v2\/posts\/99946\/revisions\/99948"}],"wp:featuredmedia":[{"embeddable":true,"href":"https:\/\/quehacerpolitico.mx\/index.php?rest_route=\/wp\/v2\/media\/99947"}],"wp:attachment":[{"href":"https:\/\/quehacerpolitico.mx\/index.php?rest_route=%2Fwp%2Fv2%2Fmedia&parent=99946"}],"wp:term":[{"taxonomy":"category","embeddable":true,"href":"https:\/\/quehacerpolitico.mx\/index.php?rest_route=%2Fwp%2Fv2%2Fcategories&post=99946"},{"taxonomy":"post_tag","embeddable":true,"href":"https:\/\/quehacerpolitico.mx\/index.php?rest_route=%2Fwp%2Fv2%2Ftags&post=99946"}],"curies":[{"name":"wp","href":"https:\/\/api.w.org\/{rel}","templated":true}]}}