{"id":99934,"date":"2023-04-11T16:35:49","date_gmt":"2023-04-11T16:35:49","guid":{"rendered":"https:\/\/quehacerpolitico.mx\/?p=99934"},"modified":"2023-04-11T16:35:53","modified_gmt":"2023-04-11T16:35:53","slug":"ponte-a-prueba-contesta-este-examen-escolar-del-siglo-xix","status":"publish","type":"post","link":"https:\/\/quehacerpolitico.mx\/?p=99934","title":{"rendered":"\u00a1Ponte a prueba! Contesta este examen escolar del siglo XIX"},"content":{"rendered":"\n<p>Por Redacci\u00f3n QP<\/p>\n\n\n\n<p>Te presentamos 8 preguntas con posibles respuestas de un examen de 1859 aut\u00e9ntico encontrado en la Biblioteca del Real Colegio de Cirujanos brit\u00e1nico<\/p>\n\n\n\n<p>\u00bfCrees que podr\u00edas responder las preguntas de un examen escolar de 1859?<\/p>\n\n\n\n<p>Qu\u00edtate las telara\u00f1as y ejercita tu cerebro con este test del siglo XIX.<\/p>\n\n\n\n<p>Este examen, ahora propiedad de la Biblioteca del Real Colegio de Cirujanos brit\u00e1nico, fue producido por la primera asociaci\u00f3n docente de Reino Unido, el Colegio de Preceptores.<\/p>\n\n\n\n<p>Esos maestros ense\u00f1aban predominantemente en escuelas privadas.<\/p>\n\n\n\n<p>Adem\u00e1s de materias tradicionales como matem\u00e1ticas e historia, los estudiantes tambi\u00e9n eran evaluados en agrimensura terrestre y marina, tenedur\u00eda de libros y ciencias comerciales, lat\u00edn y griego.<\/p>\n\n\n\n<p>Pero no te preocupes, nos hemos ce\u00f1ido a temas m\u00e1s familiares para este cuestionario.<\/p>\n\n\n\n<p>Todas las preguntas se tomaron del examen de 1859, pero posiblemente notar\u00e1s que algunas de las respuestas reflejan nuestra comprensi\u00f3n contempor\u00e1nea de ciertos temas.<\/p>\n\n\n\n<p>Las respuestas tambi\u00e9n pueden incluir eventos posteriores a ese a\u00f1o, as\u00ed que mant\u00e9n los ojos bien abiertos.<\/p>\n\n\n\n<p>El examen est\u00e1 a punto de comenzar; ten algo a mano para ir llevando la cuenta de las respuestas correctas que logres dar.<\/p>\n\n\n\n<h2 class=\"wp-block-heading\">\u00bfCu\u00e1les son los tres elementos principales en la composici\u00f3n del aire?<\/h2>\n\n\n\n<ul class=\"wp-block-list\">\n<li>A.&nbsp;67% helio, 27% ox\u00edgeno, 4% nitr\u00f3geno<\/li>\n\n\n\n<li>B.&nbsp;78% nitr\u00f3geno, 21% ox\u00edgeno, 0,9% arg\u00f3n<\/li>\n\n\n\n<li>C.&nbsp;72% ox\u00edgeno, 25% hidr\u00f3geno, 1,5% nitr\u00f3geno<\/li>\n<\/ul>\n\n\n\n<figure class=\"wp-block-image\"><img decoding=\"async\" src=\"https:\/\/www.informador.mx\/export\/sites\/elinformador\/img\/2023\/04\/10\/xcomo_te_iria_en_un_e_x11076360x.jpg_1151807935.jpg\" alt=\"\" title=\"\"\/><figcaption class=\"wp-element-caption\">GETTY IMAGES&nbsp;<\/figcaption><\/figure>\n\n\n\n<p>La respuesta correcta es la&nbsp;<strong>B.<\/strong><\/p>\n\n\n\n<p>En la atm\u00f3sfera terrestre, los tres elementos m\u00e1s abundantes son el nitr\u00f3geno (N\u2082), el ox\u00edgeno (O\u2082) y el arg\u00f3n (Ar).<\/p>\n\n\n\n<p>El 0,1% restante del aire est\u00e1 formado por trazas de otros gases, incluidos el di\u00f3xido de carbono y el vapor de agua.<\/p>\n\n\n\n<h2 class=\"wp-block-heading\">\u00bfQu\u00e9 es una preposici\u00f3n?<\/h2>\n\n\n\n<ul class=\"wp-block-list\">\n<li>A.&nbsp;Una palabra que te dice d\u00f3nde o cu\u00e1ndo est\u00e1 algo en relaci\u00f3n con otra cosa<\/li>\n\n\n\n<li>B.&nbsp;Una palabra que se usa para conectar dos cl\u00e1usulas juntas.<\/li>\n\n\n\n<li>C.&nbsp;Una palabra que describe un verbo.<\/li>\n<\/ul>\n\n\n\n<figure class=\"wp-block-image\"><img decoding=\"async\" src=\"https:\/\/www.informador.mx\/export\/sites\/elinformador\/img\/2023\/04\/10\/xcomo_te_iria_en_un_e_x11076361x.jpg_479130151.jpg\" alt=\"\" title=\"\"\/><figcaption class=\"wp-element-caption\">GETTY IMAGES&nbsp;<\/figcaption><\/figure>\n\n\n\n<p>S\u00ed, la imagen es una pista: una preposici\u00f3n es una palabra que te dice d\u00f3nde o cu\u00e1ndo algo (un sustantivo) est\u00e1 en relaci\u00f3n con otra cosa.<\/p>\n\n\n\n<p>Por ejemplo, hay dos preposiciones en la siguiente oraci\u00f3n: Antes de ver la televisi\u00f3n, ella se sent\u00f3 en el sof\u00e1.<\/p>\n\n\n\n<p>&#8220;Antes&#8221; te dice cu\u00e1ndo se sent\u00f3 y &#8220;en&#8221; te dice d\u00f3nde.<\/p>\n\n\n\n<h2 class=\"wp-block-heading\">Encuentra el m\u00ednimo com\u00fan m\u00faltiplo de 10, 24, 25, 32 y 45<\/h2>\n\n\n\n<ul class=\"wp-block-list\">\n<li>A.&nbsp;4500<\/li>\n\n\n\n<li>B.&nbsp;7200<\/li>\n\n\n\n<li>C.&nbsp;2400<\/li>\n<\/ul>\n\n\n\n<p>\u00bfIbas bien y, de repente, tuviste que detenerte a pensar?<\/p>\n\n\n\n<p>El m\u00faltiplo de un n\u00famero es el n\u00famero multiplicado por un n\u00famero entero.<\/p>\n\n\n\n<p>Los primeros cuatro m\u00faltiplos de 5, por ejemplo, son 5, 10, 15 y 20.<\/p>\n\n\n\n<p>El m\u00faltiplo m\u00e1s bajo (MCM) es el n\u00famero entero m\u00e1s peque\u00f1o del cual todos los n\u00fameros son m\u00faltiplos.<\/p>\n\n\n\n<p>7200 es el n\u00famero m\u00e1s peque\u00f1o que es perfectamente divisible por esos cinco n\u00fameros.<\/p>\n\n\n\n<p>Puedes encontrar el MCM enumerando los m\u00faltiplos de cada uno de los n\u00fameros.<\/p>\n\n\n\n<p>Por ejemplo, los m\u00faltiplos de cinco son 5, 10, 15, 20, 25\u2026 eventualmente, llegar\u00e1s a un punto que comparten los cinco n\u00fameros.<\/p>\n\n\n\n<h2 class=\"wp-block-heading\">\u00bfQu\u00e9 es el Libro Domesday?<\/h2>\n\n\n\n<ul class=\"wp-block-list\">\n<li>A.&nbsp;Un tapiz que representa la conquista normanda de Inglaterra en 1066 y los acontecimientos que la precedieron<\/li>\n\n\n\n<li>B.&nbsp;Un texto que describe eventos predichos durante los \u00faltimos d\u00edas de la Tierra<\/li>\n\n\n\n<li>C.&nbsp;Un registro escrito de la propiedad durante el reinado de Guillermo el Conquistador<\/li>\n<\/ul>\n\n\n\n<figure class=\"wp-block-image\"><img decoding=\"async\" src=\"https:\/\/www.informador.mx\/export\/sites\/elinformador\/img\/2023\/04\/10\/xcomo_te_iria_en_un_e_x11076362x.jpg_495184504.jpg\" alt=\"\" title=\"\"\/><figcaption class=\"wp-element-caption\">GETTY IMAGES&nbsp;<\/figcaption><\/figure>\n\n\n\n<p>Otra vez te ayudamos con la imagen, al menos a descartar una de las opciones.<\/p>\n\n\n\n<p>En 1085, Guillermo el Conquistador orden\u00f3 que se hiciera una inspecci\u00f3n de su reino, con todos los detalles sobre los propietarios, los terrenos, los pobladores y las edificaciones.<\/p>\n\n\n\n<p>Una vez se supiera qu\u00e9 pose\u00eda cada uno, el monarca podr\u00eda introducir un nuevo sistema de impuestos para recaudar dinero r\u00e1pidamente.<\/p>\n\n\n\n<p>El exhaustivo censo de sus tierras y las de sus vasallos por toda Inglaterra se llev\u00f3 a cabo, contra un gran resentimiento popular, en 1086.<\/p>\n\n\n\n<p>El estudio, en la amplitud de su detalle y la velocidad de su ejecuci\u00f3n, fue quiz\u00e1s el logro administrativo m\u00e1s notable de la Edad Media.<\/p>\n\n\n\n<p>Como documento hist\u00f3rico, el Libro Domesday es, de lejos, el registro m\u00e1s completo de la sociedad preindustrial que ha sobrevivido en cualquier parte del mundo y proporciona una ventana \u00fanica al mundo medieval.<\/p>\n\n\n\n<h2 class=\"wp-block-heading\">Cuando son las 12 en punto en Greenwich en invierno, \u00bfqu\u00e9 hora es en San Petersburgo?<\/h2>\n\n\n\n<ul class=\"wp-block-list\">\n<li>A.&nbsp;3 en punto<\/li>\n\n\n\n<li>B.&nbsp;2 en punto<\/li>\n\n\n\n<li>C.&nbsp;4 en punto<\/li>\n<\/ul>\n\n\n\n<figure class=\"wp-block-image\"><img decoding=\"async\" src=\"https:\/\/www.informador.mx\/export\/sites\/elinformador\/img\/2023\/04\/10\/xcomo_te_iria_en_un_e_x11076363x.jpg_1151807935.jpg\" alt=\"\" title=\"\"\/><figcaption class=\"wp-element-caption\">GETTY IMAGES&nbsp;<\/figcaption><\/figure>\n\n\n\n<p>En invierno, Greenwich se encuentra en la zona horaria conocida como Greenwich Mean Time (GMT).<\/p>\n\n\n\n<p>San Petersburgo en Rusia cae en la zona horaria GMT+3, tambi\u00e9n conocida como hora est\u00e1ndar de Mosc\u00fa.<\/p>\n\n\n\n<p>El +3 indica que est\u00e1 tres horas por delante del GMT. Tres horas m\u00e1s de las 12 en punto GMT son las 3 en punto de la tarde.<\/p>\n\n\n\n<p>Entre el \u00faltimo domingo de marzo y el \u00faltimo domingo de octubre, Reino Unido -donde est\u00e1 Greenwich- cambia al horario de verano brit\u00e1nico y los relojes se adelantan una hora.<\/p>\n\n\n\n<p>Rusia no cambia sus relojes durante el a\u00f1o.<\/p>\n\n\n\n<p>Como resultado, la diferencia horaria se reduce a dos horas. En verano, ser\u00edan las 2 en punto en San Petersburgo, cuando son las 12 en punto en Greenwich.<\/p>\n\n\n\n<p>Curiosidad: en la \u00e9poca en que se hizo originalmente este examen, la respuesta correcta habr\u00eda sido 3 en punto todo el a\u00f1o, pues el horario de verano brit\u00e1nico se introdujo por primera vez en 1916.<\/p>\n\n\n\n<h2 class=\"wp-block-heading\">Describe c\u00f3mo se ve afectada una nota musical al colocar un punto inmediatamente despu\u00e9s<\/h2>\n\n\n\n<ul class=\"wp-block-list\">\n<li>A.&nbsp;Duplica su valor<\/li>\n\n\n\n<li>B.&nbsp;Aumenta su valor por la mitad<\/li>\n\n\n\n<li>C.&nbsp;Disminuye su valor a la mitad<\/li>\n<\/ul>\n\n\n\n<figure class=\"wp-block-image\"><img decoding=\"async\" src=\"https:\/\/www.informador.mx\/export\/sites\/elinformador\/img\/2023\/04\/10\/xcomo_te_iria_en_un_e_x11076364x.jpg_1151807935.jpg\" alt=\"\" title=\"\"\/><figcaption class=\"wp-element-caption\">GETTY IMAGES&nbsp;<\/figcaption><\/figure>\n\n\n\n<p>Si hay un punto despu\u00e9s de una nota musical, su valor aumenta un 50%.<\/p>\n\n\n\n<p>Una corchea normalmente dura un pulso. Con un punto, dura un pulso y medio.<\/p>\n\n\n\n<p>Una blanca normalmente dura dos pulsos. Con un punto, dura tres pulsos.<\/p>\n\n\n\n<h2 class=\"wp-block-heading\">\u00bfQu\u00e9 fue la Armada Espa\u00f1ola?<\/h2>\n\n\n\n<ul class=\"wp-block-list\">\n<li>A.&nbsp;Una flota de aviones de combate utilizados por el general Franco durante la Guerra Civil Espa\u00f1ola<\/li>\n\n\n\n<li>B.&nbsp;El nombre de los barcos de Crist\u00f3bal Col\u00f3n<\/li>\n\n\n\n<li>C.&nbsp;Una flota de barcos armados enviados por el rey Felipe de Espa\u00f1a para derrocar a la reina Isabel I en 1588<\/li>\n<\/ul>\n\n\n\n<figure class=\"wp-block-image\"><img decoding=\"async\" src=\"https:\/\/www.informador.mx\/export\/sites\/elinformador\/img\/2023\/04\/10\/xcomo_te_iria_en_un_e_x11076365x.jpg_1151807935.jpg\" alt=\"\" title=\"\"\/><figcaption class=\"wp-element-caption\">Xilograf\u00eda de encaje que conmemora la derrota de la Armada Invencible en 1588. GETTY IMAGES&nbsp;<\/figcaption><\/figure>\n\n\n\n<p>La Armada Espa\u00f1ola fue una flota de m\u00e1s de 100 barcos armados enviados por el rey cat\u00f3lico Felipe de Espa\u00f1a para derrocar a la reina protestante Isabel I.<\/p>\n\n\n\n<p>Adem\u00e1s de sus diferencias religiosas, Felipe estaba enojado porque los barcos ingleses atacaban y robaban a los barcos espa\u00f1oles.<\/p>\n\n\n\n<p>La armada inglesa us\u00f3 brulotes para dispersar a la flota espa\u00f1ola, antes de atacar.<\/p>\n\n\n\n<p>Muchos barcos espa\u00f1oles fueron destruidos por tormentas cuando intentaban regresar a casa navegando alrededor de Escocia.<\/p>\n\n\n\n<h2 class=\"wp-block-heading\">Explica los cambios qu\u00edmicos que tienen lugar durante el proceso de combusti\u00f3n en un fuego ordinario<\/h2>\n\n\n\n<ul class=\"wp-block-list\">\n<li>A.&nbsp;El hidr\u00f3geno se combina con el ox\u00edgeno para producir vapor de agua, el carbono se combina con el ox\u00edgeno para producir di\u00f3xido de carbono y se libera energ\u00eda<\/li>\n\n\n\n<li>B.&nbsp;El carbono se combina con el ox\u00edgeno para producir di\u00f3xido de carbono, el magnesio se combina con el ox\u00edgeno para producir \u00f3xido de magnesio y la energ\u00eda est\u00e1 contenida<\/li>\n\n\n\n<li>C.&nbsp;El hidr\u00f3geno se combina con el nitr\u00f3geno para formar amon\u00edaco, el carbono se combina con el ox\u00edgeno para formar di\u00f3xido de carbono y se libera energ\u00eda.<\/li>\n<\/ul>\n\n\n\n<figure class=\"wp-block-image\"><img decoding=\"async\" src=\"https:\/\/www.informador.mx\/export\/sites\/elinformador\/img\/2023\/04\/10\/xcomo_te_iria_en_un_e_x11076366x.jpg_1151807935.jpg\" alt=\"\" title=\"\"\/><figcaption class=\"wp-element-caption\">GETTY IMAGES&nbsp;<\/figcaption><\/figure>\n\n\n\n<p>Los combustibles como el carb\u00f3n, el petr\u00f3leo y el gas natural contienen hidrocarburos. Estos son compuestos que contienen solo hidr\u00f3geno y carbonos.<\/p>\n\n\n\n<p>Durante la combusti\u00f3n completa, estos hidrocarburos reaccionan con el ox\u00edgeno del aire.<\/p>\n\n\n\n<p>Los \u00e1tomos de hidr\u00f3geno y ox\u00edgeno se combinan para formar vapor de agua (H\u00b2O).<\/p>\n\n\n\n<p>Los \u00e1tomos de carbono y ox\u00edgeno se combinan para formar di\u00f3xido de carbono (CO\u00b2).<\/p>\n\n\n\n<p>As\u00ed que si contestaste A, te apuntaste el \u00faltimo punto.<\/p>\n\n\n\n<p><strong>\u00bfC\u00f3mo te fue?<\/strong><\/p>\n\n\n\n<p><strong>\u00bfAprobaste el examen o tienes que repetir el curso?<\/strong><\/p>\n\n\n\n<p>Con Informaci\u00f3n de BBC News Mundo<\/p>\n","protected":false},"excerpt":{"rendered":"<p>Por Redacci\u00f3n QP Te presentamos 8 preguntas con posibles respuestas de un examen de 1859&#8230;<\/p>\n","protected":false},"author":2,"featured_media":99935,"comment_status":"open","ping_status":"open","sticky":false,"template":"","format":"standard","meta":{"_monsterinsights_skip_tracking":false,"_monsterinsights_sitenote_active":false,"_monsterinsights_sitenote_note":"","_monsterinsights_sitenote_category":0,"footnotes":""},"categories":[58],"tags":[],"class_list":["post-99934","post","type-post","status-publish","format-standard","has-post-thumbnail","hentry","category-cultura"],"yoast_head":"<!-- This site is optimized with the Yoast SEO plugin v27.3 - https:\/\/yoast.com\/product\/yoast-seo-wordpress\/ -->\n<title>\u00a1Ponte a prueba! Contesta este examen escolar del siglo XIX -<\/title>\n<meta name=\"robots\" content=\"index, follow, max-snippet:-1, max-image-preview:large, max-video-preview:-1\" \/>\n<link rel=\"canonical\" href=\"https:\/\/quehacerpolitico.mx\/?p=99934\" \/>\n<meta property=\"og:locale\" content=\"es_MX\" \/>\n<meta property=\"og:type\" content=\"article\" \/>\n<meta property=\"og:title\" content=\"\u00a1Ponte a prueba! Contesta este examen escolar del siglo XIX -\" \/>\n<meta property=\"og:description\" content=\"Por Redacci\u00f3n QP Te presentamos 8 preguntas con posibles respuestas de un examen de 1859...\" \/>\n<meta property=\"og:url\" content=\"https:\/\/quehacerpolitico.mx\/?p=99934\" \/>\n<meta property=\"article:published_time\" content=\"2023-04-11T16:35:49+00:00\" \/>\n<meta property=\"article:modified_time\" content=\"2023-04-11T16:35:53+00:00\" \/>\n<meta property=\"og:image\" content=\"https:\/\/quehacerpolitico.mx\/wp-content\/uploads\/2023\/04\/IMG_7026.jpeg\" \/>\n\t<meta property=\"og:image:width\" content=\"787\" \/>\n\t<meta property=\"og:image:height\" content=\"390\" \/>\n\t<meta property=\"og:image:type\" content=\"image\/jpeg\" \/>\n<meta name=\"author\" content=\"Redacci\u00f3n QP\" \/>\n<meta name=\"twitter:card\" content=\"summary_large_image\" \/>\n<meta name=\"twitter:label1\" content=\"Escrito por\" \/>\n\t<meta name=\"twitter:data1\" content=\"Redacci\u00f3n QP\" \/>\n\t<meta name=\"twitter:label2\" content=\"Tiempo de lectura\" \/>\n\t<meta name=\"twitter:data2\" content=\"7 minutos\" \/>\n<script type=\"application\/ld+json\" class=\"yoast-schema-graph\">{\"@context\":\"https:\\\/\\\/schema.org\",\"@graph\":[{\"@type\":\"Article\",\"@id\":\"https:\\\/\\\/quehacerpolitico.mx\\\/?p=99934#article\",\"isPartOf\":{\"@id\":\"https:\\\/\\\/quehacerpolitico.mx\\\/?p=99934\"},\"author\":{\"name\":\"Redacci\u00f3n QP\",\"@id\":\"https:\\\/\\\/quehacerpolitico.mx\\\/#\\\/schema\\\/person\\\/496d8ad2d1d3f8036101dca7ee39e585\"},\"headline\":\"\u00a1Ponte a prueba! Contesta este examen escolar del siglo XIX\",\"datePublished\":\"2023-04-11T16:35:49+00:00\",\"dateModified\":\"2023-04-11T16:35:53+00:00\",\"mainEntityOfPage\":{\"@id\":\"https:\\\/\\\/quehacerpolitico.mx\\\/?p=99934\"},\"wordCount\":1426,\"commentCount\":0,\"image\":{\"@id\":\"https:\\\/\\\/quehacerpolitico.mx\\\/?p=99934#primaryimage\"},\"thumbnailUrl\":\"https:\\\/\\\/quehacerpolitico.mx\\\/wp-content\\\/uploads\\\/2023\\\/04\\\/IMG_7026.jpeg\",\"articleSection\":[\"Cultura y Entretenimiento\"],\"inLanguage\":\"es\",\"potentialAction\":[{\"@type\":\"CommentAction\",\"name\":\"Comment\",\"target\":[\"https:\\\/\\\/quehacerpolitico.mx\\\/?p=99934#respond\"]}]},{\"@type\":\"WebPage\",\"@id\":\"https:\\\/\\\/quehacerpolitico.mx\\\/?p=99934\",\"url\":\"https:\\\/\\\/quehacerpolitico.mx\\\/?p=99934\",\"name\":\"\u00a1Ponte a prueba! Contesta este examen escolar del siglo XIX -\",\"isPartOf\":{\"@id\":\"https:\\\/\\\/quehacerpolitico.mx\\\/#website\"},\"primaryImageOfPage\":{\"@id\":\"https:\\\/\\\/quehacerpolitico.mx\\\/?p=99934#primaryimage\"},\"image\":{\"@id\":\"https:\\\/\\\/quehacerpolitico.mx\\\/?p=99934#primaryimage\"},\"thumbnailUrl\":\"https:\\\/\\\/quehacerpolitico.mx\\\/wp-content\\\/uploads\\\/2023\\\/04\\\/IMG_7026.jpeg\",\"datePublished\":\"2023-04-11T16:35:49+00:00\",\"dateModified\":\"2023-04-11T16:35:53+00:00\",\"author\":{\"@id\":\"https:\\\/\\\/quehacerpolitico.mx\\\/#\\\/schema\\\/person\\\/496d8ad2d1d3f8036101dca7ee39e585\"},\"breadcrumb\":{\"@id\":\"https:\\\/\\\/quehacerpolitico.mx\\\/?p=99934#breadcrumb\"},\"inLanguage\":\"es\",\"potentialAction\":[{\"@type\":\"ReadAction\",\"target\":[\"https:\\\/\\\/quehacerpolitico.mx\\\/?p=99934\"]}]},{\"@type\":\"ImageObject\",\"inLanguage\":\"es\",\"@id\":\"https:\\\/\\\/quehacerpolitico.mx\\\/?p=99934#primaryimage\",\"url\":\"https:\\\/\\\/quehacerpolitico.mx\\\/wp-content\\\/uploads\\\/2023\\\/04\\\/IMG_7026.jpeg\",\"contentUrl\":\"https:\\\/\\\/quehacerpolitico.mx\\\/wp-content\\\/uploads\\\/2023\\\/04\\\/IMG_7026.jpeg\",\"width\":787,\"height\":390},{\"@type\":\"BreadcrumbList\",\"@id\":\"https:\\\/\\\/quehacerpolitico.mx\\\/?p=99934#breadcrumb\",\"itemListElement\":[{\"@type\":\"ListItem\",\"position\":1,\"name\":\"Inicio\",\"item\":\"https:\\\/\\\/quehacerpolitico.mx\\\/\"},{\"@type\":\"ListItem\",\"position\":2,\"name\":\"\u00a1Ponte a prueba! Contesta este examen escolar del siglo XIX\"}]},{\"@type\":\"WebSite\",\"@id\":\"https:\\\/\\\/quehacerpolitico.mx\\\/#website\",\"url\":\"https:\\\/\\\/quehacerpolitico.mx\\\/\",\"name\":\"\",\"description\":\"\",\"potentialAction\":[{\"@type\":\"SearchAction\",\"target\":{\"@type\":\"EntryPoint\",\"urlTemplate\":\"https:\\\/\\\/quehacerpolitico.mx\\\/?s={search_term_string}\"},\"query-input\":{\"@type\":\"PropertyValueSpecification\",\"valueRequired\":true,\"valueName\":\"search_term_string\"}}],\"inLanguage\":\"es\"},{\"@type\":\"Person\",\"@id\":\"https:\\\/\\\/quehacerpolitico.mx\\\/#\\\/schema\\\/person\\\/496d8ad2d1d3f8036101dca7ee39e585\",\"name\":\"Redacci\u00f3n QP\",\"image\":{\"@type\":\"ImageObject\",\"inLanguage\":\"es\",\"@id\":\"https:\\\/\\\/secure.gravatar.com\\\/avatar\\\/c7164ed6fdec453195284ad24a5ae5b6e1eed2b848477fa2a4787ba9adf39a41?s=96&d=mm&r=g\",\"url\":\"https:\\\/\\\/secure.gravatar.com\\\/avatar\\\/c7164ed6fdec453195284ad24a5ae5b6e1eed2b848477fa2a4787ba9adf39a41?s=96&d=mm&r=g\",\"contentUrl\":\"https:\\\/\\\/secure.gravatar.com\\\/avatar\\\/c7164ed6fdec453195284ad24a5ae5b6e1eed2b848477fa2a4787ba9adf39a41?s=96&d=mm&r=g\",\"caption\":\"Redacci\u00f3n QP\"},\"url\":\"https:\\\/\\\/quehacerpolitico.mx\\\/?author=2\"}]}<\/script>\n<!-- \/ Yoast SEO plugin. -->","yoast_head_json":{"title":"\u00a1Ponte a prueba! Contesta este examen escolar del siglo XIX -","robots":{"index":"index","follow":"follow","max-snippet":"max-snippet:-1","max-image-preview":"max-image-preview:large","max-video-preview":"max-video-preview:-1"},"canonical":"https:\/\/quehacerpolitico.mx\/?p=99934","og_locale":"es_MX","og_type":"article","og_title":"\u00a1Ponte a prueba! Contesta este examen escolar del siglo XIX -","og_description":"Por Redacci\u00f3n QP Te presentamos 8 preguntas con posibles respuestas de un examen de 1859...","og_url":"https:\/\/quehacerpolitico.mx\/?p=99934","article_published_time":"2023-04-11T16:35:49+00:00","article_modified_time":"2023-04-11T16:35:53+00:00","og_image":[{"width":787,"height":390,"url":"https:\/\/quehacerpolitico.mx\/wp-content\/uploads\/2023\/04\/IMG_7026.jpeg","type":"image\/jpeg"}],"author":"Redacci\u00f3n QP","twitter_card":"summary_large_image","twitter_misc":{"Escrito por":"Redacci\u00f3n QP","Tiempo de lectura":"7 minutos"},"schema":{"@context":"https:\/\/schema.org","@graph":[{"@type":"Article","@id":"https:\/\/quehacerpolitico.mx\/?p=99934#article","isPartOf":{"@id":"https:\/\/quehacerpolitico.mx\/?p=99934"},"author":{"name":"Redacci\u00f3n QP","@id":"https:\/\/quehacerpolitico.mx\/#\/schema\/person\/496d8ad2d1d3f8036101dca7ee39e585"},"headline":"\u00a1Ponte a prueba! Contesta este examen escolar del siglo XIX","datePublished":"2023-04-11T16:35:49+00:00","dateModified":"2023-04-11T16:35:53+00:00","mainEntityOfPage":{"@id":"https:\/\/quehacerpolitico.mx\/?p=99934"},"wordCount":1426,"commentCount":0,"image":{"@id":"https:\/\/quehacerpolitico.mx\/?p=99934#primaryimage"},"thumbnailUrl":"https:\/\/quehacerpolitico.mx\/wp-content\/uploads\/2023\/04\/IMG_7026.jpeg","articleSection":["Cultura y Entretenimiento"],"inLanguage":"es","potentialAction":[{"@type":"CommentAction","name":"Comment","target":["https:\/\/quehacerpolitico.mx\/?p=99934#respond"]}]},{"@type":"WebPage","@id":"https:\/\/quehacerpolitico.mx\/?p=99934","url":"https:\/\/quehacerpolitico.mx\/?p=99934","name":"\u00a1Ponte a prueba! Contesta este examen escolar del siglo XIX -","isPartOf":{"@id":"https:\/\/quehacerpolitico.mx\/#website"},"primaryImageOfPage":{"@id":"https:\/\/quehacerpolitico.mx\/?p=99934#primaryimage"},"image":{"@id":"https:\/\/quehacerpolitico.mx\/?p=99934#primaryimage"},"thumbnailUrl":"https:\/\/quehacerpolitico.mx\/wp-content\/uploads\/2023\/04\/IMG_7026.jpeg","datePublished":"2023-04-11T16:35:49+00:00","dateModified":"2023-04-11T16:35:53+00:00","author":{"@id":"https:\/\/quehacerpolitico.mx\/#\/schema\/person\/496d8ad2d1d3f8036101dca7ee39e585"},"breadcrumb":{"@id":"https:\/\/quehacerpolitico.mx\/?p=99934#breadcrumb"},"inLanguage":"es","potentialAction":[{"@type":"ReadAction","target":["https:\/\/quehacerpolitico.mx\/?p=99934"]}]},{"@type":"ImageObject","inLanguage":"es","@id":"https:\/\/quehacerpolitico.mx\/?p=99934#primaryimage","url":"https:\/\/quehacerpolitico.mx\/wp-content\/uploads\/2023\/04\/IMG_7026.jpeg","contentUrl":"https:\/\/quehacerpolitico.mx\/wp-content\/uploads\/2023\/04\/IMG_7026.jpeg","width":787,"height":390},{"@type":"BreadcrumbList","@id":"https:\/\/quehacerpolitico.mx\/?p=99934#breadcrumb","itemListElement":[{"@type":"ListItem","position":1,"name":"Inicio","item":"https:\/\/quehacerpolitico.mx\/"},{"@type":"ListItem","position":2,"name":"\u00a1Ponte a prueba! Contesta este examen escolar del siglo XIX"}]},{"@type":"WebSite","@id":"https:\/\/quehacerpolitico.mx\/#website","url":"https:\/\/quehacerpolitico.mx\/","name":"","description":"","potentialAction":[{"@type":"SearchAction","target":{"@type":"EntryPoint","urlTemplate":"https:\/\/quehacerpolitico.mx\/?s={search_term_string}"},"query-input":{"@type":"PropertyValueSpecification","valueRequired":true,"valueName":"search_term_string"}}],"inLanguage":"es"},{"@type":"Person","@id":"https:\/\/quehacerpolitico.mx\/#\/schema\/person\/496d8ad2d1d3f8036101dca7ee39e585","name":"Redacci\u00f3n QP","image":{"@type":"ImageObject","inLanguage":"es","@id":"https:\/\/secure.gravatar.com\/avatar\/c7164ed6fdec453195284ad24a5ae5b6e1eed2b848477fa2a4787ba9adf39a41?s=96&d=mm&r=g","url":"https:\/\/secure.gravatar.com\/avatar\/c7164ed6fdec453195284ad24a5ae5b6e1eed2b848477fa2a4787ba9adf39a41?s=96&d=mm&r=g","contentUrl":"https:\/\/secure.gravatar.com\/avatar\/c7164ed6fdec453195284ad24a5ae5b6e1eed2b848477fa2a4787ba9adf39a41?s=96&d=mm&r=g","caption":"Redacci\u00f3n QP"},"url":"https:\/\/quehacerpolitico.mx\/?author=2"}]}},"featured_image_urls":{"full":["https:\/\/quehacerpolitico.mx\/wp-content\/uploads\/2023\/04\/IMG_7026.jpeg",787,390,false],"thumbnail":["https:\/\/quehacerpolitico.mx\/wp-content\/uploads\/2023\/04\/IMG_7026-150x150.jpeg",150,150,true],"medium":["https:\/\/quehacerpolitico.mx\/wp-content\/uploads\/2023\/04\/IMG_7026-300x149.jpeg",300,149,true],"medium_large":["https:\/\/quehacerpolitico.mx\/wp-content\/uploads\/2023\/04\/IMG_7026-768x381.jpeg",640,318,true],"large":["https:\/\/quehacerpolitico.mx\/wp-content\/uploads\/2023\/04\/IMG_7026.jpeg",640,317,false],"1536x1536":["https:\/\/quehacerpolitico.mx\/wp-content\/uploads\/2023\/04\/IMG_7026.jpeg",787,390,false],"2048x2048":["https:\/\/quehacerpolitico.mx\/wp-content\/uploads\/2023\/04\/IMG_7026.jpeg",787,390,false],"covernews-featured":["https:\/\/quehacerpolitico.mx\/wp-content\/uploads\/2023\/04\/IMG_7026.jpeg",787,390,false],"covernews-medium":["https:\/\/quehacerpolitico.mx\/wp-content\/uploads\/2023\/04\/IMG_7026.jpeg",540,268,false]},"author_info":{"display_name":"Redacci\u00f3n QP","author_link":"https:\/\/quehacerpolitico.mx\/?author=2"},"category_info":"<a href=\"https:\/\/quehacerpolitico.mx\/?cat=58\" rel=\"category\">Cultura y Entretenimiento<\/a>","tag_info":"Cultura y Entretenimiento","comment_count":"0","_links":{"self":[{"href":"https:\/\/quehacerpolitico.mx\/index.php?rest_route=\/wp\/v2\/posts\/99934","targetHints":{"allow":["GET"]}}],"collection":[{"href":"https:\/\/quehacerpolitico.mx\/index.php?rest_route=\/wp\/v2\/posts"}],"about":[{"href":"https:\/\/quehacerpolitico.mx\/index.php?rest_route=\/wp\/v2\/types\/post"}],"author":[{"embeddable":true,"href":"https:\/\/quehacerpolitico.mx\/index.php?rest_route=\/wp\/v2\/users\/2"}],"replies":[{"embeddable":true,"href":"https:\/\/quehacerpolitico.mx\/index.php?rest_route=%2Fwp%2Fv2%2Fcomments&post=99934"}],"version-history":[{"count":1,"href":"https:\/\/quehacerpolitico.mx\/index.php?rest_route=\/wp\/v2\/posts\/99934\/revisions"}],"predecessor-version":[{"id":99936,"href":"https:\/\/quehacerpolitico.mx\/index.php?rest_route=\/wp\/v2\/posts\/99934\/revisions\/99936"}],"wp:featuredmedia":[{"embeddable":true,"href":"https:\/\/quehacerpolitico.mx\/index.php?rest_route=\/wp\/v2\/media\/99935"}],"wp:attachment":[{"href":"https:\/\/quehacerpolitico.mx\/index.php?rest_route=%2Fwp%2Fv2%2Fmedia&parent=99934"}],"wp:term":[{"taxonomy":"category","embeddable":true,"href":"https:\/\/quehacerpolitico.mx\/index.php?rest_route=%2Fwp%2Fv2%2Fcategories&post=99934"},{"taxonomy":"post_tag","embeddable":true,"href":"https:\/\/quehacerpolitico.mx\/index.php?rest_route=%2Fwp%2Fv2%2Ftags&post=99934"}],"curies":[{"name":"wp","href":"https:\/\/api.w.org\/{rel}","templated":true}]}}