{"id":99861,"date":"2023-04-06T00:59:54","date_gmt":"2023-04-06T00:59:54","guid":{"rendered":"https:\/\/quehacerpolitico.mx\/?p=99861"},"modified":"2023-04-06T00:59:58","modified_gmt":"2023-04-06T00:59:58","slug":"real-madrid-golea-al-barcelona-y-se-mete-a-la-final-de-la-copa-del-rey","status":"publish","type":"post","link":"https:\/\/quehacerpolitico.mx\/?p=99861","title":{"rendered":"Real Madrid golea al Barcelona y se mete a la final de la Copa del Rey"},"content":{"rendered":"\n<p>Por Redacci\u00f3n QP<\/p>\n\n\n\n<p>Real Madrid venci\u00f3 4-0 (global 4-1) al Barcelona y pelear\u00e1 por el t\u00edtulo de la Copa del Rey ante el Osasuna<\/p>\n\n\n\n<p>Al comp\u00e1s de una tripleta de Karim Benzema, el Real Madrid volte\u00f3 el mi\u00e9rcoles la ventaja del Barcelona en las semifinales de la Copa del Rey con una contundente victoria 4-0 en el estadio Camp Nou para alcanzar la final del torneo por primera vez en casi una d\u00e9cada.<\/p>\n\n\n\n<p>El Madrid se impuso 4-1 en el marcador global para citarse con Osasuna en la final.<\/p>\n\n\n\n<p><strong>Benzema y Vinicius Junior brillaron en todos los tantos\u00a0<\/strong>con los que los merengues se sacudieron la racha de tres derrotas ante su cl\u00e1sico rival: en la final de la Supercopa de Espa\u00f1a, un choque de la Liga y la ida de estas semifinales de la Copa.<\/p>\n\n\n\n<figure class=\"wp-block-image size-large\"><img loading=\"lazy\" decoding=\"async\" width=\"819\" height=\"1024\" src=\"https:\/\/quehacerpolitico.mx\/wp-content\/uploads\/2023\/04\/image-13-819x1024.jpeg\" alt=\"\" class=\"wp-image-99863\" srcset=\"https:\/\/quehacerpolitico.mx\/wp-content\/uploads\/2023\/04\/image-13-819x1024.jpeg 819w, https:\/\/quehacerpolitico.mx\/wp-content\/uploads\/2023\/04\/image-13-240x300.jpeg 240w, https:\/\/quehacerpolitico.mx\/wp-content\/uploads\/2023\/04\/image-13-768x960.jpeg 768w, https:\/\/quehacerpolitico.mx\/wp-content\/uploads\/2023\/04\/image-13-117x146.jpeg 117w, https:\/\/quehacerpolitico.mx\/wp-content\/uploads\/2023\/04\/image-13-40x50.jpeg 40w, https:\/\/quehacerpolitico.mx\/wp-content\/uploads\/2023\/04\/image-13-60x75.jpeg 60w, https:\/\/quehacerpolitico.mx\/wp-content\/uploads\/2023\/04\/image-13.jpeg 1080w\" sizes=\"auto, (max-width: 819px) 100vw, 819px\" \/><\/figure>\n\n\n\n<p>Luka Modric y Eduardo Camavinga tambi\u00e9n redondearon actuaciones magistrales para darle la victoria al Madrid.<\/p>\n\n\n\n<p>Vinicius abri\u00f3 la cuenta en los descuentos de la primera parte al culminar un contragolpe que involucr\u00f3 a Rodrygo y Benzema. La contra surgi\u00f3 luego que el Barcelona desperdici\u00f3 una ocasi\u00f3n en el otro extremo, con el portero Thibaut Courtois repeliendo el remate de Robert Lewandowski.<\/p>\n\n\n\n<figure class=\"wp-block-embed is-type-video is-provider-youtube wp-block-embed-youtube wp-embed-aspect-16-9 wp-has-aspect-ratio\"><div class=\"wp-block-embed__wrapper\">\n<iframe loading=\"lazy\" title=\"Resumen | Copa del Rey | FC Barcelona 0-4 Real Madrid | Semifinal (vuelta)\" width=\"640\" height=\"360\" src=\"https:\/\/www.youtube.com\/embed\/7feCxgW5vhI?feature=oembed\" frameborder=\"0\" allow=\"accelerometer; autoplay; clipboard-write; encrypted-media; gyroscope; picture-in-picture; web-share\" referrerpolicy=\"strict-origin-when-cross-origin\" allowfullscreen><\/iframe>\n<\/div><\/figure>\n\n\n\n<p><strong>Benzema hizo el segundo gracias a un disparo desde el borde del \u00e1rea,<\/strong>&nbsp;a pase de Modric, a los 50, volteando el marcador en la serie.<\/p>\n\n\n\n<p>El vigente Bal\u00f3n de Oro convirti\u00f3 un penal a los 58, precedido de un pisot\u00f3n dentro del \u00e1rea que recibi\u00f3 Vinicius de Franck Kessi\u00e9.<\/p>\n\n\n\n<p>La cuarta diana de Benzema lleg\u00f3 a los 80, en otro contragolpe. Vinicius le cedi\u00f3 al llegar al \u00e1rea para empujar el bal\u00f3n cruzado ante la salida del arquero Marc-Andr\u00e9 ter Stegen.<\/p>\n\n\n\n<p>Hasta antes del primer gol, Vinicius hab\u00eda tenido apenas destellos y recibi\u00f3 una tarjeta amarilla despu\u00e9s de haberse enfrascado en una disputa con Gavi.<\/p>\n\n\n\n<p><strong>Esta fue la primera ocasi\u00f3n desde 1963 que el Real Madrid marc\u00f3 m\u00e1s de tres goles en el Camp Nou.<\/strong>Ese a\u00f1o se impusieron 4-1 en un partido en el que el legendario h\u00fangaro Ferenc Puskas fue figura con tres dianas.<\/p>\n\n\n\n<figure class=\"wp-block-image size-large\"><img loading=\"lazy\" decoding=\"async\" width=\"819\" height=\"1024\" src=\"https:\/\/quehacerpolitico.mx\/wp-content\/uploads\/2023\/04\/image-15-819x1024.jpeg\" alt=\"\" class=\"wp-image-99865\" srcset=\"https:\/\/quehacerpolitico.mx\/wp-content\/uploads\/2023\/04\/image-15-819x1024.jpeg 819w, https:\/\/quehacerpolitico.mx\/wp-content\/uploads\/2023\/04\/image-15-240x300.jpeg 240w, https:\/\/quehacerpolitico.mx\/wp-content\/uploads\/2023\/04\/image-15-768x960.jpeg 768w, https:\/\/quehacerpolitico.mx\/wp-content\/uploads\/2023\/04\/image-15-117x146.jpeg 117w, https:\/\/quehacerpolitico.mx\/wp-content\/uploads\/2023\/04\/image-15-40x50.jpeg 40w, https:\/\/quehacerpolitico.mx\/wp-content\/uploads\/2023\/04\/image-15-60x75.jpeg 60w, https:\/\/quehacerpolitico.mx\/wp-content\/uploads\/2023\/04\/image-15.jpeg 1080w\" sizes=\"auto, (max-width: 819px) 100vw, 819px\" \/><\/figure>\n\n\n\n<figure class=\"wp-block-image size-large\"><img loading=\"lazy\" decoding=\"async\" width=\"819\" height=\"1024\" src=\"https:\/\/quehacerpolitico.mx\/wp-content\/uploads\/2023\/04\/image-14-819x1024.jpeg\" alt=\"\" class=\"wp-image-99864\" srcset=\"https:\/\/quehacerpolitico.mx\/wp-content\/uploads\/2023\/04\/image-14-819x1024.jpeg 819w, https:\/\/quehacerpolitico.mx\/wp-content\/uploads\/2023\/04\/image-14-240x300.jpeg 240w, https:\/\/quehacerpolitico.mx\/wp-content\/uploads\/2023\/04\/image-14-768x960.jpeg 768w, https:\/\/quehacerpolitico.mx\/wp-content\/uploads\/2023\/04\/image-14-117x146.jpeg 117w, https:\/\/quehacerpolitico.mx\/wp-content\/uploads\/2023\/04\/image-14-40x50.jpeg 40w, https:\/\/quehacerpolitico.mx\/wp-content\/uploads\/2023\/04\/image-14-60x75.jpeg 60w, https:\/\/quehacerpolitico.mx\/wp-content\/uploads\/2023\/04\/image-14.jpeg 1080w\" sizes=\"auto, (max-width: 819px) 100vw, 819px\" \/><\/figure>\n\n\n\n<p>El Barcelona lidera el campeonato dom\u00e9stico con una diferencia de 12 puntos sobre el Madrid.<\/p>\n\n\n\n<p>En las gradas del Camp Nou revivi\u00f3 el recuerdo de Lionel Messi cuando un nutrido n\u00famero de los asistentes comenz\u00f3 a corear su nombre justo a los 10 minutos. En la \u00faltima semana han circulado versiones del regreso del astro argentino tras dos a\u00f1os de haber partido al Paris Saint-Germain.<\/p>\n\n\n\n<p>Osasuna elimin\u00f3 2-1 al Athletic Bilbao en el global tras un empate 1-1 el martes en Bilbao para alcanzar la final por primera vez desde que cay\u00f3 ante el Real Betis en el duelo por el t\u00edtulo en 2005.<\/p>\n\n\n\n<figure class=\"wp-block-embed is-type-rich is-provider-twitter wp-block-embed-twitter\"><div class=\"wp-block-embed__wrapper\">\n<blockquote class=\"twitter-tweet\" data-width=\"550\" data-dnt=\"true\"><p lang=\"es\" dir=\"ltr\">\ud83d\udcf9 \ud835\ude4d\ud835\ude40\ud835\ude4e\ud835\ude50\ud835\ude48\ud835\ude40\ud835\ude49 &amp; \ud835\ude42\ud835\ude4a\ud835\ude47\ud835\ude40\ud835\ude4e \ud83d\udcf9<br>\ud83c\udd9a <a href=\"https:\/\/twitter.com\/FCBarcelona_es?ref_src=twsrc%5Etfw\">@FCBarcelona_es<\/a> 0-4 <a href=\"https:\/\/twitter.com\/realmadrid?ref_src=twsrc%5Etfw\">@RealMadrid<\/a><br>\ud83c\udfc6 \u00a1ESTAMOS EN LA FINAL!<a href=\"https:\/\/twitter.com\/hashtag\/CopaDelRey?src=hash&amp;ref_src=twsrc%5Etfw\">#CopaDelRey<\/a> | <a href=\"https:\/\/twitter.com\/hashtag\/ElCl%C3%A1sico?src=hash&amp;ref_src=twsrc%5Etfw\">#ElCl\u00e1sico<\/a> <a href=\"https:\/\/t.co\/6JyB9PFr5I\">pic.twitter.com\/6JyB9PFr5I<\/a><\/p>&mdash; Real Madrid C.F. (@realmadrid) <a href=\"https:\/\/twitter.com\/realmadrid\/status\/1643751475997278209?ref_src=twsrc%5Etfw\">April 5, 2023<\/a><\/blockquote><script async src=\"https:\/\/platform.twitter.com\/widgets.js\" charset=\"utf-8\"><\/script>\n<\/div><\/figure>\n\n\n\n<p>El Madrid no avanzaba a la final desde 2014, cuando derrot\u00f3 al Barcelona para conquistar el \u00faltimo de sus 19 t\u00edtulos en la Copa.<\/p>\n\n\n\n<p>Los azulgranas, el club m\u00e1s laureado de la Copa con 31 t\u00edtulos, intentaba meterse en la final por primera vez desde su consagraci\u00f3n en 2021. Fue su \u00faltima coronaci\u00f3n con Messi en el plantel.<\/p>\n\n\n\n<p>Con la victoria, el Madrid evit\u00f3 perder cuatro partidos seguidos ante el Barcelona en una misma temporada por primera vez. El Madrid gan\u00f3 3-1 en el primer cl\u00e1sico de la campa\u00f1a en la Liga, pero luego encaj\u00f3 tres derrotas consecutivas.<\/p>\n\n\n\n<p>El veterano volante azulgrana Sergio Busquets se convirti\u00f3 en el jugador con m\u00e1s cl\u00e1sicos en la historia al disputar el 48 en su trayectoria con el cuadro catal\u00e1n.<\/p>\n\n\n\n<p>Con Informaci\u00f3n de AP<\/p>\n","protected":false},"excerpt":{"rendered":"<p>Por Redacci\u00f3n QP Real Madrid venci\u00f3 4-0 (global 4-1) al Barcelona y pelear\u00e1 por el&#8230;<\/p>\n","protected":false},"author":2,"featured_media":99862,"comment_status":"open","ping_status":"open","sticky":false,"template":"","format":"standard","meta":{"_monsterinsights_skip_tracking":false,"_monsterinsights_sitenote_active":false,"_monsterinsights_sitenote_note":"","_monsterinsights_sitenote_category":0,"footnotes":""},"categories":[54],"tags":[],"class_list":["post-99861","post","type-post","status-publish","format-standard","has-post-thumbnail","hentry","category-deportes"],"yoast_head":"<!-- This site is optimized with the Yoast SEO plugin v27.3 - https:\/\/yoast.com\/product\/yoast-seo-wordpress\/ -->\n<title>Real Madrid golea al Barcelona y se mete a la final de la Copa del Rey -<\/title>\n<meta name=\"robots\" content=\"index, follow, max-snippet:-1, max-image-preview:large, max-video-preview:-1\" \/>\n<link rel=\"canonical\" href=\"https:\/\/quehacerpolitico.mx\/?p=99861\" \/>\n<meta property=\"og:locale\" content=\"es_MX\" \/>\n<meta property=\"og:type\" content=\"article\" \/>\n<meta property=\"og:title\" content=\"Real Madrid golea al Barcelona y se mete a la final de la Copa del Rey -\" \/>\n<meta property=\"og:description\" content=\"Por Redacci\u00f3n QP Real Madrid venci\u00f3 4-0 (global 4-1) al Barcelona y pelear\u00e1 por el...\" \/>\n<meta property=\"og:url\" content=\"https:\/\/quehacerpolitico.mx\/?p=99861\" \/>\n<meta property=\"article:published_time\" content=\"2023-04-06T00:59:54+00:00\" \/>\n<meta property=\"article:modified_time\" content=\"2023-04-06T00:59:58+00:00\" \/>\n<meta property=\"og:image\" content=\"https:\/\/quehacerpolitico.mx\/wp-content\/uploads\/2023\/04\/IMG_6939.jpeg\" \/>\n\t<meta property=\"og:image:width\" content=\"1200\" \/>\n\t<meta property=\"og:image:height\" content=\"675\" \/>\n\t<meta property=\"og:image:type\" content=\"image\/jpeg\" \/>\n<meta name=\"author\" content=\"Redacci\u00f3n QP\" \/>\n<meta name=\"twitter:card\" content=\"summary_large_image\" \/>\n<meta name=\"twitter:label1\" content=\"Escrito por\" \/>\n\t<meta name=\"twitter:data1\" content=\"Redacci\u00f3n QP\" \/>\n\t<meta name=\"twitter:label2\" content=\"Tiempo de lectura\" \/>\n\t<meta name=\"twitter:data2\" content=\"3 minutos\" \/>\n<script type=\"application\/ld+json\" class=\"yoast-schema-graph\">{\"@context\":\"https:\\\/\\\/schema.org\",\"@graph\":[{\"@type\":\"Article\",\"@id\":\"https:\\\/\\\/quehacerpolitico.mx\\\/?p=99861#article\",\"isPartOf\":{\"@id\":\"https:\\\/\\\/quehacerpolitico.mx\\\/?p=99861\"},\"author\":{\"name\":\"Redacci\u00f3n QP\",\"@id\":\"https:\\\/\\\/quehacerpolitico.mx\\\/#\\\/schema\\\/person\\\/496d8ad2d1d3f8036101dca7ee39e585\"},\"headline\":\"Real Madrid golea al Barcelona y se mete a la final de la Copa del Rey\",\"datePublished\":\"2023-04-06T00:59:54+00:00\",\"dateModified\":\"2023-04-06T00:59:58+00:00\",\"mainEntityOfPage\":{\"@id\":\"https:\\\/\\\/quehacerpolitico.mx\\\/?p=99861\"},\"wordCount\":632,\"commentCount\":0,\"image\":{\"@id\":\"https:\\\/\\\/quehacerpolitico.mx\\\/?p=99861#primaryimage\"},\"thumbnailUrl\":\"https:\\\/\\\/quehacerpolitico.mx\\\/wp-content\\\/uploads\\\/2023\\\/04\\\/IMG_6939.jpeg\",\"articleSection\":[\"Deportes\"],\"inLanguage\":\"es\",\"potentialAction\":[{\"@type\":\"CommentAction\",\"name\":\"Comment\",\"target\":[\"https:\\\/\\\/quehacerpolitico.mx\\\/?p=99861#respond\"]}]},{\"@type\":\"WebPage\",\"@id\":\"https:\\\/\\\/quehacerpolitico.mx\\\/?p=99861\",\"url\":\"https:\\\/\\\/quehacerpolitico.mx\\\/?p=99861\",\"name\":\"Real Madrid golea al Barcelona y se mete a la final de la Copa del Rey -\",\"isPartOf\":{\"@id\":\"https:\\\/\\\/quehacerpolitico.mx\\\/#website\"},\"primaryImageOfPage\":{\"@id\":\"https:\\\/\\\/quehacerpolitico.mx\\\/?p=99861#primaryimage\"},\"image\":{\"@id\":\"https:\\\/\\\/quehacerpolitico.mx\\\/?p=99861#primaryimage\"},\"thumbnailUrl\":\"https:\\\/\\\/quehacerpolitico.mx\\\/wp-content\\\/uploads\\\/2023\\\/04\\\/IMG_6939.jpeg\",\"datePublished\":\"2023-04-06T00:59:54+00:00\",\"dateModified\":\"2023-04-06T00:59:58+00:00\",\"author\":{\"@id\":\"https:\\\/\\\/quehacerpolitico.mx\\\/#\\\/schema\\\/person\\\/496d8ad2d1d3f8036101dca7ee39e585\"},\"breadcrumb\":{\"@id\":\"https:\\\/\\\/quehacerpolitico.mx\\\/?p=99861#breadcrumb\"},\"inLanguage\":\"es\",\"potentialAction\":[{\"@type\":\"ReadAction\",\"target\":[\"https:\\\/\\\/quehacerpolitico.mx\\\/?p=99861\"]}]},{\"@type\":\"ImageObject\",\"inLanguage\":\"es\",\"@id\":\"https:\\\/\\\/quehacerpolitico.mx\\\/?p=99861#primaryimage\",\"url\":\"https:\\\/\\\/quehacerpolitico.mx\\\/wp-content\\\/uploads\\\/2023\\\/04\\\/IMG_6939.jpeg\",\"contentUrl\":\"https:\\\/\\\/quehacerpolitico.mx\\\/wp-content\\\/uploads\\\/2023\\\/04\\\/IMG_6939.jpeg\",\"width\":1200,\"height\":675},{\"@type\":\"BreadcrumbList\",\"@id\":\"https:\\\/\\\/quehacerpolitico.mx\\\/?p=99861#breadcrumb\",\"itemListElement\":[{\"@type\":\"ListItem\",\"position\":1,\"name\":\"Inicio\",\"item\":\"https:\\\/\\\/quehacerpolitico.mx\\\/\"},{\"@type\":\"ListItem\",\"position\":2,\"name\":\"Real Madrid golea al Barcelona y se mete a la final de la Copa del Rey\"}]},{\"@type\":\"WebSite\",\"@id\":\"https:\\\/\\\/quehacerpolitico.mx\\\/#website\",\"url\":\"https:\\\/\\\/quehacerpolitico.mx\\\/\",\"name\":\"\",\"description\":\"\",\"potentialAction\":[{\"@type\":\"SearchAction\",\"target\":{\"@type\":\"EntryPoint\",\"urlTemplate\":\"https:\\\/\\\/quehacerpolitico.mx\\\/?s={search_term_string}\"},\"query-input\":{\"@type\":\"PropertyValueSpecification\",\"valueRequired\":true,\"valueName\":\"search_term_string\"}}],\"inLanguage\":\"es\"},{\"@type\":\"Person\",\"@id\":\"https:\\\/\\\/quehacerpolitico.mx\\\/#\\\/schema\\\/person\\\/496d8ad2d1d3f8036101dca7ee39e585\",\"name\":\"Redacci\u00f3n QP\",\"image\":{\"@type\":\"ImageObject\",\"inLanguage\":\"es\",\"@id\":\"https:\\\/\\\/secure.gravatar.com\\\/avatar\\\/c7164ed6fdec453195284ad24a5ae5b6e1eed2b848477fa2a4787ba9adf39a41?s=96&d=mm&r=g\",\"url\":\"https:\\\/\\\/secure.gravatar.com\\\/avatar\\\/c7164ed6fdec453195284ad24a5ae5b6e1eed2b848477fa2a4787ba9adf39a41?s=96&d=mm&r=g\",\"contentUrl\":\"https:\\\/\\\/secure.gravatar.com\\\/avatar\\\/c7164ed6fdec453195284ad24a5ae5b6e1eed2b848477fa2a4787ba9adf39a41?s=96&d=mm&r=g\",\"caption\":\"Redacci\u00f3n QP\"},\"url\":\"https:\\\/\\\/quehacerpolitico.mx\\\/?author=2\"}]}<\/script>\n<!-- \/ Yoast SEO plugin. -->","yoast_head_json":{"title":"Real Madrid golea al Barcelona y se mete a la final de la Copa del Rey -","robots":{"index":"index","follow":"follow","max-snippet":"max-snippet:-1","max-image-preview":"max-image-preview:large","max-video-preview":"max-video-preview:-1"},"canonical":"https:\/\/quehacerpolitico.mx\/?p=99861","og_locale":"es_MX","og_type":"article","og_title":"Real Madrid golea al Barcelona y se mete a la final de la Copa del Rey -","og_description":"Por Redacci\u00f3n QP Real Madrid venci\u00f3 4-0 (global 4-1) al Barcelona y pelear\u00e1 por el...","og_url":"https:\/\/quehacerpolitico.mx\/?p=99861","article_published_time":"2023-04-06T00:59:54+00:00","article_modified_time":"2023-04-06T00:59:58+00:00","og_image":[{"width":1200,"height":675,"url":"https:\/\/quehacerpolitico.mx\/wp-content\/uploads\/2023\/04\/IMG_6939.jpeg","type":"image\/jpeg"}],"author":"Redacci\u00f3n QP","twitter_card":"summary_large_image","twitter_misc":{"Escrito por":"Redacci\u00f3n QP","Tiempo de lectura":"3 minutos"},"schema":{"@context":"https:\/\/schema.org","@graph":[{"@type":"Article","@id":"https:\/\/quehacerpolitico.mx\/?p=99861#article","isPartOf":{"@id":"https:\/\/quehacerpolitico.mx\/?p=99861"},"author":{"name":"Redacci\u00f3n QP","@id":"https:\/\/quehacerpolitico.mx\/#\/schema\/person\/496d8ad2d1d3f8036101dca7ee39e585"},"headline":"Real Madrid golea al Barcelona y se mete a la final de la Copa del Rey","datePublished":"2023-04-06T00:59:54+00:00","dateModified":"2023-04-06T00:59:58+00:00","mainEntityOfPage":{"@id":"https:\/\/quehacerpolitico.mx\/?p=99861"},"wordCount":632,"commentCount":0,"image":{"@id":"https:\/\/quehacerpolitico.mx\/?p=99861#primaryimage"},"thumbnailUrl":"https:\/\/quehacerpolitico.mx\/wp-content\/uploads\/2023\/04\/IMG_6939.jpeg","articleSection":["Deportes"],"inLanguage":"es","potentialAction":[{"@type":"CommentAction","name":"Comment","target":["https:\/\/quehacerpolitico.mx\/?p=99861#respond"]}]},{"@type":"WebPage","@id":"https:\/\/quehacerpolitico.mx\/?p=99861","url":"https:\/\/quehacerpolitico.mx\/?p=99861","name":"Real Madrid golea al Barcelona y se mete a la final de la Copa del Rey -","isPartOf":{"@id":"https:\/\/quehacerpolitico.mx\/#website"},"primaryImageOfPage":{"@id":"https:\/\/quehacerpolitico.mx\/?p=99861#primaryimage"},"image":{"@id":"https:\/\/quehacerpolitico.mx\/?p=99861#primaryimage"},"thumbnailUrl":"https:\/\/quehacerpolitico.mx\/wp-content\/uploads\/2023\/04\/IMG_6939.jpeg","datePublished":"2023-04-06T00:59:54+00:00","dateModified":"2023-04-06T00:59:58+00:00","author":{"@id":"https:\/\/quehacerpolitico.mx\/#\/schema\/person\/496d8ad2d1d3f8036101dca7ee39e585"},"breadcrumb":{"@id":"https:\/\/quehacerpolitico.mx\/?p=99861#breadcrumb"},"inLanguage":"es","potentialAction":[{"@type":"ReadAction","target":["https:\/\/quehacerpolitico.mx\/?p=99861"]}]},{"@type":"ImageObject","inLanguage":"es","@id":"https:\/\/quehacerpolitico.mx\/?p=99861#primaryimage","url":"https:\/\/quehacerpolitico.mx\/wp-content\/uploads\/2023\/04\/IMG_6939.jpeg","contentUrl":"https:\/\/quehacerpolitico.mx\/wp-content\/uploads\/2023\/04\/IMG_6939.jpeg","width":1200,"height":675},{"@type":"BreadcrumbList","@id":"https:\/\/quehacerpolitico.mx\/?p=99861#breadcrumb","itemListElement":[{"@type":"ListItem","position":1,"name":"Inicio","item":"https:\/\/quehacerpolitico.mx\/"},{"@type":"ListItem","position":2,"name":"Real Madrid golea al Barcelona y se mete a la final de la Copa del Rey"}]},{"@type":"WebSite","@id":"https:\/\/quehacerpolitico.mx\/#website","url":"https:\/\/quehacerpolitico.mx\/","name":"","description":"","potentialAction":[{"@type":"SearchAction","target":{"@type":"EntryPoint","urlTemplate":"https:\/\/quehacerpolitico.mx\/?s={search_term_string}"},"query-input":{"@type":"PropertyValueSpecification","valueRequired":true,"valueName":"search_term_string"}}],"inLanguage":"es"},{"@type":"Person","@id":"https:\/\/quehacerpolitico.mx\/#\/schema\/person\/496d8ad2d1d3f8036101dca7ee39e585","name":"Redacci\u00f3n QP","image":{"@type":"ImageObject","inLanguage":"es","@id":"https:\/\/secure.gravatar.com\/avatar\/c7164ed6fdec453195284ad24a5ae5b6e1eed2b848477fa2a4787ba9adf39a41?s=96&d=mm&r=g","url":"https:\/\/secure.gravatar.com\/avatar\/c7164ed6fdec453195284ad24a5ae5b6e1eed2b848477fa2a4787ba9adf39a41?s=96&d=mm&r=g","contentUrl":"https:\/\/secure.gravatar.com\/avatar\/c7164ed6fdec453195284ad24a5ae5b6e1eed2b848477fa2a4787ba9adf39a41?s=96&d=mm&r=g","caption":"Redacci\u00f3n QP"},"url":"https:\/\/quehacerpolitico.mx\/?author=2"}]}},"featured_image_urls":{"full":["https:\/\/quehacerpolitico.mx\/wp-content\/uploads\/2023\/04\/IMG_6939.jpeg",1200,675,false],"thumbnail":["https:\/\/quehacerpolitico.mx\/wp-content\/uploads\/2023\/04\/IMG_6939-150x150.jpeg",150,150,true],"medium":["https:\/\/quehacerpolitico.mx\/wp-content\/uploads\/2023\/04\/IMG_6939-300x169.jpeg",300,169,true],"medium_large":["https:\/\/quehacerpolitico.mx\/wp-content\/uploads\/2023\/04\/IMG_6939-768x432.jpeg",640,360,true],"large":["https:\/\/quehacerpolitico.mx\/wp-content\/uploads\/2023\/04\/IMG_6939-1024x576.jpeg",640,360,true],"1536x1536":["https:\/\/quehacerpolitico.mx\/wp-content\/uploads\/2023\/04\/IMG_6939.jpeg",1200,675,false],"2048x2048":["https:\/\/quehacerpolitico.mx\/wp-content\/uploads\/2023\/04\/IMG_6939.jpeg",1200,675,false],"covernews-featured":["https:\/\/quehacerpolitico.mx\/wp-content\/uploads\/2023\/04\/IMG_6939.jpeg",1024,576,false],"covernews-medium":["https:\/\/quehacerpolitico.mx\/wp-content\/uploads\/2023\/04\/IMG_6939.jpeg",540,304,false]},"author_info":{"display_name":"Redacci\u00f3n QP","author_link":"https:\/\/quehacerpolitico.mx\/?author=2"},"category_info":"<a href=\"https:\/\/quehacerpolitico.mx\/?cat=54\" rel=\"category\">Deportes<\/a>","tag_info":"Deportes","comment_count":"0","_links":{"self":[{"href":"https:\/\/quehacerpolitico.mx\/index.php?rest_route=\/wp\/v2\/posts\/99861","targetHints":{"allow":["GET"]}}],"collection":[{"href":"https:\/\/quehacerpolitico.mx\/index.php?rest_route=\/wp\/v2\/posts"}],"about":[{"href":"https:\/\/quehacerpolitico.mx\/index.php?rest_route=\/wp\/v2\/types\/post"}],"author":[{"embeddable":true,"href":"https:\/\/quehacerpolitico.mx\/index.php?rest_route=\/wp\/v2\/users\/2"}],"replies":[{"embeddable":true,"href":"https:\/\/quehacerpolitico.mx\/index.php?rest_route=%2Fwp%2Fv2%2Fcomments&post=99861"}],"version-history":[{"count":1,"href":"https:\/\/quehacerpolitico.mx\/index.php?rest_route=\/wp\/v2\/posts\/99861\/revisions"}],"predecessor-version":[{"id":99866,"href":"https:\/\/quehacerpolitico.mx\/index.php?rest_route=\/wp\/v2\/posts\/99861\/revisions\/99866"}],"wp:featuredmedia":[{"embeddable":true,"href":"https:\/\/quehacerpolitico.mx\/index.php?rest_route=\/wp\/v2\/media\/99862"}],"wp:attachment":[{"href":"https:\/\/quehacerpolitico.mx\/index.php?rest_route=%2Fwp%2Fv2%2Fmedia&parent=99861"}],"wp:term":[{"taxonomy":"category","embeddable":true,"href":"https:\/\/quehacerpolitico.mx\/index.php?rest_route=%2Fwp%2Fv2%2Fcategories&post=99861"},{"taxonomy":"post_tag","embeddable":true,"href":"https:\/\/quehacerpolitico.mx\/index.php?rest_route=%2Fwp%2Fv2%2Ftags&post=99861"}],"curies":[{"name":"wp","href":"https:\/\/api.w.org\/{rel}","templated":true}]}}