{"id":99855,"date":"2023-04-06T00:31:44","date_gmt":"2023-04-06T00:31:44","guid":{"rendered":"https:\/\/quehacerpolitico.mx\/?p=99855"},"modified":"2023-04-06T00:31:47","modified_gmt":"2023-04-06T00:31:47","slug":"la-compra-de-centrales-de-iberdrola-por-amlo-significa-la-nacionalizacion-de-la-industria-electrica-no-de-acuerdo-a-la-opinion-del-imco","status":"publish","type":"post","link":"https:\/\/quehacerpolitico.mx\/?p=99855","title":{"rendered":"\u00bfLa compra de centrales de Iberdrola por AMLO significa la nacionalizaci\u00f3n de la industria el\u00e9ctrica? No, de acuerdo a la opini\u00f3n del IMCO"},"content":{"rendered":"\n<p>Por Redacci\u00f3n QP<\/p>\n\n\n\n<p>Esta venta es ben\u00e9fica para Iberdrola\u00a0 pues le permite liberar capital invertido en proyectos f\u00f3siles de mayor antig\u00fcedad a nuevos proyectos de energ\u00edas limpias.<\/p>\n\n\n\n<p>El Instituto Mexicano para la Competitividad (IMCO), le enmend\u00f3 la plana al presidente, Andr\u00e9s Manuel L\u00f3pez Obrador, y&nbsp;<strong>aclar\u00f3 que la compra de 13 plantas el\u00e9ctricas a Iberdrola no se trata de una nacionalizaci\u00f3n como presumi\u00f3 el mandatario<\/strong>&nbsp;al anunciar esta operaci\u00f3n e incluso explic\u00f3 que el contar con financiamiento del sector p\u00fablico no cambia que legalmente la propiedad de las centrales se mantendr\u00e1 privada.<\/p>\n\n\n\n<p>\u201cPese a contar con financiamiento p\u00fablico,\u00a0<strong>legalmente la propiedad de las centrales y la gesti\u00f3n del fideicomiso ser\u00e1 privada<\/strong>, ajena al Gobierno Federal y a la Comisi\u00f3n Federal de Electricidad (CFE)\u201d, explico el IMCO<\/p>\n\n\n\n<figure class=\"wp-block-image size-full\"><img loading=\"lazy\" decoding=\"async\" width=\"600\" height=\"404\" src=\"https:\/\/quehacerpolitico.mx\/wp-content\/uploads\/2023\/04\/image-12.jpeg\" alt=\"\" class=\"wp-image-99859\" srcset=\"https:\/\/quehacerpolitico.mx\/wp-content\/uploads\/2023\/04\/image-12.jpeg 600w, https:\/\/quehacerpolitico.mx\/wp-content\/uploads\/2023\/04\/image-12-300x202.jpeg 300w, https:\/\/quehacerpolitico.mx\/wp-content\/uploads\/2023\/04\/image-12-217x146.jpeg 217w, https:\/\/quehacerpolitico.mx\/wp-content\/uploads\/2023\/04\/image-12-50x34.jpeg 50w, https:\/\/quehacerpolitico.mx\/wp-content\/uploads\/2023\/04\/image-12-111x75.jpeg 111w\" sizes=\"auto, (max-width: 600px) 100vw, 600px\" \/><\/figure>\n\n\n\n<figure class=\"wp-block-image size-full\"><img loading=\"lazy\" decoding=\"async\" width=\"771\" height=\"398\" src=\"https:\/\/quehacerpolitico.mx\/wp-content\/uploads\/2023\/04\/image-10.jpeg\" alt=\"\" class=\"wp-image-99857\" srcset=\"https:\/\/quehacerpolitico.mx\/wp-content\/uploads\/2023\/04\/image-10.jpeg 771w, https:\/\/quehacerpolitico.mx\/wp-content\/uploads\/2023\/04\/image-10-300x155.jpeg 300w, https:\/\/quehacerpolitico.mx\/wp-content\/uploads\/2023\/04\/image-10-768x396.jpeg 768w, https:\/\/quehacerpolitico.mx\/wp-content\/uploads\/2023\/04\/image-10-260x134.jpeg 260w, https:\/\/quehacerpolitico.mx\/wp-content\/uploads\/2023\/04\/image-10-50x26.jpeg 50w, https:\/\/quehacerpolitico.mx\/wp-content\/uploads\/2023\/04\/image-10-145x75.jpeg 145w\" sizes=\"auto, (max-width: 771px) 100vw, 771px\" \/><\/figure>\n\n\n\n<p>Es decir, &#8211;agreg\u00f3&#8211;la\u00a0<strong>CFE no est\u00e1 incrementando su participaci\u00f3n de mercado<\/strong>\u00a0en la generaci\u00f3n el\u00e9ctrica.<\/p>\n\n\n\n<p>\u201cEsta venta<strong>&nbsp;no representa una nacionalizaci\u00f3n de la industria<\/strong>, ni cambia la operaci\u00f3n del Mercado El\u00e9ctrico Mayorista, \u00fanicamente cambia la propiedad de una canasta de centrales entre privados\u201d, detall\u00f3<\/p>\n\n\n\n<p>De hecho<strong>\u00a0reprocha que a\u00fan no se haya hecho p\u00fablico a cu\u00e1nto asciende la participaci\u00f3n de las entidades p\u00fablicas,<\/strong>pues hasta el momento se desconoce la composici\u00f3n del capital del fideicomiso que gestionar\u00e1 estas centrales.<\/p>\n\n\n\n<figure class=\"wp-block-embed is-type-rich is-provider-twitter wp-block-embed-twitter\"><div class=\"wp-block-embed__wrapper\">\n<blockquote class=\"twitter-tweet\" data-width=\"550\" data-dnt=\"true\"><p lang=\"es\" dir=\"ltr\">\u26a1\ufe0fHablemos -solo un poquito- de Iberdrola y de la nacionalizaci\u00f3n-que-no-es-nacionalizaci\u00f3n.<br>Iberdrola, empresa de energ\u00eda \ud83c\uddea\ud83c\uddf8, decidi\u00f3 vender por as\u00ed convenir a sus intereses, como ser\u00e1 evidente m\u00e1s adelante, 80% de sus activos en \ud83c\uddf2\ud83c\uddfd. <br>Vende las plantas a un fideicomiso PRIVADO.<\/p>&mdash; Valeria Moy (@ValeriaMoy) <a href=\"https:\/\/twitter.com\/ValeriaMoy\/status\/1643678341650849792?ref_src=twsrc%5Etfw\">April 5, 2023<\/a><\/blockquote><script async src=\"https:\/\/platform.twitter.com\/widgets.js\" charset=\"utf-8\"><\/script>\n<\/div><\/figure>\n\n\n\n<h2 class=\"wp-block-heading\">Participaci\u00f3n del Fonadin en la compra-venta<\/h2>\n\n\n\n<p>El martes 4 de abril, el presidente L\u00f3pez Obrador y la empresa de energ\u00eda Iberdrola anunciaron la compra-venta de 13 centrales de generaci\u00f3n el\u00e9ctrica en M\u00e9xico por un total de 6 mil millones de d\u00f3lares a un fideicomiso privado con&nbsp;<strong>participaci\u00f3n mayoritaria del Fondo Nacional de Infraestructura (Fonadin)<\/strong>&nbsp;y otras instituciones p\u00fablicas mexicanas, gestionado por Mexico Infrastructure Partners (MIP), una administradora de fondos mexicana enfocada en inversiones en infraestructura y energ\u00eda.<\/p>\n\n\n\n<p><strong>L\u00f3pez Obrador incluso presumi\u00f3 que se trataba de una nacionalizaci\u00f3n<\/strong>. \u201cEsta operaci\u00f3n le da mayor\u00eda en la generaci\u00f3n de energ\u00eda el\u00e9ctrica a la Comisi\u00f3n Federal de Electricidad. Esto significa el rescate de la CFE y es una nueva nacionalizaci\u00f3n de la industria el\u00e9ctrica\u201d, recalc\u00f3<\/p>\n\n\n\n<figure class=\"wp-block-image\" id=\"m5930-5929-5931\"><img decoding=\"async\" src=\"https:\/\/imagenes.cronica.com.mx\/files\/content_image_mobile_filter\/uploads\/2023\/04\/04\/642c920a58455.jpeg\" alt=\"Firma del contrato de compra-venta por parte del Gobierno federal e Ibardrola\"\/><figcaption class=\"wp-element-caption\">Firma del contrato de compra-venta por parte del Gobierno federal e Ibardrola&nbsp;Cortes\u00eda<\/figcaption><\/figure>\n\n\n\n<p>Sin embargo, el IMCO explica que no se trata de ninguna nacionalizaci\u00f3n y al contrario,&nbsp;<strong>la venta de estas centrales el\u00e9ctricas es ben\u00e9fica para Iberdrola&nbsp;<\/strong>pues esta transacci\u00f3n se da en un contexto donde la empresa espa\u00f1ola busca reducir gradualmente la huella de carbono en su matriz de generaci\u00f3n el\u00e9ctrica y centrar sus inversiones en tecnolog\u00edas de bajas en emisiones.<\/p>\n\n\n\n<p>Es decir, esta venta le permite liberar capital invertido en proyectos f\u00f3siles de mayor antig\u00fcedad a nuevos proyectos de energ\u00edas limpias.<\/p>\n\n\n\n<p>El IMCO detalla que con esta adquisici\u00f3n de plantas el\u00e9ctricas, el gobierno Federal argumenta que el porcentaje de generaci\u00f3n el\u00e9ctrica bajo control de la CFE se incrementar\u00e1 de 39.6% a 55.5%.<\/p>\n\n\n\n<figure class=\"wp-block-embed is-type-rich is-provider-twitter wp-block-embed-twitter\"><div class=\"wp-block-embed__wrapper\">\n<blockquote class=\"twitter-tweet\" data-width=\"550\" data-dnt=\"true\"><p lang=\"es\" dir=\"ltr\">\u00bfLa compra de centrales de Iberdrola significa la nacionalizaci\u00f3n de la industria el\u00e9ctrica? No, aunque contar\u00e1 con financiamiento p\u00fablico, las propiedad de las centrales no ser\u00e1 de la CFE, sino que se mantendr\u00e1 privada. <a href=\"https:\/\/t.co\/n3DwET47uq\">https:\/\/t.co\/n3DwET47uq<\/a><\/p>&mdash; IMCO (@imcomx) <a href=\"https:\/\/twitter.com\/imcomx\/status\/1643652624023945216?ref_src=twsrc%5Etfw\">April 5, 2023<\/a><\/blockquote><script async src=\"https:\/\/platform.twitter.com\/widgets.js\" charset=\"utf-8\"><\/script>\n<\/div><\/figure>\n\n\n\n<p>No obstante, aclara que la mayor parte de esta generaci\u00f3n ya est\u00e1 bajo control de CFE, dado que los PIEs ya forman parte de la matriz de generaci\u00f3n de la empresa a trav\u00e9s de la subsidiaria CFE Generaci\u00f3n V, encargada de administrar los contratos con estas centrales, de representarlas en el mercado y de reportar su estado de resultados ante la Cuenta P\u00fablica.<\/p>\n\n\n\n<p>En otras palabras,\u00a0<strong>estas centrales operan legalmente en los t\u00e9rminos impuestos por la empres<\/strong>a y forman parte jur\u00eddica, contable y econ\u00f3micamente de la CFE.<\/p>\n\n\n\n<figure class=\"wp-block-image size-full\"><img loading=\"lazy\" decoding=\"async\" width=\"739\" height=\"415\" src=\"https:\/\/quehacerpolitico.mx\/wp-content\/uploads\/2023\/04\/image-11.jpeg\" alt=\"\" class=\"wp-image-99858\" srcset=\"https:\/\/quehacerpolitico.mx\/wp-content\/uploads\/2023\/04\/image-11.jpeg 739w, https:\/\/quehacerpolitico.mx\/wp-content\/uploads\/2023\/04\/image-11-300x168.jpeg 300w, https:\/\/quehacerpolitico.mx\/wp-content\/uploads\/2023\/04\/image-11-260x146.jpeg 260w, https:\/\/quehacerpolitico.mx\/wp-content\/uploads\/2023\/04\/image-11-50x28.jpeg 50w, https:\/\/quehacerpolitico.mx\/wp-content\/uploads\/2023\/04\/image-11-134x75.jpeg 134w\" sizes=\"auto, (max-width: 739px) 100vw, 739px\" \/><\/figure>\n\n\n\n<p>Del total de activos en la transacci\u00f3n, 12 centrales son de ciclo combinado (gas natural y vapor) -8,436 MW- y una es e\u00f3lica -103 MW-. Asimismo, 10 operan bajo la figura de Productores Independientes de Energ\u00eda (PIEs) -centrales privadas que venden toda su producci\u00f3n a la CFE en contratos de hasta 30 a\u00f1os instaladas previo a la apertura del sector energ\u00e9tico en 2013\/14- y tres lo hacen de forma privada (es decir, participan directamente en el Mercado El\u00e9ctrico Mayorista).<\/p>\n\n\n\n<h2 class=\"wp-block-heading\">Riesgos para la CFE<\/h2>\n\n\n\n<p>El an\u00e1lisis del IMCO advierte que el anuncio de que CFE operar\u00e1 estas centrales no cambia el estatus de privado que a\u00fan tienen estas centrales el\u00e9ctricas pero abre la puerta a que la empresa estatal expanda las condiciones de su contrato colectivo de trabajo a los trabajadores de las nuevas centrales, y&nbsp;<strong>pone en riesgo su rentabilidad en el mediano y largo plazo,<\/strong>&nbsp;dadas las condiciones establecidas desde la renegociaci\u00f3n de 2020 que redujo en 10 a\u00f1os la edad de retiro.<\/p>\n\n\n\n<p>Abunda que hasta el momento se desconoce el monto de los recursos con los que participar\u00e1 Fonadin y el resto de las entidades p\u00fablicas, sin embargo, aunque estos no impacten la deuda p\u00fablica ni la de la CFE, el costo saldr\u00e1 de recursos p\u00fablicos.<\/p>\n\n\n\n<p>Recalca que a pesar de que en este momento no se ha desglosado a cu\u00e1nto asciende el financiamiento p\u00fablico, es necesario cuestionar la conveniencia de asignar recursos, por definici\u00f3n escasos, en adquirir centrales el\u00e9ctricas mayoritariamente ancladas en combustibles f\u00f3siles a costa de inversiones que aceleren la transici\u00f3n energ\u00e9tica en el pa\u00eds.<\/p>\n","protected":false},"excerpt":{"rendered":"<p>Por Redacci\u00f3n QP Esta venta es ben\u00e9fica para Iberdrola\u00a0 pues le permite liberar capital invertido&#8230;<\/p>\n","protected":false},"author":2,"featured_media":99856,"comment_status":"open","ping_status":"open","sticky":false,"template":"","format":"standard","meta":{"_monsterinsights_skip_tracking":false,"_monsterinsights_sitenote_active":false,"_monsterinsights_sitenote_note":"","_monsterinsights_sitenote_category":0,"footnotes":""},"categories":[2],"tags":[],"class_list":["post-99855","post","type-post","status-publish","format-standard","has-post-thumbnail","hentry","category-noticias"],"yoast_head":"<!-- This site is optimized with the Yoast SEO plugin v27.3 - https:\/\/yoast.com\/product\/yoast-seo-wordpress\/ -->\n<title>\u00bfLa compra de centrales de Iberdrola por AMLO significa la nacionalizaci\u00f3n de la industria el\u00e9ctrica? No, de acuerdo a la opini\u00f3n del IMCO -<\/title>\n<meta name=\"robots\" content=\"index, follow, max-snippet:-1, max-image-preview:large, max-video-preview:-1\" \/>\n<link rel=\"canonical\" href=\"https:\/\/quehacerpolitico.mx\/?p=99855\" \/>\n<meta property=\"og:locale\" content=\"es_MX\" \/>\n<meta property=\"og:type\" content=\"article\" \/>\n<meta property=\"og:title\" content=\"\u00bfLa compra de centrales de Iberdrola por AMLO significa la nacionalizaci\u00f3n de la industria el\u00e9ctrica? No, de acuerdo a la opini\u00f3n del IMCO -\" \/>\n<meta property=\"og:description\" content=\"Por Redacci\u00f3n QP Esta venta es ben\u00e9fica para Iberdrola\u00a0 pues le permite liberar capital invertido...\" \/>\n<meta property=\"og:url\" content=\"https:\/\/quehacerpolitico.mx\/?p=99855\" \/>\n<meta property=\"article:published_time\" content=\"2023-04-06T00:31:44+00:00\" \/>\n<meta property=\"article:modified_time\" content=\"2023-04-06T00:31:47+00:00\" \/>\n<meta property=\"og:image\" content=\"https:\/\/quehacerpolitico.mx\/wp-content\/uploads\/2023\/04\/IMG_6933.jpg\" \/>\n\t<meta property=\"og:image:width\" content=\"1200\" \/>\n\t<meta property=\"og:image:height\" content=\"600\" \/>\n\t<meta property=\"og:image:type\" content=\"image\/jpeg\" \/>\n<meta name=\"author\" content=\"Redacci\u00f3n QP\" \/>\n<meta name=\"twitter:card\" content=\"summary_large_image\" \/>\n<meta name=\"twitter:label1\" content=\"Escrito por\" \/>\n\t<meta name=\"twitter:data1\" content=\"Redacci\u00f3n QP\" \/>\n\t<meta name=\"twitter:label2\" content=\"Tiempo de lectura\" \/>\n\t<meta name=\"twitter:data2\" content=\"5 minutos\" \/>\n<script type=\"application\/ld+json\" class=\"yoast-schema-graph\">{\"@context\":\"https:\\\/\\\/schema.org\",\"@graph\":[{\"@type\":\"Article\",\"@id\":\"https:\\\/\\\/quehacerpolitico.mx\\\/?p=99855#article\",\"isPartOf\":{\"@id\":\"https:\\\/\\\/quehacerpolitico.mx\\\/?p=99855\"},\"author\":{\"name\":\"Redacci\u00f3n QP\",\"@id\":\"https:\\\/\\\/quehacerpolitico.mx\\\/#\\\/schema\\\/person\\\/496d8ad2d1d3f8036101dca7ee39e585\"},\"headline\":\"\u00bfLa compra de centrales de Iberdrola por AMLO significa la nacionalizaci\u00f3n de la industria el\u00e9ctrica? No, de acuerdo a la opini\u00f3n del IMCO\",\"datePublished\":\"2023-04-06T00:31:44+00:00\",\"dateModified\":\"2023-04-06T00:31:47+00:00\",\"mainEntityOfPage\":{\"@id\":\"https:\\\/\\\/quehacerpolitico.mx\\\/?p=99855\"},\"wordCount\":938,\"commentCount\":0,\"image\":{\"@id\":\"https:\\\/\\\/quehacerpolitico.mx\\\/?p=99855#primaryimage\"},\"thumbnailUrl\":\"https:\\\/\\\/quehacerpolitico.mx\\\/wp-content\\\/uploads\\\/2023\\\/04\\\/IMG_6933.jpg\",\"articleSection\":[\"Noticias\"],\"inLanguage\":\"es\",\"potentialAction\":[{\"@type\":\"CommentAction\",\"name\":\"Comment\",\"target\":[\"https:\\\/\\\/quehacerpolitico.mx\\\/?p=99855#respond\"]}]},{\"@type\":\"WebPage\",\"@id\":\"https:\\\/\\\/quehacerpolitico.mx\\\/?p=99855\",\"url\":\"https:\\\/\\\/quehacerpolitico.mx\\\/?p=99855\",\"name\":\"\u00bfLa compra de centrales de Iberdrola por AMLO significa la nacionalizaci\u00f3n de la industria el\u00e9ctrica? No, de acuerdo a la opini\u00f3n del IMCO -\",\"isPartOf\":{\"@id\":\"https:\\\/\\\/quehacerpolitico.mx\\\/#website\"},\"primaryImageOfPage\":{\"@id\":\"https:\\\/\\\/quehacerpolitico.mx\\\/?p=99855#primaryimage\"},\"image\":{\"@id\":\"https:\\\/\\\/quehacerpolitico.mx\\\/?p=99855#primaryimage\"},\"thumbnailUrl\":\"https:\\\/\\\/quehacerpolitico.mx\\\/wp-content\\\/uploads\\\/2023\\\/04\\\/IMG_6933.jpg\",\"datePublished\":\"2023-04-06T00:31:44+00:00\",\"dateModified\":\"2023-04-06T00:31:47+00:00\",\"author\":{\"@id\":\"https:\\\/\\\/quehacerpolitico.mx\\\/#\\\/schema\\\/person\\\/496d8ad2d1d3f8036101dca7ee39e585\"},\"breadcrumb\":{\"@id\":\"https:\\\/\\\/quehacerpolitico.mx\\\/?p=99855#breadcrumb\"},\"inLanguage\":\"es\",\"potentialAction\":[{\"@type\":\"ReadAction\",\"target\":[\"https:\\\/\\\/quehacerpolitico.mx\\\/?p=99855\"]}]},{\"@type\":\"ImageObject\",\"inLanguage\":\"es\",\"@id\":\"https:\\\/\\\/quehacerpolitico.mx\\\/?p=99855#primaryimage\",\"url\":\"https:\\\/\\\/quehacerpolitico.mx\\\/wp-content\\\/uploads\\\/2023\\\/04\\\/IMG_6933.jpg\",\"contentUrl\":\"https:\\\/\\\/quehacerpolitico.mx\\\/wp-content\\\/uploads\\\/2023\\\/04\\\/IMG_6933.jpg\",\"width\":1200,\"height\":600},{\"@type\":\"BreadcrumbList\",\"@id\":\"https:\\\/\\\/quehacerpolitico.mx\\\/?p=99855#breadcrumb\",\"itemListElement\":[{\"@type\":\"ListItem\",\"position\":1,\"name\":\"Inicio\",\"item\":\"https:\\\/\\\/quehacerpolitico.mx\\\/\"},{\"@type\":\"ListItem\",\"position\":2,\"name\":\"\u00bfLa compra de centrales de Iberdrola por AMLO significa la nacionalizaci\u00f3n de la industria el\u00e9ctrica? No, de acuerdo a la opini\u00f3n del IMCO\"}]},{\"@type\":\"WebSite\",\"@id\":\"https:\\\/\\\/quehacerpolitico.mx\\\/#website\",\"url\":\"https:\\\/\\\/quehacerpolitico.mx\\\/\",\"name\":\"\",\"description\":\"\",\"potentialAction\":[{\"@type\":\"SearchAction\",\"target\":{\"@type\":\"EntryPoint\",\"urlTemplate\":\"https:\\\/\\\/quehacerpolitico.mx\\\/?s={search_term_string}\"},\"query-input\":{\"@type\":\"PropertyValueSpecification\",\"valueRequired\":true,\"valueName\":\"search_term_string\"}}],\"inLanguage\":\"es\"},{\"@type\":\"Person\",\"@id\":\"https:\\\/\\\/quehacerpolitico.mx\\\/#\\\/schema\\\/person\\\/496d8ad2d1d3f8036101dca7ee39e585\",\"name\":\"Redacci\u00f3n QP\",\"image\":{\"@type\":\"ImageObject\",\"inLanguage\":\"es\",\"@id\":\"https:\\\/\\\/secure.gravatar.com\\\/avatar\\\/c7164ed6fdec453195284ad24a5ae5b6e1eed2b848477fa2a4787ba9adf39a41?s=96&d=mm&r=g\",\"url\":\"https:\\\/\\\/secure.gravatar.com\\\/avatar\\\/c7164ed6fdec453195284ad24a5ae5b6e1eed2b848477fa2a4787ba9adf39a41?s=96&d=mm&r=g\",\"contentUrl\":\"https:\\\/\\\/secure.gravatar.com\\\/avatar\\\/c7164ed6fdec453195284ad24a5ae5b6e1eed2b848477fa2a4787ba9adf39a41?s=96&d=mm&r=g\",\"caption\":\"Redacci\u00f3n QP\"},\"url\":\"https:\\\/\\\/quehacerpolitico.mx\\\/?author=2\"}]}<\/script>\n<!-- \/ Yoast SEO plugin. -->","yoast_head_json":{"title":"\u00bfLa compra de centrales de Iberdrola por AMLO significa la nacionalizaci\u00f3n de la industria el\u00e9ctrica? No, de acuerdo a la opini\u00f3n del IMCO -","robots":{"index":"index","follow":"follow","max-snippet":"max-snippet:-1","max-image-preview":"max-image-preview:large","max-video-preview":"max-video-preview:-1"},"canonical":"https:\/\/quehacerpolitico.mx\/?p=99855","og_locale":"es_MX","og_type":"article","og_title":"\u00bfLa compra de centrales de Iberdrola por AMLO significa la nacionalizaci\u00f3n de la industria el\u00e9ctrica? No, de acuerdo a la opini\u00f3n del IMCO -","og_description":"Por Redacci\u00f3n QP Esta venta es ben\u00e9fica para Iberdrola\u00a0 pues le permite liberar capital invertido...","og_url":"https:\/\/quehacerpolitico.mx\/?p=99855","article_published_time":"2023-04-06T00:31:44+00:00","article_modified_time":"2023-04-06T00:31:47+00:00","og_image":[{"width":1200,"height":600,"url":"https:\/\/quehacerpolitico.mx\/wp-content\/uploads\/2023\/04\/IMG_6933.jpg","type":"image\/jpeg"}],"author":"Redacci\u00f3n QP","twitter_card":"summary_large_image","twitter_misc":{"Escrito por":"Redacci\u00f3n QP","Tiempo de lectura":"5 minutos"},"schema":{"@context":"https:\/\/schema.org","@graph":[{"@type":"Article","@id":"https:\/\/quehacerpolitico.mx\/?p=99855#article","isPartOf":{"@id":"https:\/\/quehacerpolitico.mx\/?p=99855"},"author":{"name":"Redacci\u00f3n QP","@id":"https:\/\/quehacerpolitico.mx\/#\/schema\/person\/496d8ad2d1d3f8036101dca7ee39e585"},"headline":"\u00bfLa compra de centrales de Iberdrola por AMLO significa la nacionalizaci\u00f3n de la industria el\u00e9ctrica? No, de acuerdo a la opini\u00f3n del IMCO","datePublished":"2023-04-06T00:31:44+00:00","dateModified":"2023-04-06T00:31:47+00:00","mainEntityOfPage":{"@id":"https:\/\/quehacerpolitico.mx\/?p=99855"},"wordCount":938,"commentCount":0,"image":{"@id":"https:\/\/quehacerpolitico.mx\/?p=99855#primaryimage"},"thumbnailUrl":"https:\/\/quehacerpolitico.mx\/wp-content\/uploads\/2023\/04\/IMG_6933.jpg","articleSection":["Noticias"],"inLanguage":"es","potentialAction":[{"@type":"CommentAction","name":"Comment","target":["https:\/\/quehacerpolitico.mx\/?p=99855#respond"]}]},{"@type":"WebPage","@id":"https:\/\/quehacerpolitico.mx\/?p=99855","url":"https:\/\/quehacerpolitico.mx\/?p=99855","name":"\u00bfLa compra de centrales de Iberdrola por AMLO significa la nacionalizaci\u00f3n de la industria el\u00e9ctrica? No, de acuerdo a la opini\u00f3n del IMCO -","isPartOf":{"@id":"https:\/\/quehacerpolitico.mx\/#website"},"primaryImageOfPage":{"@id":"https:\/\/quehacerpolitico.mx\/?p=99855#primaryimage"},"image":{"@id":"https:\/\/quehacerpolitico.mx\/?p=99855#primaryimage"},"thumbnailUrl":"https:\/\/quehacerpolitico.mx\/wp-content\/uploads\/2023\/04\/IMG_6933.jpg","datePublished":"2023-04-06T00:31:44+00:00","dateModified":"2023-04-06T00:31:47+00:00","author":{"@id":"https:\/\/quehacerpolitico.mx\/#\/schema\/person\/496d8ad2d1d3f8036101dca7ee39e585"},"breadcrumb":{"@id":"https:\/\/quehacerpolitico.mx\/?p=99855#breadcrumb"},"inLanguage":"es","potentialAction":[{"@type":"ReadAction","target":["https:\/\/quehacerpolitico.mx\/?p=99855"]}]},{"@type":"ImageObject","inLanguage":"es","@id":"https:\/\/quehacerpolitico.mx\/?p=99855#primaryimage","url":"https:\/\/quehacerpolitico.mx\/wp-content\/uploads\/2023\/04\/IMG_6933.jpg","contentUrl":"https:\/\/quehacerpolitico.mx\/wp-content\/uploads\/2023\/04\/IMG_6933.jpg","width":1200,"height":600},{"@type":"BreadcrumbList","@id":"https:\/\/quehacerpolitico.mx\/?p=99855#breadcrumb","itemListElement":[{"@type":"ListItem","position":1,"name":"Inicio","item":"https:\/\/quehacerpolitico.mx\/"},{"@type":"ListItem","position":2,"name":"\u00bfLa compra de centrales de Iberdrola por AMLO significa la nacionalizaci\u00f3n de la industria el\u00e9ctrica? No, de acuerdo a la opini\u00f3n del IMCO"}]},{"@type":"WebSite","@id":"https:\/\/quehacerpolitico.mx\/#website","url":"https:\/\/quehacerpolitico.mx\/","name":"","description":"","potentialAction":[{"@type":"SearchAction","target":{"@type":"EntryPoint","urlTemplate":"https:\/\/quehacerpolitico.mx\/?s={search_term_string}"},"query-input":{"@type":"PropertyValueSpecification","valueRequired":true,"valueName":"search_term_string"}}],"inLanguage":"es"},{"@type":"Person","@id":"https:\/\/quehacerpolitico.mx\/#\/schema\/person\/496d8ad2d1d3f8036101dca7ee39e585","name":"Redacci\u00f3n QP","image":{"@type":"ImageObject","inLanguage":"es","@id":"https:\/\/secure.gravatar.com\/avatar\/c7164ed6fdec453195284ad24a5ae5b6e1eed2b848477fa2a4787ba9adf39a41?s=96&d=mm&r=g","url":"https:\/\/secure.gravatar.com\/avatar\/c7164ed6fdec453195284ad24a5ae5b6e1eed2b848477fa2a4787ba9adf39a41?s=96&d=mm&r=g","contentUrl":"https:\/\/secure.gravatar.com\/avatar\/c7164ed6fdec453195284ad24a5ae5b6e1eed2b848477fa2a4787ba9adf39a41?s=96&d=mm&r=g","caption":"Redacci\u00f3n QP"},"url":"https:\/\/quehacerpolitico.mx\/?author=2"}]}},"featured_image_urls":{"full":["https:\/\/quehacerpolitico.mx\/wp-content\/uploads\/2023\/04\/IMG_6933.jpg",1200,600,false],"thumbnail":["https:\/\/quehacerpolitico.mx\/wp-content\/uploads\/2023\/04\/IMG_6933-150x150.jpg",150,150,true],"medium":["https:\/\/quehacerpolitico.mx\/wp-content\/uploads\/2023\/04\/IMG_6933-300x150.jpg",300,150,true],"medium_large":["https:\/\/quehacerpolitico.mx\/wp-content\/uploads\/2023\/04\/IMG_6933-768x384.jpg",640,320,true],"large":["https:\/\/quehacerpolitico.mx\/wp-content\/uploads\/2023\/04\/IMG_6933-1024x512.jpg",640,320,true],"1536x1536":["https:\/\/quehacerpolitico.mx\/wp-content\/uploads\/2023\/04\/IMG_6933.jpg",1200,600,false],"2048x2048":["https:\/\/quehacerpolitico.mx\/wp-content\/uploads\/2023\/04\/IMG_6933.jpg",1200,600,false],"covernews-featured":["https:\/\/quehacerpolitico.mx\/wp-content\/uploads\/2023\/04\/IMG_6933.jpg",1024,512,false],"covernews-medium":["https:\/\/quehacerpolitico.mx\/wp-content\/uploads\/2023\/04\/IMG_6933.jpg",540,270,false]},"author_info":{"display_name":"Redacci\u00f3n QP","author_link":"https:\/\/quehacerpolitico.mx\/?author=2"},"category_info":"<a href=\"https:\/\/quehacerpolitico.mx\/?cat=2\" rel=\"category\">Noticias<\/a>","tag_info":"Noticias","comment_count":"0","_links":{"self":[{"href":"https:\/\/quehacerpolitico.mx\/index.php?rest_route=\/wp\/v2\/posts\/99855","targetHints":{"allow":["GET"]}}],"collection":[{"href":"https:\/\/quehacerpolitico.mx\/index.php?rest_route=\/wp\/v2\/posts"}],"about":[{"href":"https:\/\/quehacerpolitico.mx\/index.php?rest_route=\/wp\/v2\/types\/post"}],"author":[{"embeddable":true,"href":"https:\/\/quehacerpolitico.mx\/index.php?rest_route=\/wp\/v2\/users\/2"}],"replies":[{"embeddable":true,"href":"https:\/\/quehacerpolitico.mx\/index.php?rest_route=%2Fwp%2Fv2%2Fcomments&post=99855"}],"version-history":[{"count":1,"href":"https:\/\/quehacerpolitico.mx\/index.php?rest_route=\/wp\/v2\/posts\/99855\/revisions"}],"predecessor-version":[{"id":99860,"href":"https:\/\/quehacerpolitico.mx\/index.php?rest_route=\/wp\/v2\/posts\/99855\/revisions\/99860"}],"wp:featuredmedia":[{"embeddable":true,"href":"https:\/\/quehacerpolitico.mx\/index.php?rest_route=\/wp\/v2\/media\/99856"}],"wp:attachment":[{"href":"https:\/\/quehacerpolitico.mx\/index.php?rest_route=%2Fwp%2Fv2%2Fmedia&parent=99855"}],"wp:term":[{"taxonomy":"category","embeddable":true,"href":"https:\/\/quehacerpolitico.mx\/index.php?rest_route=%2Fwp%2Fv2%2Fcategories&post=99855"},{"taxonomy":"post_tag","embeddable":true,"href":"https:\/\/quehacerpolitico.mx\/index.php?rest_route=%2Fwp%2Fv2%2Ftags&post=99855"}],"curies":[{"name":"wp","href":"https:\/\/api.w.org\/{rel}","templated":true}]}}