{"id":99834,"date":"2023-04-05T20:40:13","date_gmt":"2023-04-05T20:40:13","guid":{"rendered":"https:\/\/quehacerpolitico.mx\/?p=99834"},"modified":"2023-04-05T20:40:17","modified_gmt":"2023-04-05T20:40:17","slug":"los-bebes-que-nacen-en-la-cdmx-tienen-huellas-de-la-contaminacion-atmosferica-en-su-material-genetico-y-pueden-sufrir-mutaciones","status":"publish","type":"post","link":"https:\/\/quehacerpolitico.mx\/?p=99834","title":{"rendered":"Los\u00a0beb\u00e9s\u00a0que nacen en la\u00a0CDMX\u00a0tienen \u201chuellas\u201d de la\u00a0contaminaci\u00f3n atmosf\u00e9rica\u00a0en su material gen\u00e9tico y pueden sufrir\u00a0mutaciones"},"content":{"rendered":"\n<p>Por Redacci\u00f3n QP<\/p>\n\n\n\n<p>Cient\u00edficos de la UNAM hallaron que la contaminaci\u00f3n atmosf\u00e9rica en la CDMX podr\u00eda provocar mutaciones gen\u00e9ticas en los beb\u00e9s que nacen<\/p>\n\n\n\n<p>Los&nbsp;<strong>beb\u00e9s<\/strong>&nbsp;que nacen en la<strong>&nbsp;Ciudad de M\u00e9xico<\/strong>&nbsp;tienen \u201chuellas\u201d de la&nbsp;<strong>contaminaci\u00f3n atmosf\u00e9rica<\/strong>&nbsp;en su material gen\u00e9tico y pueden sufrir&nbsp;<strong>mutaciones<\/strong>, seg\u00fan revel\u00f3 un estudio de la Universidad Nacional Aut\u00f3noma de M\u00e9xico (Unam).<\/p>\n\n\n\n<p>El\u00a0estudio, efectuado en la Ciudad de M\u00e9xico, se realiz\u00f3 a cerca de 300 mujeres y sus reci\u00e9n nacidos. Las mam\u00e1s viv\u00edan en el norte de la metr\u00f3poli y en la\u00a0<strong>alcald\u00eda Iztapalapa<\/strong>, en el oriente de la capital mexicana.<\/p>\n\n\n\n<figure class=\"wp-block-embed is-type-video is-provider-youtube wp-block-embed-youtube wp-embed-aspect-16-9 wp-has-aspect-ratio\"><div class=\"wp-block-embed__wrapper\">\n<iframe loading=\"lazy\" title=\"Afecta contaminaci\u00f3n atmosf\u00e9rica material gen\u00e9tico, peso y talla de reci\u00e9n nacidos\" width=\"640\" height=\"360\" src=\"https:\/\/www.youtube.com\/embed\/liS3apVif9M?feature=oembed\" frameborder=\"0\" allow=\"accelerometer; autoplay; clipboard-write; encrypted-media; gyroscope; picture-in-picture; web-share\" referrerpolicy=\"strict-origin-when-cross-origin\" allowfullscreen><\/iframe>\n<\/div><\/figure>\n\n\n\n<p>Seg\u00fan los datos recabados por la investigaci\u00f3n, una mayor exposici\u00f3n a los&nbsp;<strong>contaminantes<\/strong>&nbsp;en el aire impacta en&nbsp;<strong>menor peso y talla<\/strong>&nbsp;al nacer, precis\u00f3 Mar\u00eda Eugenia Gonsebatt Bonaparte, acad\u00e9mica del Instituto de Investigaciones Biom\u00e9dicas de la UNAM, que lider\u00f3 el estudio.<\/p>\n\n\n\n<p>\u201cQuer\u00edamos saber si la contaminaci\u00f3n atmosf\u00e9rica afectaba de alguna manera al reci\u00e9n nacido, pues ya hab\u00eda estudios similares en otras ciudades del mundo. Y s\u00ed, el aire contaminado que respiran las mam\u00e1s llega a los beb\u00e9s\u201d, dijo la tambi\u00e9n investigadora del Departamento de Medicina Gen\u00f3mica y Toxicolog\u00eda Ambiental.<\/p>\n\n\n\n<p>Explic\u00f3 que pudieron detectar que algunas part\u00edculas que circulan en el aire se unen con material gen\u00e9tico y forman aductos de hidrocarburos arom\u00e1ticos polic\u00edclicos.<\/p>\n\n\n\n<p>\u201cLa quema de los combustibles -gasolinas, gas- as\u00ed como los incendios liberan a la atm\u00f3sfera part\u00edculas que reaccionan con nuestras c\u00e9lulas, se unen al material gen\u00e9tico y producen estos aductos que causan mutaciones en nuestro material gen\u00e9tico, por lo que se consideran peligrosos\u201d, subray\u00f3.<\/p>\n\n\n\n<p>Para el estudio se analizaron los niveles de material particulado \u2013<strong>PM2.5<\/strong>\u2013 y&nbsp;<strong>Ozono<\/strong>&nbsp;reportado por la Red Autom\u00e1tica de Monitoreo Atmosf\u00e9rico de la Zona Metropolitana del Valle de M\u00e9xico (ZMVM) de las \u00e1reas en las que viv\u00edan las mujeres embarazadas.<\/p>\n\n\n\n<p>Adem\u00e1s, les tomaron muestras de sangre y tambi\u00e9n del cord\u00f3n umbilical de sus reci\u00e9n nacidos.<\/p>\n\n\n\n<p>Se asegur\u00f3 que las madres no fueran fumadoras o vivieran con un fumador, y que los beb\u00e9s estuvieran sanos y su nacimiento llegara a t\u00e9rmino.<\/p>\n\n\n\n<p>\u201cConsideramos las part\u00edculas como indicador de que hab\u00eda contaminaci\u00f3n y vimos que mientras m\u00e1s expuestos estaban las mam\u00e1s y los beb\u00e9s, m\u00e1s aductos de hidrocarburos ten\u00edan en su material gen\u00e9tico y m\u00e1s da\u00f1o en sus c\u00e9lulas sangu\u00edneas\u201d, destac\u00f3 la experta universitaria.<\/p>\n\n\n\n<p>A\u00fan no se conocen los efectos que a largo plazo podr\u00edan tener los infantes sujetos a esta poluci\u00f3n. Algunos estudios se\u00f1alan mayor probabilidad a presentar&nbsp;<strong>asma<\/strong>, y otros indican que de adultos tendr\u00edan m\u00e1s riesgo a desarrollar enfermedades como&nbsp;<strong>c\u00e1ncer<\/strong>, a\u00f1adi\u00f3 Gonsebatt Bonaparte.<\/p>\n\n\n\n<p>\u201cNo podr\u00edamos asegurar que eso va a pasar con los ni\u00f1os, pero es una luz roja o amarilla, al menos, para seguir monitoreando la contaminaci\u00f3n, no cesar en la lucha por disminuirla; que se sigan implementando medidas para reducir las contingencias y los incendios en la Ciudad de M\u00e9xico\u201d, asever\u00f3 la especialista.<\/p>\n\n\n\n<p>El estudio se realiz\u00f3 de 2014 a 2016, con el apoyo de la UNAM y del Consejo Nacional de Ciencia y Tecnolog\u00eda, pero fue apenas ahora que se dieron a conocer los resultados.<\/p>\n\n\n\n<p>De acuerdo con la Organizaci\u00f3n Mundial de la Salud (OMS), en 2022, aproximadamente un 99 por ciento de la poblaci\u00f3n mundial viv\u00eda en lugares donde no se respetaban las directrices de la OMS.<\/p>\n\n\n\n<p>La experta universitaria consider\u00f3 que se debe continuar con la investigaci\u00f3n en la materia, evitar incendios, quema de combustibles al aire libre, disminuir el uso de coches con mala combusti\u00f3n y optar por los autos h\u00edbridos o el\u00e9ctricos, entre otras medidas.<\/p>\n\n\n\n<p>Con informaci\u00f3n de EFE<\/p>\n","protected":false},"excerpt":{"rendered":"<p>Por Redacci\u00f3n QP Cient\u00edficos de la UNAM hallaron que la contaminaci\u00f3n atmosf\u00e9rica en la CDMX&#8230;<\/p>\n","protected":false},"author":2,"featured_media":99835,"comment_status":"open","ping_status":"open","sticky":false,"template":"","format":"standard","meta":{"_monsterinsights_skip_tracking":false,"_monsterinsights_sitenote_active":false,"_monsterinsights_sitenote_note":"","_monsterinsights_sitenote_category":0,"footnotes":""},"categories":[55],"tags":[],"class_list":["post-99834","post","type-post","status-publish","format-standard","has-post-thumbnail","hentry","category-cdmx"],"yoast_head":"<!-- This site is optimized with the Yoast SEO plugin v27.3 - https:\/\/yoast.com\/product\/yoast-seo-wordpress\/ -->\n<title>Los\u00a0beb\u00e9s\u00a0que nacen en la\u00a0CDMX\u00a0tienen \u201chuellas\u201d de la\u00a0contaminaci\u00f3n atmosf\u00e9rica\u00a0en su material gen\u00e9tico y pueden sufrir\u00a0mutaciones -<\/title>\n<meta name=\"robots\" content=\"index, follow, max-snippet:-1, max-image-preview:large, max-video-preview:-1\" \/>\n<link rel=\"canonical\" href=\"https:\/\/quehacerpolitico.mx\/?p=99834\" \/>\n<meta property=\"og:locale\" content=\"es_MX\" \/>\n<meta property=\"og:type\" content=\"article\" \/>\n<meta property=\"og:title\" content=\"Los\u00a0beb\u00e9s\u00a0que nacen en la\u00a0CDMX\u00a0tienen \u201chuellas\u201d de la\u00a0contaminaci\u00f3n atmosf\u00e9rica\u00a0en su material gen\u00e9tico y pueden sufrir\u00a0mutaciones -\" \/>\n<meta property=\"og:description\" content=\"Por Redacci\u00f3n QP Cient\u00edficos de la UNAM hallaron que la contaminaci\u00f3n atmosf\u00e9rica en la CDMX...\" \/>\n<meta property=\"og:url\" content=\"https:\/\/quehacerpolitico.mx\/?p=99834\" \/>\n<meta property=\"article:published_time\" content=\"2023-04-05T20:40:13+00:00\" \/>\n<meta property=\"article:modified_time\" content=\"2023-04-05T20:40:17+00:00\" \/>\n<meta property=\"og:image\" content=\"https:\/\/quehacerpolitico.mx\/wp-content\/uploads\/2023\/04\/IMG_6918.jpeg\" \/>\n\t<meta property=\"og:image:width\" content=\"739\" \/>\n\t<meta property=\"og:image:height\" content=\"415\" \/>\n\t<meta property=\"og:image:type\" content=\"image\/jpeg\" \/>\n<meta name=\"author\" content=\"Redacci\u00f3n QP\" \/>\n<meta name=\"twitter:card\" content=\"summary_large_image\" \/>\n<meta name=\"twitter:label1\" content=\"Escrito por\" \/>\n\t<meta name=\"twitter:data1\" content=\"Redacci\u00f3n QP\" \/>\n\t<meta name=\"twitter:label2\" content=\"Tiempo de lectura\" \/>\n\t<meta name=\"twitter:data2\" content=\"3 minutos\" \/>\n<script type=\"application\/ld+json\" class=\"yoast-schema-graph\">{\"@context\":\"https:\\\/\\\/schema.org\",\"@graph\":[{\"@type\":\"Article\",\"@id\":\"https:\\\/\\\/quehacerpolitico.mx\\\/?p=99834#article\",\"isPartOf\":{\"@id\":\"https:\\\/\\\/quehacerpolitico.mx\\\/?p=99834\"},\"author\":{\"name\":\"Redacci\u00f3n QP\",\"@id\":\"https:\\\/\\\/quehacerpolitico.mx\\\/#\\\/schema\\\/person\\\/496d8ad2d1d3f8036101dca7ee39e585\"},\"headline\":\"Los\u00a0beb\u00e9s\u00a0que nacen en la\u00a0CDMX\u00a0tienen \u201chuellas\u201d de la\u00a0contaminaci\u00f3n atmosf\u00e9rica\u00a0en su material gen\u00e9tico y pueden sufrir\u00a0mutaciones\",\"datePublished\":\"2023-04-05T20:40:13+00:00\",\"dateModified\":\"2023-04-05T20:40:17+00:00\",\"mainEntityOfPage\":{\"@id\":\"https:\\\/\\\/quehacerpolitico.mx\\\/?p=99834\"},\"wordCount\":715,\"commentCount\":0,\"image\":{\"@id\":\"https:\\\/\\\/quehacerpolitico.mx\\\/?p=99834#primaryimage\"},\"thumbnailUrl\":\"https:\\\/\\\/quehacerpolitico.mx\\\/wp-content\\\/uploads\\\/2023\\\/04\\\/IMG_6918.jpeg\",\"articleSection\":[\"CDMX\"],\"inLanguage\":\"es\",\"potentialAction\":[{\"@type\":\"CommentAction\",\"name\":\"Comment\",\"target\":[\"https:\\\/\\\/quehacerpolitico.mx\\\/?p=99834#respond\"]}]},{\"@type\":\"WebPage\",\"@id\":\"https:\\\/\\\/quehacerpolitico.mx\\\/?p=99834\",\"url\":\"https:\\\/\\\/quehacerpolitico.mx\\\/?p=99834\",\"name\":\"Los\u00a0beb\u00e9s\u00a0que nacen en la\u00a0CDMX\u00a0tienen \u201chuellas\u201d de la\u00a0contaminaci\u00f3n atmosf\u00e9rica\u00a0en su material gen\u00e9tico y pueden sufrir\u00a0mutaciones -\",\"isPartOf\":{\"@id\":\"https:\\\/\\\/quehacerpolitico.mx\\\/#website\"},\"primaryImageOfPage\":{\"@id\":\"https:\\\/\\\/quehacerpolitico.mx\\\/?p=99834#primaryimage\"},\"image\":{\"@id\":\"https:\\\/\\\/quehacerpolitico.mx\\\/?p=99834#primaryimage\"},\"thumbnailUrl\":\"https:\\\/\\\/quehacerpolitico.mx\\\/wp-content\\\/uploads\\\/2023\\\/04\\\/IMG_6918.jpeg\",\"datePublished\":\"2023-04-05T20:40:13+00:00\",\"dateModified\":\"2023-04-05T20:40:17+00:00\",\"author\":{\"@id\":\"https:\\\/\\\/quehacerpolitico.mx\\\/#\\\/schema\\\/person\\\/496d8ad2d1d3f8036101dca7ee39e585\"},\"breadcrumb\":{\"@id\":\"https:\\\/\\\/quehacerpolitico.mx\\\/?p=99834#breadcrumb\"},\"inLanguage\":\"es\",\"potentialAction\":[{\"@type\":\"ReadAction\",\"target\":[\"https:\\\/\\\/quehacerpolitico.mx\\\/?p=99834\"]}]},{\"@type\":\"ImageObject\",\"inLanguage\":\"es\",\"@id\":\"https:\\\/\\\/quehacerpolitico.mx\\\/?p=99834#primaryimage\",\"url\":\"https:\\\/\\\/quehacerpolitico.mx\\\/wp-content\\\/uploads\\\/2023\\\/04\\\/IMG_6918.jpeg\",\"contentUrl\":\"https:\\\/\\\/quehacerpolitico.mx\\\/wp-content\\\/uploads\\\/2023\\\/04\\\/IMG_6918.jpeg\",\"width\":739,\"height\":415},{\"@type\":\"BreadcrumbList\",\"@id\":\"https:\\\/\\\/quehacerpolitico.mx\\\/?p=99834#breadcrumb\",\"itemListElement\":[{\"@type\":\"ListItem\",\"position\":1,\"name\":\"Inicio\",\"item\":\"https:\\\/\\\/quehacerpolitico.mx\\\/\"},{\"@type\":\"ListItem\",\"position\":2,\"name\":\"Los\u00a0beb\u00e9s\u00a0que nacen en la\u00a0CDMX\u00a0tienen \u201chuellas\u201d de la\u00a0contaminaci\u00f3n atmosf\u00e9rica\u00a0en su material gen\u00e9tico y pueden sufrir\u00a0mutaciones\"}]},{\"@type\":\"WebSite\",\"@id\":\"https:\\\/\\\/quehacerpolitico.mx\\\/#website\",\"url\":\"https:\\\/\\\/quehacerpolitico.mx\\\/\",\"name\":\"\",\"description\":\"\",\"potentialAction\":[{\"@type\":\"SearchAction\",\"target\":{\"@type\":\"EntryPoint\",\"urlTemplate\":\"https:\\\/\\\/quehacerpolitico.mx\\\/?s={search_term_string}\"},\"query-input\":{\"@type\":\"PropertyValueSpecification\",\"valueRequired\":true,\"valueName\":\"search_term_string\"}}],\"inLanguage\":\"es\"},{\"@type\":\"Person\",\"@id\":\"https:\\\/\\\/quehacerpolitico.mx\\\/#\\\/schema\\\/person\\\/496d8ad2d1d3f8036101dca7ee39e585\",\"name\":\"Redacci\u00f3n QP\",\"image\":{\"@type\":\"ImageObject\",\"inLanguage\":\"es\",\"@id\":\"https:\\\/\\\/secure.gravatar.com\\\/avatar\\\/c7164ed6fdec453195284ad24a5ae5b6e1eed2b848477fa2a4787ba9adf39a41?s=96&d=mm&r=g\",\"url\":\"https:\\\/\\\/secure.gravatar.com\\\/avatar\\\/c7164ed6fdec453195284ad24a5ae5b6e1eed2b848477fa2a4787ba9adf39a41?s=96&d=mm&r=g\",\"contentUrl\":\"https:\\\/\\\/secure.gravatar.com\\\/avatar\\\/c7164ed6fdec453195284ad24a5ae5b6e1eed2b848477fa2a4787ba9adf39a41?s=96&d=mm&r=g\",\"caption\":\"Redacci\u00f3n QP\"},\"url\":\"https:\\\/\\\/quehacerpolitico.mx\\\/?author=2\"}]}<\/script>\n<!-- \/ Yoast SEO plugin. -->","yoast_head_json":{"title":"Los\u00a0beb\u00e9s\u00a0que nacen en la\u00a0CDMX\u00a0tienen \u201chuellas\u201d de la\u00a0contaminaci\u00f3n atmosf\u00e9rica\u00a0en su material gen\u00e9tico y pueden sufrir\u00a0mutaciones -","robots":{"index":"index","follow":"follow","max-snippet":"max-snippet:-1","max-image-preview":"max-image-preview:large","max-video-preview":"max-video-preview:-1"},"canonical":"https:\/\/quehacerpolitico.mx\/?p=99834","og_locale":"es_MX","og_type":"article","og_title":"Los\u00a0beb\u00e9s\u00a0que nacen en la\u00a0CDMX\u00a0tienen \u201chuellas\u201d de la\u00a0contaminaci\u00f3n atmosf\u00e9rica\u00a0en su material gen\u00e9tico y pueden sufrir\u00a0mutaciones -","og_description":"Por Redacci\u00f3n QP Cient\u00edficos de la UNAM hallaron que la contaminaci\u00f3n atmosf\u00e9rica en la CDMX...","og_url":"https:\/\/quehacerpolitico.mx\/?p=99834","article_published_time":"2023-04-05T20:40:13+00:00","article_modified_time":"2023-04-05T20:40:17+00:00","og_image":[{"width":739,"height":415,"url":"https:\/\/quehacerpolitico.mx\/wp-content\/uploads\/2023\/04\/IMG_6918.jpeg","type":"image\/jpeg"}],"author":"Redacci\u00f3n QP","twitter_card":"summary_large_image","twitter_misc":{"Escrito por":"Redacci\u00f3n QP","Tiempo de lectura":"3 minutos"},"schema":{"@context":"https:\/\/schema.org","@graph":[{"@type":"Article","@id":"https:\/\/quehacerpolitico.mx\/?p=99834#article","isPartOf":{"@id":"https:\/\/quehacerpolitico.mx\/?p=99834"},"author":{"name":"Redacci\u00f3n QP","@id":"https:\/\/quehacerpolitico.mx\/#\/schema\/person\/496d8ad2d1d3f8036101dca7ee39e585"},"headline":"Los\u00a0beb\u00e9s\u00a0que nacen en la\u00a0CDMX\u00a0tienen \u201chuellas\u201d de la\u00a0contaminaci\u00f3n atmosf\u00e9rica\u00a0en su material gen\u00e9tico y pueden sufrir\u00a0mutaciones","datePublished":"2023-04-05T20:40:13+00:00","dateModified":"2023-04-05T20:40:17+00:00","mainEntityOfPage":{"@id":"https:\/\/quehacerpolitico.mx\/?p=99834"},"wordCount":715,"commentCount":0,"image":{"@id":"https:\/\/quehacerpolitico.mx\/?p=99834#primaryimage"},"thumbnailUrl":"https:\/\/quehacerpolitico.mx\/wp-content\/uploads\/2023\/04\/IMG_6918.jpeg","articleSection":["CDMX"],"inLanguage":"es","potentialAction":[{"@type":"CommentAction","name":"Comment","target":["https:\/\/quehacerpolitico.mx\/?p=99834#respond"]}]},{"@type":"WebPage","@id":"https:\/\/quehacerpolitico.mx\/?p=99834","url":"https:\/\/quehacerpolitico.mx\/?p=99834","name":"Los\u00a0beb\u00e9s\u00a0que nacen en la\u00a0CDMX\u00a0tienen \u201chuellas\u201d de la\u00a0contaminaci\u00f3n atmosf\u00e9rica\u00a0en su material gen\u00e9tico y pueden sufrir\u00a0mutaciones -","isPartOf":{"@id":"https:\/\/quehacerpolitico.mx\/#website"},"primaryImageOfPage":{"@id":"https:\/\/quehacerpolitico.mx\/?p=99834#primaryimage"},"image":{"@id":"https:\/\/quehacerpolitico.mx\/?p=99834#primaryimage"},"thumbnailUrl":"https:\/\/quehacerpolitico.mx\/wp-content\/uploads\/2023\/04\/IMG_6918.jpeg","datePublished":"2023-04-05T20:40:13+00:00","dateModified":"2023-04-05T20:40:17+00:00","author":{"@id":"https:\/\/quehacerpolitico.mx\/#\/schema\/person\/496d8ad2d1d3f8036101dca7ee39e585"},"breadcrumb":{"@id":"https:\/\/quehacerpolitico.mx\/?p=99834#breadcrumb"},"inLanguage":"es","potentialAction":[{"@type":"ReadAction","target":["https:\/\/quehacerpolitico.mx\/?p=99834"]}]},{"@type":"ImageObject","inLanguage":"es","@id":"https:\/\/quehacerpolitico.mx\/?p=99834#primaryimage","url":"https:\/\/quehacerpolitico.mx\/wp-content\/uploads\/2023\/04\/IMG_6918.jpeg","contentUrl":"https:\/\/quehacerpolitico.mx\/wp-content\/uploads\/2023\/04\/IMG_6918.jpeg","width":739,"height":415},{"@type":"BreadcrumbList","@id":"https:\/\/quehacerpolitico.mx\/?p=99834#breadcrumb","itemListElement":[{"@type":"ListItem","position":1,"name":"Inicio","item":"https:\/\/quehacerpolitico.mx\/"},{"@type":"ListItem","position":2,"name":"Los\u00a0beb\u00e9s\u00a0que nacen en la\u00a0CDMX\u00a0tienen \u201chuellas\u201d de la\u00a0contaminaci\u00f3n atmosf\u00e9rica\u00a0en su material gen\u00e9tico y pueden sufrir\u00a0mutaciones"}]},{"@type":"WebSite","@id":"https:\/\/quehacerpolitico.mx\/#website","url":"https:\/\/quehacerpolitico.mx\/","name":"","description":"","potentialAction":[{"@type":"SearchAction","target":{"@type":"EntryPoint","urlTemplate":"https:\/\/quehacerpolitico.mx\/?s={search_term_string}"},"query-input":{"@type":"PropertyValueSpecification","valueRequired":true,"valueName":"search_term_string"}}],"inLanguage":"es"},{"@type":"Person","@id":"https:\/\/quehacerpolitico.mx\/#\/schema\/person\/496d8ad2d1d3f8036101dca7ee39e585","name":"Redacci\u00f3n QP","image":{"@type":"ImageObject","inLanguage":"es","@id":"https:\/\/secure.gravatar.com\/avatar\/c7164ed6fdec453195284ad24a5ae5b6e1eed2b848477fa2a4787ba9adf39a41?s=96&d=mm&r=g","url":"https:\/\/secure.gravatar.com\/avatar\/c7164ed6fdec453195284ad24a5ae5b6e1eed2b848477fa2a4787ba9adf39a41?s=96&d=mm&r=g","contentUrl":"https:\/\/secure.gravatar.com\/avatar\/c7164ed6fdec453195284ad24a5ae5b6e1eed2b848477fa2a4787ba9adf39a41?s=96&d=mm&r=g","caption":"Redacci\u00f3n QP"},"url":"https:\/\/quehacerpolitico.mx\/?author=2"}]}},"featured_image_urls":{"full":["https:\/\/quehacerpolitico.mx\/wp-content\/uploads\/2023\/04\/IMG_6918.jpeg",739,415,false],"thumbnail":["https:\/\/quehacerpolitico.mx\/wp-content\/uploads\/2023\/04\/IMG_6918-150x150.jpeg",150,150,true],"medium":["https:\/\/quehacerpolitico.mx\/wp-content\/uploads\/2023\/04\/IMG_6918-300x168.jpeg",300,168,true],"medium_large":["https:\/\/quehacerpolitico.mx\/wp-content\/uploads\/2023\/04\/IMG_6918.jpeg",640,359,false],"large":["https:\/\/quehacerpolitico.mx\/wp-content\/uploads\/2023\/04\/IMG_6918.jpeg",640,359,false],"1536x1536":["https:\/\/quehacerpolitico.mx\/wp-content\/uploads\/2023\/04\/IMG_6918.jpeg",739,415,false],"2048x2048":["https:\/\/quehacerpolitico.mx\/wp-content\/uploads\/2023\/04\/IMG_6918.jpeg",739,415,false],"covernews-featured":["https:\/\/quehacerpolitico.mx\/wp-content\/uploads\/2023\/04\/IMG_6918.jpeg",739,415,false],"covernews-medium":["https:\/\/quehacerpolitico.mx\/wp-content\/uploads\/2023\/04\/IMG_6918.jpeg",540,303,false]},"author_info":{"display_name":"Redacci\u00f3n QP","author_link":"https:\/\/quehacerpolitico.mx\/?author=2"},"category_info":"<a href=\"https:\/\/quehacerpolitico.mx\/?cat=55\" rel=\"category\">CDMX<\/a>","tag_info":"CDMX","comment_count":"0","_links":{"self":[{"href":"https:\/\/quehacerpolitico.mx\/index.php?rest_route=\/wp\/v2\/posts\/99834","targetHints":{"allow":["GET"]}}],"collection":[{"href":"https:\/\/quehacerpolitico.mx\/index.php?rest_route=\/wp\/v2\/posts"}],"about":[{"href":"https:\/\/quehacerpolitico.mx\/index.php?rest_route=\/wp\/v2\/types\/post"}],"author":[{"embeddable":true,"href":"https:\/\/quehacerpolitico.mx\/index.php?rest_route=\/wp\/v2\/users\/2"}],"replies":[{"embeddable":true,"href":"https:\/\/quehacerpolitico.mx\/index.php?rest_route=%2Fwp%2Fv2%2Fcomments&post=99834"}],"version-history":[{"count":1,"href":"https:\/\/quehacerpolitico.mx\/index.php?rest_route=\/wp\/v2\/posts\/99834\/revisions"}],"predecessor-version":[{"id":99836,"href":"https:\/\/quehacerpolitico.mx\/index.php?rest_route=\/wp\/v2\/posts\/99834\/revisions\/99836"}],"wp:featuredmedia":[{"embeddable":true,"href":"https:\/\/quehacerpolitico.mx\/index.php?rest_route=\/wp\/v2\/media\/99835"}],"wp:attachment":[{"href":"https:\/\/quehacerpolitico.mx\/index.php?rest_route=%2Fwp%2Fv2%2Fmedia&parent=99834"}],"wp:term":[{"taxonomy":"category","embeddable":true,"href":"https:\/\/quehacerpolitico.mx\/index.php?rest_route=%2Fwp%2Fv2%2Fcategories&post=99834"},{"taxonomy":"post_tag","embeddable":true,"href":"https:\/\/quehacerpolitico.mx\/index.php?rest_route=%2Fwp%2Fv2%2Ftags&post=99834"}],"curies":[{"name":"wp","href":"https:\/\/api.w.org\/{rel}","templated":true}]}}