{"id":99829,"date":"2023-04-05T20:16:51","date_gmt":"2023-04-05T20:16:51","guid":{"rendered":"https:\/\/quehacerpolitico.mx\/?p=99829"},"modified":"2023-04-05T20:16:54","modified_gmt":"2023-04-05T20:16:54","slug":"quedan-suspendidas-actividades-del-establecimiento-mercantil-cabaretito-en-zona-rosa-sandra-cuevas","status":"publish","type":"post","link":"https:\/\/quehacerpolitico.mx\/?p=99829","title":{"rendered":"QUEDAN SUSPENDIDAS ACTIVIDADES DEL ESTABLECIMIENTO MERCANTIL \u201cCABARETITO\u201d EN ZONA ROSA: SANDRA CUEVAS"},"content":{"rendered":"\n<p>Por Redacci\u00f3n QP<\/p>\n\n\n\n<p>La Alcald\u00eda Cuauht\u00e9moc, cuya titular es Sandra Cuevas, clausur\u00f3, por denuncia de violencia de g\u00e9nero, el Restaurante Bar Cabaretito Punto y Aparte localizado en la calle de Amberes, colonia Ju\u00e1rez, en la Zona Rosa.<\/p>\n\n\n\n<p>Los sellos fueron instalados la madrugada de este mi\u00e9rcoles, por parte de personal de la Direcci\u00f3n General de Gobierno en coordinaci\u00f3n con la Direcci\u00f3n General Jur\u00eddica y de Servicios Legales.<\/p>\n\n\n\n<figure class=\"wp-block-image size-full\"><img loading=\"lazy\" decoding=\"async\" width=\"1024\" height=\"768\" src=\"https:\/\/quehacerpolitico.mx\/wp-content\/uploads\/2023\/04\/image-2.jpeg\" alt=\"\" class=\"wp-image-99831\" srcset=\"https:\/\/quehacerpolitico.mx\/wp-content\/uploads\/2023\/04\/image-2.jpeg 1024w, https:\/\/quehacerpolitico.mx\/wp-content\/uploads\/2023\/04\/image-2-300x225.jpeg 300w, https:\/\/quehacerpolitico.mx\/wp-content\/uploads\/2023\/04\/image-2-768x576.jpeg 768w, https:\/\/quehacerpolitico.mx\/wp-content\/uploads\/2023\/04\/image-2-195x146.jpeg 195w, https:\/\/quehacerpolitico.mx\/wp-content\/uploads\/2023\/04\/image-2-50x38.jpeg 50w, https:\/\/quehacerpolitico.mx\/wp-content\/uploads\/2023\/04\/image-2-100x75.jpeg 100w, https:\/\/quehacerpolitico.mx\/wp-content\/uploads\/2023\/04\/image-2-960x720.jpeg 960w\" sizes=\"auto, (max-width: 1024px) 100vw, 1024px\" \/><\/figure>\n\n\n\n<p>En el momento de la clausura estuvo presente la Alcaldesa de Cuauht\u00e9moc, Sandra Cuevas, para presenciar la colocaci\u00f3n de sellos.<\/p>\n\n\n\n<figure class=\"wp-block-embed is-type-rich is-provider-twitter wp-block-embed-twitter\"><div class=\"wp-block-embed__wrapper\">\n<blockquote class=\"twitter-tweet\" data-width=\"550\" data-dnt=\"true\"><p lang=\"es\" dir=\"ltr\">Quedan suspendidas las actividades del establecimiento mercantil <a href=\"https:\/\/twitter.com\/cabaretito?ref_src=twsrc%5Etfw\">@cabaretito<\/a> en <a href=\"https:\/\/twitter.com\/hashtag\/ZonaRosa?src=hash&amp;ref_src=twsrc%5Etfw\">#ZonaRosa<\/a>, por incumplir su responsabilidad de resguardar la integridad f\u00edsica de comensales y visitantes en <a href=\"https:\/\/twitter.com\/hashtag\/Cuauht%C3%A9moc?src=hash&amp;ref_src=twsrc%5Etfw\">#Cuauht\u00e9moc<\/a>. <a href=\"https:\/\/twitter.com\/hashtag\/SandraCuevasAlcaldesa?src=hash&amp;ref_src=twsrc%5Etfw\">#SandraCuevasAlcaldesa<\/a> <a href=\"https:\/\/t.co\/IJPXIHAPYB\">pic.twitter.com\/IJPXIHAPYB<\/a><\/p>&mdash; Sandra Cuevas (@SandraCuevas_) <a href=\"https:\/\/twitter.com\/SandraCuevas_\/status\/1643569771617607683?ref_src=twsrc%5Etfw\">April 5, 2023<\/a><\/blockquote><script async src=\"https:\/\/platform.twitter.com\/widgets.js\" charset=\"utf-8\"><\/script>\n<\/div><\/figure>\n\n\n\n<p>Durante el acto administrativo la Alcaldesa grab\u00f3 un video en el que asegur\u00f3 que el lugar permanecer\u00e1 cerrado por no cuidar a los visitantes de esta demarcaci\u00f3n.<\/p>\n\n\n\n<p>Alrededor de las 03:00 am de este mi\u00e9rcoles, y a las afueras del establecimiento en menci\u00f3n, la titular de la demarcaci\u00f3n envi\u00f3 un mensaje en el que dej\u00f3 en claro que atiende las denuncias v\u00eda ciudadana, en medios de comunicaci\u00f3n y redes sociales, donde se dio cuenta de violencia ejercida por personal de este establecimiento mercantil a personas de la comunidad LGBTTTI por lo que decidi\u00f3 tomar esta medida.<\/p>\n\n\n\n<p>\u201cQuiero decirles que el compromiso es claro: cuidar a la gente que visite la Alcald\u00eda Cuauht\u00e9moc\u201d dijo mientas mostraba los sellos de suspensi\u00f3n de actividades.<\/p>\n\n\n\n<p>\u201cEl mensaje para los empresarios es que se trata de un castigo: porque no comprenden que la obligaci\u00f3n es cuidar a los comensales, a las personas que visitan estos espacios\u201d.<\/p>\n\n\n\n<p>La Alcaldesa de Cuauht\u00e9moc, Sandra Cuevas, reiter\u00f3: \u201cla colonia Ju\u00e1rez, la Zona Rosa no pueden ser un lugar que genere violencia. No puede ser un lugar tur\u00edstico en donde tratemos mal a quienes nos visitan, a quienes nos dan de comer\u201d.<\/p>\n\n\n\n<p>Por ello asegur\u00f3: \u201cvan a estar castigados, esa es la palabra, van a seguir suspendidas sus actividades y ustedes van a dejar de tener utilidades, ganancias, van a perder dinero por no saber cuidar a la gente, por no saber tratarla\u201d, enfatiz\u00f3.<\/p>\n\n\n\n<figure class=\"wp-block-image size-full\"><img loading=\"lazy\" decoding=\"async\" width=\"1024\" height=\"768\" src=\"https:\/\/quehacerpolitico.mx\/wp-content\/uploads\/2023\/04\/image-3.jpeg\" alt=\"\" class=\"wp-image-99832\" srcset=\"https:\/\/quehacerpolitico.mx\/wp-content\/uploads\/2023\/04\/image-3.jpeg 1024w, https:\/\/quehacerpolitico.mx\/wp-content\/uploads\/2023\/04\/image-3-300x225.jpeg 300w, https:\/\/quehacerpolitico.mx\/wp-content\/uploads\/2023\/04\/image-3-768x576.jpeg 768w, https:\/\/quehacerpolitico.mx\/wp-content\/uploads\/2023\/04\/image-3-195x146.jpeg 195w, https:\/\/quehacerpolitico.mx\/wp-content\/uploads\/2023\/04\/image-3-50x38.jpeg 50w, https:\/\/quehacerpolitico.mx\/wp-content\/uploads\/2023\/04\/image-3-100x75.jpeg 100w, https:\/\/quehacerpolitico.mx\/wp-content\/uploads\/2023\/04\/image-3-960x720.jpeg 960w\" sizes=\"auto, (max-width: 1024px) 100vw, 1024px\" \/><\/figure>\n\n\n\n<p>Sandra Cuevas se comprometi\u00f3 con las vecinas, vecinos y visitantes a que se va a continuar con el trabajo porque: \u201cel gobierno de la Alcald\u00eda Cuauht\u00e9moc es tu casa y aqu\u00ed te debemos cuidar y el que no te cuide va a tener una consecuencia jur\u00eddica\u201d.<\/p>\n\n\n\n<p>Cabe se\u00f1alar que ya fue abierta la carpeta de investigaci\u00f3n CI-FIDAGAP\/GAP1\/UI-LGBT-C\/D\/00102\/04-2023, asentada en la Fiscal\u00eda de Investigaci\u00f3n de Delitos Cometidos en Agravio de Grupos de Atenci\u00f3n Prioritaria de la CDMX, luego de que unas nueve personas miembros de la comunidad LGBTTTI denuncian la agresi\u00f3n sufrida en el Bar Cabaretito Punto y Aparte de la calle Amberes de la Zona Rosa y existen otras denuncias que han sido difundidas por las redes sociales.<\/p>\n","protected":false},"excerpt":{"rendered":"<p>Por Redacci\u00f3n QP La Alcald\u00eda Cuauht\u00e9moc, cuya titular es Sandra Cuevas, clausur\u00f3, por denuncia de&#8230;<\/p>\n","protected":false},"author":2,"featured_media":99830,"comment_status":"open","ping_status":"open","sticky":false,"template":"","format":"standard","meta":{"_monsterinsights_skip_tracking":false,"_monsterinsights_sitenote_active":false,"_monsterinsights_sitenote_note":"","_monsterinsights_sitenote_category":0,"footnotes":""},"categories":[55],"tags":[],"class_list":["post-99829","post","type-post","status-publish","format-standard","has-post-thumbnail","hentry","category-cdmx"],"yoast_head":"<!-- This site is optimized with the Yoast SEO plugin v27.3 - https:\/\/yoast.com\/product\/yoast-seo-wordpress\/ -->\n<title>QUEDAN SUSPENDIDAS ACTIVIDADES DEL ESTABLECIMIENTO MERCANTIL \u201cCABARETITO\u201d EN ZONA ROSA: SANDRA CUEVAS -<\/title>\n<meta name=\"robots\" content=\"index, follow, max-snippet:-1, max-image-preview:large, max-video-preview:-1\" \/>\n<link rel=\"canonical\" href=\"https:\/\/quehacerpolitico.mx\/?p=99829\" \/>\n<meta property=\"og:locale\" content=\"es_MX\" \/>\n<meta property=\"og:type\" content=\"article\" \/>\n<meta property=\"og:title\" content=\"QUEDAN SUSPENDIDAS ACTIVIDADES DEL ESTABLECIMIENTO MERCANTIL \u201cCABARETITO\u201d EN ZONA ROSA: SANDRA CUEVAS -\" \/>\n<meta property=\"og:description\" content=\"Por Redacci\u00f3n QP La Alcald\u00eda Cuauht\u00e9moc, cuya titular es Sandra Cuevas, clausur\u00f3, por denuncia de...\" \/>\n<meta property=\"og:url\" content=\"https:\/\/quehacerpolitico.mx\/?p=99829\" \/>\n<meta property=\"article:published_time\" content=\"2023-04-05T20:16:51+00:00\" \/>\n<meta property=\"article:modified_time\" content=\"2023-04-05T20:16:54+00:00\" \/>\n<meta property=\"og:image\" content=\"https:\/\/quehacerpolitico.mx\/wp-content\/uploads\/2023\/04\/6bc20642-ce09-445c-8b8f-dbd406cf305d.jpeg\" \/>\n\t<meta property=\"og:image:width\" content=\"1024\" \/>\n\t<meta property=\"og:image:height\" content=\"768\" \/>\n\t<meta property=\"og:image:type\" content=\"image\/jpeg\" \/>\n<meta name=\"author\" content=\"Redacci\u00f3n QP\" \/>\n<meta name=\"twitter:card\" content=\"summary_large_image\" \/>\n<meta name=\"twitter:label1\" content=\"Escrito por\" \/>\n\t<meta name=\"twitter:data1\" content=\"Redacci\u00f3n QP\" \/>\n\t<meta name=\"twitter:label2\" content=\"Tiempo de lectura\" \/>\n\t<meta name=\"twitter:data2\" content=\"2 minutos\" \/>\n<script type=\"application\/ld+json\" class=\"yoast-schema-graph\">{\"@context\":\"https:\\\/\\\/schema.org\",\"@graph\":[{\"@type\":\"Article\",\"@id\":\"https:\\\/\\\/quehacerpolitico.mx\\\/?p=99829#article\",\"isPartOf\":{\"@id\":\"https:\\\/\\\/quehacerpolitico.mx\\\/?p=99829\"},\"author\":{\"name\":\"Redacci\u00f3n QP\",\"@id\":\"https:\\\/\\\/quehacerpolitico.mx\\\/#\\\/schema\\\/person\\\/496d8ad2d1d3f8036101dca7ee39e585\"},\"headline\":\"QUEDAN SUSPENDIDAS ACTIVIDADES DEL ESTABLECIMIENTO MERCANTIL \u201cCABARETITO\u201d EN ZONA ROSA: SANDRA CUEVAS\",\"datePublished\":\"2023-04-05T20:16:51+00:00\",\"dateModified\":\"2023-04-05T20:16:54+00:00\",\"mainEntityOfPage\":{\"@id\":\"https:\\\/\\\/quehacerpolitico.mx\\\/?p=99829\"},\"wordCount\":499,\"commentCount\":0,\"image\":{\"@id\":\"https:\\\/\\\/quehacerpolitico.mx\\\/?p=99829#primaryimage\"},\"thumbnailUrl\":\"https:\\\/\\\/quehacerpolitico.mx\\\/wp-content\\\/uploads\\\/2023\\\/04\\\/6bc20642-ce09-445c-8b8f-dbd406cf305d.jpeg\",\"articleSection\":[\"CDMX\"],\"inLanguage\":\"es\",\"potentialAction\":[{\"@type\":\"CommentAction\",\"name\":\"Comment\",\"target\":[\"https:\\\/\\\/quehacerpolitico.mx\\\/?p=99829#respond\"]}]},{\"@type\":\"WebPage\",\"@id\":\"https:\\\/\\\/quehacerpolitico.mx\\\/?p=99829\",\"url\":\"https:\\\/\\\/quehacerpolitico.mx\\\/?p=99829\",\"name\":\"QUEDAN SUSPENDIDAS ACTIVIDADES DEL ESTABLECIMIENTO MERCANTIL \u201cCABARETITO\u201d EN ZONA ROSA: SANDRA CUEVAS -\",\"isPartOf\":{\"@id\":\"https:\\\/\\\/quehacerpolitico.mx\\\/#website\"},\"primaryImageOfPage\":{\"@id\":\"https:\\\/\\\/quehacerpolitico.mx\\\/?p=99829#primaryimage\"},\"image\":{\"@id\":\"https:\\\/\\\/quehacerpolitico.mx\\\/?p=99829#primaryimage\"},\"thumbnailUrl\":\"https:\\\/\\\/quehacerpolitico.mx\\\/wp-content\\\/uploads\\\/2023\\\/04\\\/6bc20642-ce09-445c-8b8f-dbd406cf305d.jpeg\",\"datePublished\":\"2023-04-05T20:16:51+00:00\",\"dateModified\":\"2023-04-05T20:16:54+00:00\",\"author\":{\"@id\":\"https:\\\/\\\/quehacerpolitico.mx\\\/#\\\/schema\\\/person\\\/496d8ad2d1d3f8036101dca7ee39e585\"},\"breadcrumb\":{\"@id\":\"https:\\\/\\\/quehacerpolitico.mx\\\/?p=99829#breadcrumb\"},\"inLanguage\":\"es\",\"potentialAction\":[{\"@type\":\"ReadAction\",\"target\":[\"https:\\\/\\\/quehacerpolitico.mx\\\/?p=99829\"]}]},{\"@type\":\"ImageObject\",\"inLanguage\":\"es\",\"@id\":\"https:\\\/\\\/quehacerpolitico.mx\\\/?p=99829#primaryimage\",\"url\":\"https:\\\/\\\/quehacerpolitico.mx\\\/wp-content\\\/uploads\\\/2023\\\/04\\\/6bc20642-ce09-445c-8b8f-dbd406cf305d.jpeg\",\"contentUrl\":\"https:\\\/\\\/quehacerpolitico.mx\\\/wp-content\\\/uploads\\\/2023\\\/04\\\/6bc20642-ce09-445c-8b8f-dbd406cf305d.jpeg\",\"width\":1024,\"height\":768},{\"@type\":\"BreadcrumbList\",\"@id\":\"https:\\\/\\\/quehacerpolitico.mx\\\/?p=99829#breadcrumb\",\"itemListElement\":[{\"@type\":\"ListItem\",\"position\":1,\"name\":\"Inicio\",\"item\":\"https:\\\/\\\/quehacerpolitico.mx\\\/\"},{\"@type\":\"ListItem\",\"position\":2,\"name\":\"QUEDAN SUSPENDIDAS ACTIVIDADES DEL ESTABLECIMIENTO MERCANTIL \u201cCABARETITO\u201d EN ZONA ROSA: SANDRA CUEVAS\"}]},{\"@type\":\"WebSite\",\"@id\":\"https:\\\/\\\/quehacerpolitico.mx\\\/#website\",\"url\":\"https:\\\/\\\/quehacerpolitico.mx\\\/\",\"name\":\"\",\"description\":\"\",\"potentialAction\":[{\"@type\":\"SearchAction\",\"target\":{\"@type\":\"EntryPoint\",\"urlTemplate\":\"https:\\\/\\\/quehacerpolitico.mx\\\/?s={search_term_string}\"},\"query-input\":{\"@type\":\"PropertyValueSpecification\",\"valueRequired\":true,\"valueName\":\"search_term_string\"}}],\"inLanguage\":\"es\"},{\"@type\":\"Person\",\"@id\":\"https:\\\/\\\/quehacerpolitico.mx\\\/#\\\/schema\\\/person\\\/496d8ad2d1d3f8036101dca7ee39e585\",\"name\":\"Redacci\u00f3n QP\",\"image\":{\"@type\":\"ImageObject\",\"inLanguage\":\"es\",\"@id\":\"https:\\\/\\\/secure.gravatar.com\\\/avatar\\\/c7164ed6fdec453195284ad24a5ae5b6e1eed2b848477fa2a4787ba9adf39a41?s=96&d=mm&r=g\",\"url\":\"https:\\\/\\\/secure.gravatar.com\\\/avatar\\\/c7164ed6fdec453195284ad24a5ae5b6e1eed2b848477fa2a4787ba9adf39a41?s=96&d=mm&r=g\",\"contentUrl\":\"https:\\\/\\\/secure.gravatar.com\\\/avatar\\\/c7164ed6fdec453195284ad24a5ae5b6e1eed2b848477fa2a4787ba9adf39a41?s=96&d=mm&r=g\",\"caption\":\"Redacci\u00f3n QP\"},\"url\":\"https:\\\/\\\/quehacerpolitico.mx\\\/?author=2\"}]}<\/script>\n<!-- \/ Yoast SEO plugin. -->","yoast_head_json":{"title":"QUEDAN SUSPENDIDAS ACTIVIDADES DEL ESTABLECIMIENTO MERCANTIL \u201cCABARETITO\u201d EN ZONA ROSA: SANDRA CUEVAS -","robots":{"index":"index","follow":"follow","max-snippet":"max-snippet:-1","max-image-preview":"max-image-preview:large","max-video-preview":"max-video-preview:-1"},"canonical":"https:\/\/quehacerpolitico.mx\/?p=99829","og_locale":"es_MX","og_type":"article","og_title":"QUEDAN SUSPENDIDAS ACTIVIDADES DEL ESTABLECIMIENTO MERCANTIL \u201cCABARETITO\u201d EN ZONA ROSA: SANDRA CUEVAS -","og_description":"Por Redacci\u00f3n QP La Alcald\u00eda Cuauht\u00e9moc, cuya titular es Sandra Cuevas, clausur\u00f3, por denuncia de...","og_url":"https:\/\/quehacerpolitico.mx\/?p=99829","article_published_time":"2023-04-05T20:16:51+00:00","article_modified_time":"2023-04-05T20:16:54+00:00","og_image":[{"width":1024,"height":768,"url":"https:\/\/quehacerpolitico.mx\/wp-content\/uploads\/2023\/04\/6bc20642-ce09-445c-8b8f-dbd406cf305d.jpeg","type":"image\/jpeg"}],"author":"Redacci\u00f3n QP","twitter_card":"summary_large_image","twitter_misc":{"Escrito por":"Redacci\u00f3n QP","Tiempo de lectura":"2 minutos"},"schema":{"@context":"https:\/\/schema.org","@graph":[{"@type":"Article","@id":"https:\/\/quehacerpolitico.mx\/?p=99829#article","isPartOf":{"@id":"https:\/\/quehacerpolitico.mx\/?p=99829"},"author":{"name":"Redacci\u00f3n QP","@id":"https:\/\/quehacerpolitico.mx\/#\/schema\/person\/496d8ad2d1d3f8036101dca7ee39e585"},"headline":"QUEDAN SUSPENDIDAS ACTIVIDADES DEL ESTABLECIMIENTO MERCANTIL \u201cCABARETITO\u201d EN ZONA ROSA: SANDRA CUEVAS","datePublished":"2023-04-05T20:16:51+00:00","dateModified":"2023-04-05T20:16:54+00:00","mainEntityOfPage":{"@id":"https:\/\/quehacerpolitico.mx\/?p=99829"},"wordCount":499,"commentCount":0,"image":{"@id":"https:\/\/quehacerpolitico.mx\/?p=99829#primaryimage"},"thumbnailUrl":"https:\/\/quehacerpolitico.mx\/wp-content\/uploads\/2023\/04\/6bc20642-ce09-445c-8b8f-dbd406cf305d.jpeg","articleSection":["CDMX"],"inLanguage":"es","potentialAction":[{"@type":"CommentAction","name":"Comment","target":["https:\/\/quehacerpolitico.mx\/?p=99829#respond"]}]},{"@type":"WebPage","@id":"https:\/\/quehacerpolitico.mx\/?p=99829","url":"https:\/\/quehacerpolitico.mx\/?p=99829","name":"QUEDAN SUSPENDIDAS ACTIVIDADES DEL ESTABLECIMIENTO MERCANTIL \u201cCABARETITO\u201d EN ZONA ROSA: SANDRA CUEVAS -","isPartOf":{"@id":"https:\/\/quehacerpolitico.mx\/#website"},"primaryImageOfPage":{"@id":"https:\/\/quehacerpolitico.mx\/?p=99829#primaryimage"},"image":{"@id":"https:\/\/quehacerpolitico.mx\/?p=99829#primaryimage"},"thumbnailUrl":"https:\/\/quehacerpolitico.mx\/wp-content\/uploads\/2023\/04\/6bc20642-ce09-445c-8b8f-dbd406cf305d.jpeg","datePublished":"2023-04-05T20:16:51+00:00","dateModified":"2023-04-05T20:16:54+00:00","author":{"@id":"https:\/\/quehacerpolitico.mx\/#\/schema\/person\/496d8ad2d1d3f8036101dca7ee39e585"},"breadcrumb":{"@id":"https:\/\/quehacerpolitico.mx\/?p=99829#breadcrumb"},"inLanguage":"es","potentialAction":[{"@type":"ReadAction","target":["https:\/\/quehacerpolitico.mx\/?p=99829"]}]},{"@type":"ImageObject","inLanguage":"es","@id":"https:\/\/quehacerpolitico.mx\/?p=99829#primaryimage","url":"https:\/\/quehacerpolitico.mx\/wp-content\/uploads\/2023\/04\/6bc20642-ce09-445c-8b8f-dbd406cf305d.jpeg","contentUrl":"https:\/\/quehacerpolitico.mx\/wp-content\/uploads\/2023\/04\/6bc20642-ce09-445c-8b8f-dbd406cf305d.jpeg","width":1024,"height":768},{"@type":"BreadcrumbList","@id":"https:\/\/quehacerpolitico.mx\/?p=99829#breadcrumb","itemListElement":[{"@type":"ListItem","position":1,"name":"Inicio","item":"https:\/\/quehacerpolitico.mx\/"},{"@type":"ListItem","position":2,"name":"QUEDAN SUSPENDIDAS ACTIVIDADES DEL ESTABLECIMIENTO MERCANTIL \u201cCABARETITO\u201d EN ZONA ROSA: SANDRA CUEVAS"}]},{"@type":"WebSite","@id":"https:\/\/quehacerpolitico.mx\/#website","url":"https:\/\/quehacerpolitico.mx\/","name":"","description":"","potentialAction":[{"@type":"SearchAction","target":{"@type":"EntryPoint","urlTemplate":"https:\/\/quehacerpolitico.mx\/?s={search_term_string}"},"query-input":{"@type":"PropertyValueSpecification","valueRequired":true,"valueName":"search_term_string"}}],"inLanguage":"es"},{"@type":"Person","@id":"https:\/\/quehacerpolitico.mx\/#\/schema\/person\/496d8ad2d1d3f8036101dca7ee39e585","name":"Redacci\u00f3n QP","image":{"@type":"ImageObject","inLanguage":"es","@id":"https:\/\/secure.gravatar.com\/avatar\/c7164ed6fdec453195284ad24a5ae5b6e1eed2b848477fa2a4787ba9adf39a41?s=96&d=mm&r=g","url":"https:\/\/secure.gravatar.com\/avatar\/c7164ed6fdec453195284ad24a5ae5b6e1eed2b848477fa2a4787ba9adf39a41?s=96&d=mm&r=g","contentUrl":"https:\/\/secure.gravatar.com\/avatar\/c7164ed6fdec453195284ad24a5ae5b6e1eed2b848477fa2a4787ba9adf39a41?s=96&d=mm&r=g","caption":"Redacci\u00f3n QP"},"url":"https:\/\/quehacerpolitico.mx\/?author=2"}]}},"featured_image_urls":{"full":["https:\/\/quehacerpolitico.mx\/wp-content\/uploads\/2023\/04\/6bc20642-ce09-445c-8b8f-dbd406cf305d.jpeg",1024,768,false],"thumbnail":["https:\/\/quehacerpolitico.mx\/wp-content\/uploads\/2023\/04\/6bc20642-ce09-445c-8b8f-dbd406cf305d-150x150.jpeg",150,150,true],"medium":["https:\/\/quehacerpolitico.mx\/wp-content\/uploads\/2023\/04\/6bc20642-ce09-445c-8b8f-dbd406cf305d-300x225.jpeg",300,225,true],"medium_large":["https:\/\/quehacerpolitico.mx\/wp-content\/uploads\/2023\/04\/6bc20642-ce09-445c-8b8f-dbd406cf305d-768x576.jpeg",640,480,true],"large":["https:\/\/quehacerpolitico.mx\/wp-content\/uploads\/2023\/04\/6bc20642-ce09-445c-8b8f-dbd406cf305d.jpeg",640,480,false],"1536x1536":["https:\/\/quehacerpolitico.mx\/wp-content\/uploads\/2023\/04\/6bc20642-ce09-445c-8b8f-dbd406cf305d.jpeg",1024,768,false],"2048x2048":["https:\/\/quehacerpolitico.mx\/wp-content\/uploads\/2023\/04\/6bc20642-ce09-445c-8b8f-dbd406cf305d.jpeg",1024,768,false],"covernews-featured":["https:\/\/quehacerpolitico.mx\/wp-content\/uploads\/2023\/04\/6bc20642-ce09-445c-8b8f-dbd406cf305d.jpeg",1024,768,false],"covernews-medium":["https:\/\/quehacerpolitico.mx\/wp-content\/uploads\/2023\/04\/6bc20642-ce09-445c-8b8f-dbd406cf305d.jpeg",453,340,false]},"author_info":{"display_name":"Redacci\u00f3n QP","author_link":"https:\/\/quehacerpolitico.mx\/?author=2"},"category_info":"<a href=\"https:\/\/quehacerpolitico.mx\/?cat=55\" rel=\"category\">CDMX<\/a>","tag_info":"CDMX","comment_count":"0","_links":{"self":[{"href":"https:\/\/quehacerpolitico.mx\/index.php?rest_route=\/wp\/v2\/posts\/99829","targetHints":{"allow":["GET"]}}],"collection":[{"href":"https:\/\/quehacerpolitico.mx\/index.php?rest_route=\/wp\/v2\/posts"}],"about":[{"href":"https:\/\/quehacerpolitico.mx\/index.php?rest_route=\/wp\/v2\/types\/post"}],"author":[{"embeddable":true,"href":"https:\/\/quehacerpolitico.mx\/index.php?rest_route=\/wp\/v2\/users\/2"}],"replies":[{"embeddable":true,"href":"https:\/\/quehacerpolitico.mx\/index.php?rest_route=%2Fwp%2Fv2%2Fcomments&post=99829"}],"version-history":[{"count":1,"href":"https:\/\/quehacerpolitico.mx\/index.php?rest_route=\/wp\/v2\/posts\/99829\/revisions"}],"predecessor-version":[{"id":99833,"href":"https:\/\/quehacerpolitico.mx\/index.php?rest_route=\/wp\/v2\/posts\/99829\/revisions\/99833"}],"wp:featuredmedia":[{"embeddable":true,"href":"https:\/\/quehacerpolitico.mx\/index.php?rest_route=\/wp\/v2\/media\/99830"}],"wp:attachment":[{"href":"https:\/\/quehacerpolitico.mx\/index.php?rest_route=%2Fwp%2Fv2%2Fmedia&parent=99829"}],"wp:term":[{"taxonomy":"category","embeddable":true,"href":"https:\/\/quehacerpolitico.mx\/index.php?rest_route=%2Fwp%2Fv2%2Fcategories&post=99829"},{"taxonomy":"post_tag","embeddable":true,"href":"https:\/\/quehacerpolitico.mx\/index.php?rest_route=%2Fwp%2Fv2%2Ftags&post=99829"}],"curies":[{"name":"wp","href":"https:\/\/api.w.org\/{rel}","templated":true}]}}