{"id":99823,"date":"2023-04-05T19:40:48","date_gmt":"2023-04-05T19:40:48","guid":{"rendered":"https:\/\/quehacerpolitico.mx\/?p=99823"},"modified":"2023-04-05T19:40:52","modified_gmt":"2023-04-05T19:40:52","slug":"que-se-conmemora-hoy","status":"publish","type":"post","link":"https:\/\/quehacerpolitico.mx\/?p=99823","title":{"rendered":"\u00bfqu\u00e9 se conmemora hoy?"},"content":{"rendered":"\n<p>Por Redacci\u00f3n QP<\/p>\n\n\n\n<p>Kurt Cobain, el vocalista de Nirvana, termin\u00f3 con su vida un d\u00eda como hoy, hace 29 a\u00f1os<\/p>\n\n\n\n<p><strong>El 5\u00a0de abril\u00a0ocurrieron diversos sucesos\u00a0que se quedaron marcados\u00a0en el almanaque de la historia internacional.<\/strong><\/p>\n\n\n\n<p>Desde descubrimientos cient\u00edficos, nacimientos de celebridades y\u00a0hasta tr\u00e1gicas muertes,<strong>\u00a0esto fue\u00a0lo ocurri\u00f3 en la historia, un d\u00eda como hoy.<\/strong><\/p>\n\n\n\n<h2 class=\"wp-block-heading\">Efem\u00e9rides 5&nbsp;de abril:&nbsp;<\/h2>\n\n\n\n<p>1614: En Virginia (Estados Unidos), la india Pocahontas se casa con el colono ingl\u00e9s John Rolfe.<\/p>\n\n\n\n<p>1621: El Mayflower, barco que trajo colonos ingleses a los Estados Unidos, comienza un viaje de vuelta a Gran Breta\u00f1a.<\/p>\n\n\n\n<p>1722: El explorador neerland\u00e9s Jakob Roggeveen descubre la isla de Pascua para el mundo occidental.<\/p>\n\n\n\n<p>1794: En Par\u00eds (Francia) guillotinan a Georges-Jacques Danton, l\u00edder de la Revoluci\u00f3n francesa.<\/p>\n\n\n\n<p>1879: Chile declara la guerra a Bolivia y Per\u00fa (Guerra del Pac\u00edfico).<\/p>\n\n\n\n<p>1911: Toma la plaza de Chiautla el general revolucionario Emiliano Zapata, liberando a todos los presos entre ellos Jes\u00fas Morales &#8220;El Tuerto&#8221;.<\/p>\n\n\n\n<p>1925: En el Reino Unido se introduce la moderna regla futbol\u00edstica del \u00abfuera de juego\u00bb.<\/p>\n\n\n\n<p>1933: En los Estados Unidos \u2015en el marco de la Gran Depresi\u00f3n\u2015 el presidente Franklin D. Roosevelt declara emergencia nacional y decreta la Orden Ejecutiva 6102, que proh\u00edbe a los ciudadanos estadounidenses poseer grandes cantidades de oro.<\/p>\n\n\n\n<p>1951: En Estados Unidos, Ethel y Julius Rosenberg son condenados a la pena de muerte por realizar espionajes a favor de la Uni\u00f3n Sovi\u00e9tica.<\/p>\n\n\n\n<p>1955: En Londres, Winston Churchill renuncia como primer ministro.<\/p>\n\n\n\n<p>1963: Se conecta el tel\u00e9fono rojo. El famoso aparato (negro en realidad) un\u00eda el despacho del presidente estadounidense John Kennedy (en Washington) con el del l\u00edder sovi\u00e9tico Nikita Jrushchov (en Mosc\u00fa).<\/p>\n\n\n\n<p>1978: En Chetumal, M\u00e9xico se inaugura el Estadio 10 de Abril.<\/p>\n\n\n\n<p>1989: El movimiento sindicalista polaco Solidaridad es legalizado y as\u00ed puede presentarse a elecciones generales.<\/p>\n\n\n\n<p>1994: El cantante y guitarrista Kurt Cobain, de la banda de grunge Nirvana, se suicida.<\/p>\n\n\n\n<p>1998: Se abre al tr\u00e1fico el Gran Puente de Akashi Kaiky\u014d, en Jap\u00f3n.<\/p>\n\n\n\n<p>1999: Inicia sus transmisiones el canal latinoamericano de pel\u00edculas Film Zone.<\/p>\n\n\n\n<p>2022: En Per\u00fa, ocurre una serie de protestas en contra del gobierno de Pedro Castillo, debido a la medida efectuada por el Gobierno de decretar el toque de queda en las ciudades de Lima y Callao.<\/p>\n\n\n\n<h2 class=\"wp-block-heading\">Cumplea\u00f1os<\/h2>\n\n\n\n<p>1908: Bette Davis, actriz estadounidense (f. 1989).<\/p>\n\n\n\n<p>1950: Agnetha F\u00e4ltskog, cantante sueca, de la banda ABBA.<\/p>\n\n\n\n<p>1955: Akira Toriyama, mangaka japon\u00e9s.<\/p>\n\n\n\n<p>1973: Pharrell Williams, m\u00fasico estadounidense, de la banda The Neptunes.<\/p>\n\n\n\n<p>1973: Selva Almada, escritora argentina.<\/p>\n\n\n\n<p>1973: Fernando del Solar, actor, modelo y conductor de televisi\u00f3n mexicano-argentino (f. 2022).<\/p>\n\n\n\n<p>1988: Daniela Luj\u00e1n, actriz y cantante mexicana.<\/p>\n\n\n\n<h2 class=\"wp-block-heading\">Fallecimientos<\/h2>\n\n\n\n<p>1969: R\u00f3mulo Gallegos, escritor y novelista venezolano, presidente en 1948 (n. 1884).<\/p>\n\n\n\n<p>1994: Kurt Cobain, m\u00fasico estadounidense; cantante, compositor y guitarrista de Nirvana (n. 1967).<\/p>\n\n\n\n<p>1997: Allen Ginsberg, poeta estadounidense (n. 1926).<\/p>\n\n\n\n<p>2005: Saul Bellow, escritor canadiense, premio nobel de literatura en 1976 (n. 1915).<\/p>\n","protected":false},"excerpt":{"rendered":"<p>Por Redacci\u00f3n QP Kurt Cobain, el vocalista de Nirvana, termin\u00f3 con su vida un d\u00eda&#8230;<\/p>\n","protected":false},"author":2,"featured_media":99824,"comment_status":"open","ping_status":"open","sticky":false,"template":"","format":"standard","meta":{"_monsterinsights_skip_tracking":false,"_monsterinsights_sitenote_active":false,"_monsterinsights_sitenote_note":"","_monsterinsights_sitenote_category":0,"footnotes":""},"categories":[58],"tags":[],"class_list":["post-99823","post","type-post","status-publish","format-standard","has-post-thumbnail","hentry","category-cultura"],"yoast_head":"<!-- This site is optimized with the Yoast SEO plugin v27.3 - https:\/\/yoast.com\/product\/yoast-seo-wordpress\/ -->\n<title>\u00bfqu\u00e9 se conmemora hoy? -<\/title>\n<meta name=\"robots\" content=\"index, follow, max-snippet:-1, max-image-preview:large, max-video-preview:-1\" \/>\n<link rel=\"canonical\" href=\"https:\/\/quehacerpolitico.mx\/?p=99823\" \/>\n<meta property=\"og:locale\" content=\"es_MX\" \/>\n<meta property=\"og:type\" content=\"article\" \/>\n<meta property=\"og:title\" content=\"\u00bfqu\u00e9 se conmemora hoy? -\" \/>\n<meta property=\"og:description\" content=\"Por Redacci\u00f3n QP Kurt Cobain, el vocalista de Nirvana, termin\u00f3 con su vida un d\u00eda...\" \/>\n<meta property=\"og:url\" content=\"https:\/\/quehacerpolitico.mx\/?p=99823\" \/>\n<meta property=\"article:published_time\" content=\"2023-04-05T19:40:48+00:00\" \/>\n<meta property=\"article:modified_time\" content=\"2023-04-05T19:40:52+00:00\" \/>\n<meta property=\"og:image\" content=\"https:\/\/quehacerpolitico.mx\/wp-content\/uploads\/2023\/04\/IMG_6911.jpeg\" \/>\n\t<meta property=\"og:image:width\" content=\"630\" \/>\n\t<meta property=\"og:image:height\" content=\"345\" \/>\n\t<meta property=\"og:image:type\" content=\"image\/jpeg\" \/>\n<meta name=\"author\" content=\"Redacci\u00f3n QP\" \/>\n<meta name=\"twitter:card\" content=\"summary_large_image\" \/>\n<meta name=\"twitter:label1\" content=\"Escrito por\" \/>\n\t<meta name=\"twitter:data1\" content=\"Redacci\u00f3n QP\" \/>\n\t<meta name=\"twitter:label2\" content=\"Tiempo de lectura\" \/>\n\t<meta name=\"twitter:data2\" content=\"2 minutos\" \/>\n<script type=\"application\/ld+json\" class=\"yoast-schema-graph\">{\"@context\":\"https:\\\/\\\/schema.org\",\"@graph\":[{\"@type\":\"Article\",\"@id\":\"https:\\\/\\\/quehacerpolitico.mx\\\/?p=99823#article\",\"isPartOf\":{\"@id\":\"https:\\\/\\\/quehacerpolitico.mx\\\/?p=99823\"},\"author\":{\"name\":\"Redacci\u00f3n QP\",\"@id\":\"https:\\\/\\\/quehacerpolitico.mx\\\/#\\\/schema\\\/person\\\/496d8ad2d1d3f8036101dca7ee39e585\"},\"headline\":\"\u00bfqu\u00e9 se conmemora hoy?\",\"datePublished\":\"2023-04-05T19:40:48+00:00\",\"dateModified\":\"2023-04-05T19:40:52+00:00\",\"mainEntityOfPage\":{\"@id\":\"https:\\\/\\\/quehacerpolitico.mx\\\/?p=99823\"},\"wordCount\":482,\"commentCount\":0,\"image\":{\"@id\":\"https:\\\/\\\/quehacerpolitico.mx\\\/?p=99823#primaryimage\"},\"thumbnailUrl\":\"https:\\\/\\\/quehacerpolitico.mx\\\/wp-content\\\/uploads\\\/2023\\\/04\\\/IMG_6911.jpeg\",\"articleSection\":[\"Cultura y Entretenimiento\"],\"inLanguage\":\"es\",\"potentialAction\":[{\"@type\":\"CommentAction\",\"name\":\"Comment\",\"target\":[\"https:\\\/\\\/quehacerpolitico.mx\\\/?p=99823#respond\"]}]},{\"@type\":\"WebPage\",\"@id\":\"https:\\\/\\\/quehacerpolitico.mx\\\/?p=99823\",\"url\":\"https:\\\/\\\/quehacerpolitico.mx\\\/?p=99823\",\"name\":\"\u00bfqu\u00e9 se conmemora hoy? -\",\"isPartOf\":{\"@id\":\"https:\\\/\\\/quehacerpolitico.mx\\\/#website\"},\"primaryImageOfPage\":{\"@id\":\"https:\\\/\\\/quehacerpolitico.mx\\\/?p=99823#primaryimage\"},\"image\":{\"@id\":\"https:\\\/\\\/quehacerpolitico.mx\\\/?p=99823#primaryimage\"},\"thumbnailUrl\":\"https:\\\/\\\/quehacerpolitico.mx\\\/wp-content\\\/uploads\\\/2023\\\/04\\\/IMG_6911.jpeg\",\"datePublished\":\"2023-04-05T19:40:48+00:00\",\"dateModified\":\"2023-04-05T19:40:52+00:00\",\"author\":{\"@id\":\"https:\\\/\\\/quehacerpolitico.mx\\\/#\\\/schema\\\/person\\\/496d8ad2d1d3f8036101dca7ee39e585\"},\"breadcrumb\":{\"@id\":\"https:\\\/\\\/quehacerpolitico.mx\\\/?p=99823#breadcrumb\"},\"inLanguage\":\"es\",\"potentialAction\":[{\"@type\":\"ReadAction\",\"target\":[\"https:\\\/\\\/quehacerpolitico.mx\\\/?p=99823\"]}]},{\"@type\":\"ImageObject\",\"inLanguage\":\"es\",\"@id\":\"https:\\\/\\\/quehacerpolitico.mx\\\/?p=99823#primaryimage\",\"url\":\"https:\\\/\\\/quehacerpolitico.mx\\\/wp-content\\\/uploads\\\/2023\\\/04\\\/IMG_6911.jpeg\",\"contentUrl\":\"https:\\\/\\\/quehacerpolitico.mx\\\/wp-content\\\/uploads\\\/2023\\\/04\\\/IMG_6911.jpeg\",\"width\":630,\"height\":345},{\"@type\":\"BreadcrumbList\",\"@id\":\"https:\\\/\\\/quehacerpolitico.mx\\\/?p=99823#breadcrumb\",\"itemListElement\":[{\"@type\":\"ListItem\",\"position\":1,\"name\":\"Inicio\",\"item\":\"https:\\\/\\\/quehacerpolitico.mx\\\/\"},{\"@type\":\"ListItem\",\"position\":2,\"name\":\"\u00bfqu\u00e9 se conmemora hoy?\"}]},{\"@type\":\"WebSite\",\"@id\":\"https:\\\/\\\/quehacerpolitico.mx\\\/#website\",\"url\":\"https:\\\/\\\/quehacerpolitico.mx\\\/\",\"name\":\"\",\"description\":\"\",\"potentialAction\":[{\"@type\":\"SearchAction\",\"target\":{\"@type\":\"EntryPoint\",\"urlTemplate\":\"https:\\\/\\\/quehacerpolitico.mx\\\/?s={search_term_string}\"},\"query-input\":{\"@type\":\"PropertyValueSpecification\",\"valueRequired\":true,\"valueName\":\"search_term_string\"}}],\"inLanguage\":\"es\"},{\"@type\":\"Person\",\"@id\":\"https:\\\/\\\/quehacerpolitico.mx\\\/#\\\/schema\\\/person\\\/496d8ad2d1d3f8036101dca7ee39e585\",\"name\":\"Redacci\u00f3n QP\",\"image\":{\"@type\":\"ImageObject\",\"inLanguage\":\"es\",\"@id\":\"https:\\\/\\\/secure.gravatar.com\\\/avatar\\\/c7164ed6fdec453195284ad24a5ae5b6e1eed2b848477fa2a4787ba9adf39a41?s=96&d=mm&r=g\",\"url\":\"https:\\\/\\\/secure.gravatar.com\\\/avatar\\\/c7164ed6fdec453195284ad24a5ae5b6e1eed2b848477fa2a4787ba9adf39a41?s=96&d=mm&r=g\",\"contentUrl\":\"https:\\\/\\\/secure.gravatar.com\\\/avatar\\\/c7164ed6fdec453195284ad24a5ae5b6e1eed2b848477fa2a4787ba9adf39a41?s=96&d=mm&r=g\",\"caption\":\"Redacci\u00f3n QP\"},\"url\":\"https:\\\/\\\/quehacerpolitico.mx\\\/?author=2\"}]}<\/script>\n<!-- \/ Yoast SEO plugin. -->","yoast_head_json":{"title":"\u00bfqu\u00e9 se conmemora hoy? -","robots":{"index":"index","follow":"follow","max-snippet":"max-snippet:-1","max-image-preview":"max-image-preview:large","max-video-preview":"max-video-preview:-1"},"canonical":"https:\/\/quehacerpolitico.mx\/?p=99823","og_locale":"es_MX","og_type":"article","og_title":"\u00bfqu\u00e9 se conmemora hoy? -","og_description":"Por Redacci\u00f3n QP Kurt Cobain, el vocalista de Nirvana, termin\u00f3 con su vida un d\u00eda...","og_url":"https:\/\/quehacerpolitico.mx\/?p=99823","article_published_time":"2023-04-05T19:40:48+00:00","article_modified_time":"2023-04-05T19:40:52+00:00","og_image":[{"width":630,"height":345,"url":"https:\/\/quehacerpolitico.mx\/wp-content\/uploads\/2023\/04\/IMG_6911.jpeg","type":"image\/jpeg"}],"author":"Redacci\u00f3n QP","twitter_card":"summary_large_image","twitter_misc":{"Escrito por":"Redacci\u00f3n QP","Tiempo de lectura":"2 minutos"},"schema":{"@context":"https:\/\/schema.org","@graph":[{"@type":"Article","@id":"https:\/\/quehacerpolitico.mx\/?p=99823#article","isPartOf":{"@id":"https:\/\/quehacerpolitico.mx\/?p=99823"},"author":{"name":"Redacci\u00f3n QP","@id":"https:\/\/quehacerpolitico.mx\/#\/schema\/person\/496d8ad2d1d3f8036101dca7ee39e585"},"headline":"\u00bfqu\u00e9 se conmemora hoy?","datePublished":"2023-04-05T19:40:48+00:00","dateModified":"2023-04-05T19:40:52+00:00","mainEntityOfPage":{"@id":"https:\/\/quehacerpolitico.mx\/?p=99823"},"wordCount":482,"commentCount":0,"image":{"@id":"https:\/\/quehacerpolitico.mx\/?p=99823#primaryimage"},"thumbnailUrl":"https:\/\/quehacerpolitico.mx\/wp-content\/uploads\/2023\/04\/IMG_6911.jpeg","articleSection":["Cultura y Entretenimiento"],"inLanguage":"es","potentialAction":[{"@type":"CommentAction","name":"Comment","target":["https:\/\/quehacerpolitico.mx\/?p=99823#respond"]}]},{"@type":"WebPage","@id":"https:\/\/quehacerpolitico.mx\/?p=99823","url":"https:\/\/quehacerpolitico.mx\/?p=99823","name":"\u00bfqu\u00e9 se conmemora hoy? -","isPartOf":{"@id":"https:\/\/quehacerpolitico.mx\/#website"},"primaryImageOfPage":{"@id":"https:\/\/quehacerpolitico.mx\/?p=99823#primaryimage"},"image":{"@id":"https:\/\/quehacerpolitico.mx\/?p=99823#primaryimage"},"thumbnailUrl":"https:\/\/quehacerpolitico.mx\/wp-content\/uploads\/2023\/04\/IMG_6911.jpeg","datePublished":"2023-04-05T19:40:48+00:00","dateModified":"2023-04-05T19:40:52+00:00","author":{"@id":"https:\/\/quehacerpolitico.mx\/#\/schema\/person\/496d8ad2d1d3f8036101dca7ee39e585"},"breadcrumb":{"@id":"https:\/\/quehacerpolitico.mx\/?p=99823#breadcrumb"},"inLanguage":"es","potentialAction":[{"@type":"ReadAction","target":["https:\/\/quehacerpolitico.mx\/?p=99823"]}]},{"@type":"ImageObject","inLanguage":"es","@id":"https:\/\/quehacerpolitico.mx\/?p=99823#primaryimage","url":"https:\/\/quehacerpolitico.mx\/wp-content\/uploads\/2023\/04\/IMG_6911.jpeg","contentUrl":"https:\/\/quehacerpolitico.mx\/wp-content\/uploads\/2023\/04\/IMG_6911.jpeg","width":630,"height":345},{"@type":"BreadcrumbList","@id":"https:\/\/quehacerpolitico.mx\/?p=99823#breadcrumb","itemListElement":[{"@type":"ListItem","position":1,"name":"Inicio","item":"https:\/\/quehacerpolitico.mx\/"},{"@type":"ListItem","position":2,"name":"\u00bfqu\u00e9 se conmemora hoy?"}]},{"@type":"WebSite","@id":"https:\/\/quehacerpolitico.mx\/#website","url":"https:\/\/quehacerpolitico.mx\/","name":"","description":"","potentialAction":[{"@type":"SearchAction","target":{"@type":"EntryPoint","urlTemplate":"https:\/\/quehacerpolitico.mx\/?s={search_term_string}"},"query-input":{"@type":"PropertyValueSpecification","valueRequired":true,"valueName":"search_term_string"}}],"inLanguage":"es"},{"@type":"Person","@id":"https:\/\/quehacerpolitico.mx\/#\/schema\/person\/496d8ad2d1d3f8036101dca7ee39e585","name":"Redacci\u00f3n QP","image":{"@type":"ImageObject","inLanguage":"es","@id":"https:\/\/secure.gravatar.com\/avatar\/c7164ed6fdec453195284ad24a5ae5b6e1eed2b848477fa2a4787ba9adf39a41?s=96&d=mm&r=g","url":"https:\/\/secure.gravatar.com\/avatar\/c7164ed6fdec453195284ad24a5ae5b6e1eed2b848477fa2a4787ba9adf39a41?s=96&d=mm&r=g","contentUrl":"https:\/\/secure.gravatar.com\/avatar\/c7164ed6fdec453195284ad24a5ae5b6e1eed2b848477fa2a4787ba9adf39a41?s=96&d=mm&r=g","caption":"Redacci\u00f3n QP"},"url":"https:\/\/quehacerpolitico.mx\/?author=2"}]}},"featured_image_urls":{"full":["https:\/\/quehacerpolitico.mx\/wp-content\/uploads\/2023\/04\/IMG_6911.jpeg",630,345,false],"thumbnail":["https:\/\/quehacerpolitico.mx\/wp-content\/uploads\/2023\/04\/IMG_6911-150x150.jpeg",150,150,true],"medium":["https:\/\/quehacerpolitico.mx\/wp-content\/uploads\/2023\/04\/IMG_6911-300x164.jpeg",300,164,true],"medium_large":["https:\/\/quehacerpolitico.mx\/wp-content\/uploads\/2023\/04\/IMG_6911.jpeg",630,345,false],"large":["https:\/\/quehacerpolitico.mx\/wp-content\/uploads\/2023\/04\/IMG_6911.jpeg",630,345,false],"1536x1536":["https:\/\/quehacerpolitico.mx\/wp-content\/uploads\/2023\/04\/IMG_6911.jpeg",630,345,false],"2048x2048":["https:\/\/quehacerpolitico.mx\/wp-content\/uploads\/2023\/04\/IMG_6911.jpeg",630,345,false],"covernews-featured":["https:\/\/quehacerpolitico.mx\/wp-content\/uploads\/2023\/04\/IMG_6911.jpeg",630,345,false],"covernews-medium":["https:\/\/quehacerpolitico.mx\/wp-content\/uploads\/2023\/04\/IMG_6911.jpeg",540,296,false]},"author_info":{"display_name":"Redacci\u00f3n QP","author_link":"https:\/\/quehacerpolitico.mx\/?author=2"},"category_info":"<a href=\"https:\/\/quehacerpolitico.mx\/?cat=58\" rel=\"category\">Cultura y Entretenimiento<\/a>","tag_info":"Cultura y Entretenimiento","comment_count":"0","_links":{"self":[{"href":"https:\/\/quehacerpolitico.mx\/index.php?rest_route=\/wp\/v2\/posts\/99823","targetHints":{"allow":["GET"]}}],"collection":[{"href":"https:\/\/quehacerpolitico.mx\/index.php?rest_route=\/wp\/v2\/posts"}],"about":[{"href":"https:\/\/quehacerpolitico.mx\/index.php?rest_route=\/wp\/v2\/types\/post"}],"author":[{"embeddable":true,"href":"https:\/\/quehacerpolitico.mx\/index.php?rest_route=\/wp\/v2\/users\/2"}],"replies":[{"embeddable":true,"href":"https:\/\/quehacerpolitico.mx\/index.php?rest_route=%2Fwp%2Fv2%2Fcomments&post=99823"}],"version-history":[{"count":1,"href":"https:\/\/quehacerpolitico.mx\/index.php?rest_route=\/wp\/v2\/posts\/99823\/revisions"}],"predecessor-version":[{"id":99825,"href":"https:\/\/quehacerpolitico.mx\/index.php?rest_route=\/wp\/v2\/posts\/99823\/revisions\/99825"}],"wp:featuredmedia":[{"embeddable":true,"href":"https:\/\/quehacerpolitico.mx\/index.php?rest_route=\/wp\/v2\/media\/99824"}],"wp:attachment":[{"href":"https:\/\/quehacerpolitico.mx\/index.php?rest_route=%2Fwp%2Fv2%2Fmedia&parent=99823"}],"wp:term":[{"taxonomy":"category","embeddable":true,"href":"https:\/\/quehacerpolitico.mx\/index.php?rest_route=%2Fwp%2Fv2%2Fcategories&post=99823"},{"taxonomy":"post_tag","embeddable":true,"href":"https:\/\/quehacerpolitico.mx\/index.php?rest_route=%2Fwp%2Fv2%2Ftags&post=99823"}],"curies":[{"name":"wp","href":"https:\/\/api.w.org\/{rel}","templated":true}]}}