{"id":99820,"date":"2023-04-05T19:02:57","date_gmt":"2023-04-05T19:02:57","guid":{"rendered":"https:\/\/quehacerpolitico.mx\/?p=99820"},"modified":"2023-04-05T19:03:01","modified_gmt":"2023-04-05T19:03:01","slug":"fuera-del-top-7-ranking-de-la-f1-pone-mala-calificacion-a-checo-perez-tras-gp-de-australia","status":"publish","type":"post","link":"https:\/\/quehacerpolitico.mx\/?p=99820","title":{"rendered":"\u00a1Fuera del Top 7! Ranking de la F1 pone &#8216;mala&#8217; calificaci\u00f3n a Checo P\u00e9rez tras GP de Australia"},"content":{"rendered":"\n<p>Por Redacci\u00f3n QP<\/p>\n\n\n\n<p>Pese a remontar 15 lugares en la carrera principal de Australia, Checo P\u00e9rez no obtuvo una buena calificaci\u00f3n en el \u00faltimo ranking de la F1.<\/p>\n\n\n\n<p>Checo P\u00e9rez\u00a0tuvo muchos problemas tanto en las Pr\u00e1cticas Libres 3 as\u00ed como en la Clasificaci\u00f3n, por lo que comenz\u00f3 en el lugar 20 para la carrera principal; sin embargo, logr\u00f3 ir remontando poco a poco para adjudicarse el quinto pelda\u00f1o, aunque nada de esto sirvi\u00f3 debido a que en el \u00faltimo ranking de la F\u00f3rmula 1 del Gran Premio de Australia se qued\u00f3 fuera del top 5.<\/p>\n\n\n\n<p>Rankings por la F\u00f3rmula 1 tras el GP de Australia En el tradicional Power Ranking, que se da competencia tras competencia, tampoco Max Verstappen fue considerado el mejor y s\u00ed lo fue el brit\u00e1nico Lewis Hamilton, quien obtuvo su primer podio del a\u00f1o al quedarse en la segunda posici\u00f3n.<\/p>\n\n\n\n<figure class=\"wp-block-embed is-type-rich is-provider-twitter wp-block-embed-twitter\"><div class=\"wp-block-embed__wrapper\">\n<blockquote class=\"twitter-tweet\" data-width=\"550\" data-dnt=\"true\"><p lang=\"en\" dir=\"ltr\">Check out the season leaderboard \ud83d\udcca\ud83d\udc47<a href=\"https:\/\/twitter.com\/hashtag\/AusGP?src=hash&amp;ref_src=twsrc%5Etfw\">#AusGP<\/a> <a href=\"https:\/\/twitter.com\/hashtag\/F1?src=hash&amp;ref_src=twsrc%5Etfw\">#F1<\/a> <a href=\"https:\/\/twitter.com\/aramco?ref_src=twsrc%5Etfw\">@aramco<\/a> <a href=\"https:\/\/t.co\/T6YTuIcAz7\">https:\/\/t.co\/T6YTuIcAz7<\/a><\/p>&mdash; Formula 1 (@F1) <a href=\"https:\/\/twitter.com\/F1\/status\/1643630251174424576?ref_src=twsrc%5Etfw\">April 5, 2023<\/a><\/blockquote><script async src=\"https:\/\/platform.twitter.com\/widgets.js\" charset=\"utf-8\"><\/script>\n<\/div><\/figure>\n\n\n\n<p>\u201cFue el primer podio del a\u00f1o para el siete veces campe\u00f3n del mundo, que incluso lider\u00f3 brevemente. Hamilton tuvo un fin de semana muy completo, clasific\u00e1ndose en P3, su mejor clasificaci\u00f3n de la temporada, antes de colocarse segundo, por delante de Max Verstappen, gracias a una salida r\u00e1pida\u201d, se lee en el sitio web de la F\u00f3rmula 1. Las primeras ocho posiciones quedaron de la siguiente manera: Lewis Hamilton 9.0 George Russell 9.0 Lando Norris 8.8 Nico Hulkenberg 8.8 Max Verstappen 8.6 Fernando Alonso 8.4 Oscar Piastri 8.2 Sergio P\u00e9rez 8.0<\/p>\n\n\n\n<p>\u00bfQu\u00e9 dijo la F\u00f3rmula 1 de Checo P\u00e9rez? Si bien la organizaci\u00f3n destac\u00f3 los rebases que hizo durante la carrera principal, le quit\u00f3 m\u00e9rito a Sergio por todas las fallas que tuvo en las etapas previas, especialmente en la Qualy en donde qued\u00f3 \u00faltimo lugar. Esto fue lo que dijeron del piloto tapat\u00edo. \u201cEl mexicano se considerar\u00e1 desafortunado, ya que un persistente problema t\u00e9cnico le hizo acabar en la grava en la Q1, \u00a1habiendo pasado tambi\u00e9n gran parte de la FP3 con problemas! Tras salir desde el pit lane, aprovech\u00f3 la velocidad del RB19 para realizar algunos adelantamientos impresionantes y terminar quinto\u201d. \u201cDespu\u00e9s de ganar en Jeddah, este no habr\u00eda sido el resultado que P\u00e9rez ten\u00eda en mente para el fin de semana, pero desde donde estaba el s\u00e1bado por la tarde, fue un acto de rescate incre\u00edble\u201d. Pr\u00f3xima carrera de la F\u00f3rmula 1 La siguiente competici\u00f3n de la F\u00f3rmula 1 se dar\u00e1 con el Gran Premio de Azerbaiy\u00e1n, que estar\u00e1 disputando la carrera principal el domingo 30 de abril a las 05:00 horas (tiempo del centro de M\u00e9xico), en el Circuito callejero de Bak\u00fa.<\/p>\n\n\n\n<p>Con Informaci\u00f3n de Medio Tiempo<\/p>\n","protected":false},"excerpt":{"rendered":"<p>Por Redacci\u00f3n QP Pese a remontar 15 lugares en la carrera principal de Australia, Checo&#8230;<\/p>\n","protected":false},"author":2,"featured_media":99821,"comment_status":"open","ping_status":"open","sticky":false,"template":"","format":"standard","meta":{"_monsterinsights_skip_tracking":false,"_monsterinsights_sitenote_active":false,"_monsterinsights_sitenote_note":"","_monsterinsights_sitenote_category":0,"footnotes":""},"categories":[54],"tags":[],"class_list":["post-99820","post","type-post","status-publish","format-standard","has-post-thumbnail","hentry","category-deportes"],"yoast_head":"<!-- This site is optimized with the Yoast SEO plugin v27.3 - https:\/\/yoast.com\/product\/yoast-seo-wordpress\/ -->\n<title>\u00a1Fuera del Top 7! Ranking de la F1 pone &#039;mala&#039; calificaci\u00f3n a Checo P\u00e9rez tras GP de Australia -<\/title>\n<meta name=\"robots\" content=\"index, follow, max-snippet:-1, max-image-preview:large, max-video-preview:-1\" \/>\n<link rel=\"canonical\" href=\"https:\/\/quehacerpolitico.mx\/?p=99820\" \/>\n<meta property=\"og:locale\" content=\"es_MX\" \/>\n<meta property=\"og:type\" content=\"article\" \/>\n<meta property=\"og:title\" content=\"\u00a1Fuera del Top 7! Ranking de la F1 pone &#039;mala&#039; calificaci\u00f3n a Checo P\u00e9rez tras GP de Australia -\" \/>\n<meta property=\"og:description\" content=\"Por Redacci\u00f3n QP Pese a remontar 15 lugares en la carrera principal de Australia, Checo...\" \/>\n<meta property=\"og:url\" content=\"https:\/\/quehacerpolitico.mx\/?p=99820\" \/>\n<meta property=\"article:published_time\" content=\"2023-04-05T19:02:57+00:00\" \/>\n<meta property=\"article:modified_time\" content=\"2023-04-05T19:03:01+00:00\" \/>\n<meta property=\"og:image\" content=\"https:\/\/quehacerpolitico.mx\/wp-content\/uploads\/2023\/04\/IMG_6910.jpeg\" \/>\n\t<meta property=\"og:image:width\" content=\"739\" \/>\n\t<meta property=\"og:image:height\" content=\"415\" \/>\n\t<meta property=\"og:image:type\" content=\"image\/jpeg\" \/>\n<meta name=\"author\" content=\"Redacci\u00f3n QP\" \/>\n<meta name=\"twitter:card\" content=\"summary_large_image\" \/>\n<meta name=\"twitter:label1\" content=\"Escrito por\" \/>\n\t<meta name=\"twitter:data1\" content=\"Redacci\u00f3n QP\" \/>\n\t<meta name=\"twitter:label2\" content=\"Tiempo de lectura\" \/>\n\t<meta name=\"twitter:data2\" content=\"2 minutos\" \/>\n<script type=\"application\/ld+json\" class=\"yoast-schema-graph\">{\"@context\":\"https:\\\/\\\/schema.org\",\"@graph\":[{\"@type\":\"Article\",\"@id\":\"https:\\\/\\\/quehacerpolitico.mx\\\/?p=99820#article\",\"isPartOf\":{\"@id\":\"https:\\\/\\\/quehacerpolitico.mx\\\/?p=99820\"},\"author\":{\"name\":\"Redacci\u00f3n QP\",\"@id\":\"https:\\\/\\\/quehacerpolitico.mx\\\/#\\\/schema\\\/person\\\/496d8ad2d1d3f8036101dca7ee39e585\"},\"headline\":\"\u00a1Fuera del Top 7! Ranking de la F1 pone &#8216;mala&#8217; calificaci\u00f3n a Checo P\u00e9rez tras GP de Australia\",\"datePublished\":\"2023-04-05T19:02:57+00:00\",\"dateModified\":\"2023-04-05T19:03:01+00:00\",\"mainEntityOfPage\":{\"@id\":\"https:\\\/\\\/quehacerpolitico.mx\\\/?p=99820\"},\"wordCount\":475,\"commentCount\":0,\"image\":{\"@id\":\"https:\\\/\\\/quehacerpolitico.mx\\\/?p=99820#primaryimage\"},\"thumbnailUrl\":\"https:\\\/\\\/quehacerpolitico.mx\\\/wp-content\\\/uploads\\\/2023\\\/04\\\/IMG_6910.jpeg\",\"articleSection\":[\"Deportes\"],\"inLanguage\":\"es\",\"potentialAction\":[{\"@type\":\"CommentAction\",\"name\":\"Comment\",\"target\":[\"https:\\\/\\\/quehacerpolitico.mx\\\/?p=99820#respond\"]}]},{\"@type\":\"WebPage\",\"@id\":\"https:\\\/\\\/quehacerpolitico.mx\\\/?p=99820\",\"url\":\"https:\\\/\\\/quehacerpolitico.mx\\\/?p=99820\",\"name\":\"\u00a1Fuera del Top 7! Ranking de la F1 pone 'mala' calificaci\u00f3n a Checo P\u00e9rez tras GP de Australia -\",\"isPartOf\":{\"@id\":\"https:\\\/\\\/quehacerpolitico.mx\\\/#website\"},\"primaryImageOfPage\":{\"@id\":\"https:\\\/\\\/quehacerpolitico.mx\\\/?p=99820#primaryimage\"},\"image\":{\"@id\":\"https:\\\/\\\/quehacerpolitico.mx\\\/?p=99820#primaryimage\"},\"thumbnailUrl\":\"https:\\\/\\\/quehacerpolitico.mx\\\/wp-content\\\/uploads\\\/2023\\\/04\\\/IMG_6910.jpeg\",\"datePublished\":\"2023-04-05T19:02:57+00:00\",\"dateModified\":\"2023-04-05T19:03:01+00:00\",\"author\":{\"@id\":\"https:\\\/\\\/quehacerpolitico.mx\\\/#\\\/schema\\\/person\\\/496d8ad2d1d3f8036101dca7ee39e585\"},\"breadcrumb\":{\"@id\":\"https:\\\/\\\/quehacerpolitico.mx\\\/?p=99820#breadcrumb\"},\"inLanguage\":\"es\",\"potentialAction\":[{\"@type\":\"ReadAction\",\"target\":[\"https:\\\/\\\/quehacerpolitico.mx\\\/?p=99820\"]}]},{\"@type\":\"ImageObject\",\"inLanguage\":\"es\",\"@id\":\"https:\\\/\\\/quehacerpolitico.mx\\\/?p=99820#primaryimage\",\"url\":\"https:\\\/\\\/quehacerpolitico.mx\\\/wp-content\\\/uploads\\\/2023\\\/04\\\/IMG_6910.jpeg\",\"contentUrl\":\"https:\\\/\\\/quehacerpolitico.mx\\\/wp-content\\\/uploads\\\/2023\\\/04\\\/IMG_6910.jpeg\",\"width\":739,\"height\":415},{\"@type\":\"BreadcrumbList\",\"@id\":\"https:\\\/\\\/quehacerpolitico.mx\\\/?p=99820#breadcrumb\",\"itemListElement\":[{\"@type\":\"ListItem\",\"position\":1,\"name\":\"Inicio\",\"item\":\"https:\\\/\\\/quehacerpolitico.mx\\\/\"},{\"@type\":\"ListItem\",\"position\":2,\"name\":\"\u00a1Fuera del Top 7! Ranking de la F1 pone &#8216;mala&#8217; calificaci\u00f3n a Checo P\u00e9rez tras GP de Australia\"}]},{\"@type\":\"WebSite\",\"@id\":\"https:\\\/\\\/quehacerpolitico.mx\\\/#website\",\"url\":\"https:\\\/\\\/quehacerpolitico.mx\\\/\",\"name\":\"\",\"description\":\"\",\"potentialAction\":[{\"@type\":\"SearchAction\",\"target\":{\"@type\":\"EntryPoint\",\"urlTemplate\":\"https:\\\/\\\/quehacerpolitico.mx\\\/?s={search_term_string}\"},\"query-input\":{\"@type\":\"PropertyValueSpecification\",\"valueRequired\":true,\"valueName\":\"search_term_string\"}}],\"inLanguage\":\"es\"},{\"@type\":\"Person\",\"@id\":\"https:\\\/\\\/quehacerpolitico.mx\\\/#\\\/schema\\\/person\\\/496d8ad2d1d3f8036101dca7ee39e585\",\"name\":\"Redacci\u00f3n QP\",\"image\":{\"@type\":\"ImageObject\",\"inLanguage\":\"es\",\"@id\":\"https:\\\/\\\/secure.gravatar.com\\\/avatar\\\/c7164ed6fdec453195284ad24a5ae5b6e1eed2b848477fa2a4787ba9adf39a41?s=96&d=mm&r=g\",\"url\":\"https:\\\/\\\/secure.gravatar.com\\\/avatar\\\/c7164ed6fdec453195284ad24a5ae5b6e1eed2b848477fa2a4787ba9adf39a41?s=96&d=mm&r=g\",\"contentUrl\":\"https:\\\/\\\/secure.gravatar.com\\\/avatar\\\/c7164ed6fdec453195284ad24a5ae5b6e1eed2b848477fa2a4787ba9adf39a41?s=96&d=mm&r=g\",\"caption\":\"Redacci\u00f3n QP\"},\"url\":\"https:\\\/\\\/quehacerpolitico.mx\\\/?author=2\"}]}<\/script>\n<!-- \/ Yoast SEO plugin. -->","yoast_head_json":{"title":"\u00a1Fuera del Top 7! Ranking de la F1 pone 'mala' calificaci\u00f3n a Checo P\u00e9rez tras GP de Australia -","robots":{"index":"index","follow":"follow","max-snippet":"max-snippet:-1","max-image-preview":"max-image-preview:large","max-video-preview":"max-video-preview:-1"},"canonical":"https:\/\/quehacerpolitico.mx\/?p=99820","og_locale":"es_MX","og_type":"article","og_title":"\u00a1Fuera del Top 7! Ranking de la F1 pone 'mala' calificaci\u00f3n a Checo P\u00e9rez tras GP de Australia -","og_description":"Por Redacci\u00f3n QP Pese a remontar 15 lugares en la carrera principal de Australia, Checo...","og_url":"https:\/\/quehacerpolitico.mx\/?p=99820","article_published_time":"2023-04-05T19:02:57+00:00","article_modified_time":"2023-04-05T19:03:01+00:00","og_image":[{"width":739,"height":415,"url":"https:\/\/quehacerpolitico.mx\/wp-content\/uploads\/2023\/04\/IMG_6910.jpeg","type":"image\/jpeg"}],"author":"Redacci\u00f3n QP","twitter_card":"summary_large_image","twitter_misc":{"Escrito por":"Redacci\u00f3n QP","Tiempo de lectura":"2 minutos"},"schema":{"@context":"https:\/\/schema.org","@graph":[{"@type":"Article","@id":"https:\/\/quehacerpolitico.mx\/?p=99820#article","isPartOf":{"@id":"https:\/\/quehacerpolitico.mx\/?p=99820"},"author":{"name":"Redacci\u00f3n QP","@id":"https:\/\/quehacerpolitico.mx\/#\/schema\/person\/496d8ad2d1d3f8036101dca7ee39e585"},"headline":"\u00a1Fuera del Top 7! Ranking de la F1 pone &#8216;mala&#8217; calificaci\u00f3n a Checo P\u00e9rez tras GP de Australia","datePublished":"2023-04-05T19:02:57+00:00","dateModified":"2023-04-05T19:03:01+00:00","mainEntityOfPage":{"@id":"https:\/\/quehacerpolitico.mx\/?p=99820"},"wordCount":475,"commentCount":0,"image":{"@id":"https:\/\/quehacerpolitico.mx\/?p=99820#primaryimage"},"thumbnailUrl":"https:\/\/quehacerpolitico.mx\/wp-content\/uploads\/2023\/04\/IMG_6910.jpeg","articleSection":["Deportes"],"inLanguage":"es","potentialAction":[{"@type":"CommentAction","name":"Comment","target":["https:\/\/quehacerpolitico.mx\/?p=99820#respond"]}]},{"@type":"WebPage","@id":"https:\/\/quehacerpolitico.mx\/?p=99820","url":"https:\/\/quehacerpolitico.mx\/?p=99820","name":"\u00a1Fuera del Top 7! Ranking de la F1 pone 'mala' calificaci\u00f3n a Checo P\u00e9rez tras GP de Australia -","isPartOf":{"@id":"https:\/\/quehacerpolitico.mx\/#website"},"primaryImageOfPage":{"@id":"https:\/\/quehacerpolitico.mx\/?p=99820#primaryimage"},"image":{"@id":"https:\/\/quehacerpolitico.mx\/?p=99820#primaryimage"},"thumbnailUrl":"https:\/\/quehacerpolitico.mx\/wp-content\/uploads\/2023\/04\/IMG_6910.jpeg","datePublished":"2023-04-05T19:02:57+00:00","dateModified":"2023-04-05T19:03:01+00:00","author":{"@id":"https:\/\/quehacerpolitico.mx\/#\/schema\/person\/496d8ad2d1d3f8036101dca7ee39e585"},"breadcrumb":{"@id":"https:\/\/quehacerpolitico.mx\/?p=99820#breadcrumb"},"inLanguage":"es","potentialAction":[{"@type":"ReadAction","target":["https:\/\/quehacerpolitico.mx\/?p=99820"]}]},{"@type":"ImageObject","inLanguage":"es","@id":"https:\/\/quehacerpolitico.mx\/?p=99820#primaryimage","url":"https:\/\/quehacerpolitico.mx\/wp-content\/uploads\/2023\/04\/IMG_6910.jpeg","contentUrl":"https:\/\/quehacerpolitico.mx\/wp-content\/uploads\/2023\/04\/IMG_6910.jpeg","width":739,"height":415},{"@type":"BreadcrumbList","@id":"https:\/\/quehacerpolitico.mx\/?p=99820#breadcrumb","itemListElement":[{"@type":"ListItem","position":1,"name":"Inicio","item":"https:\/\/quehacerpolitico.mx\/"},{"@type":"ListItem","position":2,"name":"\u00a1Fuera del Top 7! Ranking de la F1 pone &#8216;mala&#8217; calificaci\u00f3n a Checo P\u00e9rez tras GP de Australia"}]},{"@type":"WebSite","@id":"https:\/\/quehacerpolitico.mx\/#website","url":"https:\/\/quehacerpolitico.mx\/","name":"","description":"","potentialAction":[{"@type":"SearchAction","target":{"@type":"EntryPoint","urlTemplate":"https:\/\/quehacerpolitico.mx\/?s={search_term_string}"},"query-input":{"@type":"PropertyValueSpecification","valueRequired":true,"valueName":"search_term_string"}}],"inLanguage":"es"},{"@type":"Person","@id":"https:\/\/quehacerpolitico.mx\/#\/schema\/person\/496d8ad2d1d3f8036101dca7ee39e585","name":"Redacci\u00f3n QP","image":{"@type":"ImageObject","inLanguage":"es","@id":"https:\/\/secure.gravatar.com\/avatar\/c7164ed6fdec453195284ad24a5ae5b6e1eed2b848477fa2a4787ba9adf39a41?s=96&d=mm&r=g","url":"https:\/\/secure.gravatar.com\/avatar\/c7164ed6fdec453195284ad24a5ae5b6e1eed2b848477fa2a4787ba9adf39a41?s=96&d=mm&r=g","contentUrl":"https:\/\/secure.gravatar.com\/avatar\/c7164ed6fdec453195284ad24a5ae5b6e1eed2b848477fa2a4787ba9adf39a41?s=96&d=mm&r=g","caption":"Redacci\u00f3n QP"},"url":"https:\/\/quehacerpolitico.mx\/?author=2"}]}},"featured_image_urls":{"full":["https:\/\/quehacerpolitico.mx\/wp-content\/uploads\/2023\/04\/IMG_6910.jpeg",739,415,false],"thumbnail":["https:\/\/quehacerpolitico.mx\/wp-content\/uploads\/2023\/04\/IMG_6910-150x150.jpeg",150,150,true],"medium":["https:\/\/quehacerpolitico.mx\/wp-content\/uploads\/2023\/04\/IMG_6910-300x168.jpeg",300,168,true],"medium_large":["https:\/\/quehacerpolitico.mx\/wp-content\/uploads\/2023\/04\/IMG_6910.jpeg",640,359,false],"large":["https:\/\/quehacerpolitico.mx\/wp-content\/uploads\/2023\/04\/IMG_6910.jpeg",640,359,false],"1536x1536":["https:\/\/quehacerpolitico.mx\/wp-content\/uploads\/2023\/04\/IMG_6910.jpeg",739,415,false],"2048x2048":["https:\/\/quehacerpolitico.mx\/wp-content\/uploads\/2023\/04\/IMG_6910.jpeg",739,415,false],"covernews-featured":["https:\/\/quehacerpolitico.mx\/wp-content\/uploads\/2023\/04\/IMG_6910.jpeg",739,415,false],"covernews-medium":["https:\/\/quehacerpolitico.mx\/wp-content\/uploads\/2023\/04\/IMG_6910.jpeg",540,303,false]},"author_info":{"display_name":"Redacci\u00f3n QP","author_link":"https:\/\/quehacerpolitico.mx\/?author=2"},"category_info":"<a href=\"https:\/\/quehacerpolitico.mx\/?cat=54\" rel=\"category\">Deportes<\/a>","tag_info":"Deportes","comment_count":"0","_links":{"self":[{"href":"https:\/\/quehacerpolitico.mx\/index.php?rest_route=\/wp\/v2\/posts\/99820","targetHints":{"allow":["GET"]}}],"collection":[{"href":"https:\/\/quehacerpolitico.mx\/index.php?rest_route=\/wp\/v2\/posts"}],"about":[{"href":"https:\/\/quehacerpolitico.mx\/index.php?rest_route=\/wp\/v2\/types\/post"}],"author":[{"embeddable":true,"href":"https:\/\/quehacerpolitico.mx\/index.php?rest_route=\/wp\/v2\/users\/2"}],"replies":[{"embeddable":true,"href":"https:\/\/quehacerpolitico.mx\/index.php?rest_route=%2Fwp%2Fv2%2Fcomments&post=99820"}],"version-history":[{"count":1,"href":"https:\/\/quehacerpolitico.mx\/index.php?rest_route=\/wp\/v2\/posts\/99820\/revisions"}],"predecessor-version":[{"id":99822,"href":"https:\/\/quehacerpolitico.mx\/index.php?rest_route=\/wp\/v2\/posts\/99820\/revisions\/99822"}],"wp:featuredmedia":[{"embeddable":true,"href":"https:\/\/quehacerpolitico.mx\/index.php?rest_route=\/wp\/v2\/media\/99821"}],"wp:attachment":[{"href":"https:\/\/quehacerpolitico.mx\/index.php?rest_route=%2Fwp%2Fv2%2Fmedia&parent=99820"}],"wp:term":[{"taxonomy":"category","embeddable":true,"href":"https:\/\/quehacerpolitico.mx\/index.php?rest_route=%2Fwp%2Fv2%2Fcategories&post=99820"},{"taxonomy":"post_tag","embeddable":true,"href":"https:\/\/quehacerpolitico.mx\/index.php?rest_route=%2Fwp%2Fv2%2Ftags&post=99820"}],"curies":[{"name":"wp","href":"https:\/\/api.w.org\/{rel}","templated":true}]}}