{"id":99814,"date":"2023-04-05T18:21:38","date_gmt":"2023-04-05T18:21:38","guid":{"rendered":"https:\/\/quehacerpolitico.mx\/?p=99814"},"modified":"2023-04-05T18:21:41","modified_gmt":"2023-04-05T18:21:41","slug":"lopez-obrador-expresa-desacuerdo-contra-la-imputacion-de-trump","status":"publish","type":"post","link":"https:\/\/quehacerpolitico.mx\/?p=99814","title":{"rendered":"L\u00f3pez Obrador expresa desacuerdo contra la imputaci\u00f3n de Trump"},"content":{"rendered":"\n<p>Por Redacci\u00f3n QP<\/p>\n\n\n\n<p>Donald Trump &#8220;est\u00e1 expuesto a una campa\u00f1a de desprestigio&#8221;, denunci\u00f3\u00a0L\u00f3pez Obrador<\/p>\n\n\n\n<p><strong>Andr\u00e9s Manuel L\u00f3pez Obrador, Presidente de M\u00e9xico, afirm\u00f3 que est\u00e1 en desacuerdo con la pol\u00e9mica\u00a0imputaci\u00f3n del expresidente estadounidense Donald Trump (2017-2021), e indic\u00f3 que la misma\u00a0est\u00e1 motivada por &#8220;prop\u00f3sitos pol\u00edticos y electorales&#8221;.<\/strong><\/p>\n\n\n\n<p>&#8220;Mantengo mi postura de que no debe de utilizarse lo jur\u00eddico, los asuntos supuestamente legales, con prop\u00f3sitos pol\u00edticos, electorales. Por eso no estoy de acuerdo con lo que le est\u00e1n haciendo al expresidente Trump&#8221;,\u00a0<strong>expuso en su rueda de prensa diaria.<\/strong><\/p>\n\n\n\n<figure class=\"wp-block-embed is-type-video is-provider-youtube wp-block-embed-youtube wp-embed-aspect-16-9 wp-has-aspect-ratio\"><div class=\"wp-block-embed__wrapper\">\n<iframe loading=\"lazy\" title=\"\u2018No estoy de acuerdo con lo que le hicieron a Trump\u2019\" width=\"640\" height=\"360\" src=\"https:\/\/www.youtube.com\/embed\/Ymc7xmpYVV4?feature=oembed\" frameborder=\"0\" allow=\"accelerometer; autoplay; clipboard-write; encrypted-media; gyroscope; picture-in-picture; web-share\" referrerpolicy=\"strict-origin-when-cross-origin\" allowfullscreen><\/iframe>\n<\/div><\/figure>\n\n\n\n<p>Adem\u00e1s, asegur\u00f3 que es &#8220;una degradaci\u00f3n de la seriedad que deben de tener las leyes&#8221;, pues consider\u00f3 que ha pasado mucho tiempo desde\u00a0<strong>que el exmandatario estadounidense presuntamente tuvo una relaci\u00f3n extramatrimonial con la actriz porno Stormy Daniels, a la que pagaron para que guardara silencio antes de las elecciones presidenciales de 2016<\/strong>. &#8220;No s\u00e9 si haya cometido delito, no me corresponde, me llama la atenci\u00f3n que le est\u00e1n acusando de algo que sucedi\u00f3 en 2006. \u00bfCu\u00e1ntos a\u00f1os lleva? 17. Y no (lo digo) porque se trata del presidente Trump, no, cualquiera&#8221;, indic\u00f3.<\/p>\n\n\n\n<blockquote class=\"wp-block-quote is-layout-flow wp-block-quote-is-layout-flow\">\n<p>&#8220;Est\u00e1 expuesto a una campa\u00f1a de desprestigio&#8221;,<\/p>\n<\/blockquote>\n\n\n\n<p>Trump se convirti\u00f3 el pasado martes en el primer expresidente de la historia de Estados Unidos en ser imputado, despu\u00e9s de que se le responsabilizara por 34 delitos de falsificaci\u00f3n de registros mercantiles.&nbsp;<strong>Seg\u00fan el fiscal de Manhattan que lleva el caso, Alvin Bragg, Trump orquest\u00f3 una trama ilegal que emiti\u00f3 tres pagos a personas con informaci\u00f3n da\u00f1ina&nbsp;<\/strong>sobre \u00e9l de cara a las elecciones presidenciales de 2016.<\/p>\n\n\n\n<p>Esta imputaci\u00f3n, se\u00f1al\u00f3 el mandatario mexicano, perjudica a Trump de cara a las elecciones presidenciales de 2024. &#8220;Legalmente s\u00ed puede participar (en las elecciones pese a la imputaci\u00f3n), pero de todas maneras est\u00e1 expuesto a una campa\u00f1a de desprestigio&#8221;, denunci\u00f3.<\/p>\n\n\n\n<p><strong>La trama en la que est\u00e1 envuelto el expresidente estadounidense, dijo L\u00f3pez Obrador, es similar a la destituci\u00f3n del expresidente peruano Pedro Castillo, encarcelado despu\u00e9s de dar un fallido autogolpe de Estado el pasado diciembre.<\/strong><\/p>\n\n\n\n<p>Con informaci\u00f3n de EFE<\/p>\n","protected":false},"excerpt":{"rendered":"<p>Por Redacci\u00f3n QP Donald Trump &#8220;est\u00e1 expuesto a una campa\u00f1a de desprestigio&#8221;, denunci\u00f3\u00a0L\u00f3pez Obrador Andr\u00e9s&#8230;<\/p>\n","protected":false},"author":2,"featured_media":99815,"comment_status":"open","ping_status":"open","sticky":false,"template":"","format":"standard","meta":{"_monsterinsights_skip_tracking":false,"_monsterinsights_sitenote_active":false,"_monsterinsights_sitenote_note":"","_monsterinsights_sitenote_category":0,"footnotes":""},"categories":[2],"tags":[],"class_list":["post-99814","post","type-post","status-publish","format-standard","has-post-thumbnail","hentry","category-noticias"],"yoast_head":"<!-- This site is optimized with the Yoast SEO plugin v27.3 - https:\/\/yoast.com\/product\/yoast-seo-wordpress\/ -->\n<title>L\u00f3pez Obrador expresa desacuerdo contra la imputaci\u00f3n de Trump -<\/title>\n<meta name=\"robots\" content=\"index, follow, max-snippet:-1, max-image-preview:large, max-video-preview:-1\" \/>\n<link rel=\"canonical\" href=\"https:\/\/quehacerpolitico.mx\/?p=99814\" \/>\n<meta property=\"og:locale\" content=\"es_MX\" \/>\n<meta property=\"og:type\" content=\"article\" \/>\n<meta property=\"og:title\" content=\"L\u00f3pez Obrador expresa desacuerdo contra la imputaci\u00f3n de Trump -\" \/>\n<meta property=\"og:description\" content=\"Por Redacci\u00f3n QP Donald Trump &#8220;est\u00e1 expuesto a una campa\u00f1a de desprestigio&#8221;, denunci\u00f3\u00a0L\u00f3pez Obrador Andr\u00e9s...\" \/>\n<meta property=\"og:url\" content=\"https:\/\/quehacerpolitico.mx\/?p=99814\" \/>\n<meta property=\"article:published_time\" content=\"2023-04-05T18:21:38+00:00\" \/>\n<meta property=\"article:modified_time\" content=\"2023-04-05T18:21:41+00:00\" \/>\n<meta property=\"og:image\" content=\"https:\/\/quehacerpolitico.mx\/wp-content\/uploads\/2023\/04\/IMG_6904.jpeg\" \/>\n\t<meta property=\"og:image:width\" content=\"1284\" \/>\n\t<meta property=\"og:image:height\" content=\"708\" \/>\n\t<meta property=\"og:image:type\" content=\"image\/jpeg\" \/>\n<meta name=\"author\" content=\"Redacci\u00f3n QP\" \/>\n<meta name=\"twitter:card\" content=\"summary_large_image\" \/>\n<meta name=\"twitter:label1\" content=\"Escrito por\" \/>\n\t<meta name=\"twitter:data1\" content=\"Redacci\u00f3n QP\" \/>\n\t<meta name=\"twitter:label2\" content=\"Tiempo de lectura\" \/>\n\t<meta name=\"twitter:data2\" content=\"2 minutos\" \/>\n<script type=\"application\/ld+json\" class=\"yoast-schema-graph\">{\"@context\":\"https:\\\/\\\/schema.org\",\"@graph\":[{\"@type\":\"Article\",\"@id\":\"https:\\\/\\\/quehacerpolitico.mx\\\/?p=99814#article\",\"isPartOf\":{\"@id\":\"https:\\\/\\\/quehacerpolitico.mx\\\/?p=99814\"},\"author\":{\"name\":\"Redacci\u00f3n QP\",\"@id\":\"https:\\\/\\\/quehacerpolitico.mx\\\/#\\\/schema\\\/person\\\/496d8ad2d1d3f8036101dca7ee39e585\"},\"headline\":\"L\u00f3pez Obrador expresa desacuerdo contra la imputaci\u00f3n de Trump\",\"datePublished\":\"2023-04-05T18:21:38+00:00\",\"dateModified\":\"2023-04-05T18:21:41+00:00\",\"mainEntityOfPage\":{\"@id\":\"https:\\\/\\\/quehacerpolitico.mx\\\/?p=99814\"},\"wordCount\":384,\"commentCount\":0,\"image\":{\"@id\":\"https:\\\/\\\/quehacerpolitico.mx\\\/?p=99814#primaryimage\"},\"thumbnailUrl\":\"https:\\\/\\\/quehacerpolitico.mx\\\/wp-content\\\/uploads\\\/2023\\\/04\\\/IMG_6904.jpeg\",\"articleSection\":[\"Noticias\"],\"inLanguage\":\"es\",\"potentialAction\":[{\"@type\":\"CommentAction\",\"name\":\"Comment\",\"target\":[\"https:\\\/\\\/quehacerpolitico.mx\\\/?p=99814#respond\"]}]},{\"@type\":\"WebPage\",\"@id\":\"https:\\\/\\\/quehacerpolitico.mx\\\/?p=99814\",\"url\":\"https:\\\/\\\/quehacerpolitico.mx\\\/?p=99814\",\"name\":\"L\u00f3pez Obrador expresa desacuerdo contra la imputaci\u00f3n de Trump -\",\"isPartOf\":{\"@id\":\"https:\\\/\\\/quehacerpolitico.mx\\\/#website\"},\"primaryImageOfPage\":{\"@id\":\"https:\\\/\\\/quehacerpolitico.mx\\\/?p=99814#primaryimage\"},\"image\":{\"@id\":\"https:\\\/\\\/quehacerpolitico.mx\\\/?p=99814#primaryimage\"},\"thumbnailUrl\":\"https:\\\/\\\/quehacerpolitico.mx\\\/wp-content\\\/uploads\\\/2023\\\/04\\\/IMG_6904.jpeg\",\"datePublished\":\"2023-04-05T18:21:38+00:00\",\"dateModified\":\"2023-04-05T18:21:41+00:00\",\"author\":{\"@id\":\"https:\\\/\\\/quehacerpolitico.mx\\\/#\\\/schema\\\/person\\\/496d8ad2d1d3f8036101dca7ee39e585\"},\"breadcrumb\":{\"@id\":\"https:\\\/\\\/quehacerpolitico.mx\\\/?p=99814#breadcrumb\"},\"inLanguage\":\"es\",\"potentialAction\":[{\"@type\":\"ReadAction\",\"target\":[\"https:\\\/\\\/quehacerpolitico.mx\\\/?p=99814\"]}]},{\"@type\":\"ImageObject\",\"inLanguage\":\"es\",\"@id\":\"https:\\\/\\\/quehacerpolitico.mx\\\/?p=99814#primaryimage\",\"url\":\"https:\\\/\\\/quehacerpolitico.mx\\\/wp-content\\\/uploads\\\/2023\\\/04\\\/IMG_6904.jpeg\",\"contentUrl\":\"https:\\\/\\\/quehacerpolitico.mx\\\/wp-content\\\/uploads\\\/2023\\\/04\\\/IMG_6904.jpeg\",\"width\":1284,\"height\":708},{\"@type\":\"BreadcrumbList\",\"@id\":\"https:\\\/\\\/quehacerpolitico.mx\\\/?p=99814#breadcrumb\",\"itemListElement\":[{\"@type\":\"ListItem\",\"position\":1,\"name\":\"Inicio\",\"item\":\"https:\\\/\\\/quehacerpolitico.mx\\\/\"},{\"@type\":\"ListItem\",\"position\":2,\"name\":\"L\u00f3pez Obrador expresa desacuerdo contra la imputaci\u00f3n de Trump\"}]},{\"@type\":\"WebSite\",\"@id\":\"https:\\\/\\\/quehacerpolitico.mx\\\/#website\",\"url\":\"https:\\\/\\\/quehacerpolitico.mx\\\/\",\"name\":\"\",\"description\":\"\",\"potentialAction\":[{\"@type\":\"SearchAction\",\"target\":{\"@type\":\"EntryPoint\",\"urlTemplate\":\"https:\\\/\\\/quehacerpolitico.mx\\\/?s={search_term_string}\"},\"query-input\":{\"@type\":\"PropertyValueSpecification\",\"valueRequired\":true,\"valueName\":\"search_term_string\"}}],\"inLanguage\":\"es\"},{\"@type\":\"Person\",\"@id\":\"https:\\\/\\\/quehacerpolitico.mx\\\/#\\\/schema\\\/person\\\/496d8ad2d1d3f8036101dca7ee39e585\",\"name\":\"Redacci\u00f3n QP\",\"image\":{\"@type\":\"ImageObject\",\"inLanguage\":\"es\",\"@id\":\"https:\\\/\\\/secure.gravatar.com\\\/avatar\\\/c7164ed6fdec453195284ad24a5ae5b6e1eed2b848477fa2a4787ba9adf39a41?s=96&d=mm&r=g\",\"url\":\"https:\\\/\\\/secure.gravatar.com\\\/avatar\\\/c7164ed6fdec453195284ad24a5ae5b6e1eed2b848477fa2a4787ba9adf39a41?s=96&d=mm&r=g\",\"contentUrl\":\"https:\\\/\\\/secure.gravatar.com\\\/avatar\\\/c7164ed6fdec453195284ad24a5ae5b6e1eed2b848477fa2a4787ba9adf39a41?s=96&d=mm&r=g\",\"caption\":\"Redacci\u00f3n QP\"},\"url\":\"https:\\\/\\\/quehacerpolitico.mx\\\/?author=2\"}]}<\/script>\n<!-- \/ Yoast SEO plugin. -->","yoast_head_json":{"title":"L\u00f3pez Obrador expresa desacuerdo contra la imputaci\u00f3n de Trump -","robots":{"index":"index","follow":"follow","max-snippet":"max-snippet:-1","max-image-preview":"max-image-preview:large","max-video-preview":"max-video-preview:-1"},"canonical":"https:\/\/quehacerpolitico.mx\/?p=99814","og_locale":"es_MX","og_type":"article","og_title":"L\u00f3pez Obrador expresa desacuerdo contra la imputaci\u00f3n de Trump -","og_description":"Por Redacci\u00f3n QP Donald Trump &#8220;est\u00e1 expuesto a una campa\u00f1a de desprestigio&#8221;, denunci\u00f3\u00a0L\u00f3pez Obrador Andr\u00e9s...","og_url":"https:\/\/quehacerpolitico.mx\/?p=99814","article_published_time":"2023-04-05T18:21:38+00:00","article_modified_time":"2023-04-05T18:21:41+00:00","og_image":[{"width":1284,"height":708,"url":"https:\/\/quehacerpolitico.mx\/wp-content\/uploads\/2023\/04\/IMG_6904.jpeg","type":"image\/jpeg"}],"author":"Redacci\u00f3n QP","twitter_card":"summary_large_image","twitter_misc":{"Escrito por":"Redacci\u00f3n QP","Tiempo de lectura":"2 minutos"},"schema":{"@context":"https:\/\/schema.org","@graph":[{"@type":"Article","@id":"https:\/\/quehacerpolitico.mx\/?p=99814#article","isPartOf":{"@id":"https:\/\/quehacerpolitico.mx\/?p=99814"},"author":{"name":"Redacci\u00f3n QP","@id":"https:\/\/quehacerpolitico.mx\/#\/schema\/person\/496d8ad2d1d3f8036101dca7ee39e585"},"headline":"L\u00f3pez Obrador expresa desacuerdo contra la imputaci\u00f3n de Trump","datePublished":"2023-04-05T18:21:38+00:00","dateModified":"2023-04-05T18:21:41+00:00","mainEntityOfPage":{"@id":"https:\/\/quehacerpolitico.mx\/?p=99814"},"wordCount":384,"commentCount":0,"image":{"@id":"https:\/\/quehacerpolitico.mx\/?p=99814#primaryimage"},"thumbnailUrl":"https:\/\/quehacerpolitico.mx\/wp-content\/uploads\/2023\/04\/IMG_6904.jpeg","articleSection":["Noticias"],"inLanguage":"es","potentialAction":[{"@type":"CommentAction","name":"Comment","target":["https:\/\/quehacerpolitico.mx\/?p=99814#respond"]}]},{"@type":"WebPage","@id":"https:\/\/quehacerpolitico.mx\/?p=99814","url":"https:\/\/quehacerpolitico.mx\/?p=99814","name":"L\u00f3pez Obrador expresa desacuerdo contra la imputaci\u00f3n de Trump -","isPartOf":{"@id":"https:\/\/quehacerpolitico.mx\/#website"},"primaryImageOfPage":{"@id":"https:\/\/quehacerpolitico.mx\/?p=99814#primaryimage"},"image":{"@id":"https:\/\/quehacerpolitico.mx\/?p=99814#primaryimage"},"thumbnailUrl":"https:\/\/quehacerpolitico.mx\/wp-content\/uploads\/2023\/04\/IMG_6904.jpeg","datePublished":"2023-04-05T18:21:38+00:00","dateModified":"2023-04-05T18:21:41+00:00","author":{"@id":"https:\/\/quehacerpolitico.mx\/#\/schema\/person\/496d8ad2d1d3f8036101dca7ee39e585"},"breadcrumb":{"@id":"https:\/\/quehacerpolitico.mx\/?p=99814#breadcrumb"},"inLanguage":"es","potentialAction":[{"@type":"ReadAction","target":["https:\/\/quehacerpolitico.mx\/?p=99814"]}]},{"@type":"ImageObject","inLanguage":"es","@id":"https:\/\/quehacerpolitico.mx\/?p=99814#primaryimage","url":"https:\/\/quehacerpolitico.mx\/wp-content\/uploads\/2023\/04\/IMG_6904.jpeg","contentUrl":"https:\/\/quehacerpolitico.mx\/wp-content\/uploads\/2023\/04\/IMG_6904.jpeg","width":1284,"height":708},{"@type":"BreadcrumbList","@id":"https:\/\/quehacerpolitico.mx\/?p=99814#breadcrumb","itemListElement":[{"@type":"ListItem","position":1,"name":"Inicio","item":"https:\/\/quehacerpolitico.mx\/"},{"@type":"ListItem","position":2,"name":"L\u00f3pez Obrador expresa desacuerdo contra la imputaci\u00f3n de Trump"}]},{"@type":"WebSite","@id":"https:\/\/quehacerpolitico.mx\/#website","url":"https:\/\/quehacerpolitico.mx\/","name":"","description":"","potentialAction":[{"@type":"SearchAction","target":{"@type":"EntryPoint","urlTemplate":"https:\/\/quehacerpolitico.mx\/?s={search_term_string}"},"query-input":{"@type":"PropertyValueSpecification","valueRequired":true,"valueName":"search_term_string"}}],"inLanguage":"es"},{"@type":"Person","@id":"https:\/\/quehacerpolitico.mx\/#\/schema\/person\/496d8ad2d1d3f8036101dca7ee39e585","name":"Redacci\u00f3n QP","image":{"@type":"ImageObject","inLanguage":"es","@id":"https:\/\/secure.gravatar.com\/avatar\/c7164ed6fdec453195284ad24a5ae5b6e1eed2b848477fa2a4787ba9adf39a41?s=96&d=mm&r=g","url":"https:\/\/secure.gravatar.com\/avatar\/c7164ed6fdec453195284ad24a5ae5b6e1eed2b848477fa2a4787ba9adf39a41?s=96&d=mm&r=g","contentUrl":"https:\/\/secure.gravatar.com\/avatar\/c7164ed6fdec453195284ad24a5ae5b6e1eed2b848477fa2a4787ba9adf39a41?s=96&d=mm&r=g","caption":"Redacci\u00f3n QP"},"url":"https:\/\/quehacerpolitico.mx\/?author=2"}]}},"featured_image_urls":{"full":["https:\/\/quehacerpolitico.mx\/wp-content\/uploads\/2023\/04\/IMG_6904.jpeg",1284,708,false],"thumbnail":["https:\/\/quehacerpolitico.mx\/wp-content\/uploads\/2023\/04\/IMG_6904-150x150.jpeg",150,150,true],"medium":["https:\/\/quehacerpolitico.mx\/wp-content\/uploads\/2023\/04\/IMG_6904-300x165.jpeg",300,165,true],"medium_large":["https:\/\/quehacerpolitico.mx\/wp-content\/uploads\/2023\/04\/IMG_6904-768x423.jpeg",640,353,true],"large":["https:\/\/quehacerpolitico.mx\/wp-content\/uploads\/2023\/04\/IMG_6904-1024x565.jpeg",640,353,true],"1536x1536":["https:\/\/quehacerpolitico.mx\/wp-content\/uploads\/2023\/04\/IMG_6904.jpeg",1284,708,false],"2048x2048":["https:\/\/quehacerpolitico.mx\/wp-content\/uploads\/2023\/04\/IMG_6904.jpeg",1284,708,false],"covernews-featured":["https:\/\/quehacerpolitico.mx\/wp-content\/uploads\/2023\/04\/IMG_6904.jpeg",1024,565,false],"covernews-medium":["https:\/\/quehacerpolitico.mx\/wp-content\/uploads\/2023\/04\/IMG_6904.jpeg",540,298,false]},"author_info":{"display_name":"Redacci\u00f3n QP","author_link":"https:\/\/quehacerpolitico.mx\/?author=2"},"category_info":"<a href=\"https:\/\/quehacerpolitico.mx\/?cat=2\" rel=\"category\">Noticias<\/a>","tag_info":"Noticias","comment_count":"0","_links":{"self":[{"href":"https:\/\/quehacerpolitico.mx\/index.php?rest_route=\/wp\/v2\/posts\/99814","targetHints":{"allow":["GET"]}}],"collection":[{"href":"https:\/\/quehacerpolitico.mx\/index.php?rest_route=\/wp\/v2\/posts"}],"about":[{"href":"https:\/\/quehacerpolitico.mx\/index.php?rest_route=\/wp\/v2\/types\/post"}],"author":[{"embeddable":true,"href":"https:\/\/quehacerpolitico.mx\/index.php?rest_route=\/wp\/v2\/users\/2"}],"replies":[{"embeddable":true,"href":"https:\/\/quehacerpolitico.mx\/index.php?rest_route=%2Fwp%2Fv2%2Fcomments&post=99814"}],"version-history":[{"count":1,"href":"https:\/\/quehacerpolitico.mx\/index.php?rest_route=\/wp\/v2\/posts\/99814\/revisions"}],"predecessor-version":[{"id":99816,"href":"https:\/\/quehacerpolitico.mx\/index.php?rest_route=\/wp\/v2\/posts\/99814\/revisions\/99816"}],"wp:featuredmedia":[{"embeddable":true,"href":"https:\/\/quehacerpolitico.mx\/index.php?rest_route=\/wp\/v2\/media\/99815"}],"wp:attachment":[{"href":"https:\/\/quehacerpolitico.mx\/index.php?rest_route=%2Fwp%2Fv2%2Fmedia&parent=99814"}],"wp:term":[{"taxonomy":"category","embeddable":true,"href":"https:\/\/quehacerpolitico.mx\/index.php?rest_route=%2Fwp%2Fv2%2Fcategories&post=99814"},{"taxonomy":"post_tag","embeddable":true,"href":"https:\/\/quehacerpolitico.mx\/index.php?rest_route=%2Fwp%2Fv2%2Ftags&post=99814"}],"curies":[{"name":"wp","href":"https:\/\/api.w.org\/{rel}","templated":true}]}}