{"id":99810,"date":"2023-04-05T18:06:04","date_gmt":"2023-04-05T18:06:04","guid":{"rendered":"https:\/\/quehacerpolitico.mx\/?p=99810"},"modified":"2023-04-05T18:06:08","modified_gmt":"2023-04-05T18:06:08","slug":"lopez-obrador-explica-la-compra-de-las-plantas-de-iberdrola","status":"publish","type":"post","link":"https:\/\/quehacerpolitico.mx\/?p=99810","title":{"rendered":"L\u00f3pez Obrador explica la compra de las plantas de Iberdrola"},"content":{"rendered":"\n<p>Por Redacci\u00f3n QP<\/p>\n\n\n\n<p>&#8220;En esencia, lo que se garantiza es que no aumente el precio de la luz&#8221;, se\u00f1al\u00f3 hoy el Presidente durante la ma\u00f1anera<\/p>\n\n\n\n<p>El Presidente de M\u00e9xico,&nbsp;Andres Manuel Lopez Obrador asegur\u00f3 hoy mi\u00e9rcoles que la compra de 13 plantas de generaci\u00f3n el\u00e9ctrica que pertenec\u00edan a Iberdrola garantizar\u00e1 que no aumente el precio de la luz.<\/p>\n\n\n\n<p>&#8220;En esencia, lo que se garantiza es que no aumente el precio de la luz. (&#8230;)&nbsp;<strong>llevamos a cabo esta operaci\u00f3n, esta compra, para fortalecer a la empresa p\u00fablica Comisi\u00f3n Federal de Electricidad (CFE) y de esta manera poder ofrecer la energ\u00eda el\u00e9ctrica a precios justos&#8221;<\/strong>, expuso en su rueda de prensa ma\u00f1anera.<\/p>\n\n\n\n<figure class=\"wp-block-embed is-type-video is-provider-youtube wp-block-embed-youtube wp-embed-aspect-16-9 wp-has-aspect-ratio\"><div class=\"wp-block-embed__wrapper\">\n<iframe loading=\"lazy\" title=\"AMLO defiende monopolio: &#039;padecen pa\u00edses que privatizan&#039;\" width=\"640\" height=\"360\" src=\"https:\/\/www.youtube.com\/embed\/552bBk7TvV8?feature=oembed\" frameborder=\"0\" allow=\"accelerometer; autoplay; clipboard-write; encrypted-media; gyroscope; picture-in-picture; web-share\" referrerpolicy=\"strict-origin-when-cross-origin\" allowfullscreen><\/iframe>\n<\/div><\/figure>\n\n\n\n<p>L\u00f3pez Obrador anunci\u00f3 ayer martes la compra por cerca de seis mil millones de d\u00f3lares de&nbsp;13 plantas de generaci\u00f3n el\u00e9ctrica a Iberdrola, a la que hab\u00eda criticado en numerosas ocasiones, y dijo que supone una &#8220;nueva nacionalizaci\u00f3n&#8221;, ya que pasar\u00e1n a formar parte del &#8220;patrimonio p\u00fablico&#8221;.<\/p>\n\n\n\n<p>Horas antes al anuncio del Gobierno de M\u00e9xico, en Espa\u00f1a se inform\u00f3 que Iberdrola alcanz\u00f3 un acuerdo para vender un total de ocho mil 534 megavatios (MW) en M\u00e9xico al mayor administrador de fondos del pa\u00eds, Mexico Infraestructure Partners (MIP), con participaci\u00f3n del Estado.<\/p>\n\n\n\n<p>De este modo, L\u00f3pez Obrador dijo que&nbsp;<strong>con esta transacci\u00f3n la CFE pasa de generar 39.6% a 55.5% de toda la energ\u00eda del pa\u00eds.<\/strong><\/p>\n\n\n\n<p>Esta operaci\u00f3n, agreg\u00f3 este mi\u00e9rcoles, tambi\u00e9n evitar\u00e1 que aumenten los precios de la gasolina, el di\u00e9sel y el gas.<\/p>\n\n\n\n<p>&#8220;Yo me compromet\u00ed a que&nbsp;<strong>no iban aumentar los precios de los combustibles, de la luz, del gas, las gasolinas, el di\u00e9sel, y estoy cumpliendo<\/strong>&#8220;, indic\u00f3, y asegur\u00f3 que esta estabilidad se prolongar\u00e1 por lo que queda de su administraci\u00f3n y las siguientes.<\/p>\n\n\n\n<p>Adem\u00e1s, destac\u00f3 su pol\u00edtica energ\u00e9tica y su apuesta por la industria petrolera, que, subray\u00f3, permitir\u00e1 que el a\u00f1o pr\u00f3ximo M\u00e9xico sea autosuficiente en la producci\u00f3n de gasolina.<\/p>\n\n\n\n<p>El a\u00f1o pasado, L\u00f3pez Obrador plante\u00f3 una reforma energ\u00e9tica, posteriormente rechazada, en la que buscaba otorgar preponderancia a la&nbsp;CFE frente a las empresas privadas en la producci\u00f3n de electricidad.<\/p>\n\n\n\n<p>De acuerdo con expertos consultados por EFE, la compra de las plantas el\u00e9ctricas de Iberdrola&nbsp;<strong>supone un riesgo de incremento a las tarifas y no manda se\u00f1ales de alivio a la presi\u00f3n sobre el sector energ\u00e9tico del pa\u00eds.<\/strong><\/p>\n\n\n\n<p>Seg\u00fan datos de la Comisi\u00f3n Reguladora de Energ\u00eda (CRE), hasta marzo pasado cada megavatio hora generado por la CFE tuvo un costo de mil 349 pesos (73.50 d\u00f3lares), mientras que el de los Productores Independientes de Energ\u00eda (PIE&#8217;s) fue de 976 pesos (53.18 d\u00f3lares).<\/p>\n\n\n\n<p>Con Informaci\u00f3n de EFE<\/p>\n","protected":false},"excerpt":{"rendered":"<p>Por Redacci\u00f3n QP &#8220;En esencia, lo que se garantiza es que no aumente el precio&#8230;<\/p>\n","protected":false},"author":2,"featured_media":99812,"comment_status":"open","ping_status":"open","sticky":false,"template":"","format":"standard","meta":{"_monsterinsights_skip_tracking":false,"_monsterinsights_sitenote_active":false,"_monsterinsights_sitenote_note":"","_monsterinsights_sitenote_category":0,"footnotes":""},"categories":[2],"tags":[],"class_list":["post-99810","post","type-post","status-publish","format-standard","has-post-thumbnail","hentry","category-noticias"],"yoast_head":"<!-- This site is optimized with the Yoast SEO plugin v27.3 - https:\/\/yoast.com\/product\/yoast-seo-wordpress\/ -->\n<title>L\u00f3pez Obrador explica la compra de las plantas de Iberdrola -<\/title>\n<meta name=\"robots\" content=\"index, follow, max-snippet:-1, max-image-preview:large, max-video-preview:-1\" \/>\n<link rel=\"canonical\" href=\"https:\/\/quehacerpolitico.mx\/?p=99810\" \/>\n<meta property=\"og:locale\" content=\"es_MX\" \/>\n<meta property=\"og:type\" content=\"article\" \/>\n<meta property=\"og:title\" content=\"L\u00f3pez Obrador explica la compra de las plantas de Iberdrola -\" \/>\n<meta property=\"og:description\" content=\"Por Redacci\u00f3n QP &#8220;En esencia, lo que se garantiza es que no aumente el precio...\" \/>\n<meta property=\"og:url\" content=\"https:\/\/quehacerpolitico.mx\/?p=99810\" \/>\n<meta property=\"article:published_time\" content=\"2023-04-05T18:06:04+00:00\" \/>\n<meta property=\"article:modified_time\" content=\"2023-04-05T18:06:08+00:00\" \/>\n<meta property=\"og:image\" content=\"https:\/\/quehacerpolitico.mx\/wp-content\/uploads\/2023\/04\/IMG_6903-1.jpeg\" \/>\n\t<meta property=\"og:image:width\" content=\"1284\" \/>\n\t<meta property=\"og:image:height\" content=\"692\" \/>\n\t<meta property=\"og:image:type\" content=\"image\/jpeg\" \/>\n<meta name=\"author\" content=\"Redacci\u00f3n QP\" \/>\n<meta name=\"twitter:card\" content=\"summary_large_image\" \/>\n<meta name=\"twitter:label1\" content=\"Escrito por\" \/>\n\t<meta name=\"twitter:data1\" content=\"Redacci\u00f3n QP\" \/>\n\t<meta name=\"twitter:label2\" content=\"Tiempo de lectura\" \/>\n\t<meta name=\"twitter:data2\" content=\"2 minutos\" \/>\n<script type=\"application\/ld+json\" class=\"yoast-schema-graph\">{\"@context\":\"https:\\\/\\\/schema.org\",\"@graph\":[{\"@type\":\"Article\",\"@id\":\"https:\\\/\\\/quehacerpolitico.mx\\\/?p=99810#article\",\"isPartOf\":{\"@id\":\"https:\\\/\\\/quehacerpolitico.mx\\\/?p=99810\"},\"author\":{\"name\":\"Redacci\u00f3n QP\",\"@id\":\"https:\\\/\\\/quehacerpolitico.mx\\\/#\\\/schema\\\/person\\\/496d8ad2d1d3f8036101dca7ee39e585\"},\"headline\":\"L\u00f3pez Obrador explica la compra de las plantas de Iberdrola\",\"datePublished\":\"2023-04-05T18:06:04+00:00\",\"dateModified\":\"2023-04-05T18:06:08+00:00\",\"mainEntityOfPage\":{\"@id\":\"https:\\\/\\\/quehacerpolitico.mx\\\/?p=99810\"},\"wordCount\":505,\"commentCount\":0,\"image\":{\"@id\":\"https:\\\/\\\/quehacerpolitico.mx\\\/?p=99810#primaryimage\"},\"thumbnailUrl\":\"https:\\\/\\\/quehacerpolitico.mx\\\/wp-content\\\/uploads\\\/2023\\\/04\\\/IMG_6903-1.jpeg\",\"articleSection\":[\"Noticias\"],\"inLanguage\":\"es\",\"potentialAction\":[{\"@type\":\"CommentAction\",\"name\":\"Comment\",\"target\":[\"https:\\\/\\\/quehacerpolitico.mx\\\/?p=99810#respond\"]}]},{\"@type\":\"WebPage\",\"@id\":\"https:\\\/\\\/quehacerpolitico.mx\\\/?p=99810\",\"url\":\"https:\\\/\\\/quehacerpolitico.mx\\\/?p=99810\",\"name\":\"L\u00f3pez Obrador explica la compra de las plantas de Iberdrola -\",\"isPartOf\":{\"@id\":\"https:\\\/\\\/quehacerpolitico.mx\\\/#website\"},\"primaryImageOfPage\":{\"@id\":\"https:\\\/\\\/quehacerpolitico.mx\\\/?p=99810#primaryimage\"},\"image\":{\"@id\":\"https:\\\/\\\/quehacerpolitico.mx\\\/?p=99810#primaryimage\"},\"thumbnailUrl\":\"https:\\\/\\\/quehacerpolitico.mx\\\/wp-content\\\/uploads\\\/2023\\\/04\\\/IMG_6903-1.jpeg\",\"datePublished\":\"2023-04-05T18:06:04+00:00\",\"dateModified\":\"2023-04-05T18:06:08+00:00\",\"author\":{\"@id\":\"https:\\\/\\\/quehacerpolitico.mx\\\/#\\\/schema\\\/person\\\/496d8ad2d1d3f8036101dca7ee39e585\"},\"breadcrumb\":{\"@id\":\"https:\\\/\\\/quehacerpolitico.mx\\\/?p=99810#breadcrumb\"},\"inLanguage\":\"es\",\"potentialAction\":[{\"@type\":\"ReadAction\",\"target\":[\"https:\\\/\\\/quehacerpolitico.mx\\\/?p=99810\"]}]},{\"@type\":\"ImageObject\",\"inLanguage\":\"es\",\"@id\":\"https:\\\/\\\/quehacerpolitico.mx\\\/?p=99810#primaryimage\",\"url\":\"https:\\\/\\\/quehacerpolitico.mx\\\/wp-content\\\/uploads\\\/2023\\\/04\\\/IMG_6903-1.jpeg\",\"contentUrl\":\"https:\\\/\\\/quehacerpolitico.mx\\\/wp-content\\\/uploads\\\/2023\\\/04\\\/IMG_6903-1.jpeg\",\"width\":1284,\"height\":692},{\"@type\":\"BreadcrumbList\",\"@id\":\"https:\\\/\\\/quehacerpolitico.mx\\\/?p=99810#breadcrumb\",\"itemListElement\":[{\"@type\":\"ListItem\",\"position\":1,\"name\":\"Inicio\",\"item\":\"https:\\\/\\\/quehacerpolitico.mx\\\/\"},{\"@type\":\"ListItem\",\"position\":2,\"name\":\"L\u00f3pez Obrador explica la compra de las plantas de Iberdrola\"}]},{\"@type\":\"WebSite\",\"@id\":\"https:\\\/\\\/quehacerpolitico.mx\\\/#website\",\"url\":\"https:\\\/\\\/quehacerpolitico.mx\\\/\",\"name\":\"\",\"description\":\"\",\"potentialAction\":[{\"@type\":\"SearchAction\",\"target\":{\"@type\":\"EntryPoint\",\"urlTemplate\":\"https:\\\/\\\/quehacerpolitico.mx\\\/?s={search_term_string}\"},\"query-input\":{\"@type\":\"PropertyValueSpecification\",\"valueRequired\":true,\"valueName\":\"search_term_string\"}}],\"inLanguage\":\"es\"},{\"@type\":\"Person\",\"@id\":\"https:\\\/\\\/quehacerpolitico.mx\\\/#\\\/schema\\\/person\\\/496d8ad2d1d3f8036101dca7ee39e585\",\"name\":\"Redacci\u00f3n QP\",\"image\":{\"@type\":\"ImageObject\",\"inLanguage\":\"es\",\"@id\":\"https:\\\/\\\/secure.gravatar.com\\\/avatar\\\/c7164ed6fdec453195284ad24a5ae5b6e1eed2b848477fa2a4787ba9adf39a41?s=96&d=mm&r=g\",\"url\":\"https:\\\/\\\/secure.gravatar.com\\\/avatar\\\/c7164ed6fdec453195284ad24a5ae5b6e1eed2b848477fa2a4787ba9adf39a41?s=96&d=mm&r=g\",\"contentUrl\":\"https:\\\/\\\/secure.gravatar.com\\\/avatar\\\/c7164ed6fdec453195284ad24a5ae5b6e1eed2b848477fa2a4787ba9adf39a41?s=96&d=mm&r=g\",\"caption\":\"Redacci\u00f3n QP\"},\"url\":\"https:\\\/\\\/quehacerpolitico.mx\\\/?author=2\"}]}<\/script>\n<!-- \/ Yoast SEO plugin. -->","yoast_head_json":{"title":"L\u00f3pez Obrador explica la compra de las plantas de Iberdrola -","robots":{"index":"index","follow":"follow","max-snippet":"max-snippet:-1","max-image-preview":"max-image-preview:large","max-video-preview":"max-video-preview:-1"},"canonical":"https:\/\/quehacerpolitico.mx\/?p=99810","og_locale":"es_MX","og_type":"article","og_title":"L\u00f3pez Obrador explica la compra de las plantas de Iberdrola -","og_description":"Por Redacci\u00f3n QP &#8220;En esencia, lo que se garantiza es que no aumente el precio...","og_url":"https:\/\/quehacerpolitico.mx\/?p=99810","article_published_time":"2023-04-05T18:06:04+00:00","article_modified_time":"2023-04-05T18:06:08+00:00","og_image":[{"width":1284,"height":692,"url":"https:\/\/quehacerpolitico.mx\/wp-content\/uploads\/2023\/04\/IMG_6903-1.jpeg","type":"image\/jpeg"}],"author":"Redacci\u00f3n QP","twitter_card":"summary_large_image","twitter_misc":{"Escrito por":"Redacci\u00f3n QP","Tiempo de lectura":"2 minutos"},"schema":{"@context":"https:\/\/schema.org","@graph":[{"@type":"Article","@id":"https:\/\/quehacerpolitico.mx\/?p=99810#article","isPartOf":{"@id":"https:\/\/quehacerpolitico.mx\/?p=99810"},"author":{"name":"Redacci\u00f3n QP","@id":"https:\/\/quehacerpolitico.mx\/#\/schema\/person\/496d8ad2d1d3f8036101dca7ee39e585"},"headline":"L\u00f3pez Obrador explica la compra de las plantas de Iberdrola","datePublished":"2023-04-05T18:06:04+00:00","dateModified":"2023-04-05T18:06:08+00:00","mainEntityOfPage":{"@id":"https:\/\/quehacerpolitico.mx\/?p=99810"},"wordCount":505,"commentCount":0,"image":{"@id":"https:\/\/quehacerpolitico.mx\/?p=99810#primaryimage"},"thumbnailUrl":"https:\/\/quehacerpolitico.mx\/wp-content\/uploads\/2023\/04\/IMG_6903-1.jpeg","articleSection":["Noticias"],"inLanguage":"es","potentialAction":[{"@type":"CommentAction","name":"Comment","target":["https:\/\/quehacerpolitico.mx\/?p=99810#respond"]}]},{"@type":"WebPage","@id":"https:\/\/quehacerpolitico.mx\/?p=99810","url":"https:\/\/quehacerpolitico.mx\/?p=99810","name":"L\u00f3pez Obrador explica la compra de las plantas de Iberdrola -","isPartOf":{"@id":"https:\/\/quehacerpolitico.mx\/#website"},"primaryImageOfPage":{"@id":"https:\/\/quehacerpolitico.mx\/?p=99810#primaryimage"},"image":{"@id":"https:\/\/quehacerpolitico.mx\/?p=99810#primaryimage"},"thumbnailUrl":"https:\/\/quehacerpolitico.mx\/wp-content\/uploads\/2023\/04\/IMG_6903-1.jpeg","datePublished":"2023-04-05T18:06:04+00:00","dateModified":"2023-04-05T18:06:08+00:00","author":{"@id":"https:\/\/quehacerpolitico.mx\/#\/schema\/person\/496d8ad2d1d3f8036101dca7ee39e585"},"breadcrumb":{"@id":"https:\/\/quehacerpolitico.mx\/?p=99810#breadcrumb"},"inLanguage":"es","potentialAction":[{"@type":"ReadAction","target":["https:\/\/quehacerpolitico.mx\/?p=99810"]}]},{"@type":"ImageObject","inLanguage":"es","@id":"https:\/\/quehacerpolitico.mx\/?p=99810#primaryimage","url":"https:\/\/quehacerpolitico.mx\/wp-content\/uploads\/2023\/04\/IMG_6903-1.jpeg","contentUrl":"https:\/\/quehacerpolitico.mx\/wp-content\/uploads\/2023\/04\/IMG_6903-1.jpeg","width":1284,"height":692},{"@type":"BreadcrumbList","@id":"https:\/\/quehacerpolitico.mx\/?p=99810#breadcrumb","itemListElement":[{"@type":"ListItem","position":1,"name":"Inicio","item":"https:\/\/quehacerpolitico.mx\/"},{"@type":"ListItem","position":2,"name":"L\u00f3pez Obrador explica la compra de las plantas de Iberdrola"}]},{"@type":"WebSite","@id":"https:\/\/quehacerpolitico.mx\/#website","url":"https:\/\/quehacerpolitico.mx\/","name":"","description":"","potentialAction":[{"@type":"SearchAction","target":{"@type":"EntryPoint","urlTemplate":"https:\/\/quehacerpolitico.mx\/?s={search_term_string}"},"query-input":{"@type":"PropertyValueSpecification","valueRequired":true,"valueName":"search_term_string"}}],"inLanguage":"es"},{"@type":"Person","@id":"https:\/\/quehacerpolitico.mx\/#\/schema\/person\/496d8ad2d1d3f8036101dca7ee39e585","name":"Redacci\u00f3n QP","image":{"@type":"ImageObject","inLanguage":"es","@id":"https:\/\/secure.gravatar.com\/avatar\/c7164ed6fdec453195284ad24a5ae5b6e1eed2b848477fa2a4787ba9adf39a41?s=96&d=mm&r=g","url":"https:\/\/secure.gravatar.com\/avatar\/c7164ed6fdec453195284ad24a5ae5b6e1eed2b848477fa2a4787ba9adf39a41?s=96&d=mm&r=g","contentUrl":"https:\/\/secure.gravatar.com\/avatar\/c7164ed6fdec453195284ad24a5ae5b6e1eed2b848477fa2a4787ba9adf39a41?s=96&d=mm&r=g","caption":"Redacci\u00f3n QP"},"url":"https:\/\/quehacerpolitico.mx\/?author=2"}]}},"featured_image_urls":{"full":["https:\/\/quehacerpolitico.mx\/wp-content\/uploads\/2023\/04\/IMG_6903-1.jpeg",1284,692,false],"thumbnail":["https:\/\/quehacerpolitico.mx\/wp-content\/uploads\/2023\/04\/IMG_6903-1-150x150.jpeg",150,150,true],"medium":["https:\/\/quehacerpolitico.mx\/wp-content\/uploads\/2023\/04\/IMG_6903-1-300x162.jpeg",300,162,true],"medium_large":["https:\/\/quehacerpolitico.mx\/wp-content\/uploads\/2023\/04\/IMG_6903-1-768x414.jpeg",640,345,true],"large":["https:\/\/quehacerpolitico.mx\/wp-content\/uploads\/2023\/04\/IMG_6903-1-1024x552.jpeg",640,345,true],"1536x1536":["https:\/\/quehacerpolitico.mx\/wp-content\/uploads\/2023\/04\/IMG_6903-1.jpeg",1284,692,false],"2048x2048":["https:\/\/quehacerpolitico.mx\/wp-content\/uploads\/2023\/04\/IMG_6903-1.jpeg",1284,692,false],"covernews-featured":["https:\/\/quehacerpolitico.mx\/wp-content\/uploads\/2023\/04\/IMG_6903-1.jpeg",1024,552,false],"covernews-medium":["https:\/\/quehacerpolitico.mx\/wp-content\/uploads\/2023\/04\/IMG_6903-1.jpeg",540,291,false]},"author_info":{"display_name":"Redacci\u00f3n QP","author_link":"https:\/\/quehacerpolitico.mx\/?author=2"},"category_info":"<a href=\"https:\/\/quehacerpolitico.mx\/?cat=2\" rel=\"category\">Noticias<\/a>","tag_info":"Noticias","comment_count":"0","_links":{"self":[{"href":"https:\/\/quehacerpolitico.mx\/index.php?rest_route=\/wp\/v2\/posts\/99810","targetHints":{"allow":["GET"]}}],"collection":[{"href":"https:\/\/quehacerpolitico.mx\/index.php?rest_route=\/wp\/v2\/posts"}],"about":[{"href":"https:\/\/quehacerpolitico.mx\/index.php?rest_route=\/wp\/v2\/types\/post"}],"author":[{"embeddable":true,"href":"https:\/\/quehacerpolitico.mx\/index.php?rest_route=\/wp\/v2\/users\/2"}],"replies":[{"embeddable":true,"href":"https:\/\/quehacerpolitico.mx\/index.php?rest_route=%2Fwp%2Fv2%2Fcomments&post=99810"}],"version-history":[{"count":1,"href":"https:\/\/quehacerpolitico.mx\/index.php?rest_route=\/wp\/v2\/posts\/99810\/revisions"}],"predecessor-version":[{"id":99813,"href":"https:\/\/quehacerpolitico.mx\/index.php?rest_route=\/wp\/v2\/posts\/99810\/revisions\/99813"}],"wp:featuredmedia":[{"embeddable":true,"href":"https:\/\/quehacerpolitico.mx\/index.php?rest_route=\/wp\/v2\/media\/99812"}],"wp:attachment":[{"href":"https:\/\/quehacerpolitico.mx\/index.php?rest_route=%2Fwp%2Fv2%2Fmedia&parent=99810"}],"wp:term":[{"taxonomy":"category","embeddable":true,"href":"https:\/\/quehacerpolitico.mx\/index.php?rest_route=%2Fwp%2Fv2%2Fcategories&post=99810"},{"taxonomy":"post_tag","embeddable":true,"href":"https:\/\/quehacerpolitico.mx\/index.php?rest_route=%2Fwp%2Fv2%2Ftags&post=99810"}],"curies":[{"name":"wp","href":"https:\/\/api.w.org\/{rel}","templated":true}]}}