{"id":99807,"date":"2023-04-05T17:45:48","date_gmt":"2023-04-05T17:45:48","guid":{"rendered":"https:\/\/quehacerpolitico.mx\/?p=99807"},"modified":"2023-04-05T17:45:52","modified_gmt":"2023-04-05T17:45:52","slug":"lopez-obrador-sufrio-un-infarto-el-fin-de-semana-esto-respondio-garcia-vilchis","status":"publish","type":"post","link":"https:\/\/quehacerpolitico.mx\/?p=99807","title":{"rendered":"\u00bfL\u00f3pez Obrador sufri\u00f3 un infarto el fin de semana?, esto respondi\u00f3 Garc\u00eda Vilchis"},"content":{"rendered":"\n<p>Por Redacci\u00f3n QP<\/p>\n\n\n\n<p>Luego de que una nota sobre el Presidente se viralizara, hablan de su estado de salud en la secci\u00f3n &#8220;Qui\u00e9n es qui\u00e9n en las mentiras de la semana&#8221;<\/p>\n\n\n\n<p>Al asegurar que el Presidente Andr\u00e9s Manuel L\u00f3pez Obrador\u00a0<strong>&#8220;est\u00e1 al 100&#8221;<\/strong>, Ana Elizabeth Garc\u00eda Vilchis, presentadora de la secci\u00f3n &#8220;Qui\u00e9n es qui\u00e9n en las mentiras de la semana&#8221;,\u00a0<strong>acus\u00f3 que el pasado fin de semana se viraliz\u00f3 una mentira sobre el estado de salud del Presidente,<\/strong>\u00a0de quien se aseguraba que le hab\u00eda dado un supuesto infarto.<\/p>\n\n\n\n<figure class=\"wp-block-embed is-type-rich is-provider-twitter wp-block-embed-twitter\"><div class=\"wp-block-embed__wrapper\">\n<blockquote class=\"twitter-tweet\" data-width=\"550\" data-dnt=\"true\"><p lang=\"es\" dir=\"ltr\">La nota, tal como es posible constatar, se public\u00f3 en diciembre de 2013 y desde entonces su contenido no ha cambiado. La nota volvi\u00f3 a posicionarse por b\u00fasquedas de usuarios, no por alguna actualizaci\u00f3n.<br><br>\ud83d\udd17<a href=\"https:\/\/t.co\/ODs2Ybui9a\">https:\/\/t.co\/ODs2Ybui9a<\/a> <a href=\"https:\/\/t.co\/UEDpjR8xj8\">pic.twitter.com\/UEDpjR8xj8<\/a><\/p>&mdash; Animal Pol\u00edtico (@Pajaropolitico) <a href=\"https:\/\/twitter.com\/Pajaropolitico\/status\/1643634476738842624?ref_src=twsrc%5Etfw\">April 5, 2023<\/a><\/blockquote><script async src=\"https:\/\/platform.twitter.com\/widgets.js\" charset=\"utf-8\"><\/script>\n<\/div><\/figure>\n\n\n\n<blockquote class=\"wp-block-quote is-layout-flow wp-block-quote-is-layout-flow\">\n<p>&#8220;A pesar de las mentiras de la oposici\u00f3n de medios y de periodistas alquilados a la mafia, el Presidente Andr\u00e9s Manuel L\u00f3pez Obrador est\u00e1 al 100&#8221;<\/p>\n<\/blockquote>\n\n\n\n<p>En Palacio Nacional, Garc\u00eda Vilchis manifest\u00f3 que el objetivo de la difusi\u00f3n de esta mentira pareciera que\u00a0<strong>lo que se buscaba era &#8220;enrarecer el clima y desestabilizar&#8221;, m\u00e1s que ganar la nota.<\/strong><\/p>\n\n\n\n<p><strong>&#8220;Mienten otra vez sobre el estado de salud del Presidente.<\/strong>\u00a0El pasado fin de semana, durante varios d\u00edas, se dio una verdadera campa\u00f1a de desinformaci\u00f3n con el supuesto de que el Presidente de M\u00e9xico le hab\u00eda dado un infarto. La falsedad de la informaci\u00f3n se pudo comprobar horas despu\u00e9s cuando el Ejecutivo federal arrib\u00f3 a Ciudad Ju\u00e1rez, Chihuahua, ese mismo d\u00eda para realizar una gira de trabajo&#8221;.<\/p>\n\n\n\n<p>&#8220;Al t\u00e9rmino de la conferencia ma\u00f1anera se difundi\u00f3 en WhatsApp la nota. Escuche: &#8216;M\u00e9dicos militares llegaron a Palacio Nacional por una emergencia&#8217;, &#8216;Se realiz\u00f3 un cateterismo cardiaco a yasabenquien&#8217;. Tras la difusi\u00f3n de esa mentira comenz\u00f3 a viralizarse y poco falt\u00f3 para que diversos medios y periodistas difundieran el bulo sin el menor pudor, ni comprobar la informaci\u00f3n. Mas parec\u00eda que el objetivo era enrarecer el clima y desestabilizar que de ganar la nota&#8221;.<\/p>\n\n\n\n<p>En el sal\u00f3n Tesorer\u00eda, la funcionaria federal agreg\u00f3: &#8220;A pesar de las mentiras de la oposici\u00f3n de medios y de periodistas alquilados a la mafia informativa, el Presidente Andr\u00e9s Manuel L\u00f3pez Obrador est\u00e1 al 100&#8221;.<\/p>\n\n\n\n<p>Con informaci\u00f3n de SUN <\/p>\n","protected":false},"excerpt":{"rendered":"<p>Por Redacci\u00f3n QP Luego de que una nota sobre el Presidente se viralizara, hablan de&#8230;<\/p>\n","protected":false},"author":2,"featured_media":99808,"comment_status":"open","ping_status":"open","sticky":false,"template":"","format":"standard","meta":{"_monsterinsights_skip_tracking":false,"_monsterinsights_sitenote_active":false,"_monsterinsights_sitenote_note":"","_monsterinsights_sitenote_category":0,"footnotes":""},"categories":[2],"tags":[],"class_list":["post-99807","post","type-post","status-publish","format-standard","has-post-thumbnail","hentry","category-noticias"],"yoast_head":"<!-- This site is optimized with the Yoast SEO plugin v27.3 - https:\/\/yoast.com\/product\/yoast-seo-wordpress\/ -->\n<title>\u00bfL\u00f3pez Obrador sufri\u00f3 un infarto el fin de semana?, esto respondi\u00f3 Garc\u00eda Vilchis -<\/title>\n<meta name=\"robots\" content=\"index, follow, max-snippet:-1, max-image-preview:large, max-video-preview:-1\" \/>\n<link rel=\"canonical\" href=\"https:\/\/quehacerpolitico.mx\/?p=99807\" \/>\n<meta property=\"og:locale\" content=\"es_MX\" \/>\n<meta property=\"og:type\" content=\"article\" \/>\n<meta property=\"og:title\" content=\"\u00bfL\u00f3pez Obrador sufri\u00f3 un infarto el fin de semana?, esto respondi\u00f3 Garc\u00eda Vilchis -\" \/>\n<meta property=\"og:description\" content=\"Por Redacci\u00f3n QP Luego de que una nota sobre el Presidente se viralizara, hablan de...\" \/>\n<meta property=\"og:url\" content=\"https:\/\/quehacerpolitico.mx\/?p=99807\" \/>\n<meta property=\"article:published_time\" content=\"2023-04-05T17:45:48+00:00\" \/>\n<meta property=\"article:modified_time\" content=\"2023-04-05T17:45:52+00:00\" \/>\n<meta property=\"og:image\" content=\"https:\/\/quehacerpolitico.mx\/wp-content\/uploads\/2023\/04\/IMG_6902.jpeg\" \/>\n\t<meta property=\"og:image:width\" content=\"1284\" \/>\n\t<meta property=\"og:image:height\" content=\"702\" \/>\n\t<meta property=\"og:image:type\" content=\"image\/jpeg\" \/>\n<meta name=\"author\" content=\"Redacci\u00f3n QP\" \/>\n<meta name=\"twitter:card\" content=\"summary_large_image\" \/>\n<meta name=\"twitter:label1\" content=\"Escrito por\" \/>\n\t<meta name=\"twitter:data1\" content=\"Redacci\u00f3n QP\" \/>\n\t<meta name=\"twitter:label2\" content=\"Tiempo de lectura\" \/>\n\t<meta name=\"twitter:data2\" content=\"2 minutos\" \/>\n<script type=\"application\/ld+json\" class=\"yoast-schema-graph\">{\"@context\":\"https:\\\/\\\/schema.org\",\"@graph\":[{\"@type\":\"Article\",\"@id\":\"https:\\\/\\\/quehacerpolitico.mx\\\/?p=99807#article\",\"isPartOf\":{\"@id\":\"https:\\\/\\\/quehacerpolitico.mx\\\/?p=99807\"},\"author\":{\"name\":\"Redacci\u00f3n QP\",\"@id\":\"https:\\\/\\\/quehacerpolitico.mx\\\/#\\\/schema\\\/person\\\/496d8ad2d1d3f8036101dca7ee39e585\"},\"headline\":\"\u00bfL\u00f3pez Obrador sufri\u00f3 un infarto el fin de semana?, esto respondi\u00f3 Garc\u00eda Vilchis\",\"datePublished\":\"2023-04-05T17:45:48+00:00\",\"dateModified\":\"2023-04-05T17:45:52+00:00\",\"mainEntityOfPage\":{\"@id\":\"https:\\\/\\\/quehacerpolitico.mx\\\/?p=99807\"},\"wordCount\":388,\"commentCount\":0,\"image\":{\"@id\":\"https:\\\/\\\/quehacerpolitico.mx\\\/?p=99807#primaryimage\"},\"thumbnailUrl\":\"https:\\\/\\\/quehacerpolitico.mx\\\/wp-content\\\/uploads\\\/2023\\\/04\\\/IMG_6902.jpeg\",\"articleSection\":[\"Noticias\"],\"inLanguage\":\"es\",\"potentialAction\":[{\"@type\":\"CommentAction\",\"name\":\"Comment\",\"target\":[\"https:\\\/\\\/quehacerpolitico.mx\\\/?p=99807#respond\"]}]},{\"@type\":\"WebPage\",\"@id\":\"https:\\\/\\\/quehacerpolitico.mx\\\/?p=99807\",\"url\":\"https:\\\/\\\/quehacerpolitico.mx\\\/?p=99807\",\"name\":\"\u00bfL\u00f3pez Obrador sufri\u00f3 un infarto el fin de semana?, esto respondi\u00f3 Garc\u00eda Vilchis -\",\"isPartOf\":{\"@id\":\"https:\\\/\\\/quehacerpolitico.mx\\\/#website\"},\"primaryImageOfPage\":{\"@id\":\"https:\\\/\\\/quehacerpolitico.mx\\\/?p=99807#primaryimage\"},\"image\":{\"@id\":\"https:\\\/\\\/quehacerpolitico.mx\\\/?p=99807#primaryimage\"},\"thumbnailUrl\":\"https:\\\/\\\/quehacerpolitico.mx\\\/wp-content\\\/uploads\\\/2023\\\/04\\\/IMG_6902.jpeg\",\"datePublished\":\"2023-04-05T17:45:48+00:00\",\"dateModified\":\"2023-04-05T17:45:52+00:00\",\"author\":{\"@id\":\"https:\\\/\\\/quehacerpolitico.mx\\\/#\\\/schema\\\/person\\\/496d8ad2d1d3f8036101dca7ee39e585\"},\"breadcrumb\":{\"@id\":\"https:\\\/\\\/quehacerpolitico.mx\\\/?p=99807#breadcrumb\"},\"inLanguage\":\"es\",\"potentialAction\":[{\"@type\":\"ReadAction\",\"target\":[\"https:\\\/\\\/quehacerpolitico.mx\\\/?p=99807\"]}]},{\"@type\":\"ImageObject\",\"inLanguage\":\"es\",\"@id\":\"https:\\\/\\\/quehacerpolitico.mx\\\/?p=99807#primaryimage\",\"url\":\"https:\\\/\\\/quehacerpolitico.mx\\\/wp-content\\\/uploads\\\/2023\\\/04\\\/IMG_6902.jpeg\",\"contentUrl\":\"https:\\\/\\\/quehacerpolitico.mx\\\/wp-content\\\/uploads\\\/2023\\\/04\\\/IMG_6902.jpeg\",\"width\":1284,\"height\":702},{\"@type\":\"BreadcrumbList\",\"@id\":\"https:\\\/\\\/quehacerpolitico.mx\\\/?p=99807#breadcrumb\",\"itemListElement\":[{\"@type\":\"ListItem\",\"position\":1,\"name\":\"Inicio\",\"item\":\"https:\\\/\\\/quehacerpolitico.mx\\\/\"},{\"@type\":\"ListItem\",\"position\":2,\"name\":\"\u00bfL\u00f3pez Obrador sufri\u00f3 un infarto el fin de semana?, esto respondi\u00f3 Garc\u00eda Vilchis\"}]},{\"@type\":\"WebSite\",\"@id\":\"https:\\\/\\\/quehacerpolitico.mx\\\/#website\",\"url\":\"https:\\\/\\\/quehacerpolitico.mx\\\/\",\"name\":\"\",\"description\":\"\",\"potentialAction\":[{\"@type\":\"SearchAction\",\"target\":{\"@type\":\"EntryPoint\",\"urlTemplate\":\"https:\\\/\\\/quehacerpolitico.mx\\\/?s={search_term_string}\"},\"query-input\":{\"@type\":\"PropertyValueSpecification\",\"valueRequired\":true,\"valueName\":\"search_term_string\"}}],\"inLanguage\":\"es\"},{\"@type\":\"Person\",\"@id\":\"https:\\\/\\\/quehacerpolitico.mx\\\/#\\\/schema\\\/person\\\/496d8ad2d1d3f8036101dca7ee39e585\",\"name\":\"Redacci\u00f3n QP\",\"image\":{\"@type\":\"ImageObject\",\"inLanguage\":\"es\",\"@id\":\"https:\\\/\\\/secure.gravatar.com\\\/avatar\\\/c7164ed6fdec453195284ad24a5ae5b6e1eed2b848477fa2a4787ba9adf39a41?s=96&d=mm&r=g\",\"url\":\"https:\\\/\\\/secure.gravatar.com\\\/avatar\\\/c7164ed6fdec453195284ad24a5ae5b6e1eed2b848477fa2a4787ba9adf39a41?s=96&d=mm&r=g\",\"contentUrl\":\"https:\\\/\\\/secure.gravatar.com\\\/avatar\\\/c7164ed6fdec453195284ad24a5ae5b6e1eed2b848477fa2a4787ba9adf39a41?s=96&d=mm&r=g\",\"caption\":\"Redacci\u00f3n QP\"},\"url\":\"https:\\\/\\\/quehacerpolitico.mx\\\/?author=2\"}]}<\/script>\n<!-- \/ Yoast SEO plugin. -->","yoast_head_json":{"title":"\u00bfL\u00f3pez Obrador sufri\u00f3 un infarto el fin de semana?, esto respondi\u00f3 Garc\u00eda Vilchis -","robots":{"index":"index","follow":"follow","max-snippet":"max-snippet:-1","max-image-preview":"max-image-preview:large","max-video-preview":"max-video-preview:-1"},"canonical":"https:\/\/quehacerpolitico.mx\/?p=99807","og_locale":"es_MX","og_type":"article","og_title":"\u00bfL\u00f3pez Obrador sufri\u00f3 un infarto el fin de semana?, esto respondi\u00f3 Garc\u00eda Vilchis -","og_description":"Por Redacci\u00f3n QP Luego de que una nota sobre el Presidente se viralizara, hablan de...","og_url":"https:\/\/quehacerpolitico.mx\/?p=99807","article_published_time":"2023-04-05T17:45:48+00:00","article_modified_time":"2023-04-05T17:45:52+00:00","og_image":[{"width":1284,"height":702,"url":"https:\/\/quehacerpolitico.mx\/wp-content\/uploads\/2023\/04\/IMG_6902.jpeg","type":"image\/jpeg"}],"author":"Redacci\u00f3n QP","twitter_card":"summary_large_image","twitter_misc":{"Escrito por":"Redacci\u00f3n QP","Tiempo de lectura":"2 minutos"},"schema":{"@context":"https:\/\/schema.org","@graph":[{"@type":"Article","@id":"https:\/\/quehacerpolitico.mx\/?p=99807#article","isPartOf":{"@id":"https:\/\/quehacerpolitico.mx\/?p=99807"},"author":{"name":"Redacci\u00f3n QP","@id":"https:\/\/quehacerpolitico.mx\/#\/schema\/person\/496d8ad2d1d3f8036101dca7ee39e585"},"headline":"\u00bfL\u00f3pez Obrador sufri\u00f3 un infarto el fin de semana?, esto respondi\u00f3 Garc\u00eda Vilchis","datePublished":"2023-04-05T17:45:48+00:00","dateModified":"2023-04-05T17:45:52+00:00","mainEntityOfPage":{"@id":"https:\/\/quehacerpolitico.mx\/?p=99807"},"wordCount":388,"commentCount":0,"image":{"@id":"https:\/\/quehacerpolitico.mx\/?p=99807#primaryimage"},"thumbnailUrl":"https:\/\/quehacerpolitico.mx\/wp-content\/uploads\/2023\/04\/IMG_6902.jpeg","articleSection":["Noticias"],"inLanguage":"es","potentialAction":[{"@type":"CommentAction","name":"Comment","target":["https:\/\/quehacerpolitico.mx\/?p=99807#respond"]}]},{"@type":"WebPage","@id":"https:\/\/quehacerpolitico.mx\/?p=99807","url":"https:\/\/quehacerpolitico.mx\/?p=99807","name":"\u00bfL\u00f3pez Obrador sufri\u00f3 un infarto el fin de semana?, esto respondi\u00f3 Garc\u00eda Vilchis -","isPartOf":{"@id":"https:\/\/quehacerpolitico.mx\/#website"},"primaryImageOfPage":{"@id":"https:\/\/quehacerpolitico.mx\/?p=99807#primaryimage"},"image":{"@id":"https:\/\/quehacerpolitico.mx\/?p=99807#primaryimage"},"thumbnailUrl":"https:\/\/quehacerpolitico.mx\/wp-content\/uploads\/2023\/04\/IMG_6902.jpeg","datePublished":"2023-04-05T17:45:48+00:00","dateModified":"2023-04-05T17:45:52+00:00","author":{"@id":"https:\/\/quehacerpolitico.mx\/#\/schema\/person\/496d8ad2d1d3f8036101dca7ee39e585"},"breadcrumb":{"@id":"https:\/\/quehacerpolitico.mx\/?p=99807#breadcrumb"},"inLanguage":"es","potentialAction":[{"@type":"ReadAction","target":["https:\/\/quehacerpolitico.mx\/?p=99807"]}]},{"@type":"ImageObject","inLanguage":"es","@id":"https:\/\/quehacerpolitico.mx\/?p=99807#primaryimage","url":"https:\/\/quehacerpolitico.mx\/wp-content\/uploads\/2023\/04\/IMG_6902.jpeg","contentUrl":"https:\/\/quehacerpolitico.mx\/wp-content\/uploads\/2023\/04\/IMG_6902.jpeg","width":1284,"height":702},{"@type":"BreadcrumbList","@id":"https:\/\/quehacerpolitico.mx\/?p=99807#breadcrumb","itemListElement":[{"@type":"ListItem","position":1,"name":"Inicio","item":"https:\/\/quehacerpolitico.mx\/"},{"@type":"ListItem","position":2,"name":"\u00bfL\u00f3pez Obrador sufri\u00f3 un infarto el fin de semana?, esto respondi\u00f3 Garc\u00eda Vilchis"}]},{"@type":"WebSite","@id":"https:\/\/quehacerpolitico.mx\/#website","url":"https:\/\/quehacerpolitico.mx\/","name":"","description":"","potentialAction":[{"@type":"SearchAction","target":{"@type":"EntryPoint","urlTemplate":"https:\/\/quehacerpolitico.mx\/?s={search_term_string}"},"query-input":{"@type":"PropertyValueSpecification","valueRequired":true,"valueName":"search_term_string"}}],"inLanguage":"es"},{"@type":"Person","@id":"https:\/\/quehacerpolitico.mx\/#\/schema\/person\/496d8ad2d1d3f8036101dca7ee39e585","name":"Redacci\u00f3n QP","image":{"@type":"ImageObject","inLanguage":"es","@id":"https:\/\/secure.gravatar.com\/avatar\/c7164ed6fdec453195284ad24a5ae5b6e1eed2b848477fa2a4787ba9adf39a41?s=96&d=mm&r=g","url":"https:\/\/secure.gravatar.com\/avatar\/c7164ed6fdec453195284ad24a5ae5b6e1eed2b848477fa2a4787ba9adf39a41?s=96&d=mm&r=g","contentUrl":"https:\/\/secure.gravatar.com\/avatar\/c7164ed6fdec453195284ad24a5ae5b6e1eed2b848477fa2a4787ba9adf39a41?s=96&d=mm&r=g","caption":"Redacci\u00f3n QP"},"url":"https:\/\/quehacerpolitico.mx\/?author=2"}]}},"featured_image_urls":{"full":["https:\/\/quehacerpolitico.mx\/wp-content\/uploads\/2023\/04\/IMG_6902.jpeg",1284,702,false],"thumbnail":["https:\/\/quehacerpolitico.mx\/wp-content\/uploads\/2023\/04\/IMG_6902-150x150.jpeg",150,150,true],"medium":["https:\/\/quehacerpolitico.mx\/wp-content\/uploads\/2023\/04\/IMG_6902-300x164.jpeg",300,164,true],"medium_large":["https:\/\/quehacerpolitico.mx\/wp-content\/uploads\/2023\/04\/IMG_6902-768x420.jpeg",640,350,true],"large":["https:\/\/quehacerpolitico.mx\/wp-content\/uploads\/2023\/04\/IMG_6902-1024x560.jpeg",640,350,true],"1536x1536":["https:\/\/quehacerpolitico.mx\/wp-content\/uploads\/2023\/04\/IMG_6902.jpeg",1284,702,false],"2048x2048":["https:\/\/quehacerpolitico.mx\/wp-content\/uploads\/2023\/04\/IMG_6902.jpeg",1284,702,false],"covernews-featured":["https:\/\/quehacerpolitico.mx\/wp-content\/uploads\/2023\/04\/IMG_6902.jpeg",1024,560,false],"covernews-medium":["https:\/\/quehacerpolitico.mx\/wp-content\/uploads\/2023\/04\/IMG_6902.jpeg",540,295,false]},"author_info":{"display_name":"Redacci\u00f3n QP","author_link":"https:\/\/quehacerpolitico.mx\/?author=2"},"category_info":"<a href=\"https:\/\/quehacerpolitico.mx\/?cat=2\" rel=\"category\">Noticias<\/a>","tag_info":"Noticias","comment_count":"0","_links":{"self":[{"href":"https:\/\/quehacerpolitico.mx\/index.php?rest_route=\/wp\/v2\/posts\/99807","targetHints":{"allow":["GET"]}}],"collection":[{"href":"https:\/\/quehacerpolitico.mx\/index.php?rest_route=\/wp\/v2\/posts"}],"about":[{"href":"https:\/\/quehacerpolitico.mx\/index.php?rest_route=\/wp\/v2\/types\/post"}],"author":[{"embeddable":true,"href":"https:\/\/quehacerpolitico.mx\/index.php?rest_route=\/wp\/v2\/users\/2"}],"replies":[{"embeddable":true,"href":"https:\/\/quehacerpolitico.mx\/index.php?rest_route=%2Fwp%2Fv2%2Fcomments&post=99807"}],"version-history":[{"count":1,"href":"https:\/\/quehacerpolitico.mx\/index.php?rest_route=\/wp\/v2\/posts\/99807\/revisions"}],"predecessor-version":[{"id":99809,"href":"https:\/\/quehacerpolitico.mx\/index.php?rest_route=\/wp\/v2\/posts\/99807\/revisions\/99809"}],"wp:featuredmedia":[{"embeddable":true,"href":"https:\/\/quehacerpolitico.mx\/index.php?rest_route=\/wp\/v2\/media\/99808"}],"wp:attachment":[{"href":"https:\/\/quehacerpolitico.mx\/index.php?rest_route=%2Fwp%2Fv2%2Fmedia&parent=99807"}],"wp:term":[{"taxonomy":"category","embeddable":true,"href":"https:\/\/quehacerpolitico.mx\/index.php?rest_route=%2Fwp%2Fv2%2Fcategories&post=99807"},{"taxonomy":"post_tag","embeddable":true,"href":"https:\/\/quehacerpolitico.mx\/index.php?rest_route=%2Fwp%2Fv2%2Ftags&post=99807"}],"curies":[{"name":"wp","href":"https:\/\/api.w.org\/{rel}","templated":true}]}}