{"id":99776,"date":"2023-04-03T19:40:15","date_gmt":"2023-04-03T19:40:15","guid":{"rendered":"https:\/\/quehacerpolitico.mx\/?p=99776"},"modified":"2023-04-03T19:40:19","modified_gmt":"2023-04-03T19:40:19","slug":"amlo-rehuye-a-hablar-de-la-responsabilidad-de-francisco-garduno-en-la-muerte-de-39-migrantes","status":"publish","type":"post","link":"https:\/\/quehacerpolitico.mx\/?p=99776","title":{"rendered":"AMLO rehuye a hablar de la responsabilidad de Francisco Gardu\u00f1o en la muerte de 39 migrantes"},"content":{"rendered":"\n<p>Por Redacci\u00f3n QP<\/p>\n\n\n\n<p>L\u00f3pez Obrador rehuy\u00f3 a opinar sobre la responsabilidad del titular del INM, Francisco Gardu\u00f1o, en el incendio de Ciudad Ju\u00e1rez<\/p>\n\n\n\n<p><strong>Andr\u00e9s Manuel\u00a0L\u00f3pez Obrador<\/strong>, presidente de M\u00e9xico, dej\u00f3 en claro que ser\u00e1 la\u00a0<strong>Fiscal\u00eda General de la Rep\u00fablica<\/strong>\u00a0(<strong>FGR<\/strong>) quien finque las responsabilidades a\u00a0<strong>funcionarios federales<\/strong>\u00a0por el\u00a0<strong>incendio<\/strong>\u00a0que\u00a0mato a 39 migrantes\u00a0en una estaci\u00f3n del\u00a0<strong>Instituto Nacional de Migraci\u00f3n<\/strong>\u00a0(<strong>INM<\/strong>) en\u00a0<strong>Ciudad Ju\u00e1rez<\/strong>, en el estado de\u00a0<strong>Chihuahua<\/strong>.<\/p>\n\n\n\n<p>En la conferencia matutina de Palacio Nacional, L\u00f3pez Obrador rehuy\u00f3 a opinar sobre la responsabilidad del titular del INM,\u00a0<strong>Francisco Gardu\u00f1o<\/strong>, en el siniestro.<\/p>\n\n\n\n<figure class=\"wp-block-embed is-type-rich is-provider-twitter wp-block-embed-twitter\"><div class=\"wp-block-embed__wrapper\">\n<blockquote class=\"twitter-tweet\" data-width=\"550\" data-dnt=\"true\"><p lang=\"es\" dir=\"ltr\">Tras el caso Segalmex, o la tragedia migrante en Ciudad Ju\u00e1rez, Chihuahua, \u00bfhabr\u00e1 castigo a altos funcionarios que cometan delitos, o seguir\u00e1 la impunidad? <br><br>Esto respondi\u00f3 L\u00f3pez Obrador.<br><br>M\u00e1s, en: <a href=\"https:\/\/t.co\/2Twt8toiQn\">https:\/\/t.co\/2Twt8toiQn<\/a> <a href=\"https:\/\/t.co\/Ob6f9ca6DE\">pic.twitter.com\/Ob6f9ca6DE<\/a><\/p>&mdash; Joaqu\u00edn L\u00f3pez-D\u00f3riga (@lopezdoriga) <a href=\"https:\/\/twitter.com\/lopezdoriga\/status\/1642913195550490624?ref_src=twsrc%5Etfw\">April 3, 2023<\/a><\/blockquote><script async src=\"https:\/\/platform.twitter.com\/widgets.js\" charset=\"utf-8\"><\/script>\n<\/div><\/figure>\n\n\n\n<p>La FGR est\u00e1 haciendo la investigaci\u00f3n (\u2026) la recomendaci\u00f3n al fiscal es que no haya impunidad para nadie\u201d, dijo este lunes.<\/p>\n\n\n\n<p>\u201cPrimero, hay que ver lo jur\u00eddico, lo legal, ustedes, que no eres t\u00fa nada m\u00e1s, son millones, ya dije. Desde luego hay quienes son conservadores por dinero, o sea, porque es lo que les interesa es el dinero, esos es a los que respeto menos, respeto m\u00e1s a los conservadores por pensamiento. Esos, no coincido con ellos, pero tienen una ideolog\u00eda, defienden una doctrina\u201d, indic\u00f3<\/p>\n\n\n\n<p>\u201cPero los otros, lo que buscan es solamente el dinero. En este caso, es la Fiscal\u00eda, la que est\u00e1 haciendo la investigaci\u00f3n, ustedes quisieran, ni as\u00ed se conformar\u00edan, que quem\u00e1ramos en le\u00f1a verde en el Z\u00f3calo a los que cometieron un delito\u201d, subray\u00f3.<\/p>\n\n\n\n<p>La noche del 27 de marzo, un incendio en un centro del INM en Ciudad Ju\u00e1rez, en la frontera norte de M\u00e9xico, mat\u00f3 a 39 personas.<\/p>\n\n\n\n<p>Adem\u00e1s de los muertos, el accidente dej\u00f3 28 heridos, de los que 24 permanecen hospitalizados y hasta ahora solo 4 fueron dados de alta. En la estaci\u00f3n hab\u00eda casi 70 migrantes.<\/p>\n\n\n\n<p>El viernes, la secretaria de Seguridad y Protecci\u00f3n Ciudadana,<strong>Rosa Icela Rodr\u00edguez<\/strong>, anunci\u00f3 que la estaci\u00f3n de detenci\u00f3n en la que murieron 39 migrantes cerrar\u00e1 de forma definitiva.<\/p>\n\n\n\n<p>En tanto, la Fiscal\u00eda General de la Rep\u00fablica (FGR) se\u00f1al\u00f3 que las cinco personas detenidas hasta ahora como presuntos responsables est\u00e1n en prisi\u00f3n provisional y enfrentar\u00e1n una audiencia el pr\u00f3ximo martes.<\/p>\n","protected":false},"excerpt":{"rendered":"<p>Por Redacci\u00f3n QP L\u00f3pez Obrador rehuy\u00f3 a opinar sobre la responsabilidad del titular del INM,&#8230;<\/p>\n","protected":false},"author":2,"featured_media":99777,"comment_status":"open","ping_status":"open","sticky":false,"template":"","format":"standard","meta":{"_monsterinsights_skip_tracking":false,"_monsterinsights_sitenote_active":false,"_monsterinsights_sitenote_note":"","_monsterinsights_sitenote_category":0,"footnotes":""},"categories":[2],"tags":[],"class_list":["post-99776","post","type-post","status-publish","format-standard","has-post-thumbnail","hentry","category-noticias"],"yoast_head":"<!-- This site is optimized with the Yoast SEO plugin v27.3 - https:\/\/yoast.com\/product\/yoast-seo-wordpress\/ -->\n<title>AMLO rehuye a hablar de la responsabilidad de Francisco Gardu\u00f1o en la muerte de 39 migrantes -<\/title>\n<meta name=\"robots\" content=\"index, follow, max-snippet:-1, max-image-preview:large, max-video-preview:-1\" \/>\n<link rel=\"canonical\" href=\"https:\/\/quehacerpolitico.mx\/?p=99776\" \/>\n<meta property=\"og:locale\" content=\"es_MX\" \/>\n<meta property=\"og:type\" content=\"article\" \/>\n<meta property=\"og:title\" content=\"AMLO rehuye a hablar de la responsabilidad de Francisco Gardu\u00f1o en la muerte de 39 migrantes -\" \/>\n<meta property=\"og:description\" content=\"Por Redacci\u00f3n QP L\u00f3pez Obrador rehuy\u00f3 a opinar sobre la responsabilidad del titular del INM,...\" \/>\n<meta property=\"og:url\" content=\"https:\/\/quehacerpolitico.mx\/?p=99776\" \/>\n<meta property=\"article:published_time\" content=\"2023-04-03T19:40:15+00:00\" \/>\n<meta property=\"article:modified_time\" content=\"2023-04-03T19:40:19+00:00\" \/>\n<meta property=\"og:image\" content=\"https:\/\/quehacerpolitico.mx\/wp-content\/uploads\/2023\/04\/IMG_6865.jpeg\" \/>\n\t<meta property=\"og:image:width\" content=\"1284\" \/>\n\t<meta property=\"og:image:height\" content=\"688\" \/>\n\t<meta property=\"og:image:type\" content=\"image\/jpeg\" \/>\n<meta name=\"author\" content=\"Redacci\u00f3n QP\" \/>\n<meta name=\"twitter:card\" content=\"summary_large_image\" \/>\n<meta name=\"twitter:label1\" content=\"Escrito por\" \/>\n\t<meta name=\"twitter:data1\" content=\"Redacci\u00f3n QP\" \/>\n\t<meta name=\"twitter:label2\" content=\"Tiempo de lectura\" \/>\n\t<meta name=\"twitter:data2\" content=\"2 minutos\" \/>\n<script type=\"application\/ld+json\" class=\"yoast-schema-graph\">{\"@context\":\"https:\\\/\\\/schema.org\",\"@graph\":[{\"@type\":\"Article\",\"@id\":\"https:\\\/\\\/quehacerpolitico.mx\\\/?p=99776#article\",\"isPartOf\":{\"@id\":\"https:\\\/\\\/quehacerpolitico.mx\\\/?p=99776\"},\"author\":{\"name\":\"Redacci\u00f3n QP\",\"@id\":\"https:\\\/\\\/quehacerpolitico.mx\\\/#\\\/schema\\\/person\\\/496d8ad2d1d3f8036101dca7ee39e585\"},\"headline\":\"AMLO rehuye a hablar de la responsabilidad de Francisco Gardu\u00f1o en la muerte de 39 migrantes\",\"datePublished\":\"2023-04-03T19:40:15+00:00\",\"dateModified\":\"2023-04-03T19:40:19+00:00\",\"mainEntityOfPage\":{\"@id\":\"https:\\\/\\\/quehacerpolitico.mx\\\/?p=99776\"},\"wordCount\":403,\"commentCount\":0,\"image\":{\"@id\":\"https:\\\/\\\/quehacerpolitico.mx\\\/?p=99776#primaryimage\"},\"thumbnailUrl\":\"https:\\\/\\\/quehacerpolitico.mx\\\/wp-content\\\/uploads\\\/2023\\\/04\\\/IMG_6865.jpeg\",\"articleSection\":[\"Noticias\"],\"inLanguage\":\"es\",\"potentialAction\":[{\"@type\":\"CommentAction\",\"name\":\"Comment\",\"target\":[\"https:\\\/\\\/quehacerpolitico.mx\\\/?p=99776#respond\"]}]},{\"@type\":\"WebPage\",\"@id\":\"https:\\\/\\\/quehacerpolitico.mx\\\/?p=99776\",\"url\":\"https:\\\/\\\/quehacerpolitico.mx\\\/?p=99776\",\"name\":\"AMLO rehuye a hablar de la responsabilidad de Francisco Gardu\u00f1o en la muerte de 39 migrantes -\",\"isPartOf\":{\"@id\":\"https:\\\/\\\/quehacerpolitico.mx\\\/#website\"},\"primaryImageOfPage\":{\"@id\":\"https:\\\/\\\/quehacerpolitico.mx\\\/?p=99776#primaryimage\"},\"image\":{\"@id\":\"https:\\\/\\\/quehacerpolitico.mx\\\/?p=99776#primaryimage\"},\"thumbnailUrl\":\"https:\\\/\\\/quehacerpolitico.mx\\\/wp-content\\\/uploads\\\/2023\\\/04\\\/IMG_6865.jpeg\",\"datePublished\":\"2023-04-03T19:40:15+00:00\",\"dateModified\":\"2023-04-03T19:40:19+00:00\",\"author\":{\"@id\":\"https:\\\/\\\/quehacerpolitico.mx\\\/#\\\/schema\\\/person\\\/496d8ad2d1d3f8036101dca7ee39e585\"},\"breadcrumb\":{\"@id\":\"https:\\\/\\\/quehacerpolitico.mx\\\/?p=99776#breadcrumb\"},\"inLanguage\":\"es\",\"potentialAction\":[{\"@type\":\"ReadAction\",\"target\":[\"https:\\\/\\\/quehacerpolitico.mx\\\/?p=99776\"]}]},{\"@type\":\"ImageObject\",\"inLanguage\":\"es\",\"@id\":\"https:\\\/\\\/quehacerpolitico.mx\\\/?p=99776#primaryimage\",\"url\":\"https:\\\/\\\/quehacerpolitico.mx\\\/wp-content\\\/uploads\\\/2023\\\/04\\\/IMG_6865.jpeg\",\"contentUrl\":\"https:\\\/\\\/quehacerpolitico.mx\\\/wp-content\\\/uploads\\\/2023\\\/04\\\/IMG_6865.jpeg\",\"width\":1284,\"height\":688},{\"@type\":\"BreadcrumbList\",\"@id\":\"https:\\\/\\\/quehacerpolitico.mx\\\/?p=99776#breadcrumb\",\"itemListElement\":[{\"@type\":\"ListItem\",\"position\":1,\"name\":\"Inicio\",\"item\":\"https:\\\/\\\/quehacerpolitico.mx\\\/\"},{\"@type\":\"ListItem\",\"position\":2,\"name\":\"AMLO rehuye a hablar de la responsabilidad de Francisco Gardu\u00f1o en la muerte de 39 migrantes\"}]},{\"@type\":\"WebSite\",\"@id\":\"https:\\\/\\\/quehacerpolitico.mx\\\/#website\",\"url\":\"https:\\\/\\\/quehacerpolitico.mx\\\/\",\"name\":\"\",\"description\":\"\",\"potentialAction\":[{\"@type\":\"SearchAction\",\"target\":{\"@type\":\"EntryPoint\",\"urlTemplate\":\"https:\\\/\\\/quehacerpolitico.mx\\\/?s={search_term_string}\"},\"query-input\":{\"@type\":\"PropertyValueSpecification\",\"valueRequired\":true,\"valueName\":\"search_term_string\"}}],\"inLanguage\":\"es\"},{\"@type\":\"Person\",\"@id\":\"https:\\\/\\\/quehacerpolitico.mx\\\/#\\\/schema\\\/person\\\/496d8ad2d1d3f8036101dca7ee39e585\",\"name\":\"Redacci\u00f3n QP\",\"image\":{\"@type\":\"ImageObject\",\"inLanguage\":\"es\",\"@id\":\"https:\\\/\\\/secure.gravatar.com\\\/avatar\\\/c7164ed6fdec453195284ad24a5ae5b6e1eed2b848477fa2a4787ba9adf39a41?s=96&d=mm&r=g\",\"url\":\"https:\\\/\\\/secure.gravatar.com\\\/avatar\\\/c7164ed6fdec453195284ad24a5ae5b6e1eed2b848477fa2a4787ba9adf39a41?s=96&d=mm&r=g\",\"contentUrl\":\"https:\\\/\\\/secure.gravatar.com\\\/avatar\\\/c7164ed6fdec453195284ad24a5ae5b6e1eed2b848477fa2a4787ba9adf39a41?s=96&d=mm&r=g\",\"caption\":\"Redacci\u00f3n QP\"},\"url\":\"https:\\\/\\\/quehacerpolitico.mx\\\/?author=2\"}]}<\/script>\n<!-- \/ Yoast SEO plugin. -->","yoast_head_json":{"title":"AMLO rehuye a hablar de la responsabilidad de Francisco Gardu\u00f1o en la muerte de 39 migrantes -","robots":{"index":"index","follow":"follow","max-snippet":"max-snippet:-1","max-image-preview":"max-image-preview:large","max-video-preview":"max-video-preview:-1"},"canonical":"https:\/\/quehacerpolitico.mx\/?p=99776","og_locale":"es_MX","og_type":"article","og_title":"AMLO rehuye a hablar de la responsabilidad de Francisco Gardu\u00f1o en la muerte de 39 migrantes -","og_description":"Por Redacci\u00f3n QP L\u00f3pez Obrador rehuy\u00f3 a opinar sobre la responsabilidad del titular del INM,...","og_url":"https:\/\/quehacerpolitico.mx\/?p=99776","article_published_time":"2023-04-03T19:40:15+00:00","article_modified_time":"2023-04-03T19:40:19+00:00","og_image":[{"width":1284,"height":688,"url":"https:\/\/quehacerpolitico.mx\/wp-content\/uploads\/2023\/04\/IMG_6865.jpeg","type":"image\/jpeg"}],"author":"Redacci\u00f3n QP","twitter_card":"summary_large_image","twitter_misc":{"Escrito por":"Redacci\u00f3n QP","Tiempo de lectura":"2 minutos"},"schema":{"@context":"https:\/\/schema.org","@graph":[{"@type":"Article","@id":"https:\/\/quehacerpolitico.mx\/?p=99776#article","isPartOf":{"@id":"https:\/\/quehacerpolitico.mx\/?p=99776"},"author":{"name":"Redacci\u00f3n QP","@id":"https:\/\/quehacerpolitico.mx\/#\/schema\/person\/496d8ad2d1d3f8036101dca7ee39e585"},"headline":"AMLO rehuye a hablar de la responsabilidad de Francisco Gardu\u00f1o en la muerte de 39 migrantes","datePublished":"2023-04-03T19:40:15+00:00","dateModified":"2023-04-03T19:40:19+00:00","mainEntityOfPage":{"@id":"https:\/\/quehacerpolitico.mx\/?p=99776"},"wordCount":403,"commentCount":0,"image":{"@id":"https:\/\/quehacerpolitico.mx\/?p=99776#primaryimage"},"thumbnailUrl":"https:\/\/quehacerpolitico.mx\/wp-content\/uploads\/2023\/04\/IMG_6865.jpeg","articleSection":["Noticias"],"inLanguage":"es","potentialAction":[{"@type":"CommentAction","name":"Comment","target":["https:\/\/quehacerpolitico.mx\/?p=99776#respond"]}]},{"@type":"WebPage","@id":"https:\/\/quehacerpolitico.mx\/?p=99776","url":"https:\/\/quehacerpolitico.mx\/?p=99776","name":"AMLO rehuye a hablar de la responsabilidad de Francisco Gardu\u00f1o en la muerte de 39 migrantes -","isPartOf":{"@id":"https:\/\/quehacerpolitico.mx\/#website"},"primaryImageOfPage":{"@id":"https:\/\/quehacerpolitico.mx\/?p=99776#primaryimage"},"image":{"@id":"https:\/\/quehacerpolitico.mx\/?p=99776#primaryimage"},"thumbnailUrl":"https:\/\/quehacerpolitico.mx\/wp-content\/uploads\/2023\/04\/IMG_6865.jpeg","datePublished":"2023-04-03T19:40:15+00:00","dateModified":"2023-04-03T19:40:19+00:00","author":{"@id":"https:\/\/quehacerpolitico.mx\/#\/schema\/person\/496d8ad2d1d3f8036101dca7ee39e585"},"breadcrumb":{"@id":"https:\/\/quehacerpolitico.mx\/?p=99776#breadcrumb"},"inLanguage":"es","potentialAction":[{"@type":"ReadAction","target":["https:\/\/quehacerpolitico.mx\/?p=99776"]}]},{"@type":"ImageObject","inLanguage":"es","@id":"https:\/\/quehacerpolitico.mx\/?p=99776#primaryimage","url":"https:\/\/quehacerpolitico.mx\/wp-content\/uploads\/2023\/04\/IMG_6865.jpeg","contentUrl":"https:\/\/quehacerpolitico.mx\/wp-content\/uploads\/2023\/04\/IMG_6865.jpeg","width":1284,"height":688},{"@type":"BreadcrumbList","@id":"https:\/\/quehacerpolitico.mx\/?p=99776#breadcrumb","itemListElement":[{"@type":"ListItem","position":1,"name":"Inicio","item":"https:\/\/quehacerpolitico.mx\/"},{"@type":"ListItem","position":2,"name":"AMLO rehuye a hablar de la responsabilidad de Francisco Gardu\u00f1o en la muerte de 39 migrantes"}]},{"@type":"WebSite","@id":"https:\/\/quehacerpolitico.mx\/#website","url":"https:\/\/quehacerpolitico.mx\/","name":"","description":"","potentialAction":[{"@type":"SearchAction","target":{"@type":"EntryPoint","urlTemplate":"https:\/\/quehacerpolitico.mx\/?s={search_term_string}"},"query-input":{"@type":"PropertyValueSpecification","valueRequired":true,"valueName":"search_term_string"}}],"inLanguage":"es"},{"@type":"Person","@id":"https:\/\/quehacerpolitico.mx\/#\/schema\/person\/496d8ad2d1d3f8036101dca7ee39e585","name":"Redacci\u00f3n QP","image":{"@type":"ImageObject","inLanguage":"es","@id":"https:\/\/secure.gravatar.com\/avatar\/c7164ed6fdec453195284ad24a5ae5b6e1eed2b848477fa2a4787ba9adf39a41?s=96&d=mm&r=g","url":"https:\/\/secure.gravatar.com\/avatar\/c7164ed6fdec453195284ad24a5ae5b6e1eed2b848477fa2a4787ba9adf39a41?s=96&d=mm&r=g","contentUrl":"https:\/\/secure.gravatar.com\/avatar\/c7164ed6fdec453195284ad24a5ae5b6e1eed2b848477fa2a4787ba9adf39a41?s=96&d=mm&r=g","caption":"Redacci\u00f3n QP"},"url":"https:\/\/quehacerpolitico.mx\/?author=2"}]}},"featured_image_urls":{"full":["https:\/\/quehacerpolitico.mx\/wp-content\/uploads\/2023\/04\/IMG_6865.jpeg",1284,688,false],"thumbnail":["https:\/\/quehacerpolitico.mx\/wp-content\/uploads\/2023\/04\/IMG_6865-150x150.jpeg",150,150,true],"medium":["https:\/\/quehacerpolitico.mx\/wp-content\/uploads\/2023\/04\/IMG_6865-300x161.jpeg",300,161,true],"medium_large":["https:\/\/quehacerpolitico.mx\/wp-content\/uploads\/2023\/04\/IMG_6865-768x412.jpeg",640,343,true],"large":["https:\/\/quehacerpolitico.mx\/wp-content\/uploads\/2023\/04\/IMG_6865-1024x549.jpeg",640,343,true],"1536x1536":["https:\/\/quehacerpolitico.mx\/wp-content\/uploads\/2023\/04\/IMG_6865.jpeg",1284,688,false],"2048x2048":["https:\/\/quehacerpolitico.mx\/wp-content\/uploads\/2023\/04\/IMG_6865.jpeg",1284,688,false],"covernews-featured":["https:\/\/quehacerpolitico.mx\/wp-content\/uploads\/2023\/04\/IMG_6865.jpeg",1024,549,false],"covernews-medium":["https:\/\/quehacerpolitico.mx\/wp-content\/uploads\/2023\/04\/IMG_6865.jpeg",540,289,false]},"author_info":{"display_name":"Redacci\u00f3n QP","author_link":"https:\/\/quehacerpolitico.mx\/?author=2"},"category_info":"<a href=\"https:\/\/quehacerpolitico.mx\/?cat=2\" rel=\"category\">Noticias<\/a>","tag_info":"Noticias","comment_count":"0","_links":{"self":[{"href":"https:\/\/quehacerpolitico.mx\/index.php?rest_route=\/wp\/v2\/posts\/99776","targetHints":{"allow":["GET"]}}],"collection":[{"href":"https:\/\/quehacerpolitico.mx\/index.php?rest_route=\/wp\/v2\/posts"}],"about":[{"href":"https:\/\/quehacerpolitico.mx\/index.php?rest_route=\/wp\/v2\/types\/post"}],"author":[{"embeddable":true,"href":"https:\/\/quehacerpolitico.mx\/index.php?rest_route=\/wp\/v2\/users\/2"}],"replies":[{"embeddable":true,"href":"https:\/\/quehacerpolitico.mx\/index.php?rest_route=%2Fwp%2Fv2%2Fcomments&post=99776"}],"version-history":[{"count":1,"href":"https:\/\/quehacerpolitico.mx\/index.php?rest_route=\/wp\/v2\/posts\/99776\/revisions"}],"predecessor-version":[{"id":99778,"href":"https:\/\/quehacerpolitico.mx\/index.php?rest_route=\/wp\/v2\/posts\/99776\/revisions\/99778"}],"wp:featuredmedia":[{"embeddable":true,"href":"https:\/\/quehacerpolitico.mx\/index.php?rest_route=\/wp\/v2\/media\/99777"}],"wp:attachment":[{"href":"https:\/\/quehacerpolitico.mx\/index.php?rest_route=%2Fwp%2Fv2%2Fmedia&parent=99776"}],"wp:term":[{"taxonomy":"category","embeddable":true,"href":"https:\/\/quehacerpolitico.mx\/index.php?rest_route=%2Fwp%2Fv2%2Fcategories&post=99776"},{"taxonomy":"post_tag","embeddable":true,"href":"https:\/\/quehacerpolitico.mx\/index.php?rest_route=%2Fwp%2Fv2%2Ftags&post=99776"}],"curies":[{"name":"wp","href":"https:\/\/api.w.org\/{rel}","templated":true}]}}