{"id":99760,"date":"2023-04-03T17:18:03","date_gmt":"2023-04-03T17:18:03","guid":{"rendered":"https:\/\/quehacerpolitico.mx\/?p=99760"},"modified":"2023-04-03T17:18:05","modified_gmt":"2023-04-03T17:18:05","slug":"7-frases-famosas-que-realmente-nunca-se-dijeron","status":"publish","type":"post","link":"https:\/\/quehacerpolitico.mx\/?p=99760","title":{"rendered":"7 frases famosas que realmente nunca se dijeron"},"content":{"rendered":"\n<p>Por Redacci\u00f3n QP<\/p>\n\n\n\n<p>Internet, pero tambi\u00e9n los libros, est\u00e1n plagados de citas atribuidas a personajes hist\u00f3ricos que \u00e9stos jam\u00e1s pronunciaron<\/p>\n\n\n\n<p><strong>Una vez, por deberes del cargo, este reportero sigui\u00f3 una sesi\u00f3n en la antigua Academia Paulista de Letras, en el Largo do Arouche, en el centro de Sao Paulo.<\/strong><\/p>\n\n\n\n<p>Era principios de marzo y la reuni\u00f3n de acad\u00e9micos, con motivo del D\u00eda Internacional de la Mujer, trajo historias protagonizadas por escritoras.<\/p>\n\n\n\n<p>En un momento dado, Lygia Fagundes Telles (1918-2022) pidi\u00f3 la palabra y pronunci\u00f3 un apasionado discurso.\u00a0<strong>Su intervenci\u00f3n estuvo dirigida contra &#8220;Internet&#8221;.<\/strong>\u00a0No por ninguna idiosincrasia, sino por el hecho de que en la red de redes hab\u00eda mucha gente atribuyendo la autor\u00eda de &#8220;frases bonitas&#8221; a su gran amiga, Clarice Lispector (1920-1977).<\/p>\n\n\n\n<p><strong>&#8220;Y Clarice no era de las que escrib\u00edan frases &#8216;cursis &#8216;&#8221;,<\/strong>&nbsp;espet\u00f3 Telles, quien alab\u00f3 la profundidad literaria de la colega, cuya firma se endilgaba a miles de posts de dudosa calidad en las redes sociales.<\/p>\n\n\n\n<p>Aunque Facebook y similares han contribuido a la difusi\u00f3n de citas falsamente atribuidas a personalidades,\u00a0<strong>este tipo de tergiversaci\u00f3n no es nuevo<\/strong>\u00a0y puede encontrarse incluso en viejos libros de historia.<\/p>\n\n\n\n<p>A continuaci\u00f3n, BBC News Brasil menciona siete frases de siete personajes que se han vuelto muy famosas, pero que no pueden ser tomadas como verdaderas.<\/p>\n\n\n\n<h2 class=\"wp-block-heading\">1. Lo que le achacan a Voltaire<\/h2>\n\n\n\n<p><strong>&#8220;No estoy de acuerdo con lo que dice, pero defender\u00e9 hasta la muerte su derecho a decirlo&#8221;.<\/strong><\/p>\n\n\n\n<p>S\u00ed, la frase anterior bien podr\u00eda representar las opiniones del fil\u00f3sofo de la Ilustraci\u00f3n francesa Fran\u00e7ois-Marie Arouet, mejor conocido como Voltaire (1694-1778). L\u00e1stima que nunca fuera dicha por \u00e9l.<\/p>\n\n\n\n<p>Como afirman los historiadores Paul F. Boller Jr. y John H. George en &#8220;They Never Said It: A Book of Fake Quotes, Misquotes and Misleading Attributions&#8221; (Ellos nunca lo dijeron: Libro sobre falsas y err\u00f3neas citas y atribuciones enga\u00f1osas), esta frase, que se convirti\u00f3 en la&nbsp;<strong>m\u00e1xima del derecho a la libertad de expresi\u00f3n<\/strong>, fue inventada por la escritora inglesa Evelyn Beatrice Hall (1868-1956), en su libro de 1906 The Friends of Voltaire (Los amigos de Voltaire), una biograf\u00eda del fil\u00f3sofo.<\/p>\n\n\n\n<figure class=\"wp-block-image\"><img decoding=\"async\" src=\"https:\/\/www.informador.mx\/export\/sites\/elinformador\/img\/2023\/04\/03\/de_newton_a_neil_amst_x11041832x.jpg_1150884414.jpg\" alt=\"\" title=\"\"\/><figcaption class=\"wp-element-caption\">El fil\u00f3sofo franc\u00e9s Voltaire jam\u00e1s pronunci\u00f3 una frase que se ha transformado en m\u00e1xima de quienes defienden la libertad de expresi\u00f3n. GETTY IMAGES&nbsp;<\/figcaption><\/figure>\n\n\n\n<p>En 1935, la propia Hall se refiri\u00f3 al asunto.<\/p>\n\n\n\n<p><strong>&#8220;Nunca pretend\u00ed afirmar que Voltaire hubiera utilizado exactamente esas palabras&nbsp;y me sorprender\u00eda mucho que esa frase se encontrara en alguna de sus obras&#8221;,<\/strong>&nbsp;respondi\u00f3 la bi\u00f3grafa.<\/p>\n\n\n\n<h2 class=\"wp-block-heading\">2. Por culpa de una interferencia<\/h2>\n\n\n\n<p><strong>&#8220;Un peque\u00f1o paso para el hombre, un gran salto para la humanidad&#8221;<\/strong><\/p>\n\n\n\n<p>Aqu\u00ed la culpa es de la tecnolog\u00eda. Y el propio astronauta Neil Armstrong (1930-2012) lleg\u00f3 a dar explicaciones en entrevistas, pero el error estaba ya tan extendido que no hubo manera de evitarlo:<strong>&nbsp;as\u00ed pas\u00f3 a la historia la primera declaraci\u00f3n de un ser humano al pisar la Luna.<\/strong><\/p>\n\n\n\n<figure class=\"wp-block-image\"><img decoding=\"async\" src=\"https:\/\/www.informador.mx\/export\/sites\/elinformador\/img\/2023\/04\/03\/de_newton_a_neil_amst_x11041833x.jpg_1150884414.jpg\" alt=\"\" title=\"\"\/><figcaption class=\"wp-element-caption\">La famosa frase que el astronauta Neil Armstrong pronunci\u00f3 al tocar la Luna nos lleg\u00f3 tergiversada, por culpa de las interferencias que sufrieron las comunicaciones. GETTY IMAGES&nbsp;<\/figcaption><\/figure>\n\n\n\n<p>Lo que ocurre es que el sentido de la frase, tal y como acab\u00f3 pasando a la historia, compromete la idea de contraste planeada por su autor, Armstrong. Estaba contrastando la humanidad colectiva con la haza\u00f1a de un solo individuo.<\/p>\n\n\n\n<p>Afirma que habr\u00eda dicho<strong>&nbsp;&#8220;Un peque\u00f1o paso para un hombre&#8221;&nbsp;<\/strong>(enfatizando el sentido individual solitario),&nbsp;<strong>y no para &#8220;el hombre&#8221;<\/strong>,&nbsp;que, en este sentido, parece tener el mismo sentido de humanidad.<\/p>\n\n\n\n<p>Seg\u00fan dir\u00eda m\u00e1s tarde el astronauta, el malentendido se debi\u00f3 a la est\u00e1tica de la transmisi\u00f3n.<\/p>\n\n\n\n<h2 class=\"wp-block-heading\">3. Ni Cristo se salva<\/h2>\n\n\n\n<p><strong>&#8220;Dad al C\u00e9sar lo que es del C\u00e9sar y a Dios lo que es de Dios&#8221;.<\/strong><\/p>\n\n\n\n<p>Est\u00e1 en la Biblia en tres de los cuatro evangelios: Marcos, considerado el m\u00e1s antiguo de ellos, Mateo y Lucas.<\/p>\n\n\n\n<p>La frase habr\u00eda sido la respuesta de Jes\u00fas cuando le preguntaron si era l\u00edcito pagar impuestos a los gobernantes romanos. Y hasta hoy es interpretada por los cristianos como una justificaci\u00f3n de la necesidad de&nbsp;<strong>respetar las normas y autoridades terrenales.<\/strong><\/p>\n\n\n\n<p>Sin embargo, para el historiador Andr\u00e9 Leonardo Chevitarese, profesor de la Universidad Federal de R\u00edo de Janeiro y autor del libro &#8220;Jes\u00fas de Nazaret: lo que la historia tiene que decir sobre \u00e9l&#8221;, probablemente&nbsp;<strong>no fue exactamente esta expresi\u00f3n la que utiliz\u00f3 Jes\u00fas.<\/strong><\/p>\n\n\n\n<figure class=\"wp-block-image\"><img decoding=\"async\" src=\"https:\/\/www.informador.mx\/export\/sites\/elinformador\/img\/2023\/04\/03\/de_newton_a_neil_amst_x11041834x.jpg_1150884414.jpg\" alt=\"\" title=\"\"\/><figcaption class=\"wp-element-caption\">Expertos tambi\u00e9n ponen en duda algunas de las expresiones que en los evangelios se le atribuyen a Jes\u00fas de Nazaret. GETTY IMAGES&nbsp;<\/figcaption><\/figure>\n\n\n\n<p>Esto se debe a que hay citas similares en los evangelios ap\u00f3crifos, como el de Tom\u00e1s y Egerton, y un an\u00e1lisis m\u00e1s detallado hace que los investigadores entiendan que fue una creaci\u00f3n posterior.<\/p>\n\n\n\n<p>&#8220;En Egerton, este dicho circul\u00f3 de forma independiente, con otro contexto, lo que puede sugerir que la historia contenida en Marcos puede no ser original,&nbsp;<strong>sino&nbsp;una creaci\u00f3n del propio evangelista<\/strong>&#8220;, explic\u00f3 Chevitarese a BBC News Brasil.<\/p>\n\n\n\n<p>En cualquier caso, aun apareciendo en diferentes narraciones, el mensaje en s\u00ed ser\u00eda verdadero.<\/p>\n\n\n\n<p><strong>&#8220;El n\u00facleo central de la historia parece ser en su conjunto aut\u00e9ntico,<\/strong>&nbsp;es decir, la orientaci\u00f3n sobre pagar o no pagar impuestos a las autoridades&#8221;, afirm\u00f3 el historiador.<\/p>\n\n\n\n<h2 class=\"wp-block-heading\">4. Lo que el \u00faltimo emperador de Brasil no dijo<\/h2>\n\n\n\n<p><strong>&#8220;Si no hubiera sido emperador, habr\u00eda querido ser maestro de escuela. No conozco nada tan noble como dirigir las inteligencias j\u00f3venes, preparar a los hombres del futuro&#8221;.<\/strong><\/p>\n\n\n\n<p>La frase se atribuye a Don Pedro II (1825-1891), el \u00faltimo emperador de Brasil. Y suele aparecer como reconocimiento de las virtudes humanas del monarca. Hasta aqu\u00ed todo bien. El problema es que, contrariamente a lo que se afirma, esta frase no aparece en ninguna de las l\u00edneas de sus diarios.<\/p>\n\n\n\n<p>&#8220;<strong>Todos dicen que escribi\u00f3 esa frase en su diario, pero ella no existe en ninguna parte<\/strong>&#8220;, dijo a BBC News Brasil el investigador y escritor Paulo Rezzutti, bi\u00f3grafo de varios personajes de la monarqu\u00eda brasile\u00f1a, entre ellos los dos emperadores.<\/p>\n\n\n\n<figure class=\"wp-block-image\"><img decoding=\"async\" src=\"https:\/\/www.informador.mx\/export\/sites\/elinformador\/img\/2023\/04\/03\/pedro_ii_of_brazil__x11041835x.jpg_1036038935.jpg\" alt=\"\" title=\"\"\/><figcaption class=\"wp-element-caption\">Del \u00faltimo emperador de Brasil se ha dicho que hubiera preferido ser maestro de escuela que ostentar la corona, una una expresi\u00f3n que los expertos no han hallado en sus escritos. GETTY IMAGES&nbsp;<\/figcaption><\/figure>\n\n\n\n<p>Seg\u00fan Rezzutti, la menci\u00f3n m\u00e1s cercana a esto es cuando dice que fue un hombre &#8220;nacido para dedicarse a las letras y a las ciencias m\u00e1s que para ocupar un cargo pol\u00edtico&#8221;.<\/p>\n\n\n\n<p>&#8220;Y si ten\u00eda que elegir algo, prefer\u00eda ser presidente de la Rep\u00fablica o ministro antes que emperador, porque, a su entender, eso le dar\u00eda&nbsp;<strong>m\u00e1s tiempo para estudiar<\/strong>&nbsp;y dedicarse a lo que realmente le gustaba&#8221;, habr\u00eda dicho el monarca.<\/p>\n\n\n\n<p>&#8220;Dicen que habl\u00f3 de ser maestro de escuela en Francia y que el bar\u00f3n de R\u00edo Branco [el diplom\u00e1tico Jos\u00e9 Maria da Silva Paranhos J\u00fanior (1845-1912)] lo escribi\u00f3&#8221;, a\u00f1adi\u00f3 el investigador. &#8220;Pero el propio Don Pedro&nbsp;<strong>nunca lo dej\u00f3 registrado en ninguna parte<\/strong>&#8220;.<\/p>\n\n\n\n<h2 class=\"wp-block-heading\">5. Creando una leyenda negra<\/h2>\n\n\n\n<p><strong>&#8220;Si no tienen pan, que coman pasteles&#8221;<\/strong><\/p>\n\n\n\n<p>Seg\u00fan la versi\u00f3n m\u00e1s conocida, la reina Mar\u00eda Antonieta (1755-1793), al ser informada de que el pueblo franc\u00e9s se mor\u00eda de hambre y ni siquiera ten\u00eda pan, habr\u00eda dicho esta insensible frase.<\/p>\n\n\n\n<p><strong>Pero todo&nbsp;apunta a&nbsp;que fue una invenci\u00f3n<\/strong>, creada para reforzar la reputaci\u00f3n negativa de la monarca entre la poblaci\u00f3n de la \u00e9poca. El historiador Jacques Barzun (1907-2012) dijo en una ocasi\u00f3n que esta historia -o variaciones de la misma- circulaba por Europa como una vieja broma mucho antes de que naciera Mar\u00eda Antonieta.<\/p>\n\n\n\n<figure class=\"wp-block-image\"><img decoding=\"async\" src=\"https:\/\/www.informador.mx\/export\/sites\/elinformador\/img\/2023\/04\/03\/marie-antoinette_x11041836x.jpg_1033268372.jpg\" alt=\"\" title=\"\"\/><figcaption class=\"wp-element-caption\">Los enemigos de la reina Mar\u00eda Antonieta habr\u00edan convencido a los franceses de que su soberana era una insensible ante sus penurias. GETTY IMAGES&nbsp;<\/figcaption><\/figure>\n\n\n\n<p>La frase se habr\u00eda eternizado gracias al libro &#8220;Las Confesiones&#8221;, del fil\u00f3sofo franc\u00e9s Jean-Jacques Rousseau (1712-1778).<\/p>\n\n\n\n<p>En el sexto volumen de la obra autobiogr\u00e1fica, Rousseau cuenta que, en un momento dado, quiso pan para acompa\u00f1ar un poco de vino.<\/p>\n\n\n\n<p>&#8220;Al fin record\u00e9 la historia de una gran princesa a la que le dijeron que los campesinos no ten\u00edan pan, y ella respondi\u00f3:&nbsp;<strong>&#8216;que coman pasteles&#8221;.<\/strong><\/p>\n\n\n\n<p>No&nbsp;<strong>menciona el nombre de tal noble.<\/strong><\/p>\n\n\n\n<p>Pero podr\u00eda no ser Antonieta, ya que aunque &#8220;Las Confesiones&#8221; no se publicaron hasta 1782 (despu\u00e9s de la muerte del autor), los textos fueron escritos en la d\u00e9cada de 1760, cuando la futura reina de Francia era a\u00fan una ni\u00f1a.<\/p>\n\n\n\n<h2 class=\"wp-block-heading\">6. Una versi\u00f3n mejorada<\/h2>\n\n\n\n<p><strong>&#8220;Si he visto m\u00e1s lejos, es por haberme subido a hombros de gigantes&#8221;<\/strong><\/p>\n\n\n\n<p>Isaac Newton (1641-1727), \u00bfverdad? Es cierto que el gran f\u00edsico ingl\u00e9s, que pas\u00f3 a la historia como el que formul\u00f3 la ley de la gravedad, escribi\u00f3 esa modesta frase, pero no fue su idea original.<\/p>\n\n\n\n<figure class=\"wp-block-image\"><img decoding=\"async\" src=\"https:\/\/www.informador.mx\/export\/sites\/elinformador\/img\/2023\/04\/03\/dead_famous_x11041837x.jpg_183409256.jpg\" alt=\"\" title=\"\"\/><figcaption class=\"wp-element-caption\">El cient\u00edfico ingl\u00e9s Isaac Newton habr\u00eda perfeccionado una frase que un colega suyo pronunci\u00f3 a\u00f1os antes y termin\u00f3 qued\u00e1ndose con el cr\u00e9dito. GETTY IMAGES&nbsp;<\/figcaption><\/figure>\n\n\n\n<p>Como se\u00f1alan los historiadores Boller y George, Newton utiliz\u00f3 la frase en una carta a su colega cient\u00edfico Robert Hook (1635-1703).<\/p>\n\n\n\n<p>Resulta que<strong>&nbsp;la misma idea aparec\u00eda en el libro &#8220;La anatom\u00eda de la melancol\u00eda&#8221;,&nbsp;<\/strong>publicado antes del nacimiento de Newton por el cient\u00edfico ingl\u00e9s Robert Burton (1577-1640). Y el padre de la teor\u00eda de la gravedad conoc\u00eda la obra de Burton.<\/p>\n\n\n\n<p><strong>&#8220;Los pigmeos apoyados en los hombros de los gigantes ven m\u00e1s que los propios gigantes&#8221;<\/strong>, era la frase original.<\/p>\n\n\n\n<p>Que ni siquiera era tan original. Seg\u00fan Boller y George, hay construcciones similares tanto en obras del siglo XII como en textos del siglo VI. En otras palabras: como dice la propia frase, hubo oleadas de autores que se basaron en oleadas de gigantes desde antes&#8230;<\/p>\n\n\n\n<h2 class=\"wp-block-heading\">7. Otro caso de mala publicidad<\/h2>\n\n\n\n<p><strong>&#8220;El Estado soy yo&#8221;.<\/strong><\/p>\n\n\n\n<p>Se cuenta que el entonces joven Luis XIV (1638-1715), en pleno apogeo de su absolutismo, pronunci\u00f3 esta frase.<\/p>\n\n\n\n<p>Boller y George, en su libro, cuentan que ocurri\u00f3 cuando entr\u00f3 en el Parlamento de Par\u00eds, interrumpiendo un debate que all\u00ed ten\u00eda lugar.<\/p>\n\n\n\n<p>Sin embargo, aunque la frase ayuda a los estudiantes de bachillerato a memorizar los preceptos del absolutismo franc\u00e9s,&nbsp;<strong>nada indica que ocurriera realmente.<\/strong><\/p>\n\n\n\n<figure class=\"wp-block-image\"><img decoding=\"async\" src=\"https:\/\/www.informador.mx\/export\/sites\/elinformador\/img\/2023\/04\/03\/de_newton_a_neil_amst_x11041838x.jpg_1150884414.jpg\" alt=\"\" title=\"\"\/><figcaption class=\"wp-element-caption\">Al llamado &#8220;rey sol&#8221; se le atribuye haberse autoeregido como el Estado franc\u00e9s con una expresi\u00f3n que hoy es s\u00edmbolo del depotismo absoluto, pero expertos creen que no la dijo. GETTY IMAGES&nbsp;<\/figcaption><\/figure>\n\n\n\n<p>&#8220;No hay pruebas de que lo hiciera, pero sin duda crey\u00f3 las palabras que se le atribuyen&#8221;, se\u00f1alan los historiadores Boller y George.<\/p>\n\n\n\n<p>Con Informaci\u00f3n de BBC News Mundo<\/p>\n","protected":false},"excerpt":{"rendered":"<p>Por Redacci\u00f3n QP Internet, pero tambi\u00e9n los libros, est\u00e1n plagados de citas atribuidas a personajes&#8230;<\/p>\n","protected":false},"author":2,"featured_media":99761,"comment_status":"open","ping_status":"open","sticky":false,"template":"","format":"standard","meta":{"_monsterinsights_skip_tracking":false,"_monsterinsights_sitenote_active":false,"_monsterinsights_sitenote_note":"","_monsterinsights_sitenote_category":0,"footnotes":""},"categories":[58],"tags":[],"class_list":["post-99760","post","type-post","status-publish","format-standard","has-post-thumbnail","hentry","category-cultura"],"yoast_head":"<!-- This site is optimized with the Yoast SEO plugin v27.3 - https:\/\/yoast.com\/product\/yoast-seo-wordpress\/ -->\n<title>7 frases famosas que realmente nunca se dijeron -<\/title>\n<meta name=\"robots\" content=\"index, follow, max-snippet:-1, max-image-preview:large, max-video-preview:-1\" \/>\n<link rel=\"canonical\" href=\"https:\/\/quehacerpolitico.mx\/?p=99760\" \/>\n<meta property=\"og:locale\" content=\"es_MX\" \/>\n<meta property=\"og:type\" content=\"article\" \/>\n<meta property=\"og:title\" content=\"7 frases famosas que realmente nunca se dijeron -\" \/>\n<meta property=\"og:description\" content=\"Por Redacci\u00f3n QP Internet, pero tambi\u00e9n los libros, est\u00e1n plagados de citas atribuidas a personajes...\" \/>\n<meta property=\"og:url\" content=\"https:\/\/quehacerpolitico.mx\/?p=99760\" \/>\n<meta property=\"article:published_time\" content=\"2023-04-03T17:18:03+00:00\" \/>\n<meta property=\"article:modified_time\" content=\"2023-04-03T17:18:05+00:00\" \/>\n<meta property=\"og:image\" content=\"https:\/\/quehacerpolitico.mx\/wp-content\/uploads\/2023\/04\/IMG_6854.jpeg\" \/>\n\t<meta property=\"og:image:width\" content=\"709\" \/>\n\t<meta property=\"og:image:height\" content=\"406\" \/>\n\t<meta property=\"og:image:type\" content=\"image\/jpeg\" \/>\n<meta name=\"author\" content=\"Redacci\u00f3n QP\" \/>\n<meta name=\"twitter:card\" content=\"summary_large_image\" \/>\n<meta name=\"twitter:label1\" content=\"Escrito por\" \/>\n\t<meta name=\"twitter:data1\" content=\"Redacci\u00f3n QP\" \/>\n\t<meta name=\"twitter:label2\" content=\"Tiempo de lectura\" \/>\n\t<meta name=\"twitter:data2\" content=\"9 minutos\" \/>\n<script type=\"application\/ld+json\" class=\"yoast-schema-graph\">{\"@context\":\"https:\\\/\\\/schema.org\",\"@graph\":[{\"@type\":\"Article\",\"@id\":\"https:\\\/\\\/quehacerpolitico.mx\\\/?p=99760#article\",\"isPartOf\":{\"@id\":\"https:\\\/\\\/quehacerpolitico.mx\\\/?p=99760\"},\"author\":{\"name\":\"Redacci\u00f3n QP\",\"@id\":\"https:\\\/\\\/quehacerpolitico.mx\\\/#\\\/schema\\\/person\\\/496d8ad2d1d3f8036101dca7ee39e585\"},\"headline\":\"7 frases famosas que realmente nunca se dijeron\",\"datePublished\":\"2023-04-03T17:18:03+00:00\",\"dateModified\":\"2023-04-03T17:18:05+00:00\",\"mainEntityOfPage\":{\"@id\":\"https:\\\/\\\/quehacerpolitico.mx\\\/?p=99760\"},\"wordCount\":1869,\"commentCount\":0,\"image\":{\"@id\":\"https:\\\/\\\/quehacerpolitico.mx\\\/?p=99760#primaryimage\"},\"thumbnailUrl\":\"https:\\\/\\\/quehacerpolitico.mx\\\/wp-content\\\/uploads\\\/2023\\\/04\\\/IMG_6854.jpeg\",\"articleSection\":[\"Cultura y Entretenimiento\"],\"inLanguage\":\"es\",\"potentialAction\":[{\"@type\":\"CommentAction\",\"name\":\"Comment\",\"target\":[\"https:\\\/\\\/quehacerpolitico.mx\\\/?p=99760#respond\"]}]},{\"@type\":\"WebPage\",\"@id\":\"https:\\\/\\\/quehacerpolitico.mx\\\/?p=99760\",\"url\":\"https:\\\/\\\/quehacerpolitico.mx\\\/?p=99760\",\"name\":\"7 frases famosas que realmente nunca se dijeron -\",\"isPartOf\":{\"@id\":\"https:\\\/\\\/quehacerpolitico.mx\\\/#website\"},\"primaryImageOfPage\":{\"@id\":\"https:\\\/\\\/quehacerpolitico.mx\\\/?p=99760#primaryimage\"},\"image\":{\"@id\":\"https:\\\/\\\/quehacerpolitico.mx\\\/?p=99760#primaryimage\"},\"thumbnailUrl\":\"https:\\\/\\\/quehacerpolitico.mx\\\/wp-content\\\/uploads\\\/2023\\\/04\\\/IMG_6854.jpeg\",\"datePublished\":\"2023-04-03T17:18:03+00:00\",\"dateModified\":\"2023-04-03T17:18:05+00:00\",\"author\":{\"@id\":\"https:\\\/\\\/quehacerpolitico.mx\\\/#\\\/schema\\\/person\\\/496d8ad2d1d3f8036101dca7ee39e585\"},\"breadcrumb\":{\"@id\":\"https:\\\/\\\/quehacerpolitico.mx\\\/?p=99760#breadcrumb\"},\"inLanguage\":\"es\",\"potentialAction\":[{\"@type\":\"ReadAction\",\"target\":[\"https:\\\/\\\/quehacerpolitico.mx\\\/?p=99760\"]}]},{\"@type\":\"ImageObject\",\"inLanguage\":\"es\",\"@id\":\"https:\\\/\\\/quehacerpolitico.mx\\\/?p=99760#primaryimage\",\"url\":\"https:\\\/\\\/quehacerpolitico.mx\\\/wp-content\\\/uploads\\\/2023\\\/04\\\/IMG_6854.jpeg\",\"contentUrl\":\"https:\\\/\\\/quehacerpolitico.mx\\\/wp-content\\\/uploads\\\/2023\\\/04\\\/IMG_6854.jpeg\",\"width\":709,\"height\":406},{\"@type\":\"BreadcrumbList\",\"@id\":\"https:\\\/\\\/quehacerpolitico.mx\\\/?p=99760#breadcrumb\",\"itemListElement\":[{\"@type\":\"ListItem\",\"position\":1,\"name\":\"Inicio\",\"item\":\"https:\\\/\\\/quehacerpolitico.mx\\\/\"},{\"@type\":\"ListItem\",\"position\":2,\"name\":\"7 frases famosas que realmente nunca se dijeron\"}]},{\"@type\":\"WebSite\",\"@id\":\"https:\\\/\\\/quehacerpolitico.mx\\\/#website\",\"url\":\"https:\\\/\\\/quehacerpolitico.mx\\\/\",\"name\":\"\",\"description\":\"\",\"potentialAction\":[{\"@type\":\"SearchAction\",\"target\":{\"@type\":\"EntryPoint\",\"urlTemplate\":\"https:\\\/\\\/quehacerpolitico.mx\\\/?s={search_term_string}\"},\"query-input\":{\"@type\":\"PropertyValueSpecification\",\"valueRequired\":true,\"valueName\":\"search_term_string\"}}],\"inLanguage\":\"es\"},{\"@type\":\"Person\",\"@id\":\"https:\\\/\\\/quehacerpolitico.mx\\\/#\\\/schema\\\/person\\\/496d8ad2d1d3f8036101dca7ee39e585\",\"name\":\"Redacci\u00f3n QP\",\"image\":{\"@type\":\"ImageObject\",\"inLanguage\":\"es\",\"@id\":\"https:\\\/\\\/secure.gravatar.com\\\/avatar\\\/c7164ed6fdec453195284ad24a5ae5b6e1eed2b848477fa2a4787ba9adf39a41?s=96&d=mm&r=g\",\"url\":\"https:\\\/\\\/secure.gravatar.com\\\/avatar\\\/c7164ed6fdec453195284ad24a5ae5b6e1eed2b848477fa2a4787ba9adf39a41?s=96&d=mm&r=g\",\"contentUrl\":\"https:\\\/\\\/secure.gravatar.com\\\/avatar\\\/c7164ed6fdec453195284ad24a5ae5b6e1eed2b848477fa2a4787ba9adf39a41?s=96&d=mm&r=g\",\"caption\":\"Redacci\u00f3n QP\"},\"url\":\"https:\\\/\\\/quehacerpolitico.mx\\\/?author=2\"}]}<\/script>\n<!-- \/ Yoast SEO plugin. -->","yoast_head_json":{"title":"7 frases famosas que realmente nunca se dijeron -","robots":{"index":"index","follow":"follow","max-snippet":"max-snippet:-1","max-image-preview":"max-image-preview:large","max-video-preview":"max-video-preview:-1"},"canonical":"https:\/\/quehacerpolitico.mx\/?p=99760","og_locale":"es_MX","og_type":"article","og_title":"7 frases famosas que realmente nunca se dijeron -","og_description":"Por Redacci\u00f3n QP Internet, pero tambi\u00e9n los libros, est\u00e1n plagados de citas atribuidas a personajes...","og_url":"https:\/\/quehacerpolitico.mx\/?p=99760","article_published_time":"2023-04-03T17:18:03+00:00","article_modified_time":"2023-04-03T17:18:05+00:00","og_image":[{"width":709,"height":406,"url":"https:\/\/quehacerpolitico.mx\/wp-content\/uploads\/2023\/04\/IMG_6854.jpeg","type":"image\/jpeg"}],"author":"Redacci\u00f3n QP","twitter_card":"summary_large_image","twitter_misc":{"Escrito por":"Redacci\u00f3n QP","Tiempo de lectura":"9 minutos"},"schema":{"@context":"https:\/\/schema.org","@graph":[{"@type":"Article","@id":"https:\/\/quehacerpolitico.mx\/?p=99760#article","isPartOf":{"@id":"https:\/\/quehacerpolitico.mx\/?p=99760"},"author":{"name":"Redacci\u00f3n QP","@id":"https:\/\/quehacerpolitico.mx\/#\/schema\/person\/496d8ad2d1d3f8036101dca7ee39e585"},"headline":"7 frases famosas que realmente nunca se dijeron","datePublished":"2023-04-03T17:18:03+00:00","dateModified":"2023-04-03T17:18:05+00:00","mainEntityOfPage":{"@id":"https:\/\/quehacerpolitico.mx\/?p=99760"},"wordCount":1869,"commentCount":0,"image":{"@id":"https:\/\/quehacerpolitico.mx\/?p=99760#primaryimage"},"thumbnailUrl":"https:\/\/quehacerpolitico.mx\/wp-content\/uploads\/2023\/04\/IMG_6854.jpeg","articleSection":["Cultura y Entretenimiento"],"inLanguage":"es","potentialAction":[{"@type":"CommentAction","name":"Comment","target":["https:\/\/quehacerpolitico.mx\/?p=99760#respond"]}]},{"@type":"WebPage","@id":"https:\/\/quehacerpolitico.mx\/?p=99760","url":"https:\/\/quehacerpolitico.mx\/?p=99760","name":"7 frases famosas que realmente nunca se dijeron -","isPartOf":{"@id":"https:\/\/quehacerpolitico.mx\/#website"},"primaryImageOfPage":{"@id":"https:\/\/quehacerpolitico.mx\/?p=99760#primaryimage"},"image":{"@id":"https:\/\/quehacerpolitico.mx\/?p=99760#primaryimage"},"thumbnailUrl":"https:\/\/quehacerpolitico.mx\/wp-content\/uploads\/2023\/04\/IMG_6854.jpeg","datePublished":"2023-04-03T17:18:03+00:00","dateModified":"2023-04-03T17:18:05+00:00","author":{"@id":"https:\/\/quehacerpolitico.mx\/#\/schema\/person\/496d8ad2d1d3f8036101dca7ee39e585"},"breadcrumb":{"@id":"https:\/\/quehacerpolitico.mx\/?p=99760#breadcrumb"},"inLanguage":"es","potentialAction":[{"@type":"ReadAction","target":["https:\/\/quehacerpolitico.mx\/?p=99760"]}]},{"@type":"ImageObject","inLanguage":"es","@id":"https:\/\/quehacerpolitico.mx\/?p=99760#primaryimage","url":"https:\/\/quehacerpolitico.mx\/wp-content\/uploads\/2023\/04\/IMG_6854.jpeg","contentUrl":"https:\/\/quehacerpolitico.mx\/wp-content\/uploads\/2023\/04\/IMG_6854.jpeg","width":709,"height":406},{"@type":"BreadcrumbList","@id":"https:\/\/quehacerpolitico.mx\/?p=99760#breadcrumb","itemListElement":[{"@type":"ListItem","position":1,"name":"Inicio","item":"https:\/\/quehacerpolitico.mx\/"},{"@type":"ListItem","position":2,"name":"7 frases famosas que realmente nunca se dijeron"}]},{"@type":"WebSite","@id":"https:\/\/quehacerpolitico.mx\/#website","url":"https:\/\/quehacerpolitico.mx\/","name":"","description":"","potentialAction":[{"@type":"SearchAction","target":{"@type":"EntryPoint","urlTemplate":"https:\/\/quehacerpolitico.mx\/?s={search_term_string}"},"query-input":{"@type":"PropertyValueSpecification","valueRequired":true,"valueName":"search_term_string"}}],"inLanguage":"es"},{"@type":"Person","@id":"https:\/\/quehacerpolitico.mx\/#\/schema\/person\/496d8ad2d1d3f8036101dca7ee39e585","name":"Redacci\u00f3n QP","image":{"@type":"ImageObject","inLanguage":"es","@id":"https:\/\/secure.gravatar.com\/avatar\/c7164ed6fdec453195284ad24a5ae5b6e1eed2b848477fa2a4787ba9adf39a41?s=96&d=mm&r=g","url":"https:\/\/secure.gravatar.com\/avatar\/c7164ed6fdec453195284ad24a5ae5b6e1eed2b848477fa2a4787ba9adf39a41?s=96&d=mm&r=g","contentUrl":"https:\/\/secure.gravatar.com\/avatar\/c7164ed6fdec453195284ad24a5ae5b6e1eed2b848477fa2a4787ba9adf39a41?s=96&d=mm&r=g","caption":"Redacci\u00f3n QP"},"url":"https:\/\/quehacerpolitico.mx\/?author=2"}]}},"featured_image_urls":{"full":["https:\/\/quehacerpolitico.mx\/wp-content\/uploads\/2023\/04\/IMG_6854.jpeg",709,406,false],"thumbnail":["https:\/\/quehacerpolitico.mx\/wp-content\/uploads\/2023\/04\/IMG_6854-150x150.jpeg",150,150,true],"medium":["https:\/\/quehacerpolitico.mx\/wp-content\/uploads\/2023\/04\/IMG_6854-300x172.jpeg",300,172,true],"medium_large":["https:\/\/quehacerpolitico.mx\/wp-content\/uploads\/2023\/04\/IMG_6854.jpeg",640,366,false],"large":["https:\/\/quehacerpolitico.mx\/wp-content\/uploads\/2023\/04\/IMG_6854.jpeg",640,366,false],"1536x1536":["https:\/\/quehacerpolitico.mx\/wp-content\/uploads\/2023\/04\/IMG_6854.jpeg",709,406,false],"2048x2048":["https:\/\/quehacerpolitico.mx\/wp-content\/uploads\/2023\/04\/IMG_6854.jpeg",709,406,false],"covernews-featured":["https:\/\/quehacerpolitico.mx\/wp-content\/uploads\/2023\/04\/IMG_6854.jpeg",709,406,false],"covernews-medium":["https:\/\/quehacerpolitico.mx\/wp-content\/uploads\/2023\/04\/IMG_6854.jpeg",540,309,false]},"author_info":{"display_name":"Redacci\u00f3n QP","author_link":"https:\/\/quehacerpolitico.mx\/?author=2"},"category_info":"<a href=\"https:\/\/quehacerpolitico.mx\/?cat=58\" rel=\"category\">Cultura y Entretenimiento<\/a>","tag_info":"Cultura y Entretenimiento","comment_count":"0","_links":{"self":[{"href":"https:\/\/quehacerpolitico.mx\/index.php?rest_route=\/wp\/v2\/posts\/99760","targetHints":{"allow":["GET"]}}],"collection":[{"href":"https:\/\/quehacerpolitico.mx\/index.php?rest_route=\/wp\/v2\/posts"}],"about":[{"href":"https:\/\/quehacerpolitico.mx\/index.php?rest_route=\/wp\/v2\/types\/post"}],"author":[{"embeddable":true,"href":"https:\/\/quehacerpolitico.mx\/index.php?rest_route=\/wp\/v2\/users\/2"}],"replies":[{"embeddable":true,"href":"https:\/\/quehacerpolitico.mx\/index.php?rest_route=%2Fwp%2Fv2%2Fcomments&post=99760"}],"version-history":[{"count":1,"href":"https:\/\/quehacerpolitico.mx\/index.php?rest_route=\/wp\/v2\/posts\/99760\/revisions"}],"predecessor-version":[{"id":99762,"href":"https:\/\/quehacerpolitico.mx\/index.php?rest_route=\/wp\/v2\/posts\/99760\/revisions\/99762"}],"wp:featuredmedia":[{"embeddable":true,"href":"https:\/\/quehacerpolitico.mx\/index.php?rest_route=\/wp\/v2\/media\/99761"}],"wp:attachment":[{"href":"https:\/\/quehacerpolitico.mx\/index.php?rest_route=%2Fwp%2Fv2%2Fmedia&parent=99760"}],"wp:term":[{"taxonomy":"category","embeddable":true,"href":"https:\/\/quehacerpolitico.mx\/index.php?rest_route=%2Fwp%2Fv2%2Fcategories&post=99760"},{"taxonomy":"post_tag","embeddable":true,"href":"https:\/\/quehacerpolitico.mx\/index.php?rest_route=%2Fwp%2Fv2%2Ftags&post=99760"}],"curies":[{"name":"wp","href":"https:\/\/api.w.org\/{rel}","templated":true}]}}