{"id":99757,"date":"2023-04-03T17:05:16","date_gmt":"2023-04-03T17:05:16","guid":{"rendered":"https:\/\/quehacerpolitico.mx\/?p=99757"},"modified":"2023-04-03T17:05:19","modified_gmt":"2023-04-03T17:05:19","slug":"que-se-conmemora-hoy-3-de-abril","status":"publish","type":"post","link":"https:\/\/quehacerpolitico.mx\/?p=99757","title":{"rendered":"\u00bfQu\u00e9 se conmemora hoy, 3 de abril?"},"content":{"rendered":"\n<p>Por Redacci\u00f3n QP<\/p>\n\n\n\n<p>Un d\u00eda como hoy, hace 75 a\u00f1os, naci\u00f3 Carlos Salinas de Gortari, uno de los presidentes m\u00e1s pol\u00e9micos que ha tenido M\u00e9xico<\/p>\n\n\n\n<p><strong>El 3\u00a0de abril\u00a0ocurrieron diversos sucesos\u00a0que se quedaron marcados\u00a0en el almanaque de la historia internacional.<\/strong><\/p>\n\n\n\n<p>Desde descubrimientos cient\u00edficos, nacimientos de celebridades y&nbsp;hasta tr\u00e1gicas muertes,&nbsp;<strong>esto fue&nbsp;lo ocurri\u00f3 en la historia, un d\u00eda como hoy.&nbsp;<\/strong><\/p>\n\n\n\n<h2 class=\"wp-block-heading\">Efem\u00e9rides 3&nbsp;de abril:&nbsp;<\/h2>\n\n\n\n<p>33: Seg\u00fan la Iglesia Cristiana, Crucifixi\u00f3n de Jes\u00fas de Nazaret<\/p>\n\n\n\n<p>1493: En Barcelona, los Reyes Cat\u00f3licos reciben con todos los honores a Crist\u00f3bal Col\u00f3n.<\/p>\n\n\n\n<p>1744: Durante la Semana Santa, el Santo Grial de la Catedral de Valencia se escurre entre las manos del can\u00f3nigo Vicente Fr\u00edgola parti\u00e9ndose en dos. Aunque fue reparado esa misma tarde, la impresi\u00f3n del accidente fue tal que el can\u00f3nigo enferm\u00f3 y muri\u00f3 d\u00edas despu\u00e9s.<\/p>\n\n\n\n<p>1860: En Estados Unidos se inaugura el servicio postal del Pony Express.<\/p>\n\n\n\n<p>1868: En las islas Hilea y Kau (sudeste de las islas Haw\u00e1i) a las 2:25 de la madrugada sucede un terremoto de magnitud 7,9 en la escala sismol\u00f3gica de Richter y deja un saldo de 77&nbsp;muertos. Fue el terremoto m\u00e1s fuerte en la Historia de este archipi\u00e9lago.<\/p>\n\n\n\n<p>1895: Comienza el juicio por libelo a Oscar Wilde y que acabar\u00eda con el encarcelamiento del escritor por homosexualidad.<\/p>\n\n\n\n<p>1896: En Francia, primera exhibici\u00f3n p\u00fablica de una pel\u00edcula de Georges M\u00e9li\u00e8s.<\/p>\n\n\n\n<p>1917: Vlad\u00edmir Lenin arriba a Petrogrado despu\u00e9s de su exilio en Suiza.<\/p>\n\n\n\n<p>1922: En Mosc\u00fa, Joseph Stalin se convierte en el primer secretario general del Partido Comunista de la Uni\u00f3n Sovi\u00e9tica.<\/p>\n\n\n\n<p>1933: En Nepal, aviadores brit\u00e1nicos sobrevuelan el monte Everest batiendo la marca de los 10 mil metros de altura.<\/p>\n\n\n\n<p>1936: Bruno Richard Hauptmann es ejecutado por el rapto y la muerte de Charles Augustus Lindbergh, Jr., beb\u00e9 del piloto Charles Lindbergh.<\/p>\n\n\n\n<p>1942: En el marco de la Segunda Guerra Mundial, tropas japonesas comienzan el asalto a las tropas estadounidenses y filipinas en la pen\u00ednsula de Bata\u00e1n.<\/p>\n\n\n\n<p>1948: Estados Unidos firma el Plan Marshall, programa de ayuda financiera para la reconstrucci\u00f3n de los pa\u00edses europeos devastados durante la Segunda Guerra Mundial.<\/p>\n\n\n\n<p>1996: En el estado de Montana (Estados Unidos) el supuesto Unabomber (Theodore Kaczynski) es capturado en su apartamento.<\/p>\n\n\n\n<p>2002: En Tucum\u00e1n (Argentina) desaparece Marita Ver\u00f3n, v\u00edctima de la trata de personas, sin conocerse paradero alguno hasta la actualidad.<\/p>\n\n\n\n<p>2005: En la bas\u00edlica de San Pedro (Ciudad del Vaticano) comienza la exhibici\u00f3n de los restos del papa Juan Pablo&nbsp;II.<\/p>\n\n\n\n<p>2016: Se dieron a conocer los denominados Panama Papers.<\/p>\n\n\n\n<p>2017: Sucedi\u00f3 el atentado del Metro de San Petersburgo de 2017.<\/p>\n\n\n\n<p>2018: Sucedi\u00f3 el tiroteo de la sede de YouTube.<\/p>\n\n\n\n<p>2021: En El Cairo se realiza el Desfile dorado de los faraones con el que se trasladan veintid\u00f3s momias, incluidos dieciocho reyes y cuatro reinas desde el Museo Egipcio de El Cairo al Museo Nacional de la Civilizaci\u00f3n Egipcia.<\/p>\n\n\n\n<h2 class=\"wp-block-heading\">Nacimientos<\/h2>\n\n\n\n<p>1270: William Wallace, soldado escoc\u00e9s (f. 1305).<\/p>\n\n\n\n<p>1783: Washington Irving, escritor estadounidense (f. 1859).<\/p>\n\n\n\n<p>1871: Jos\u00e9 Juan Tablada, poeta mexicano (f. 1945).<\/p>\n\n\n\n<p>1903: Lola \u00c1lvarez Bravo, fot\u00f3grafa mexicana (f. 1993).<\/p>\n\n\n\n<p>1934: Pina Pellicer, actriz mexicana (f. 1964).<\/p>\n\n\n\n<p>1946: Marisa Paredes, actriz espa\u00f1ola.<\/p>\n\n\n\n<p>1948: Carlos Salinas de Gortari, pol\u00edtico y presidente mexicano.<\/p>\n\n\n\n<p>1956: Miguel Bos\u00e9, cantante espa\u00f1ol.<\/p>\n\n\n\n<p>1958: Alec Baldwin, actor estadounidense.<\/p>\n\n\n\n<p>1961: Eddie Murphy, actor, cantante y humorista estadounidense.<\/p>\n\n\n\n<p>1968: Alec Baldwin, actor estadounidense.<\/p>\n\n\n\n<h2 class=\"wp-block-heading\">Muertes<\/h2>\n\n\n\n<p>1991: Graham Greene, novelista brit\u00e1nico (n. 1904).<\/p>\n\n\n\n<p>2021: Gloria Henry, actriz estadounidense (n. 1923).<\/p>\n","protected":false},"excerpt":{"rendered":"<p>Por Redacci\u00f3n QP Un d\u00eda como hoy, hace 75 a\u00f1os, naci\u00f3 Carlos Salinas de Gortari,&#8230;<\/p>\n","protected":false},"author":2,"featured_media":99758,"comment_status":"open","ping_status":"open","sticky":false,"template":"","format":"standard","meta":{"_monsterinsights_skip_tracking":false,"_monsterinsights_sitenote_active":false,"_monsterinsights_sitenote_note":"","_monsterinsights_sitenote_category":0,"footnotes":""},"categories":[58],"tags":[],"class_list":["post-99757","post","type-post","status-publish","format-standard","has-post-thumbnail","hentry","category-cultura"],"yoast_head":"<!-- This site is optimized with the Yoast SEO plugin v27.3 - https:\/\/yoast.com\/product\/yoast-seo-wordpress\/ -->\n<title>\u00bfQu\u00e9 se conmemora hoy, 3 de abril? -<\/title>\n<meta name=\"robots\" content=\"index, follow, max-snippet:-1, max-image-preview:large, max-video-preview:-1\" \/>\n<link rel=\"canonical\" href=\"https:\/\/quehacerpolitico.mx\/?p=99757\" \/>\n<meta property=\"og:locale\" content=\"es_MX\" \/>\n<meta property=\"og:type\" content=\"article\" \/>\n<meta property=\"og:title\" content=\"\u00bfQu\u00e9 se conmemora hoy, 3 de abril? -\" \/>\n<meta property=\"og:description\" content=\"Por Redacci\u00f3n QP Un d\u00eda como hoy, hace 75 a\u00f1os, naci\u00f3 Carlos Salinas de Gortari,...\" \/>\n<meta property=\"og:url\" content=\"https:\/\/quehacerpolitico.mx\/?p=99757\" \/>\n<meta property=\"article:published_time\" content=\"2023-04-03T17:05:16+00:00\" \/>\n<meta property=\"article:modified_time\" content=\"2023-04-03T17:05:19+00:00\" \/>\n<meta property=\"og:image\" content=\"https:\/\/quehacerpolitico.mx\/wp-content\/uploads\/2023\/04\/IMG_6853.jpeg\" \/>\n\t<meta property=\"og:image:width\" content=\"766\" \/>\n\t<meta property=\"og:image:height\" content=\"400\" \/>\n\t<meta property=\"og:image:type\" content=\"image\/jpeg\" \/>\n<meta name=\"author\" content=\"Redacci\u00f3n QP\" \/>\n<meta name=\"twitter:card\" content=\"summary_large_image\" \/>\n<meta name=\"twitter:label1\" content=\"Escrito por\" \/>\n\t<meta name=\"twitter:data1\" content=\"Redacci\u00f3n QP\" \/>\n\t<meta name=\"twitter:label2\" content=\"Tiempo de lectura\" \/>\n\t<meta name=\"twitter:data2\" content=\"3 minutos\" \/>\n<script type=\"application\/ld+json\" class=\"yoast-schema-graph\">{\"@context\":\"https:\\\/\\\/schema.org\",\"@graph\":[{\"@type\":\"Article\",\"@id\":\"https:\\\/\\\/quehacerpolitico.mx\\\/?p=99757#article\",\"isPartOf\":{\"@id\":\"https:\\\/\\\/quehacerpolitico.mx\\\/?p=99757\"},\"author\":{\"name\":\"Redacci\u00f3n QP\",\"@id\":\"https:\\\/\\\/quehacerpolitico.mx\\\/#\\\/schema\\\/person\\\/496d8ad2d1d3f8036101dca7ee39e585\"},\"headline\":\"\u00bfQu\u00e9 se conmemora hoy, 3 de abril?\",\"datePublished\":\"2023-04-03T17:05:16+00:00\",\"dateModified\":\"2023-04-03T17:05:19+00:00\",\"mainEntityOfPage\":{\"@id\":\"https:\\\/\\\/quehacerpolitico.mx\\\/?p=99757\"},\"wordCount\":587,\"commentCount\":0,\"image\":{\"@id\":\"https:\\\/\\\/quehacerpolitico.mx\\\/?p=99757#primaryimage\"},\"thumbnailUrl\":\"https:\\\/\\\/quehacerpolitico.mx\\\/wp-content\\\/uploads\\\/2023\\\/04\\\/IMG_6853.jpeg\",\"articleSection\":[\"Cultura y Entretenimiento\"],\"inLanguage\":\"es\",\"potentialAction\":[{\"@type\":\"CommentAction\",\"name\":\"Comment\",\"target\":[\"https:\\\/\\\/quehacerpolitico.mx\\\/?p=99757#respond\"]}]},{\"@type\":\"WebPage\",\"@id\":\"https:\\\/\\\/quehacerpolitico.mx\\\/?p=99757\",\"url\":\"https:\\\/\\\/quehacerpolitico.mx\\\/?p=99757\",\"name\":\"\u00bfQu\u00e9 se conmemora hoy, 3 de abril? -\",\"isPartOf\":{\"@id\":\"https:\\\/\\\/quehacerpolitico.mx\\\/#website\"},\"primaryImageOfPage\":{\"@id\":\"https:\\\/\\\/quehacerpolitico.mx\\\/?p=99757#primaryimage\"},\"image\":{\"@id\":\"https:\\\/\\\/quehacerpolitico.mx\\\/?p=99757#primaryimage\"},\"thumbnailUrl\":\"https:\\\/\\\/quehacerpolitico.mx\\\/wp-content\\\/uploads\\\/2023\\\/04\\\/IMG_6853.jpeg\",\"datePublished\":\"2023-04-03T17:05:16+00:00\",\"dateModified\":\"2023-04-03T17:05:19+00:00\",\"author\":{\"@id\":\"https:\\\/\\\/quehacerpolitico.mx\\\/#\\\/schema\\\/person\\\/496d8ad2d1d3f8036101dca7ee39e585\"},\"breadcrumb\":{\"@id\":\"https:\\\/\\\/quehacerpolitico.mx\\\/?p=99757#breadcrumb\"},\"inLanguage\":\"es\",\"potentialAction\":[{\"@type\":\"ReadAction\",\"target\":[\"https:\\\/\\\/quehacerpolitico.mx\\\/?p=99757\"]}]},{\"@type\":\"ImageObject\",\"inLanguage\":\"es\",\"@id\":\"https:\\\/\\\/quehacerpolitico.mx\\\/?p=99757#primaryimage\",\"url\":\"https:\\\/\\\/quehacerpolitico.mx\\\/wp-content\\\/uploads\\\/2023\\\/04\\\/IMG_6853.jpeg\",\"contentUrl\":\"https:\\\/\\\/quehacerpolitico.mx\\\/wp-content\\\/uploads\\\/2023\\\/04\\\/IMG_6853.jpeg\",\"width\":766,\"height\":400},{\"@type\":\"BreadcrumbList\",\"@id\":\"https:\\\/\\\/quehacerpolitico.mx\\\/?p=99757#breadcrumb\",\"itemListElement\":[{\"@type\":\"ListItem\",\"position\":1,\"name\":\"Inicio\",\"item\":\"https:\\\/\\\/quehacerpolitico.mx\\\/\"},{\"@type\":\"ListItem\",\"position\":2,\"name\":\"\u00bfQu\u00e9 se conmemora hoy, 3 de abril?\"}]},{\"@type\":\"WebSite\",\"@id\":\"https:\\\/\\\/quehacerpolitico.mx\\\/#website\",\"url\":\"https:\\\/\\\/quehacerpolitico.mx\\\/\",\"name\":\"\",\"description\":\"\",\"potentialAction\":[{\"@type\":\"SearchAction\",\"target\":{\"@type\":\"EntryPoint\",\"urlTemplate\":\"https:\\\/\\\/quehacerpolitico.mx\\\/?s={search_term_string}\"},\"query-input\":{\"@type\":\"PropertyValueSpecification\",\"valueRequired\":true,\"valueName\":\"search_term_string\"}}],\"inLanguage\":\"es\"},{\"@type\":\"Person\",\"@id\":\"https:\\\/\\\/quehacerpolitico.mx\\\/#\\\/schema\\\/person\\\/496d8ad2d1d3f8036101dca7ee39e585\",\"name\":\"Redacci\u00f3n QP\",\"image\":{\"@type\":\"ImageObject\",\"inLanguage\":\"es\",\"@id\":\"https:\\\/\\\/secure.gravatar.com\\\/avatar\\\/c7164ed6fdec453195284ad24a5ae5b6e1eed2b848477fa2a4787ba9adf39a41?s=96&d=mm&r=g\",\"url\":\"https:\\\/\\\/secure.gravatar.com\\\/avatar\\\/c7164ed6fdec453195284ad24a5ae5b6e1eed2b848477fa2a4787ba9adf39a41?s=96&d=mm&r=g\",\"contentUrl\":\"https:\\\/\\\/secure.gravatar.com\\\/avatar\\\/c7164ed6fdec453195284ad24a5ae5b6e1eed2b848477fa2a4787ba9adf39a41?s=96&d=mm&r=g\",\"caption\":\"Redacci\u00f3n QP\"},\"url\":\"https:\\\/\\\/quehacerpolitico.mx\\\/?author=2\"}]}<\/script>\n<!-- \/ Yoast SEO plugin. -->","yoast_head_json":{"title":"\u00bfQu\u00e9 se conmemora hoy, 3 de abril? -","robots":{"index":"index","follow":"follow","max-snippet":"max-snippet:-1","max-image-preview":"max-image-preview:large","max-video-preview":"max-video-preview:-1"},"canonical":"https:\/\/quehacerpolitico.mx\/?p=99757","og_locale":"es_MX","og_type":"article","og_title":"\u00bfQu\u00e9 se conmemora hoy, 3 de abril? -","og_description":"Por Redacci\u00f3n QP Un d\u00eda como hoy, hace 75 a\u00f1os, naci\u00f3 Carlos Salinas de Gortari,...","og_url":"https:\/\/quehacerpolitico.mx\/?p=99757","article_published_time":"2023-04-03T17:05:16+00:00","article_modified_time":"2023-04-03T17:05:19+00:00","og_image":[{"width":766,"height":400,"url":"https:\/\/quehacerpolitico.mx\/wp-content\/uploads\/2023\/04\/IMG_6853.jpeg","type":"image\/jpeg"}],"author":"Redacci\u00f3n QP","twitter_card":"summary_large_image","twitter_misc":{"Escrito por":"Redacci\u00f3n QP","Tiempo de lectura":"3 minutos"},"schema":{"@context":"https:\/\/schema.org","@graph":[{"@type":"Article","@id":"https:\/\/quehacerpolitico.mx\/?p=99757#article","isPartOf":{"@id":"https:\/\/quehacerpolitico.mx\/?p=99757"},"author":{"name":"Redacci\u00f3n QP","@id":"https:\/\/quehacerpolitico.mx\/#\/schema\/person\/496d8ad2d1d3f8036101dca7ee39e585"},"headline":"\u00bfQu\u00e9 se conmemora hoy, 3 de abril?","datePublished":"2023-04-03T17:05:16+00:00","dateModified":"2023-04-03T17:05:19+00:00","mainEntityOfPage":{"@id":"https:\/\/quehacerpolitico.mx\/?p=99757"},"wordCount":587,"commentCount":0,"image":{"@id":"https:\/\/quehacerpolitico.mx\/?p=99757#primaryimage"},"thumbnailUrl":"https:\/\/quehacerpolitico.mx\/wp-content\/uploads\/2023\/04\/IMG_6853.jpeg","articleSection":["Cultura y Entretenimiento"],"inLanguage":"es","potentialAction":[{"@type":"CommentAction","name":"Comment","target":["https:\/\/quehacerpolitico.mx\/?p=99757#respond"]}]},{"@type":"WebPage","@id":"https:\/\/quehacerpolitico.mx\/?p=99757","url":"https:\/\/quehacerpolitico.mx\/?p=99757","name":"\u00bfQu\u00e9 se conmemora hoy, 3 de abril? -","isPartOf":{"@id":"https:\/\/quehacerpolitico.mx\/#website"},"primaryImageOfPage":{"@id":"https:\/\/quehacerpolitico.mx\/?p=99757#primaryimage"},"image":{"@id":"https:\/\/quehacerpolitico.mx\/?p=99757#primaryimage"},"thumbnailUrl":"https:\/\/quehacerpolitico.mx\/wp-content\/uploads\/2023\/04\/IMG_6853.jpeg","datePublished":"2023-04-03T17:05:16+00:00","dateModified":"2023-04-03T17:05:19+00:00","author":{"@id":"https:\/\/quehacerpolitico.mx\/#\/schema\/person\/496d8ad2d1d3f8036101dca7ee39e585"},"breadcrumb":{"@id":"https:\/\/quehacerpolitico.mx\/?p=99757#breadcrumb"},"inLanguage":"es","potentialAction":[{"@type":"ReadAction","target":["https:\/\/quehacerpolitico.mx\/?p=99757"]}]},{"@type":"ImageObject","inLanguage":"es","@id":"https:\/\/quehacerpolitico.mx\/?p=99757#primaryimage","url":"https:\/\/quehacerpolitico.mx\/wp-content\/uploads\/2023\/04\/IMG_6853.jpeg","contentUrl":"https:\/\/quehacerpolitico.mx\/wp-content\/uploads\/2023\/04\/IMG_6853.jpeg","width":766,"height":400},{"@type":"BreadcrumbList","@id":"https:\/\/quehacerpolitico.mx\/?p=99757#breadcrumb","itemListElement":[{"@type":"ListItem","position":1,"name":"Inicio","item":"https:\/\/quehacerpolitico.mx\/"},{"@type":"ListItem","position":2,"name":"\u00bfQu\u00e9 se conmemora hoy, 3 de abril?"}]},{"@type":"WebSite","@id":"https:\/\/quehacerpolitico.mx\/#website","url":"https:\/\/quehacerpolitico.mx\/","name":"","description":"","potentialAction":[{"@type":"SearchAction","target":{"@type":"EntryPoint","urlTemplate":"https:\/\/quehacerpolitico.mx\/?s={search_term_string}"},"query-input":{"@type":"PropertyValueSpecification","valueRequired":true,"valueName":"search_term_string"}}],"inLanguage":"es"},{"@type":"Person","@id":"https:\/\/quehacerpolitico.mx\/#\/schema\/person\/496d8ad2d1d3f8036101dca7ee39e585","name":"Redacci\u00f3n QP","image":{"@type":"ImageObject","inLanguage":"es","@id":"https:\/\/secure.gravatar.com\/avatar\/c7164ed6fdec453195284ad24a5ae5b6e1eed2b848477fa2a4787ba9adf39a41?s=96&d=mm&r=g","url":"https:\/\/secure.gravatar.com\/avatar\/c7164ed6fdec453195284ad24a5ae5b6e1eed2b848477fa2a4787ba9adf39a41?s=96&d=mm&r=g","contentUrl":"https:\/\/secure.gravatar.com\/avatar\/c7164ed6fdec453195284ad24a5ae5b6e1eed2b848477fa2a4787ba9adf39a41?s=96&d=mm&r=g","caption":"Redacci\u00f3n QP"},"url":"https:\/\/quehacerpolitico.mx\/?author=2"}]}},"featured_image_urls":{"full":["https:\/\/quehacerpolitico.mx\/wp-content\/uploads\/2023\/04\/IMG_6853.jpeg",766,400,false],"thumbnail":["https:\/\/quehacerpolitico.mx\/wp-content\/uploads\/2023\/04\/IMG_6853-150x150.jpeg",150,150,true],"medium":["https:\/\/quehacerpolitico.mx\/wp-content\/uploads\/2023\/04\/IMG_6853-300x157.jpeg",300,157,true],"medium_large":["https:\/\/quehacerpolitico.mx\/wp-content\/uploads\/2023\/04\/IMG_6853.jpeg",640,334,false],"large":["https:\/\/quehacerpolitico.mx\/wp-content\/uploads\/2023\/04\/IMG_6853.jpeg",640,334,false],"1536x1536":["https:\/\/quehacerpolitico.mx\/wp-content\/uploads\/2023\/04\/IMG_6853.jpeg",766,400,false],"2048x2048":["https:\/\/quehacerpolitico.mx\/wp-content\/uploads\/2023\/04\/IMG_6853.jpeg",766,400,false],"covernews-featured":["https:\/\/quehacerpolitico.mx\/wp-content\/uploads\/2023\/04\/IMG_6853.jpeg",766,400,false],"covernews-medium":["https:\/\/quehacerpolitico.mx\/wp-content\/uploads\/2023\/04\/IMG_6853.jpeg",540,282,false]},"author_info":{"display_name":"Redacci\u00f3n QP","author_link":"https:\/\/quehacerpolitico.mx\/?author=2"},"category_info":"<a href=\"https:\/\/quehacerpolitico.mx\/?cat=58\" rel=\"category\">Cultura y Entretenimiento<\/a>","tag_info":"Cultura y Entretenimiento","comment_count":"0","_links":{"self":[{"href":"https:\/\/quehacerpolitico.mx\/index.php?rest_route=\/wp\/v2\/posts\/99757","targetHints":{"allow":["GET"]}}],"collection":[{"href":"https:\/\/quehacerpolitico.mx\/index.php?rest_route=\/wp\/v2\/posts"}],"about":[{"href":"https:\/\/quehacerpolitico.mx\/index.php?rest_route=\/wp\/v2\/types\/post"}],"author":[{"embeddable":true,"href":"https:\/\/quehacerpolitico.mx\/index.php?rest_route=\/wp\/v2\/users\/2"}],"replies":[{"embeddable":true,"href":"https:\/\/quehacerpolitico.mx\/index.php?rest_route=%2Fwp%2Fv2%2Fcomments&post=99757"}],"version-history":[{"count":1,"href":"https:\/\/quehacerpolitico.mx\/index.php?rest_route=\/wp\/v2\/posts\/99757\/revisions"}],"predecessor-version":[{"id":99759,"href":"https:\/\/quehacerpolitico.mx\/index.php?rest_route=\/wp\/v2\/posts\/99757\/revisions\/99759"}],"wp:featuredmedia":[{"embeddable":true,"href":"https:\/\/quehacerpolitico.mx\/index.php?rest_route=\/wp\/v2\/media\/99758"}],"wp:attachment":[{"href":"https:\/\/quehacerpolitico.mx\/index.php?rest_route=%2Fwp%2Fv2%2Fmedia&parent=99757"}],"wp:term":[{"taxonomy":"category","embeddable":true,"href":"https:\/\/quehacerpolitico.mx\/index.php?rest_route=%2Fwp%2Fv2%2Fcategories&post=99757"},{"taxonomy":"post_tag","embeddable":true,"href":"https:\/\/quehacerpolitico.mx\/index.php?rest_route=%2Fwp%2Fv2%2Ftags&post=99757"}],"curies":[{"name":"wp","href":"https:\/\/api.w.org\/{rel}","templated":true}]}}