{"id":99754,"date":"2023-04-03T16:25:14","date_gmt":"2023-04-03T16:25:14","guid":{"rendered":"https:\/\/quehacerpolitico.mx\/?p=99754"},"modified":"2023-04-03T16:25:17","modified_gmt":"2023-04-03T16:25:17","slug":"el-quehacer-politico-jose-alberto-prado-angeles-entre-marchas-acarreos-y-jalones-una-sociedad-polarizada","status":"publish","type":"post","link":"https:\/\/quehacerpolitico.mx\/?p=99754","title":{"rendered":"El Quehacer Pol\u00edtico\/\/\/Jose Alberto Prado Angeles\/\/\/Entre marchas, acarreos y jalones una sociedad polarizada"},"content":{"rendered":"\n<p>Por Jos\u00e9 Alberto Prado Angeles<\/p>\n\n\n\n<p>Director General y Editor<\/p>\n\n\n\n<p>En las sociedades religiosas imperaban procesiones y peregrinaciones. En la sociedad liberal, se quiso sustituir aquellas por desfiles c\u00edvico-militares. En nuestro mundo secular, lo que se impone todo el tiempo son las marchas y las manifestaciones. En el fondo, lo que se advierte es la necesidad social de manifestarse de manera masiva y por ese medio expresar lo que se cree, se piensa o se busca, o aquello que no se quiere o se quiere denunciar.<\/p>\n\n\n\n<p>En noviembre del a\u00f1o pasado se tuvo en la Ciudad de M\u00e9xico la madre de todas las marchas en apoyo al Presidente L\u00f3pez Obrador, m\u00e1s que a su propuesta de reformar al INE; fue una marcha multitudinaria, popular y festiva en la que el propio mandatario particip\u00f3 en un ba\u00f1o de masas que dur\u00f3 m\u00e1s de seis horas, y que exigi\u00f3 de sus oponentes organizar una manifestaci\u00f3n todav\u00eda m\u00e1s multitudinaria si esto era posible, pues a lo que se ve, vivimos una competencia nacional de marchas entre grupos y sectores.<\/p>\n\n\n\n<p>Para una buena cantidad de personas que marcharon en el presente a\u00f1o para defender al INE, la preocupaci\u00f3n inmediata, aparte de averiguar d\u00f3nde quedaba el Centro Hist\u00f3rico de su ciudad, era saber elegir el tipo de ropa y marca para participar en este tipo inusual de eventos. Si conven\u00eda un sombrero de ala ancha o bastaba con una gorra t\u00e9rmica, o qu\u00e9 estilo de tenis ser\u00edan los apropiados. Igualmente, identificar qu\u00e9 estacionamiento ser\u00eda seguro para dejar ah\u00ed autos que rara vez transitan por los centros de nuestras ciudades.<\/p>\n\n\n\n<p>Para las madres buscadoras de hijos desaparecidos, basta con unos buenos zapatos, picos y palas. Pues cuando andan en b\u00fasqueda o se manifiestan, lo que quieren expresar es su profundo malestar y dolor por la tragedia que viven. No andan defendiendo privilegios o estatus, ni una democracia te\u00f3rica cuya eficacia jam\u00e1s han visto, exigen derechos y justicia. Precisamente, en un pa\u00eds donde la gente pobre no tiene posibilidades de ser respetada, porque carece de influencias, de palancas, de un gobierno que los defienda y haga aparecer a sus desaparecidos, vivos o muertos, con la misma rapidez con que fueron localizados los norteamericanos secuestrados en Tamaulipas.<\/p>\n\n\n\n<p>Para las mujeres que salieron a las calles el pasado 8 de marzo, la t\u00f3nica era distinta, pero no por eso menos agobiante. Defender la igualdad entre hombres y mujeres es una lucha que lleva ya por lo menos 200 a\u00f1os y que tuvo entre sus grandes hero\u00ednas a Madame de Sta\u00ebl. Una lucha que ha logrado muchos de sus fines, pero no todos ni en todas partes, menos en pa\u00edses con cultura acendradamente machista como el nuestro.<\/p>\n\n\n\n<p>El riesgo para las autoridades ha sido perder la calma y dar paso a la represi\u00f3n. El riesgo para los manifestantes es perder la l\u00f3gica de sus ideales y caer en una radicalizaci\u00f3n destructiva y est\u00e9ril, como si agrediendo personas y bienes p\u00fablicos sus problemas se resolvieran con mayor prontitud. No creo que al gobierno le importe m\u00e1s defender piedras que personas, pero tampoco creo que causa alguna justifique destruir lo que es patrimonio de todos.<\/p>\n\n\n\n<p>De cualquier modo, el radicalismo nace siempre de la frustraci\u00f3n repetida, de los nulos resultados a leg\u00edtimas demandas, de la perpetuaci\u00f3n de conductas y actitudes equivocadas y a\u00fan, legitimadas, y cuando todas las frustraciones de todos los sectores de una sociedad se juntan y combinan, la estabilidad del pa\u00eds puede venirse abajo.<\/p>\n\n\n\n<p>As\u00ed el Quehacer Pol\u00edtico.Es cuanto.<\/p>\n","protected":false},"excerpt":{"rendered":"<p>Por Jos\u00e9 Alberto Prado Angeles Director General y Editor En las sociedades religiosas imperaban procesiones&#8230;<\/p>\n","protected":false},"author":2,"featured_media":99755,"comment_status":"open","ping_status":"open","sticky":false,"template":"","format":"standard","meta":{"_monsterinsights_skip_tracking":false,"_monsterinsights_sitenote_active":false,"_monsterinsights_sitenote_note":"","_monsterinsights_sitenote_category":0,"footnotes":""},"categories":[2],"tags":[],"class_list":["post-99754","post","type-post","status-publish","format-standard","has-post-thumbnail","hentry","category-noticias"],"yoast_head":"<!-- This site is optimized with the Yoast SEO plugin v27.3 - https:\/\/yoast.com\/product\/yoast-seo-wordpress\/ -->\n<title>El Quehacer Pol\u00edtico\/\/\/Jose Alberto Prado Angeles\/\/\/Entre marchas, acarreos y jalones una sociedad polarizada -<\/title>\n<meta name=\"robots\" content=\"index, follow, max-snippet:-1, max-image-preview:large, max-video-preview:-1\" \/>\n<link rel=\"canonical\" href=\"https:\/\/quehacerpolitico.mx\/?p=99754\" \/>\n<meta property=\"og:locale\" content=\"es_MX\" \/>\n<meta property=\"og:type\" content=\"article\" \/>\n<meta property=\"og:title\" content=\"El Quehacer Pol\u00edtico\/\/\/Jose Alberto Prado Angeles\/\/\/Entre marchas, acarreos y jalones una sociedad polarizada -\" \/>\n<meta property=\"og:description\" content=\"Por Jos\u00e9 Alberto Prado Angeles Director General y Editor En las sociedades religiosas imperaban procesiones...\" \/>\n<meta property=\"og:url\" content=\"https:\/\/quehacerpolitico.mx\/?p=99754\" \/>\n<meta property=\"article:published_time\" content=\"2023-04-03T16:25:14+00:00\" \/>\n<meta property=\"article:modified_time\" content=\"2023-04-03T16:25:17+00:00\" \/>\n<meta property=\"og:image\" content=\"https:\/\/quehacerpolitico.mx\/wp-content\/uploads\/2023\/04\/511bc7b1-f34b-4418-b917-5120714f846d.jpeg\" \/>\n\t<meta property=\"og:image:width\" content=\"963\" \/>\n\t<meta property=\"og:image:height\" content=\"493\" \/>\n\t<meta property=\"og:image:type\" content=\"image\/jpeg\" \/>\n<meta name=\"author\" content=\"Redacci\u00f3n QP\" \/>\n<meta name=\"twitter:card\" content=\"summary_large_image\" \/>\n<meta name=\"twitter:label1\" content=\"Escrito por\" \/>\n\t<meta name=\"twitter:data1\" content=\"Redacci\u00f3n QP\" \/>\n\t<meta name=\"twitter:label2\" content=\"Tiempo de lectura\" \/>\n\t<meta name=\"twitter:data2\" content=\"3 minutos\" \/>\n<script type=\"application\/ld+json\" class=\"yoast-schema-graph\">{\"@context\":\"https:\\\/\\\/schema.org\",\"@graph\":[{\"@type\":\"Article\",\"@id\":\"https:\\\/\\\/quehacerpolitico.mx\\\/?p=99754#article\",\"isPartOf\":{\"@id\":\"https:\\\/\\\/quehacerpolitico.mx\\\/?p=99754\"},\"author\":{\"name\":\"Redacci\u00f3n QP\",\"@id\":\"https:\\\/\\\/quehacerpolitico.mx\\\/#\\\/schema\\\/person\\\/496d8ad2d1d3f8036101dca7ee39e585\"},\"headline\":\"El Quehacer Pol\u00edtico\\\/\\\/\\\/Jose Alberto Prado Angeles\\\/\\\/\\\/Entre marchas, acarreos y jalones una sociedad polarizada\",\"datePublished\":\"2023-04-03T16:25:14+00:00\",\"dateModified\":\"2023-04-03T16:25:17+00:00\",\"mainEntityOfPage\":{\"@id\":\"https:\\\/\\\/quehacerpolitico.mx\\\/?p=99754\"},\"wordCount\":633,\"commentCount\":0,\"image\":{\"@id\":\"https:\\\/\\\/quehacerpolitico.mx\\\/?p=99754#primaryimage\"},\"thumbnailUrl\":\"https:\\\/\\\/quehacerpolitico.mx\\\/wp-content\\\/uploads\\\/2023\\\/04\\\/511bc7b1-f34b-4418-b917-5120714f846d.jpeg\",\"articleSection\":[\"Noticias\"],\"inLanguage\":\"es\",\"potentialAction\":[{\"@type\":\"CommentAction\",\"name\":\"Comment\",\"target\":[\"https:\\\/\\\/quehacerpolitico.mx\\\/?p=99754#respond\"]}]},{\"@type\":\"WebPage\",\"@id\":\"https:\\\/\\\/quehacerpolitico.mx\\\/?p=99754\",\"url\":\"https:\\\/\\\/quehacerpolitico.mx\\\/?p=99754\",\"name\":\"El Quehacer Pol\u00edtico\\\/\\\/\\\/Jose Alberto Prado Angeles\\\/\\\/\\\/Entre marchas, acarreos y jalones una sociedad polarizada -\",\"isPartOf\":{\"@id\":\"https:\\\/\\\/quehacerpolitico.mx\\\/#website\"},\"primaryImageOfPage\":{\"@id\":\"https:\\\/\\\/quehacerpolitico.mx\\\/?p=99754#primaryimage\"},\"image\":{\"@id\":\"https:\\\/\\\/quehacerpolitico.mx\\\/?p=99754#primaryimage\"},\"thumbnailUrl\":\"https:\\\/\\\/quehacerpolitico.mx\\\/wp-content\\\/uploads\\\/2023\\\/04\\\/511bc7b1-f34b-4418-b917-5120714f846d.jpeg\",\"datePublished\":\"2023-04-03T16:25:14+00:00\",\"dateModified\":\"2023-04-03T16:25:17+00:00\",\"author\":{\"@id\":\"https:\\\/\\\/quehacerpolitico.mx\\\/#\\\/schema\\\/person\\\/496d8ad2d1d3f8036101dca7ee39e585\"},\"breadcrumb\":{\"@id\":\"https:\\\/\\\/quehacerpolitico.mx\\\/?p=99754#breadcrumb\"},\"inLanguage\":\"es\",\"potentialAction\":[{\"@type\":\"ReadAction\",\"target\":[\"https:\\\/\\\/quehacerpolitico.mx\\\/?p=99754\"]}]},{\"@type\":\"ImageObject\",\"inLanguage\":\"es\",\"@id\":\"https:\\\/\\\/quehacerpolitico.mx\\\/?p=99754#primaryimage\",\"url\":\"https:\\\/\\\/quehacerpolitico.mx\\\/wp-content\\\/uploads\\\/2023\\\/04\\\/511bc7b1-f34b-4418-b917-5120714f846d.jpeg\",\"contentUrl\":\"https:\\\/\\\/quehacerpolitico.mx\\\/wp-content\\\/uploads\\\/2023\\\/04\\\/511bc7b1-f34b-4418-b917-5120714f846d.jpeg\",\"width\":963,\"height\":493},{\"@type\":\"BreadcrumbList\",\"@id\":\"https:\\\/\\\/quehacerpolitico.mx\\\/?p=99754#breadcrumb\",\"itemListElement\":[{\"@type\":\"ListItem\",\"position\":1,\"name\":\"Inicio\",\"item\":\"https:\\\/\\\/quehacerpolitico.mx\\\/\"},{\"@type\":\"ListItem\",\"position\":2,\"name\":\"El Quehacer Pol\u00edtico\\\/\\\/\\\/Jose Alberto Prado Angeles\\\/\\\/\\\/Entre marchas, acarreos y jalones una sociedad polarizada\"}]},{\"@type\":\"WebSite\",\"@id\":\"https:\\\/\\\/quehacerpolitico.mx\\\/#website\",\"url\":\"https:\\\/\\\/quehacerpolitico.mx\\\/\",\"name\":\"\",\"description\":\"\",\"potentialAction\":[{\"@type\":\"SearchAction\",\"target\":{\"@type\":\"EntryPoint\",\"urlTemplate\":\"https:\\\/\\\/quehacerpolitico.mx\\\/?s={search_term_string}\"},\"query-input\":{\"@type\":\"PropertyValueSpecification\",\"valueRequired\":true,\"valueName\":\"search_term_string\"}}],\"inLanguage\":\"es\"},{\"@type\":\"Person\",\"@id\":\"https:\\\/\\\/quehacerpolitico.mx\\\/#\\\/schema\\\/person\\\/496d8ad2d1d3f8036101dca7ee39e585\",\"name\":\"Redacci\u00f3n QP\",\"image\":{\"@type\":\"ImageObject\",\"inLanguage\":\"es\",\"@id\":\"https:\\\/\\\/secure.gravatar.com\\\/avatar\\\/c7164ed6fdec453195284ad24a5ae5b6e1eed2b848477fa2a4787ba9adf39a41?s=96&d=mm&r=g\",\"url\":\"https:\\\/\\\/secure.gravatar.com\\\/avatar\\\/c7164ed6fdec453195284ad24a5ae5b6e1eed2b848477fa2a4787ba9adf39a41?s=96&d=mm&r=g\",\"contentUrl\":\"https:\\\/\\\/secure.gravatar.com\\\/avatar\\\/c7164ed6fdec453195284ad24a5ae5b6e1eed2b848477fa2a4787ba9adf39a41?s=96&d=mm&r=g\",\"caption\":\"Redacci\u00f3n QP\"},\"url\":\"https:\\\/\\\/quehacerpolitico.mx\\\/?author=2\"}]}<\/script>\n<!-- \/ Yoast SEO plugin. -->","yoast_head_json":{"title":"El Quehacer Pol\u00edtico\/\/\/Jose Alberto Prado Angeles\/\/\/Entre marchas, acarreos y jalones una sociedad polarizada -","robots":{"index":"index","follow":"follow","max-snippet":"max-snippet:-1","max-image-preview":"max-image-preview:large","max-video-preview":"max-video-preview:-1"},"canonical":"https:\/\/quehacerpolitico.mx\/?p=99754","og_locale":"es_MX","og_type":"article","og_title":"El Quehacer Pol\u00edtico\/\/\/Jose Alberto Prado Angeles\/\/\/Entre marchas, acarreos y jalones una sociedad polarizada -","og_description":"Por Jos\u00e9 Alberto Prado Angeles Director General y Editor En las sociedades religiosas imperaban procesiones...","og_url":"https:\/\/quehacerpolitico.mx\/?p=99754","article_published_time":"2023-04-03T16:25:14+00:00","article_modified_time":"2023-04-03T16:25:17+00:00","og_image":[{"width":963,"height":493,"url":"https:\/\/quehacerpolitico.mx\/wp-content\/uploads\/2023\/04\/511bc7b1-f34b-4418-b917-5120714f846d.jpeg","type":"image\/jpeg"}],"author":"Redacci\u00f3n QP","twitter_card":"summary_large_image","twitter_misc":{"Escrito por":"Redacci\u00f3n QP","Tiempo de lectura":"3 minutos"},"schema":{"@context":"https:\/\/schema.org","@graph":[{"@type":"Article","@id":"https:\/\/quehacerpolitico.mx\/?p=99754#article","isPartOf":{"@id":"https:\/\/quehacerpolitico.mx\/?p=99754"},"author":{"name":"Redacci\u00f3n QP","@id":"https:\/\/quehacerpolitico.mx\/#\/schema\/person\/496d8ad2d1d3f8036101dca7ee39e585"},"headline":"El Quehacer Pol\u00edtico\/\/\/Jose Alberto Prado Angeles\/\/\/Entre marchas, acarreos y jalones una sociedad polarizada","datePublished":"2023-04-03T16:25:14+00:00","dateModified":"2023-04-03T16:25:17+00:00","mainEntityOfPage":{"@id":"https:\/\/quehacerpolitico.mx\/?p=99754"},"wordCount":633,"commentCount":0,"image":{"@id":"https:\/\/quehacerpolitico.mx\/?p=99754#primaryimage"},"thumbnailUrl":"https:\/\/quehacerpolitico.mx\/wp-content\/uploads\/2023\/04\/511bc7b1-f34b-4418-b917-5120714f846d.jpeg","articleSection":["Noticias"],"inLanguage":"es","potentialAction":[{"@type":"CommentAction","name":"Comment","target":["https:\/\/quehacerpolitico.mx\/?p=99754#respond"]}]},{"@type":"WebPage","@id":"https:\/\/quehacerpolitico.mx\/?p=99754","url":"https:\/\/quehacerpolitico.mx\/?p=99754","name":"El Quehacer Pol\u00edtico\/\/\/Jose Alberto Prado Angeles\/\/\/Entre marchas, acarreos y jalones una sociedad polarizada -","isPartOf":{"@id":"https:\/\/quehacerpolitico.mx\/#website"},"primaryImageOfPage":{"@id":"https:\/\/quehacerpolitico.mx\/?p=99754#primaryimage"},"image":{"@id":"https:\/\/quehacerpolitico.mx\/?p=99754#primaryimage"},"thumbnailUrl":"https:\/\/quehacerpolitico.mx\/wp-content\/uploads\/2023\/04\/511bc7b1-f34b-4418-b917-5120714f846d.jpeg","datePublished":"2023-04-03T16:25:14+00:00","dateModified":"2023-04-03T16:25:17+00:00","author":{"@id":"https:\/\/quehacerpolitico.mx\/#\/schema\/person\/496d8ad2d1d3f8036101dca7ee39e585"},"breadcrumb":{"@id":"https:\/\/quehacerpolitico.mx\/?p=99754#breadcrumb"},"inLanguage":"es","potentialAction":[{"@type":"ReadAction","target":["https:\/\/quehacerpolitico.mx\/?p=99754"]}]},{"@type":"ImageObject","inLanguage":"es","@id":"https:\/\/quehacerpolitico.mx\/?p=99754#primaryimage","url":"https:\/\/quehacerpolitico.mx\/wp-content\/uploads\/2023\/04\/511bc7b1-f34b-4418-b917-5120714f846d.jpeg","contentUrl":"https:\/\/quehacerpolitico.mx\/wp-content\/uploads\/2023\/04\/511bc7b1-f34b-4418-b917-5120714f846d.jpeg","width":963,"height":493},{"@type":"BreadcrumbList","@id":"https:\/\/quehacerpolitico.mx\/?p=99754#breadcrumb","itemListElement":[{"@type":"ListItem","position":1,"name":"Inicio","item":"https:\/\/quehacerpolitico.mx\/"},{"@type":"ListItem","position":2,"name":"El Quehacer Pol\u00edtico\/\/\/Jose Alberto Prado Angeles\/\/\/Entre marchas, acarreos y jalones una sociedad polarizada"}]},{"@type":"WebSite","@id":"https:\/\/quehacerpolitico.mx\/#website","url":"https:\/\/quehacerpolitico.mx\/","name":"","description":"","potentialAction":[{"@type":"SearchAction","target":{"@type":"EntryPoint","urlTemplate":"https:\/\/quehacerpolitico.mx\/?s={search_term_string}"},"query-input":{"@type":"PropertyValueSpecification","valueRequired":true,"valueName":"search_term_string"}}],"inLanguage":"es"},{"@type":"Person","@id":"https:\/\/quehacerpolitico.mx\/#\/schema\/person\/496d8ad2d1d3f8036101dca7ee39e585","name":"Redacci\u00f3n QP","image":{"@type":"ImageObject","inLanguage":"es","@id":"https:\/\/secure.gravatar.com\/avatar\/c7164ed6fdec453195284ad24a5ae5b6e1eed2b848477fa2a4787ba9adf39a41?s=96&d=mm&r=g","url":"https:\/\/secure.gravatar.com\/avatar\/c7164ed6fdec453195284ad24a5ae5b6e1eed2b848477fa2a4787ba9adf39a41?s=96&d=mm&r=g","contentUrl":"https:\/\/secure.gravatar.com\/avatar\/c7164ed6fdec453195284ad24a5ae5b6e1eed2b848477fa2a4787ba9adf39a41?s=96&d=mm&r=g","caption":"Redacci\u00f3n QP"},"url":"https:\/\/quehacerpolitico.mx\/?author=2"}]}},"featured_image_urls":{"full":["https:\/\/quehacerpolitico.mx\/wp-content\/uploads\/2023\/04\/511bc7b1-f34b-4418-b917-5120714f846d.jpeg",963,493,false],"thumbnail":["https:\/\/quehacerpolitico.mx\/wp-content\/uploads\/2023\/04\/511bc7b1-f34b-4418-b917-5120714f846d-150x150.jpeg",150,150,true],"medium":["https:\/\/quehacerpolitico.mx\/wp-content\/uploads\/2023\/04\/511bc7b1-f34b-4418-b917-5120714f846d-300x154.jpeg",300,154,true],"medium_large":["https:\/\/quehacerpolitico.mx\/wp-content\/uploads\/2023\/04\/511bc7b1-f34b-4418-b917-5120714f846d-768x393.jpeg",640,328,true],"large":["https:\/\/quehacerpolitico.mx\/wp-content\/uploads\/2023\/04\/511bc7b1-f34b-4418-b917-5120714f846d.jpeg",640,328,false],"1536x1536":["https:\/\/quehacerpolitico.mx\/wp-content\/uploads\/2023\/04\/511bc7b1-f34b-4418-b917-5120714f846d.jpeg",963,493,false],"2048x2048":["https:\/\/quehacerpolitico.mx\/wp-content\/uploads\/2023\/04\/511bc7b1-f34b-4418-b917-5120714f846d.jpeg",963,493,false],"covernews-featured":["https:\/\/quehacerpolitico.mx\/wp-content\/uploads\/2023\/04\/511bc7b1-f34b-4418-b917-5120714f846d.jpeg",963,493,false],"covernews-medium":["https:\/\/quehacerpolitico.mx\/wp-content\/uploads\/2023\/04\/511bc7b1-f34b-4418-b917-5120714f846d.jpeg",540,276,false]},"author_info":{"display_name":"Redacci\u00f3n QP","author_link":"https:\/\/quehacerpolitico.mx\/?author=2"},"category_info":"<a href=\"https:\/\/quehacerpolitico.mx\/?cat=2\" rel=\"category\">Noticias<\/a>","tag_info":"Noticias","comment_count":"0","_links":{"self":[{"href":"https:\/\/quehacerpolitico.mx\/index.php?rest_route=\/wp\/v2\/posts\/99754","targetHints":{"allow":["GET"]}}],"collection":[{"href":"https:\/\/quehacerpolitico.mx\/index.php?rest_route=\/wp\/v2\/posts"}],"about":[{"href":"https:\/\/quehacerpolitico.mx\/index.php?rest_route=\/wp\/v2\/types\/post"}],"author":[{"embeddable":true,"href":"https:\/\/quehacerpolitico.mx\/index.php?rest_route=\/wp\/v2\/users\/2"}],"replies":[{"embeddable":true,"href":"https:\/\/quehacerpolitico.mx\/index.php?rest_route=%2Fwp%2Fv2%2Fcomments&post=99754"}],"version-history":[{"count":1,"href":"https:\/\/quehacerpolitico.mx\/index.php?rest_route=\/wp\/v2\/posts\/99754\/revisions"}],"predecessor-version":[{"id":99756,"href":"https:\/\/quehacerpolitico.mx\/index.php?rest_route=\/wp\/v2\/posts\/99754\/revisions\/99756"}],"wp:featuredmedia":[{"embeddable":true,"href":"https:\/\/quehacerpolitico.mx\/index.php?rest_route=\/wp\/v2\/media\/99755"}],"wp:attachment":[{"href":"https:\/\/quehacerpolitico.mx\/index.php?rest_route=%2Fwp%2Fv2%2Fmedia&parent=99754"}],"wp:term":[{"taxonomy":"category","embeddable":true,"href":"https:\/\/quehacerpolitico.mx\/index.php?rest_route=%2Fwp%2Fv2%2Fcategories&post=99754"},{"taxonomy":"post_tag","embeddable":true,"href":"https:\/\/quehacerpolitico.mx\/index.php?rest_route=%2Fwp%2Fv2%2Ftags&post=99754"}],"curies":[{"name":"wp","href":"https:\/\/api.w.org\/{rel}","templated":true}]}}