{"id":99748,"date":"2023-04-03T16:01:26","date_gmt":"2023-04-03T16:01:26","guid":{"rendered":"https:\/\/quehacerpolitico.mx\/?p=99748"},"modified":"2023-04-03T16:01:30","modified_gmt":"2023-04-03T16:01:30","slug":"enfoque-litza-deniss-duran-espinosa-a-pesar-de-que-la-informalidad-laboral-disminuyo-la-mitad-de-los-mexicanos-no-tiene-empleo-registrado","status":"publish","type":"post","link":"https:\/\/quehacerpolitico.mx\/?p=99748","title":{"rendered":"Enfoque\/\/\/Litza Deniss Dur\u00e1n Espinosa\/\/\/A pesar de que la informalidad laboral disminuy\u00f3, la mitad de los mexicanos no tiene empleo registrado"},"content":{"rendered":"\n<p>Por Litza Deniss Dur\u00e1n Espinosa<\/p>\n\n\n\n<p>Analista<\/p>\n\n\n\n<p>EN DICIEMBRE DE 2022, EL SECTOR INFORMAL REGISTR\u00d3 31.8 MILLONES DE TRABAJADORES<\/p>\n\n\n\n<p><strong>M\u00e1s de 30 millones de residentes mexicanos trabajan sin beneficios laborales<\/strong>.<\/p>\n\n\n\n<p>Lograr tener un trabajo estable y solvente, en donde se puedan recibir todos los beneficios de la ley, es una realidad con la que no cuenta todo el mundo. En M\u00e9xico, de acuerdo con la\u00a0\u00faltima Encuesta Nacional de Ocupaci\u00f3n y Empleo del Instituto Nacional de Estad\u00edstica y Geograf\u00eda (Inegi),\u00a0<strong>en el pa\u00eds existen 31.8 millones de personas trabajando en la informalidad.<\/strong><\/p>\n\n\n\n<p>Esta cifra, actualizada en diciembre del a\u00f1o pasado, corresponde al&nbsp;<strong>55.9% del total de los empleos<\/strong>. Si bien se debe destacar que este n\u00famero represent\u00f3 una&nbsp;<strong>reducci\u00f3n anual de 1,6%,<\/strong>&nbsp;la situaci\u00f3n no deja de ser preocupante, pues son&nbsp;<strong>muchos los trabajadores que no tienen la posibilidad de tener acceso a<\/strong>:<\/p>\n\n\n\n<p>\u2022&nbsp;seguridad social,&nbsp;<\/p>\n\n\n\n<p>\u2022&nbsp;prestaciones de ley e&nbsp;<\/p>\n\n\n\n<p>\u2022\u00a0incluso\u00a0cr\u00e9ditos y prestamos para la vivienda,\u00a0<\/p>\n\n\n\n<p>\u2022&nbsp;entre otros derechos.<\/p>\n\n\n\n<p>De hecho, a partir del 1 de enero de este a\u00f1o, entr\u00f3 en vigor el decreto de reforma a la Ley Federal del Trabajo, en la cual&nbsp;<strong>se ampl\u00edan los d\u00edas de vacaciones<\/strong>&nbsp;de 6 a 12 luego del primer a\u00f1o de trabajo, as\u00ed como el aumento de dos d\u00edas por cada a\u00f1o adicional.&nbsp;<\/p>\n\n\n\n<p>Sin embargo,\u00a0<strong>los trabajadores del sector informal no pueden gozar de esta medida<\/strong>, ya que la norma establece que solo ser\u00e1 aplicable a los contratos individuales o colectivos, situaci\u00f3n con la que no cuentan los individuos que carecen de un trabajo formal. En estos casos, normalmente, se deben llegar a acuerdos con sus respectivos patrones.<\/p>\n\n\n\n<p><strong>El desempleo disminuye, pero la informalidad contin\u00faa<\/strong><\/p>\n\n\n\n<p>Para la&nbsp;Inegi, se considera a la&nbsp;<strong>poblaci\u00f3n ocupada<\/strong><strong>&nbsp;en la informalidad:<\/strong><\/p>\n\n\n\n<p>\u2022&nbsp;\u201ca quienes son laboralmente vulnerables por la naturaleza de la unidad econ\u00f3mica para la que trabajan,&nbsp;<\/p>\n\n\n\n<p>\u2022\u00a0as\u00ed como a las personas cuyo v\u00ednculo o dependencia laboral no reconoce su fuente de trabajo\u201d.<\/p>\n\n\n\n<figure class=\"wp-block-image size-large\"><img loading=\"lazy\" decoding=\"async\" width=\"410\" height=\"1024\" src=\"https:\/\/quehacerpolitico.mx\/wp-content\/uploads\/2023\/04\/image-410x1024.png\" alt=\"\" class=\"wp-image-99749\" srcset=\"https:\/\/quehacerpolitico.mx\/wp-content\/uploads\/2023\/04\/image-410x1024.png 410w, https:\/\/quehacerpolitico.mx\/wp-content\/uploads\/2023\/04\/image-120x300.png 120w, https:\/\/quehacerpolitico.mx\/wp-content\/uploads\/2023\/04\/image-768x1920.png 768w, https:\/\/quehacerpolitico.mx\/wp-content\/uploads\/2023\/04\/image-58x146.png 58w, https:\/\/quehacerpolitico.mx\/wp-content\/uploads\/2023\/04\/image-20x50.png 20w, https:\/\/quehacerpolitico.mx\/wp-content\/uploads\/2023\/04\/image-30x75.png 30w, https:\/\/quehacerpolitico.mx\/wp-content\/uploads\/2023\/04\/image.png 800w\" sizes=\"auto, (max-width: 410px) 100vw, 410px\" \/><\/figure>\n\n\n\n<p>En este sentido, tambi\u00e9n destacan a&nbsp;<strong>quienes laboran en&nbsp;<\/strong><strong>micronegocios<\/strong><strong>&nbsp;no registrados<\/strong>&nbsp;y otras modalidades an\u00e1logas, como los&nbsp;<strong>ocupados por cuenta propia en la agricultura de subsistencia y quienes trabajan sin seguridad social<\/strong>&nbsp;y cuyos servicios los utilizan las unidades econ\u00f3micas registradas.<\/p>\n\n\n\n<p>Cabe destacar que, en el pa\u00eds, seg\u00fan el ente,\u00a0<strong>la tasa de informalidad en las mujeres sigue registrando porcentajes m\u00e1s altos que\u00a0en los hombres, siendo de 56% y 54.1%, respectivamente.<\/strong><\/p>\n\n\n\n<p>Respecto a\u00a0<strong>la tasa de desempleo<\/strong>, la encuesta del\u00a0Inegi\u00a0mostr\u00f3 una\u00a0<strong>disminuci\u00f3n del 3,5%<\/strong>\u00a0respecto a diciembre de 2021 y se posicion\u00f3 en 2,8% &#8211; 1,6 millones de personas &#8211; de la poblaci\u00f3n econ\u00f3micamente activa (PEA), la cual al cierre de 2002 fue de 59,6 millones de personas.<\/p>\n\n\n\n<figure class=\"wp-block-image size-full\"><img loading=\"lazy\" decoding=\"async\" width=\"1024\" height=\"768\" src=\"https:\/\/quehacerpolitico.mx\/wp-content\/uploads\/2023\/04\/image-1.png\" alt=\"\" class=\"wp-image-99750\" srcset=\"https:\/\/quehacerpolitico.mx\/wp-content\/uploads\/2023\/04\/image-1.png 1024w, https:\/\/quehacerpolitico.mx\/wp-content\/uploads\/2023\/04\/image-1-300x225.png 300w, https:\/\/quehacerpolitico.mx\/wp-content\/uploads\/2023\/04\/image-1-768x576.png 768w, https:\/\/quehacerpolitico.mx\/wp-content\/uploads\/2023\/04\/image-1-195x146.png 195w, https:\/\/quehacerpolitico.mx\/wp-content\/uploads\/2023\/04\/image-1-50x38.png 50w, https:\/\/quehacerpolitico.mx\/wp-content\/uploads\/2023\/04\/image-1-100x75.png 100w, https:\/\/quehacerpolitico.mx\/wp-content\/uploads\/2023\/04\/image-1-960x720.png 960w\" sizes=\"auto, (max-width: 1024px) 100vw, 1024px\" \/><\/figure>\n\n\n\n<p><strong>S\u00f3lo&nbsp;<\/strong><strong>4 de cada 10 residentes mexicanos est\u00e1n ocupados en el sector formal<\/strong><\/p>\n\n\n\n<p>Asimismo, en base a la PEA,&nbsp;<strong>57,9 millones de individuos estuvieron ocupados durante diciembre, es decir, que se sumaron 1 mill\u00f3n m\u00e1s que en el mismo periodo del a\u00f1o anterior<\/strong>. En tanto, las personas&nbsp;subocupadas&nbsp;&#8211; aquellas que declararon tener necesidad y disponibilidad para trabajar m\u00e1s horas &#8211;&nbsp; fueron 4,2 millones, un 7,3 % de la poblaci\u00f3n ocupada.<\/p>\n\n\n\n<p>Por su parte,&nbsp;<strong>25,3 millones de trabajadores (43,7%) est\u00e1n ocupados en el sector formal<\/strong>. En detalle:<\/p>\n\n\n\n<p>\u2022&nbsp;11 millones realizan actividades en la industria del comercio;&nbsp;<\/p>\n\n\n\n<p>\u2022&nbsp;9,5 millones en las manufacturas,&nbsp;<\/p>\n\n\n\n<p>\u2022&nbsp;6,7 millones en labores agropecuarias y&nbsp;<\/p>\n\n\n\n<p>\u2022&nbsp;4,6 millones en construcci\u00f3n.&nbsp;<\/p>\n\n\n\n<p>\u2022&nbsp;mientras&nbsp;que,&nbsp;en las \u00e1reas de miner\u00eda, electricidad, agua y suministro de gas, estuvieron ocupadas el 0,7 % de la poblaci\u00f3n, o sea,&nbsp;409 mil personas<\/p>\n\n\n\n<p><a><\/a><strong>Efectos en la econom\u00eda y estimaciones internacionales<\/strong><\/p>\n\n\n\n<p>En el 2021, el\u00a0Banco de M\u00e9xico realiz\u00f3 un estudio en el que determin\u00f3 el impacto de la formalidad sobre el PIB per c\u00e1pita en las diferentes regiones de M\u00e9xico. En este contexto, afirm\u00f3 que,\u00a0<strong>si no existiera informalidad laboral, el PIB per c\u00e1pita ser\u00eda 19.6% m\u00e1s alto en la regi\u00f3n norte del pa\u00eds; 28.4%, en el centro norte; 27.2% en el centro y 31.5% en el sur,<\/strong><\/p>\n\n\n\n<p>No obstante, las \u00faltimas cifras de empleo, a su vez, han ido mejorando de a poco la econom\u00eda en la naci\u00f3n, debido que&nbsp;<strong>el Producto Interno Bruto creci\u00f3<\/strong>&nbsp;de julio a septiembre un 0.9 % trimestral y un 4.3 % interanual, acumulando un alza de 2.9% en los primeros tres trimestres de 2022.<\/p>\n\n\n\n<p>Adem\u00e1s, la\u00a0Organizaci\u00f3n para la Cooperaci\u00f3n y Desarrollo Econ\u00f3mico <strong>(OCDE) estima que el crecimiento econ\u00f3mico para M\u00e9xico este 2023 aumentar\u00e1 de 1.5% a 1.6% y para el 2024 estar\u00eda por encima del 2%<\/strong>. Aunque, para que esto sea as\u00ed, indican que es fundamental implementar medidas dirigidas a:<\/p>\n\n\n\n<p>\u2022&nbsp;que&nbsp;<strong>haya m\u00e1s participaci\u00f3n de las mujeres en el mercado laboral<\/strong>,&nbsp;<\/p>\n\n\n\n<p>\u2022&nbsp;que se pueda reducir la informalidad y&nbsp;<\/p>\n\n\n\n<p>\u2022&nbsp;a que se mejore la calidad de la educaci\u00f3n<\/p>\n\n\n\n<p>En el caso de las expectativas de la\u00a0Comisi\u00f3n Economica para America Latina y el Caribe (Cepal), el panorama es otro, pues prev\u00e9 un\u00a0<strong>crecimiento de 1.1% en el 2023<\/strong>, lo que implicar\u00eda una contundente desaceleraci\u00f3n para el pa\u00eds. Por ello, el organismo insiste en que se trabaje temas como\u00a0<\/p>\n\n\n\n<p>\u2022&nbsp;la desigualdad,&nbsp;<\/p>\n\n\n\n<p>\u2022&nbsp;el rezago educativo y&nbsp;<\/p>\n\n\n\n<p>\u2022\u00a0la falta de inversiones<\/p>\n\n\n\n<figure class=\"wp-block-image size-large\"><img loading=\"lazy\" decoding=\"async\" width=\"1024\" height=\"719\" src=\"https:\/\/quehacerpolitico.mx\/wp-content\/uploads\/2023\/04\/image-2-1024x719.png\" alt=\"\" class=\"wp-image-99751\" srcset=\"https:\/\/quehacerpolitico.mx\/wp-content\/uploads\/2023\/04\/image-2-1024x719.png 1024w, https:\/\/quehacerpolitico.mx\/wp-content\/uploads\/2023\/04\/image-2-300x211.png 300w, https:\/\/quehacerpolitico.mx\/wp-content\/uploads\/2023\/04\/image-2-768x540.png 768w, https:\/\/quehacerpolitico.mx\/wp-content\/uploads\/2023\/04\/image-2-208x146.png 208w, https:\/\/quehacerpolitico.mx\/wp-content\/uploads\/2023\/04\/image-2-50x35.png 50w, https:\/\/quehacerpolitico.mx\/wp-content\/uploads\/2023\/04\/image-2-107x75.png 107w, https:\/\/quehacerpolitico.mx\/wp-content\/uploads\/2023\/04\/image-2.png 1358w\" sizes=\"auto, (max-width: 1024px) 100vw, 1024px\" \/><\/figure>\n\n\n\n<p>La Organizaci\u00f3n Internacional del Trabajo (OIT), entretanto, anunci\u00f3 que&nbsp;<strong>el empleo en Latinoam\u00e9rica crecer\u00e1 solo 0,9 % en 2023<\/strong>, lo que representar\u00eda 2,9 millones nuevos puestos de trabajo.&nbsp;<\/p>\n\n\n\n<p>A su vez, para este a\u00f1o, tambi\u00e9n prev\u00e9 un ligero <strong>aumento del desempleo a escala mundial<\/strong>\u00a0de 3 millones de personas aproximadamente, de esta manera, se alcanzar\u00eda los 208 millones de ciudadanos sin trabajo.\u00a0<\/p>\n\n\n\n<p>Finalmente, sobre la informalidad, la OIT la sit\u00faa en 53,7 %, un alza que seg\u00fan el ente es parte de las consecuencias de la pandemia.<\/p>\n\n\n\n<p>Ante esta realidad, si hay algo en que coinciden los organismos internacionales, es en&nbsp;<strong>el da\u00f1o que hace la informalidad no solo a los trabajadores que deben renunciar a recibir derechos laborales, sino tambi\u00e9n a los propios pa\u00edses, que deben afrontar tener un ingreso per c\u00e1pita m\u00e1s bajo o una mayor pobreza y desigualdad<\/strong>. Por esto, y mucho m\u00e1s, es importante llevar a cabo pol\u00edticas que busquen acabar con esta problem\u00e1tica y generen mayor estabilidad econ\u00f3mica tanto a la poblaci\u00f3n, como a la naci\u00f3n.<\/p>\n\n\n\n<p><a><\/a><strong>Autoras:<\/strong><strong><\/strong><\/p>\n\n\n\n<p>Licenciada Katiuska Serrano \/ Editora: Contadora P\u00fabica Melisa Murialdo<\/p>\n\n\n\n<p><a><\/a><strong>Fuentes de Informaci\u00f3n:<\/strong><\/p>\n\n\n\n<p><a href=\"https:\/\/www.inegi.org.mx\/\"><em>Instituto Nacional de Estad\u00edstica y Geograf\u00eda (<\/em><em>Inegi<\/em><em>)<\/em><\/a><\/p>\n\n\n\n<p><a href=\"https:\/\/www.mejortrato.com.mx\/\"><em>Blog de Educaci\u00f3n Financiera MT<\/em><\/a><\/p>\n\n\n\n<p><a href=\"https:\/\/www.banxico.org.mx\/publicaciones-y-prensa\/reportes-sobre-las-economias-regionales\/recuadros\/%7B5E3A922A-FE3F-36E4-E652-803C010060B8%7D.pdf\"><em>Banco de M\u00e9xico<\/em><\/a><\/p>\n\n\n\n<p><a href=\"https:\/\/www.oecd.org\/acerca\/\"><em>Organizaci\u00f3n para la Cooperaci\u00f3n y Desarrollo Econ\u00f3mico<\/em><\/a><em>&nbsp;(OCDE)<\/em><\/p>\n\n\n\n<p><a href=\"https:\/\/www.cepal.org\/es\"><em>Comisi\u00f3n Econ\u00f3mica para Am\u00e9rica Latina y el Caribe<\/em><\/a><em>(<\/em><em>Cepal<\/em><em>)<\/em><\/p>\n\n\n\n<p><a href=\"https:\/\/www.ilo.org\/global\/lang--es\/index.htm\"><em>Organizaci\u00f3n&nbsp;<\/em><em>Internacional del Trabajo (OIT)<\/em><\/a><\/p>\n\n\n\n<p><a><\/a><strong>Contenido Informe<\/strong><\/p>\n\n\n\n<p><a>A pesar de que la informalidad laboral disminuy\u00f3, la mitad de los mexicanos no tienen empleo registrado\u200b<\/a><a>1<\/a><\/p>\n\n\n\n<p><a>M\u00e1s de 30 millones de residentes mexicanos trabajan sin beneficios laborales\u200b<\/a><a>1<\/a><\/p>\n\n\n\n<p><a>El desempleo disminuye, pero la informalidad contin\u00faa\u200b<\/a><a>2<\/a><\/p>\n\n\n\n<p><a>4 de cada 10 residentes mexicanos est\u00e1n ocupados en el sector formal\u200b<\/a><a>3<\/a><\/p>\n\n\n\n<p><a>Efectos en la econom\u00eda y estimaciones internacionales\u200b<\/a><a>3<\/a><\/p>\n\n\n\n<p><a>Autoras:\u200b<\/a><a>4<\/a><\/p>\n\n\n\n<p><a>Fuentes de Informaci\u00f3n:\u200b<\/a><a>4<\/a><\/p>\n\n\n\n<p><a>Contenido Informe\u200b<\/a><a>5<\/a><\/p>\n\n\n\n<p>As\u00ed el Quehacer Pol\u00edtico a trav\u00e9s de mi Enfoque.Es cuanto.<\/p>\n","protected":false},"excerpt":{"rendered":"<p>Por Litza Deniss Dur\u00e1n Espinosa Analista EN DICIEMBRE DE 2022, EL SECTOR INFORMAL REGISTR\u00d3 31.8&#8230;<\/p>\n","protected":false},"author":2,"featured_media":99752,"comment_status":"open","ping_status":"open","sticky":false,"template":"","format":"standard","meta":{"_monsterinsights_skip_tracking":false,"_monsterinsights_sitenote_active":false,"_monsterinsights_sitenote_note":"","_monsterinsights_sitenote_category":0,"footnotes":""},"categories":[2],"tags":[],"class_list":["post-99748","post","type-post","status-publish","format-standard","has-post-thumbnail","hentry","category-noticias"],"yoast_head":"<!-- This site is optimized with the Yoast SEO plugin v27.3 - https:\/\/yoast.com\/product\/yoast-seo-wordpress\/ -->\n<title>Enfoque\/\/\/Litza Deniss Dur\u00e1n Espinosa\/\/\/A pesar de que la informalidad laboral disminuy\u00f3, la mitad de los mexicanos no tiene empleo registrado -<\/title>\n<meta name=\"robots\" content=\"index, follow, max-snippet:-1, max-image-preview:large, max-video-preview:-1\" \/>\n<link rel=\"canonical\" href=\"https:\/\/quehacerpolitico.mx\/?p=99748\" \/>\n<meta property=\"og:locale\" content=\"es_MX\" \/>\n<meta property=\"og:type\" content=\"article\" \/>\n<meta property=\"og:title\" content=\"Enfoque\/\/\/Litza Deniss Dur\u00e1n Espinosa\/\/\/A pesar de que la informalidad laboral disminuy\u00f3, la mitad de los mexicanos no tiene empleo registrado -\" \/>\n<meta property=\"og:description\" content=\"Por Litza Deniss Dur\u00e1n Espinosa Analista EN DICIEMBRE DE 2022, EL SECTOR INFORMAL REGISTR\u00d3 31.8...\" \/>\n<meta property=\"og:url\" content=\"https:\/\/quehacerpolitico.mx\/?p=99748\" \/>\n<meta property=\"article:published_time\" content=\"2023-04-03T16:01:26+00:00\" \/>\n<meta property=\"article:modified_time\" content=\"2023-04-03T16:01:30+00:00\" \/>\n<meta property=\"og:image\" content=\"https:\/\/quehacerpolitico.mx\/wp-content\/uploads\/2023\/04\/ffb861ea-47ab-405c-af3e-9b89cc09d96e.jpeg\" \/>\n\t<meta property=\"og:image:width\" content=\"963\" \/>\n\t<meta property=\"og:image:height\" content=\"493\" \/>\n\t<meta property=\"og:image:type\" content=\"image\/jpeg\" \/>\n<meta name=\"author\" content=\"Redacci\u00f3n QP\" \/>\n<meta name=\"twitter:card\" content=\"summary_large_image\" \/>\n<meta name=\"twitter:label1\" content=\"Escrito por\" \/>\n\t<meta name=\"twitter:data1\" content=\"Redacci\u00f3n QP\" \/>\n\t<meta name=\"twitter:label2\" content=\"Tiempo de lectura\" \/>\n\t<meta name=\"twitter:data2\" content=\"6 minutos\" \/>\n<script type=\"application\/ld+json\" class=\"yoast-schema-graph\">{\"@context\":\"https:\\\/\\\/schema.org\",\"@graph\":[{\"@type\":\"Article\",\"@id\":\"https:\\\/\\\/quehacerpolitico.mx\\\/?p=99748#article\",\"isPartOf\":{\"@id\":\"https:\\\/\\\/quehacerpolitico.mx\\\/?p=99748\"},\"author\":{\"name\":\"Redacci\u00f3n QP\",\"@id\":\"https:\\\/\\\/quehacerpolitico.mx\\\/#\\\/schema\\\/person\\\/496d8ad2d1d3f8036101dca7ee39e585\"},\"headline\":\"Enfoque\\\/\\\/\\\/Litza Deniss Dur\u00e1n Espinosa\\\/\\\/\\\/A pesar de que la informalidad laboral disminuy\u00f3, la mitad de los mexicanos no tiene empleo registrado\",\"datePublished\":\"2023-04-03T16:01:26+00:00\",\"dateModified\":\"2023-04-03T16:01:30+00:00\",\"mainEntityOfPage\":{\"@id\":\"https:\\\/\\\/quehacerpolitico.mx\\\/?p=99748\"},\"wordCount\":1258,\"commentCount\":0,\"image\":{\"@id\":\"https:\\\/\\\/quehacerpolitico.mx\\\/?p=99748#primaryimage\"},\"thumbnailUrl\":\"https:\\\/\\\/quehacerpolitico.mx\\\/wp-content\\\/uploads\\\/2023\\\/04\\\/ffb861ea-47ab-405c-af3e-9b89cc09d96e.jpeg\",\"articleSection\":[\"Noticias\"],\"inLanguage\":\"es\",\"potentialAction\":[{\"@type\":\"CommentAction\",\"name\":\"Comment\",\"target\":[\"https:\\\/\\\/quehacerpolitico.mx\\\/?p=99748#respond\"]}]},{\"@type\":\"WebPage\",\"@id\":\"https:\\\/\\\/quehacerpolitico.mx\\\/?p=99748\",\"url\":\"https:\\\/\\\/quehacerpolitico.mx\\\/?p=99748\",\"name\":\"Enfoque\\\/\\\/\\\/Litza Deniss Dur\u00e1n Espinosa\\\/\\\/\\\/A pesar de que la informalidad laboral disminuy\u00f3, la mitad de los mexicanos no tiene empleo registrado -\",\"isPartOf\":{\"@id\":\"https:\\\/\\\/quehacerpolitico.mx\\\/#website\"},\"primaryImageOfPage\":{\"@id\":\"https:\\\/\\\/quehacerpolitico.mx\\\/?p=99748#primaryimage\"},\"image\":{\"@id\":\"https:\\\/\\\/quehacerpolitico.mx\\\/?p=99748#primaryimage\"},\"thumbnailUrl\":\"https:\\\/\\\/quehacerpolitico.mx\\\/wp-content\\\/uploads\\\/2023\\\/04\\\/ffb861ea-47ab-405c-af3e-9b89cc09d96e.jpeg\",\"datePublished\":\"2023-04-03T16:01:26+00:00\",\"dateModified\":\"2023-04-03T16:01:30+00:00\",\"author\":{\"@id\":\"https:\\\/\\\/quehacerpolitico.mx\\\/#\\\/schema\\\/person\\\/496d8ad2d1d3f8036101dca7ee39e585\"},\"breadcrumb\":{\"@id\":\"https:\\\/\\\/quehacerpolitico.mx\\\/?p=99748#breadcrumb\"},\"inLanguage\":\"es\",\"potentialAction\":[{\"@type\":\"ReadAction\",\"target\":[\"https:\\\/\\\/quehacerpolitico.mx\\\/?p=99748\"]}]},{\"@type\":\"ImageObject\",\"inLanguage\":\"es\",\"@id\":\"https:\\\/\\\/quehacerpolitico.mx\\\/?p=99748#primaryimage\",\"url\":\"https:\\\/\\\/quehacerpolitico.mx\\\/wp-content\\\/uploads\\\/2023\\\/04\\\/ffb861ea-47ab-405c-af3e-9b89cc09d96e.jpeg\",\"contentUrl\":\"https:\\\/\\\/quehacerpolitico.mx\\\/wp-content\\\/uploads\\\/2023\\\/04\\\/ffb861ea-47ab-405c-af3e-9b89cc09d96e.jpeg\",\"width\":963,\"height\":493},{\"@type\":\"BreadcrumbList\",\"@id\":\"https:\\\/\\\/quehacerpolitico.mx\\\/?p=99748#breadcrumb\",\"itemListElement\":[{\"@type\":\"ListItem\",\"position\":1,\"name\":\"Inicio\",\"item\":\"https:\\\/\\\/quehacerpolitico.mx\\\/\"},{\"@type\":\"ListItem\",\"position\":2,\"name\":\"Enfoque\\\/\\\/\\\/Litza Deniss Dur\u00e1n Espinosa\\\/\\\/\\\/A pesar de que la informalidad laboral disminuy\u00f3, la mitad de los mexicanos no tiene empleo registrado\"}]},{\"@type\":\"WebSite\",\"@id\":\"https:\\\/\\\/quehacerpolitico.mx\\\/#website\",\"url\":\"https:\\\/\\\/quehacerpolitico.mx\\\/\",\"name\":\"\",\"description\":\"\",\"potentialAction\":[{\"@type\":\"SearchAction\",\"target\":{\"@type\":\"EntryPoint\",\"urlTemplate\":\"https:\\\/\\\/quehacerpolitico.mx\\\/?s={search_term_string}\"},\"query-input\":{\"@type\":\"PropertyValueSpecification\",\"valueRequired\":true,\"valueName\":\"search_term_string\"}}],\"inLanguage\":\"es\"},{\"@type\":\"Person\",\"@id\":\"https:\\\/\\\/quehacerpolitico.mx\\\/#\\\/schema\\\/person\\\/496d8ad2d1d3f8036101dca7ee39e585\",\"name\":\"Redacci\u00f3n QP\",\"image\":{\"@type\":\"ImageObject\",\"inLanguage\":\"es\",\"@id\":\"https:\\\/\\\/secure.gravatar.com\\\/avatar\\\/c7164ed6fdec453195284ad24a5ae5b6e1eed2b848477fa2a4787ba9adf39a41?s=96&d=mm&r=g\",\"url\":\"https:\\\/\\\/secure.gravatar.com\\\/avatar\\\/c7164ed6fdec453195284ad24a5ae5b6e1eed2b848477fa2a4787ba9adf39a41?s=96&d=mm&r=g\",\"contentUrl\":\"https:\\\/\\\/secure.gravatar.com\\\/avatar\\\/c7164ed6fdec453195284ad24a5ae5b6e1eed2b848477fa2a4787ba9adf39a41?s=96&d=mm&r=g\",\"caption\":\"Redacci\u00f3n QP\"},\"url\":\"https:\\\/\\\/quehacerpolitico.mx\\\/?author=2\"}]}<\/script>\n<!-- \/ Yoast SEO plugin. -->","yoast_head_json":{"title":"Enfoque\/\/\/Litza Deniss Dur\u00e1n Espinosa\/\/\/A pesar de que la informalidad laboral disminuy\u00f3, la mitad de los mexicanos no tiene empleo registrado -","robots":{"index":"index","follow":"follow","max-snippet":"max-snippet:-1","max-image-preview":"max-image-preview:large","max-video-preview":"max-video-preview:-1"},"canonical":"https:\/\/quehacerpolitico.mx\/?p=99748","og_locale":"es_MX","og_type":"article","og_title":"Enfoque\/\/\/Litza Deniss Dur\u00e1n Espinosa\/\/\/A pesar de que la informalidad laboral disminuy\u00f3, la mitad de los mexicanos no tiene empleo registrado -","og_description":"Por Litza Deniss Dur\u00e1n Espinosa Analista EN DICIEMBRE DE 2022, EL SECTOR INFORMAL REGISTR\u00d3 31.8...","og_url":"https:\/\/quehacerpolitico.mx\/?p=99748","article_published_time":"2023-04-03T16:01:26+00:00","article_modified_time":"2023-04-03T16:01:30+00:00","og_image":[{"width":963,"height":493,"url":"https:\/\/quehacerpolitico.mx\/wp-content\/uploads\/2023\/04\/ffb861ea-47ab-405c-af3e-9b89cc09d96e.jpeg","type":"image\/jpeg"}],"author":"Redacci\u00f3n QP","twitter_card":"summary_large_image","twitter_misc":{"Escrito por":"Redacci\u00f3n QP","Tiempo de lectura":"6 minutos"},"schema":{"@context":"https:\/\/schema.org","@graph":[{"@type":"Article","@id":"https:\/\/quehacerpolitico.mx\/?p=99748#article","isPartOf":{"@id":"https:\/\/quehacerpolitico.mx\/?p=99748"},"author":{"name":"Redacci\u00f3n QP","@id":"https:\/\/quehacerpolitico.mx\/#\/schema\/person\/496d8ad2d1d3f8036101dca7ee39e585"},"headline":"Enfoque\/\/\/Litza Deniss Dur\u00e1n Espinosa\/\/\/A pesar de que la informalidad laboral disminuy\u00f3, la mitad de los mexicanos no tiene empleo registrado","datePublished":"2023-04-03T16:01:26+00:00","dateModified":"2023-04-03T16:01:30+00:00","mainEntityOfPage":{"@id":"https:\/\/quehacerpolitico.mx\/?p=99748"},"wordCount":1258,"commentCount":0,"image":{"@id":"https:\/\/quehacerpolitico.mx\/?p=99748#primaryimage"},"thumbnailUrl":"https:\/\/quehacerpolitico.mx\/wp-content\/uploads\/2023\/04\/ffb861ea-47ab-405c-af3e-9b89cc09d96e.jpeg","articleSection":["Noticias"],"inLanguage":"es","potentialAction":[{"@type":"CommentAction","name":"Comment","target":["https:\/\/quehacerpolitico.mx\/?p=99748#respond"]}]},{"@type":"WebPage","@id":"https:\/\/quehacerpolitico.mx\/?p=99748","url":"https:\/\/quehacerpolitico.mx\/?p=99748","name":"Enfoque\/\/\/Litza Deniss Dur\u00e1n Espinosa\/\/\/A pesar de que la informalidad laboral disminuy\u00f3, la mitad de los mexicanos no tiene empleo registrado -","isPartOf":{"@id":"https:\/\/quehacerpolitico.mx\/#website"},"primaryImageOfPage":{"@id":"https:\/\/quehacerpolitico.mx\/?p=99748#primaryimage"},"image":{"@id":"https:\/\/quehacerpolitico.mx\/?p=99748#primaryimage"},"thumbnailUrl":"https:\/\/quehacerpolitico.mx\/wp-content\/uploads\/2023\/04\/ffb861ea-47ab-405c-af3e-9b89cc09d96e.jpeg","datePublished":"2023-04-03T16:01:26+00:00","dateModified":"2023-04-03T16:01:30+00:00","author":{"@id":"https:\/\/quehacerpolitico.mx\/#\/schema\/person\/496d8ad2d1d3f8036101dca7ee39e585"},"breadcrumb":{"@id":"https:\/\/quehacerpolitico.mx\/?p=99748#breadcrumb"},"inLanguage":"es","potentialAction":[{"@type":"ReadAction","target":["https:\/\/quehacerpolitico.mx\/?p=99748"]}]},{"@type":"ImageObject","inLanguage":"es","@id":"https:\/\/quehacerpolitico.mx\/?p=99748#primaryimage","url":"https:\/\/quehacerpolitico.mx\/wp-content\/uploads\/2023\/04\/ffb861ea-47ab-405c-af3e-9b89cc09d96e.jpeg","contentUrl":"https:\/\/quehacerpolitico.mx\/wp-content\/uploads\/2023\/04\/ffb861ea-47ab-405c-af3e-9b89cc09d96e.jpeg","width":963,"height":493},{"@type":"BreadcrumbList","@id":"https:\/\/quehacerpolitico.mx\/?p=99748#breadcrumb","itemListElement":[{"@type":"ListItem","position":1,"name":"Inicio","item":"https:\/\/quehacerpolitico.mx\/"},{"@type":"ListItem","position":2,"name":"Enfoque\/\/\/Litza Deniss Dur\u00e1n Espinosa\/\/\/A pesar de que la informalidad laboral disminuy\u00f3, la mitad de los mexicanos no tiene empleo registrado"}]},{"@type":"WebSite","@id":"https:\/\/quehacerpolitico.mx\/#website","url":"https:\/\/quehacerpolitico.mx\/","name":"","description":"","potentialAction":[{"@type":"SearchAction","target":{"@type":"EntryPoint","urlTemplate":"https:\/\/quehacerpolitico.mx\/?s={search_term_string}"},"query-input":{"@type":"PropertyValueSpecification","valueRequired":true,"valueName":"search_term_string"}}],"inLanguage":"es"},{"@type":"Person","@id":"https:\/\/quehacerpolitico.mx\/#\/schema\/person\/496d8ad2d1d3f8036101dca7ee39e585","name":"Redacci\u00f3n QP","image":{"@type":"ImageObject","inLanguage":"es","@id":"https:\/\/secure.gravatar.com\/avatar\/c7164ed6fdec453195284ad24a5ae5b6e1eed2b848477fa2a4787ba9adf39a41?s=96&d=mm&r=g","url":"https:\/\/secure.gravatar.com\/avatar\/c7164ed6fdec453195284ad24a5ae5b6e1eed2b848477fa2a4787ba9adf39a41?s=96&d=mm&r=g","contentUrl":"https:\/\/secure.gravatar.com\/avatar\/c7164ed6fdec453195284ad24a5ae5b6e1eed2b848477fa2a4787ba9adf39a41?s=96&d=mm&r=g","caption":"Redacci\u00f3n QP"},"url":"https:\/\/quehacerpolitico.mx\/?author=2"}]}},"featured_image_urls":{"full":["https:\/\/quehacerpolitico.mx\/wp-content\/uploads\/2023\/04\/ffb861ea-47ab-405c-af3e-9b89cc09d96e.jpeg",963,493,false],"thumbnail":["https:\/\/quehacerpolitico.mx\/wp-content\/uploads\/2023\/04\/ffb861ea-47ab-405c-af3e-9b89cc09d96e-150x150.jpeg",150,150,true],"medium":["https:\/\/quehacerpolitico.mx\/wp-content\/uploads\/2023\/04\/ffb861ea-47ab-405c-af3e-9b89cc09d96e-300x154.jpeg",300,154,true],"medium_large":["https:\/\/quehacerpolitico.mx\/wp-content\/uploads\/2023\/04\/ffb861ea-47ab-405c-af3e-9b89cc09d96e-768x393.jpeg",640,328,true],"large":["https:\/\/quehacerpolitico.mx\/wp-content\/uploads\/2023\/04\/ffb861ea-47ab-405c-af3e-9b89cc09d96e.jpeg",640,328,false],"1536x1536":["https:\/\/quehacerpolitico.mx\/wp-content\/uploads\/2023\/04\/ffb861ea-47ab-405c-af3e-9b89cc09d96e.jpeg",963,493,false],"2048x2048":["https:\/\/quehacerpolitico.mx\/wp-content\/uploads\/2023\/04\/ffb861ea-47ab-405c-af3e-9b89cc09d96e.jpeg",963,493,false],"covernews-featured":["https:\/\/quehacerpolitico.mx\/wp-content\/uploads\/2023\/04\/ffb861ea-47ab-405c-af3e-9b89cc09d96e.jpeg",963,493,false],"covernews-medium":["https:\/\/quehacerpolitico.mx\/wp-content\/uploads\/2023\/04\/ffb861ea-47ab-405c-af3e-9b89cc09d96e.jpeg",540,276,false]},"author_info":{"display_name":"Redacci\u00f3n QP","author_link":"https:\/\/quehacerpolitico.mx\/?author=2"},"category_info":"<a href=\"https:\/\/quehacerpolitico.mx\/?cat=2\" rel=\"category\">Noticias<\/a>","tag_info":"Noticias","comment_count":"0","_links":{"self":[{"href":"https:\/\/quehacerpolitico.mx\/index.php?rest_route=\/wp\/v2\/posts\/99748","targetHints":{"allow":["GET"]}}],"collection":[{"href":"https:\/\/quehacerpolitico.mx\/index.php?rest_route=\/wp\/v2\/posts"}],"about":[{"href":"https:\/\/quehacerpolitico.mx\/index.php?rest_route=\/wp\/v2\/types\/post"}],"author":[{"embeddable":true,"href":"https:\/\/quehacerpolitico.mx\/index.php?rest_route=\/wp\/v2\/users\/2"}],"replies":[{"embeddable":true,"href":"https:\/\/quehacerpolitico.mx\/index.php?rest_route=%2Fwp%2Fv2%2Fcomments&post=99748"}],"version-history":[{"count":1,"href":"https:\/\/quehacerpolitico.mx\/index.php?rest_route=\/wp\/v2\/posts\/99748\/revisions"}],"predecessor-version":[{"id":99753,"href":"https:\/\/quehacerpolitico.mx\/index.php?rest_route=\/wp\/v2\/posts\/99748\/revisions\/99753"}],"wp:featuredmedia":[{"embeddable":true,"href":"https:\/\/quehacerpolitico.mx\/index.php?rest_route=\/wp\/v2\/media\/99752"}],"wp:attachment":[{"href":"https:\/\/quehacerpolitico.mx\/index.php?rest_route=%2Fwp%2Fv2%2Fmedia&parent=99748"}],"wp:term":[{"taxonomy":"category","embeddable":true,"href":"https:\/\/quehacerpolitico.mx\/index.php?rest_route=%2Fwp%2Fv2%2Fcategories&post=99748"},{"taxonomy":"post_tag","embeddable":true,"href":"https:\/\/quehacerpolitico.mx\/index.php?rest_route=%2Fwp%2Fv2%2Ftags&post=99748"}],"curies":[{"name":"wp","href":"https:\/\/api.w.org\/{rel}","templated":true}]}}