{"id":99542,"date":"2023-03-24T19:29:29","date_gmt":"2023-03-24T19:29:29","guid":{"rendered":"https:\/\/quehacerpolitico.mx\/?p=99542"},"modified":"2023-03-24T19:29:33","modified_gmt":"2023-03-24T19:29:33","slug":"la-tuta-tramita-amparo-para-evitar-cambio-de-penal","status":"publish","type":"post","link":"https:\/\/quehacerpolitico.mx\/?p=99542","title":{"rendered":"&#8220;La Tuta&#8221; tramita amparo para evitar cambio de penal"},"content":{"rendered":"\n<p>Por Redacci\u00f3n QP<\/p>\n\n\n\n<p>En diciembre del a\u00f1o pasado, un juez federal impuso a &#8220;La Tuta&#8221; una pena de 47 a\u00f1os seis meses de c\u00e1rcel<\/p>\n\n\n\n<p>El \u00faltimo l\u00edder de los Caballeros Templarios, Servando G\u00f3mez Mart\u00ednez, alias &#8220;La Tuta&#8221;, teme ser cambiado de penal, por lo que<strong>\u00a0tramit\u00f3 un amparo contra su eventual traslado de la prisi\u00f3n de m\u00e1xima seguridad del Altiplano a otro centro de reclusi\u00f3n del pa\u00eds<\/strong>\u00a0para continuar cumpliendo sus sentencias de 47 y 55 a\u00f1os de c\u00e1rcel que le fueron dictadas por los delitos de delincuencia organizada, contra la salud y secuestro, respectivamente.<\/p>\n\n\n\n<p>En el fin de semana largo por el natalicio de Benito Ju\u00e1rez,&nbsp;<strong>el michoacano recurri\u00f3 al Juzgado Octavo de Distrito en Materias de Amparo y Juicios Federales en el Estado de M\u00e9xico<\/strong>&nbsp;para reclamar el traslado, as\u00ed como &#8220;incomunicaci\u00f3n y actos de tortura&#8221; al interior del penal del Altiplano.<\/p>\n\n\n\n<p>Ante ello, el titular del Juzgado Octavo de Distrito, Jos\u00e9 Fernando Garc\u00eda Quiroz, decret\u00f3 en favor de G\u00f3mez Mart\u00ednez una suspensi\u00f3n de plano y oficio para que cese la incomunicaci\u00f3n, as\u00ed como cualquier otro acto prohibido por el art\u00edculo 22 constitucional.<\/p>\n\n\n\n<p>El juez de amparo&nbsp;<strong>no se pronunci\u00f3 de momento sobre el acto reclamado que manifest\u00f3 Servando G\u00f3mez Mart\u00edne<\/strong>z, consistente en el &#8220;traslado del Centro Federal de Reinserci\u00f3n Social, n\u00famero 1 &#8220;Altiplano&#8221;, Almoloya de Ju\u00e1rez, Estado de M\u00e9xico, a diverso centro de reclusi\u00f3n&#8221;.<\/p>\n\n\n\n<p>Asimismo, el juzgador program\u00f3 para el 14 de abril la audiencia constitucional en la que se pronunciar\u00e1 si concede la suspensi\u00f3n provisional de los actos reclamados por el fundador del debilitado grupo criminal de Los Caballeros Templarios.<\/p>\n\n\n\n<p>En diciembre del a\u00f1o pasado, un juez federal impuso a &#8220;La Tuta&#8221; una pena de<strong>\u00a047 a\u00f1os seis meses de c\u00e1rcel y 13 mil 50 d\u00edas de multa por los delitos de delincuencia organizada y contra la salud\u00a0<\/strong>en diversas modalidades.<\/p>\n\n\n\n<p>Con Informaci\u00f3n de SUN <\/p>\n","protected":false},"excerpt":{"rendered":"<p>Por Redacci\u00f3n QP En diciembre del a\u00f1o pasado, un juez federal impuso a &#8220;La Tuta&#8221;&#8230;<\/p>\n","protected":false},"author":2,"featured_media":99543,"comment_status":"open","ping_status":"open","sticky":false,"template":"","format":"standard","meta":{"_monsterinsights_skip_tracking":false,"_monsterinsights_sitenote_active":false,"_monsterinsights_sitenote_note":"","_monsterinsights_sitenote_category":0,"footnotes":""},"categories":[2],"tags":[],"class_list":["post-99542","post","type-post","status-publish","format-standard","has-post-thumbnail","hentry","category-noticias"],"yoast_head":"<!-- This site is optimized with the Yoast SEO plugin v27.3 - https:\/\/yoast.com\/product\/yoast-seo-wordpress\/ -->\n<title>&quot;La Tuta&quot; tramita amparo para evitar cambio de penal -<\/title>\n<meta name=\"robots\" content=\"index, follow, max-snippet:-1, max-image-preview:large, max-video-preview:-1\" \/>\n<link rel=\"canonical\" href=\"https:\/\/quehacerpolitico.mx\/?p=99542\" \/>\n<meta property=\"og:locale\" content=\"es_MX\" \/>\n<meta property=\"og:type\" content=\"article\" \/>\n<meta property=\"og:title\" content=\"&quot;La Tuta&quot; tramita amparo para evitar cambio de penal -\" \/>\n<meta property=\"og:description\" content=\"Por Redacci\u00f3n QP En diciembre del a\u00f1o pasado, un juez federal impuso a &#8220;La Tuta&#8221;...\" \/>\n<meta property=\"og:url\" content=\"https:\/\/quehacerpolitico.mx\/?p=99542\" \/>\n<meta property=\"article:published_time\" content=\"2023-03-24T19:29:29+00:00\" \/>\n<meta property=\"article:modified_time\" content=\"2023-03-24T19:29:33+00:00\" \/>\n<meta property=\"og:image\" content=\"https:\/\/quehacerpolitico.mx\/wp-content\/uploads\/2023\/03\/A362DB9D-01FF-4B49-ACB0-785326257EC2.jpeg\" \/>\n\t<meta property=\"og:image:width\" content=\"640\" \/>\n\t<meta property=\"og:image:height\" content=\"480\" \/>\n\t<meta property=\"og:image:type\" content=\"image\/jpeg\" \/>\n<meta name=\"author\" content=\"Redacci\u00f3n QP\" \/>\n<meta name=\"twitter:card\" content=\"summary_large_image\" \/>\n<meta name=\"twitter:label1\" content=\"Escrito por\" \/>\n\t<meta name=\"twitter:data1\" content=\"Redacci\u00f3n QP\" \/>\n\t<meta name=\"twitter:label2\" content=\"Tiempo de lectura\" \/>\n\t<meta name=\"twitter:data2\" content=\"2 minutos\" \/>\n<script type=\"application\/ld+json\" class=\"yoast-schema-graph\">{\"@context\":\"https:\\\/\\\/schema.org\",\"@graph\":[{\"@type\":\"Article\",\"@id\":\"https:\\\/\\\/quehacerpolitico.mx\\\/?p=99542#article\",\"isPartOf\":{\"@id\":\"https:\\\/\\\/quehacerpolitico.mx\\\/?p=99542\"},\"author\":{\"name\":\"Redacci\u00f3n QP\",\"@id\":\"https:\\\/\\\/quehacerpolitico.mx\\\/#\\\/schema\\\/person\\\/496d8ad2d1d3f8036101dca7ee39e585\"},\"headline\":\"&#8220;La Tuta&#8221; tramita amparo para evitar cambio de penal\",\"datePublished\":\"2023-03-24T19:29:29+00:00\",\"dateModified\":\"2023-03-24T19:29:33+00:00\",\"mainEntityOfPage\":{\"@id\":\"https:\\\/\\\/quehacerpolitico.mx\\\/?p=99542\"},\"wordCount\":347,\"commentCount\":0,\"image\":{\"@id\":\"https:\\\/\\\/quehacerpolitico.mx\\\/?p=99542#primaryimage\"},\"thumbnailUrl\":\"https:\\\/\\\/quehacerpolitico.mx\\\/wp-content\\\/uploads\\\/2023\\\/03\\\/A362DB9D-01FF-4B49-ACB0-785326257EC2.jpeg\",\"articleSection\":[\"Noticias\"],\"inLanguage\":\"es\",\"potentialAction\":[{\"@type\":\"CommentAction\",\"name\":\"Comment\",\"target\":[\"https:\\\/\\\/quehacerpolitico.mx\\\/?p=99542#respond\"]}]},{\"@type\":\"WebPage\",\"@id\":\"https:\\\/\\\/quehacerpolitico.mx\\\/?p=99542\",\"url\":\"https:\\\/\\\/quehacerpolitico.mx\\\/?p=99542\",\"name\":\"\\\"La Tuta\\\" tramita amparo para evitar cambio de penal -\",\"isPartOf\":{\"@id\":\"https:\\\/\\\/quehacerpolitico.mx\\\/#website\"},\"primaryImageOfPage\":{\"@id\":\"https:\\\/\\\/quehacerpolitico.mx\\\/?p=99542#primaryimage\"},\"image\":{\"@id\":\"https:\\\/\\\/quehacerpolitico.mx\\\/?p=99542#primaryimage\"},\"thumbnailUrl\":\"https:\\\/\\\/quehacerpolitico.mx\\\/wp-content\\\/uploads\\\/2023\\\/03\\\/A362DB9D-01FF-4B49-ACB0-785326257EC2.jpeg\",\"datePublished\":\"2023-03-24T19:29:29+00:00\",\"dateModified\":\"2023-03-24T19:29:33+00:00\",\"author\":{\"@id\":\"https:\\\/\\\/quehacerpolitico.mx\\\/#\\\/schema\\\/person\\\/496d8ad2d1d3f8036101dca7ee39e585\"},\"breadcrumb\":{\"@id\":\"https:\\\/\\\/quehacerpolitico.mx\\\/?p=99542#breadcrumb\"},\"inLanguage\":\"es\",\"potentialAction\":[{\"@type\":\"ReadAction\",\"target\":[\"https:\\\/\\\/quehacerpolitico.mx\\\/?p=99542\"]}]},{\"@type\":\"ImageObject\",\"inLanguage\":\"es\",\"@id\":\"https:\\\/\\\/quehacerpolitico.mx\\\/?p=99542#primaryimage\",\"url\":\"https:\\\/\\\/quehacerpolitico.mx\\\/wp-content\\\/uploads\\\/2023\\\/03\\\/A362DB9D-01FF-4B49-ACB0-785326257EC2.jpeg\",\"contentUrl\":\"https:\\\/\\\/quehacerpolitico.mx\\\/wp-content\\\/uploads\\\/2023\\\/03\\\/A362DB9D-01FF-4B49-ACB0-785326257EC2.jpeg\",\"width\":640,\"height\":480},{\"@type\":\"BreadcrumbList\",\"@id\":\"https:\\\/\\\/quehacerpolitico.mx\\\/?p=99542#breadcrumb\",\"itemListElement\":[{\"@type\":\"ListItem\",\"position\":1,\"name\":\"Inicio\",\"item\":\"https:\\\/\\\/quehacerpolitico.mx\\\/\"},{\"@type\":\"ListItem\",\"position\":2,\"name\":\"&#8220;La Tuta&#8221; tramita amparo para evitar cambio de penal\"}]},{\"@type\":\"WebSite\",\"@id\":\"https:\\\/\\\/quehacerpolitico.mx\\\/#website\",\"url\":\"https:\\\/\\\/quehacerpolitico.mx\\\/\",\"name\":\"\",\"description\":\"\",\"potentialAction\":[{\"@type\":\"SearchAction\",\"target\":{\"@type\":\"EntryPoint\",\"urlTemplate\":\"https:\\\/\\\/quehacerpolitico.mx\\\/?s={search_term_string}\"},\"query-input\":{\"@type\":\"PropertyValueSpecification\",\"valueRequired\":true,\"valueName\":\"search_term_string\"}}],\"inLanguage\":\"es\"},{\"@type\":\"Person\",\"@id\":\"https:\\\/\\\/quehacerpolitico.mx\\\/#\\\/schema\\\/person\\\/496d8ad2d1d3f8036101dca7ee39e585\",\"name\":\"Redacci\u00f3n QP\",\"image\":{\"@type\":\"ImageObject\",\"inLanguage\":\"es\",\"@id\":\"https:\\\/\\\/secure.gravatar.com\\\/avatar\\\/c7164ed6fdec453195284ad24a5ae5b6e1eed2b848477fa2a4787ba9adf39a41?s=96&d=mm&r=g\",\"url\":\"https:\\\/\\\/secure.gravatar.com\\\/avatar\\\/c7164ed6fdec453195284ad24a5ae5b6e1eed2b848477fa2a4787ba9adf39a41?s=96&d=mm&r=g\",\"contentUrl\":\"https:\\\/\\\/secure.gravatar.com\\\/avatar\\\/c7164ed6fdec453195284ad24a5ae5b6e1eed2b848477fa2a4787ba9adf39a41?s=96&d=mm&r=g\",\"caption\":\"Redacci\u00f3n QP\"},\"url\":\"https:\\\/\\\/quehacerpolitico.mx\\\/?author=2\"}]}<\/script>\n<!-- \/ Yoast SEO plugin. -->","yoast_head_json":{"title":"\"La Tuta\" tramita amparo para evitar cambio de penal -","robots":{"index":"index","follow":"follow","max-snippet":"max-snippet:-1","max-image-preview":"max-image-preview:large","max-video-preview":"max-video-preview:-1"},"canonical":"https:\/\/quehacerpolitico.mx\/?p=99542","og_locale":"es_MX","og_type":"article","og_title":"\"La Tuta\" tramita amparo para evitar cambio de penal -","og_description":"Por Redacci\u00f3n QP En diciembre del a\u00f1o pasado, un juez federal impuso a &#8220;La Tuta&#8221;...","og_url":"https:\/\/quehacerpolitico.mx\/?p=99542","article_published_time":"2023-03-24T19:29:29+00:00","article_modified_time":"2023-03-24T19:29:33+00:00","og_image":[{"width":640,"height":480,"url":"https:\/\/quehacerpolitico.mx\/wp-content\/uploads\/2023\/03\/A362DB9D-01FF-4B49-ACB0-785326257EC2.jpeg","type":"image\/jpeg"}],"author":"Redacci\u00f3n QP","twitter_card":"summary_large_image","twitter_misc":{"Escrito por":"Redacci\u00f3n QP","Tiempo de lectura":"2 minutos"},"schema":{"@context":"https:\/\/schema.org","@graph":[{"@type":"Article","@id":"https:\/\/quehacerpolitico.mx\/?p=99542#article","isPartOf":{"@id":"https:\/\/quehacerpolitico.mx\/?p=99542"},"author":{"name":"Redacci\u00f3n QP","@id":"https:\/\/quehacerpolitico.mx\/#\/schema\/person\/496d8ad2d1d3f8036101dca7ee39e585"},"headline":"&#8220;La Tuta&#8221; tramita amparo para evitar cambio de penal","datePublished":"2023-03-24T19:29:29+00:00","dateModified":"2023-03-24T19:29:33+00:00","mainEntityOfPage":{"@id":"https:\/\/quehacerpolitico.mx\/?p=99542"},"wordCount":347,"commentCount":0,"image":{"@id":"https:\/\/quehacerpolitico.mx\/?p=99542#primaryimage"},"thumbnailUrl":"https:\/\/quehacerpolitico.mx\/wp-content\/uploads\/2023\/03\/A362DB9D-01FF-4B49-ACB0-785326257EC2.jpeg","articleSection":["Noticias"],"inLanguage":"es","potentialAction":[{"@type":"CommentAction","name":"Comment","target":["https:\/\/quehacerpolitico.mx\/?p=99542#respond"]}]},{"@type":"WebPage","@id":"https:\/\/quehacerpolitico.mx\/?p=99542","url":"https:\/\/quehacerpolitico.mx\/?p=99542","name":"\"La Tuta\" tramita amparo para evitar cambio de penal -","isPartOf":{"@id":"https:\/\/quehacerpolitico.mx\/#website"},"primaryImageOfPage":{"@id":"https:\/\/quehacerpolitico.mx\/?p=99542#primaryimage"},"image":{"@id":"https:\/\/quehacerpolitico.mx\/?p=99542#primaryimage"},"thumbnailUrl":"https:\/\/quehacerpolitico.mx\/wp-content\/uploads\/2023\/03\/A362DB9D-01FF-4B49-ACB0-785326257EC2.jpeg","datePublished":"2023-03-24T19:29:29+00:00","dateModified":"2023-03-24T19:29:33+00:00","author":{"@id":"https:\/\/quehacerpolitico.mx\/#\/schema\/person\/496d8ad2d1d3f8036101dca7ee39e585"},"breadcrumb":{"@id":"https:\/\/quehacerpolitico.mx\/?p=99542#breadcrumb"},"inLanguage":"es","potentialAction":[{"@type":"ReadAction","target":["https:\/\/quehacerpolitico.mx\/?p=99542"]}]},{"@type":"ImageObject","inLanguage":"es","@id":"https:\/\/quehacerpolitico.mx\/?p=99542#primaryimage","url":"https:\/\/quehacerpolitico.mx\/wp-content\/uploads\/2023\/03\/A362DB9D-01FF-4B49-ACB0-785326257EC2.jpeg","contentUrl":"https:\/\/quehacerpolitico.mx\/wp-content\/uploads\/2023\/03\/A362DB9D-01FF-4B49-ACB0-785326257EC2.jpeg","width":640,"height":480},{"@type":"BreadcrumbList","@id":"https:\/\/quehacerpolitico.mx\/?p=99542#breadcrumb","itemListElement":[{"@type":"ListItem","position":1,"name":"Inicio","item":"https:\/\/quehacerpolitico.mx\/"},{"@type":"ListItem","position":2,"name":"&#8220;La Tuta&#8221; tramita amparo para evitar cambio de penal"}]},{"@type":"WebSite","@id":"https:\/\/quehacerpolitico.mx\/#website","url":"https:\/\/quehacerpolitico.mx\/","name":"","description":"","potentialAction":[{"@type":"SearchAction","target":{"@type":"EntryPoint","urlTemplate":"https:\/\/quehacerpolitico.mx\/?s={search_term_string}"},"query-input":{"@type":"PropertyValueSpecification","valueRequired":true,"valueName":"search_term_string"}}],"inLanguage":"es"},{"@type":"Person","@id":"https:\/\/quehacerpolitico.mx\/#\/schema\/person\/496d8ad2d1d3f8036101dca7ee39e585","name":"Redacci\u00f3n QP","image":{"@type":"ImageObject","inLanguage":"es","@id":"https:\/\/secure.gravatar.com\/avatar\/c7164ed6fdec453195284ad24a5ae5b6e1eed2b848477fa2a4787ba9adf39a41?s=96&d=mm&r=g","url":"https:\/\/secure.gravatar.com\/avatar\/c7164ed6fdec453195284ad24a5ae5b6e1eed2b848477fa2a4787ba9adf39a41?s=96&d=mm&r=g","contentUrl":"https:\/\/secure.gravatar.com\/avatar\/c7164ed6fdec453195284ad24a5ae5b6e1eed2b848477fa2a4787ba9adf39a41?s=96&d=mm&r=g","caption":"Redacci\u00f3n QP"},"url":"https:\/\/quehacerpolitico.mx\/?author=2"}]}},"featured_image_urls":{"full":["https:\/\/quehacerpolitico.mx\/wp-content\/uploads\/2023\/03\/A362DB9D-01FF-4B49-ACB0-785326257EC2.jpeg",640,480,false],"thumbnail":["https:\/\/quehacerpolitico.mx\/wp-content\/uploads\/2023\/03\/A362DB9D-01FF-4B49-ACB0-785326257EC2-150x150.jpeg",150,150,true],"medium":["https:\/\/quehacerpolitico.mx\/wp-content\/uploads\/2023\/03\/A362DB9D-01FF-4B49-ACB0-785326257EC2-300x225.jpeg",300,225,true],"medium_large":["https:\/\/quehacerpolitico.mx\/wp-content\/uploads\/2023\/03\/A362DB9D-01FF-4B49-ACB0-785326257EC2.jpeg",640,480,false],"large":["https:\/\/quehacerpolitico.mx\/wp-content\/uploads\/2023\/03\/A362DB9D-01FF-4B49-ACB0-785326257EC2.jpeg",640,480,false],"1536x1536":["https:\/\/quehacerpolitico.mx\/wp-content\/uploads\/2023\/03\/A362DB9D-01FF-4B49-ACB0-785326257EC2.jpeg",640,480,false],"2048x2048":["https:\/\/quehacerpolitico.mx\/wp-content\/uploads\/2023\/03\/A362DB9D-01FF-4B49-ACB0-785326257EC2.jpeg",640,480,false],"covernews-featured":["https:\/\/quehacerpolitico.mx\/wp-content\/uploads\/2023\/03\/A362DB9D-01FF-4B49-ACB0-785326257EC2.jpeg",640,480,false],"covernews-medium":["https:\/\/quehacerpolitico.mx\/wp-content\/uploads\/2023\/03\/A362DB9D-01FF-4B49-ACB0-785326257EC2.jpeg",453,340,false]},"author_info":{"display_name":"Redacci\u00f3n QP","author_link":"https:\/\/quehacerpolitico.mx\/?author=2"},"category_info":"<a href=\"https:\/\/quehacerpolitico.mx\/?cat=2\" rel=\"category\">Noticias<\/a>","tag_info":"Noticias","comment_count":"0","_links":{"self":[{"href":"https:\/\/quehacerpolitico.mx\/index.php?rest_route=\/wp\/v2\/posts\/99542","targetHints":{"allow":["GET"]}}],"collection":[{"href":"https:\/\/quehacerpolitico.mx\/index.php?rest_route=\/wp\/v2\/posts"}],"about":[{"href":"https:\/\/quehacerpolitico.mx\/index.php?rest_route=\/wp\/v2\/types\/post"}],"author":[{"embeddable":true,"href":"https:\/\/quehacerpolitico.mx\/index.php?rest_route=\/wp\/v2\/users\/2"}],"replies":[{"embeddable":true,"href":"https:\/\/quehacerpolitico.mx\/index.php?rest_route=%2Fwp%2Fv2%2Fcomments&post=99542"}],"version-history":[{"count":1,"href":"https:\/\/quehacerpolitico.mx\/index.php?rest_route=\/wp\/v2\/posts\/99542\/revisions"}],"predecessor-version":[{"id":99544,"href":"https:\/\/quehacerpolitico.mx\/index.php?rest_route=\/wp\/v2\/posts\/99542\/revisions\/99544"}],"wp:featuredmedia":[{"embeddable":true,"href":"https:\/\/quehacerpolitico.mx\/index.php?rest_route=\/wp\/v2\/media\/99543"}],"wp:attachment":[{"href":"https:\/\/quehacerpolitico.mx\/index.php?rest_route=%2Fwp%2Fv2%2Fmedia&parent=99542"}],"wp:term":[{"taxonomy":"category","embeddable":true,"href":"https:\/\/quehacerpolitico.mx\/index.php?rest_route=%2Fwp%2Fv2%2Fcategories&post=99542"},{"taxonomy":"post_tag","embeddable":true,"href":"https:\/\/quehacerpolitico.mx\/index.php?rest_route=%2Fwp%2Fv2%2Ftags&post=99542"}],"curies":[{"name":"wp","href":"https:\/\/api.w.org\/{rel}","templated":true}]}}