{"id":99532,"date":"2023-03-22T17:23:23","date_gmt":"2023-03-22T17:23:23","guid":{"rendered":"https:\/\/quehacerpolitico.mx\/?p=99532"},"modified":"2023-03-22T17:23:26","modified_gmt":"2023-03-22T17:23:26","slug":"internacionales-carolina-alonso-romei-la-onu-advierte-hemos-roto-el-ciclo-del-agua","status":"publish","type":"post","link":"https:\/\/quehacerpolitico.mx\/?p=99532","title":{"rendered":"Internacionales\/\/\/Carolina Alonso Romei\/\/\/La ONU advierte, &#8220;hemos roto el ciclo del agua&#8221;"},"content":{"rendered":"\n<p>Por Carolina Alonso Romei<\/p>\n\n\n\n<p>Internacionalista <\/p>\n\n\n\n<p>As\u00ed inicia el secretario general de la ONU, Antonio Guterres, la conferencia de Naciones Unidas sobre el agua en Nueva York, la primera en casi medio siglo<\/p>\n\n\n\n<p><strong>&#8220;Hemos roto el ciclo del agua, destruido ecosistemas y contaminado las aguas subterr\u00e1neas&#8221;,<\/strong>\u00a0denunci\u00f3 hoy mi\u00e9rcoles el secretario general de la\u00a0ONU, Antonio Guterres, en la apertura de la conferencia de Naciones Unidas sobre el agua en Nueva York, la primera en casi medio siglo.<\/p>\n\n\n\n<p><strong>&#8220;Estamos drenando la sangre vital de la humanidad a trav\u00e9s del sobreconsumo vamp\u00edrico y el uso insostenible y evapor\u00e1ndola a trav\u00e9s del calentamiento global&#8221;<\/strong>, advirti\u00f3 Guterres en la tribuna de la ONU, donde record\u00f3 que casi &#8220;tres de cuatro desastres naturales est\u00e1n relacionados con el agua&#8221;.<\/p>\n\n\n\n<figure class=\"wp-block-embed is-type-video is-provider-youtube wp-block-embed-youtube wp-embed-aspect-16-9 wp-has-aspect-ratio\"><div class=\"wp-block-embed__wrapper\">\n<iframe loading=\"lazy\" title=\"CAMBIO CLIM\u00c1TICO: La ONU asegura que &quot;UNA BOMBA de RELOJER\u00cdA est\u00e1 en marcha&quot; | RTVE\" width=\"640\" height=\"360\" src=\"https:\/\/www.youtube.com\/embed\/54P8eWgW1kE?feature=oembed\" frameborder=\"0\" allow=\"accelerometer; autoplay; clipboard-write; encrypted-media; gyroscope; picture-in-picture; web-share\" referrerpolicy=\"strict-origin-when-cross-origin\" allowfullscreen><\/iframe>\n<\/div><\/figure>\n\n\n\n<p>En un informe conjunto realizado por ONU-Agua y Unesco, publicado con motivo de la conferencia, los autores advierten del\u00a0<strong>&#8220;riesgo inminente de una crisis mundial del agua&#8221;<\/strong>.<\/p>\n\n\n\n<p>En algunos lugares, falta\u00a0agua\u00a0y en otros se multiplican las inundaciones o el agua est\u00e1 contaminada, recuerdan.<\/p>\n\n\n\n<p>Sin agua suficiente en muchos lugares, aunque demasiada en otros o contaminada, las situaciones dram\u00e1ticas se multiplican, y el informe de la ONU-Agua y Unesco advierte del &#8220;riesgo inminente de una crisis mundial del agua&#8221;.<\/p>\n\n\n\n<p>&#8220;Cu\u00e1ntas personas estar\u00e1n afectadas por esta crisis mundial del agua es una cuesti\u00f3n de escenario&#8221;, explica el autor principal, Richard Connor. &#8220;Si no se hace nada, entre 40 y 50% de la poblaci\u00f3n seguir\u00e1 sin tener acceso a servicios de saneamiento y cerca del 20-25% al agua potable&#8221;, asegura. Aunque los porcentajes no cambien, la poblaci\u00f3n aumenta, por lo que habr\u00e1 m\u00e1s personas afectadas, observa.<\/p>\n\n\n\n<p>Para tratar de\u00a0<strong>invertir la tendencia y garantizar para 2030 el acceso de todos al agua potable y a servicios sanitarios<\/strong>, objetivos fijados en 2015, unos seis mil 500 participantes entre los que se incluyen un centenar de ministros y algunos jefes de Estado y de gobierno, se re\u00fanen hasta el viernes en\u00a0Nueva York, con &#8220;compromisos&#8221; concretos.<\/p>\n\n\n\n<h2 class=\"wp-block-heading\">&#8220;Ahora o nunca&#8221;, a trabajar por el agua<\/h2>\n\n\n\n<p>&#8220;Hay mucho por hacer y el tiempo no est\u00e1 de nuestra parte&#8221;, comenta Gilbert Hougbo, presidente de la ONU-Agua, plataforma que coordina el trabajo de la ONU, que no tiene ninguna agencia dedicada a este vital asunto.<\/p>\n\n\n\n<p>Desde 1977, en la de Mar del Plata (Argentina) no se hab\u00eda organizado ninguna conferencia de esta envergadura sobre este asunto que ha sido ampliamente ignorado.<\/p>\n\n\n\n<p>En un mundo en el que en los \u00faltimos 40 a\u00f1os el consumo de agua dulce aument\u00f3 en torno al 1% al a\u00f1o -en particular en los pa\u00edses de renta baja y emergentes-,&nbsp;<strong>el informe pone de relieve las dificultades que &#8220;tienden a generalizarse&#8221; y agravarse con el impacto del calentamiento global.<\/strong>&nbsp;La agricultura absorbe el 72% del agua, mientras que el consumo del sector industrial cay\u00f3 12%.<\/p>\n\n\n\n<p>En regiones como Am\u00e9rica Central y el Caribe, Sudam\u00e9rica y Asia, de 2000 a 2018 las extracciones de agua aumentaron, a diferencia del resto del mundo.<\/p>\n\n\n\n<figure class=\"wp-block-embed is-type-video is-provider-youtube wp-block-embed-youtube wp-embed-aspect-16-9 wp-has-aspect-ratio\"><div class=\"wp-block-embed__wrapper\">\n<iframe loading=\"lazy\" title=\"Uno de cada cuatro habitantes del planeta no tiene acceso al agua potable\" width=\"640\" height=\"360\" src=\"https:\/\/www.youtube.com\/embed\/4jRe3g7-DsM?feature=oembed\" frameborder=\"0\" allow=\"accelerometer; autoplay; clipboard-write; encrypted-media; gyroscope; picture-in-picture; web-share\" referrerpolicy=\"strict-origin-when-cross-origin\" allowfullscreen><\/iframe>\n<\/div><\/figure>\n\n\n\n<p>En torno al 10% de la poblaci\u00f3n mundial vive en pa\u00edses donde el estr\u00e9s h\u00eddrico (relaci\u00f3n entre la utilizaci\u00f3n del agua y su disponibilidad) alcanz\u00f3 un nivel alto o cr\u00edtico. Seg\u00fan el informe de expertos del\u00a0clima\u00a0de la ONU (Giec) publicado el lunes, &#8220;cerca de la mitad de la poblaci\u00f3n mundial&#8221; sufre &#8220;grave&#8221; escasez de agua durante al menos una parte del a\u00f1o.<\/p>\n\n\n\n<p>Esta situaci\u00f3n refleja desigualdades. &#8220;Independientemente de donde est\u00e9, si tiene suficiente dinero, lograr\u00e1 tener agua&#8221;, explica Richard Connor. Pero&nbsp;<strong>&#8220;cuanto m\u00e1s pobre, m\u00e1s vulnerable se es a estas crisis&#8221;.<\/strong><\/p>\n\n\n\n<p>El problema no es solo la falta de agua, sino la contaminaci\u00f3n que puede deberse a la ausencia o carencias de sistemas de saneamiento.<\/p>\n\n\n\n<p>&#8220;No podemos gestionar esta emergencia del siglo XXI con infraestructura de otra \u00e9poca&#8221;, dijo Guterres.<\/p>\n\n\n\n<p>Al menos, dos mil millones de personas beben agua contaminada por excrementos, lo que les expone al c\u00f3lera, la disenter\u00eda, el tifus y la polio. Sin olvidar la contaminaci\u00f3n de productos farmac\u00e9uticos, qu\u00edmicos, pesticidas, micropl\u00e1sticos o nanomateriales.<\/p>\n\n\n\n<p>Para garantizar el acceso de todos al\u00a0agua potable para 2030, habr\u00eda que multiplicar los niveles de inversiones actuales en el tema al menos por tres, subraya el informe.<\/p>\n\n\n\n<p>Los contaminantes amenazan tambi\u00e9n la naturaleza. Los ecosistemas de agua dulce que prestan servicios inestimables a la humanidad, en particular, ayudando a luchar contra el calentamiento global, est\u00e1n&nbsp;<strong>&#8220;entre los m\u00e1s amenazados del mundo&#8221;<\/strong>, se\u00f1ala el informe.<\/p>\n\n\n\n<p>&#8220;Hemos roto el ciclo de agua&#8221;, resume Henk Ovink, enviado especial para el agua de los Pa\u00edses Bajos, coorganizador con Tayikist\u00e1n de esta conferencia de la ONU.<\/p>\n\n\n\n<p>&#8220;Debemos actuar ya porque la inseguridad relacionada con el agua socava la seguridad alimentaria, la salud, la seguridad energ\u00e9tica o el desarrollo urbano y (multiplica) los problemas sociales&#8221;, agrega.\u00a0<strong>&#8220;Es ahora o nunca: la oportunidad de una generaci\u00f3n&#8221;<\/strong>.<\/p>\n\n\n\n<p>Con Informaci\u00f3n de AFP<\/p>\n","protected":false},"excerpt":{"rendered":"<p>Por Carolina Alonso Romei Internacionalista As\u00ed inicia el secretario general de la ONU, Antonio Guterres,&#8230;<\/p>\n","protected":false},"author":2,"featured_media":99533,"comment_status":"open","ping_status":"open","sticky":false,"template":"","format":"standard","meta":{"_monsterinsights_skip_tracking":false,"_monsterinsights_sitenote_active":false,"_monsterinsights_sitenote_note":"","_monsterinsights_sitenote_category":0,"footnotes":""},"categories":[1],"tags":[],"class_list":["post-99532","post","type-post","status-publish","format-standard","has-post-thumbnail","hentry","category-sin-categoria"],"yoast_head":"<!-- This site is optimized with the Yoast SEO plugin v27.3 - https:\/\/yoast.com\/product\/yoast-seo-wordpress\/ -->\n<title>Internacionales\/\/\/Carolina Alonso Romei\/\/\/La ONU advierte, &quot;hemos roto el ciclo del agua&quot; -<\/title>\n<meta name=\"robots\" content=\"index, follow, max-snippet:-1, max-image-preview:large, max-video-preview:-1\" \/>\n<link rel=\"canonical\" href=\"https:\/\/quehacerpolitico.mx\/?p=99532\" \/>\n<meta property=\"og:locale\" content=\"es_MX\" \/>\n<meta property=\"og:type\" content=\"article\" \/>\n<meta property=\"og:title\" content=\"Internacionales\/\/\/Carolina Alonso Romei\/\/\/La ONU advierte, &quot;hemos roto el ciclo del agua&quot; -\" \/>\n<meta property=\"og:description\" content=\"Por Carolina Alonso Romei Internacionalista As\u00ed inicia el secretario general de la ONU, Antonio Guterres,...\" \/>\n<meta property=\"og:url\" content=\"https:\/\/quehacerpolitico.mx\/?p=99532\" \/>\n<meta property=\"article:published_time\" content=\"2023-03-22T17:23:23+00:00\" \/>\n<meta property=\"article:modified_time\" content=\"2023-03-22T17:23:26+00:00\" \/>\n<meta property=\"og:image\" content=\"https:\/\/quehacerpolitico.mx\/wp-content\/uploads\/2023\/03\/650EDE38-2102-4ABE-9F45-C0CD38E1140A.jpeg\" \/>\n\t<meta property=\"og:image:width\" content=\"1284\" \/>\n\t<meta property=\"og:image:height\" content=\"697\" \/>\n\t<meta property=\"og:image:type\" content=\"image\/jpeg\" \/>\n<meta name=\"author\" content=\"Redacci\u00f3n QP\" \/>\n<meta name=\"twitter:card\" content=\"summary_large_image\" \/>\n<meta name=\"twitter:label1\" content=\"Escrito por\" \/>\n\t<meta name=\"twitter:data1\" content=\"Redacci\u00f3n QP\" \/>\n\t<meta name=\"twitter:label2\" content=\"Tiempo de lectura\" \/>\n\t<meta name=\"twitter:data2\" content=\"4 minutos\" \/>\n<script type=\"application\/ld+json\" class=\"yoast-schema-graph\">{\"@context\":\"https:\\\/\\\/schema.org\",\"@graph\":[{\"@type\":\"Article\",\"@id\":\"https:\\\/\\\/quehacerpolitico.mx\\\/?p=99532#article\",\"isPartOf\":{\"@id\":\"https:\\\/\\\/quehacerpolitico.mx\\\/?p=99532\"},\"author\":{\"name\":\"Redacci\u00f3n QP\",\"@id\":\"https:\\\/\\\/quehacerpolitico.mx\\\/#\\\/schema\\\/person\\\/496d8ad2d1d3f8036101dca7ee39e585\"},\"headline\":\"Internacionales\\\/\\\/\\\/Carolina Alonso Romei\\\/\\\/\\\/La ONU advierte, &#8220;hemos roto el ciclo del agua&#8221;\",\"datePublished\":\"2023-03-22T17:23:23+00:00\",\"dateModified\":\"2023-03-22T17:23:26+00:00\",\"mainEntityOfPage\":{\"@id\":\"https:\\\/\\\/quehacerpolitico.mx\\\/?p=99532\"},\"wordCount\":861,\"commentCount\":0,\"image\":{\"@id\":\"https:\\\/\\\/quehacerpolitico.mx\\\/?p=99532#primaryimage\"},\"thumbnailUrl\":\"https:\\\/\\\/quehacerpolitico.mx\\\/wp-content\\\/uploads\\\/2023\\\/03\\\/650EDE38-2102-4ABE-9F45-C0CD38E1140A.jpeg\",\"articleSection\":[\"Internacionales\"],\"inLanguage\":\"es\",\"potentialAction\":[{\"@type\":\"CommentAction\",\"name\":\"Comment\",\"target\":[\"https:\\\/\\\/quehacerpolitico.mx\\\/?p=99532#respond\"]}]},{\"@type\":\"WebPage\",\"@id\":\"https:\\\/\\\/quehacerpolitico.mx\\\/?p=99532\",\"url\":\"https:\\\/\\\/quehacerpolitico.mx\\\/?p=99532\",\"name\":\"Internacionales\\\/\\\/\\\/Carolina Alonso Romei\\\/\\\/\\\/La ONU advierte, \\\"hemos roto el ciclo del agua\\\" -\",\"isPartOf\":{\"@id\":\"https:\\\/\\\/quehacerpolitico.mx\\\/#website\"},\"primaryImageOfPage\":{\"@id\":\"https:\\\/\\\/quehacerpolitico.mx\\\/?p=99532#primaryimage\"},\"image\":{\"@id\":\"https:\\\/\\\/quehacerpolitico.mx\\\/?p=99532#primaryimage\"},\"thumbnailUrl\":\"https:\\\/\\\/quehacerpolitico.mx\\\/wp-content\\\/uploads\\\/2023\\\/03\\\/650EDE38-2102-4ABE-9F45-C0CD38E1140A.jpeg\",\"datePublished\":\"2023-03-22T17:23:23+00:00\",\"dateModified\":\"2023-03-22T17:23:26+00:00\",\"author\":{\"@id\":\"https:\\\/\\\/quehacerpolitico.mx\\\/#\\\/schema\\\/person\\\/496d8ad2d1d3f8036101dca7ee39e585\"},\"breadcrumb\":{\"@id\":\"https:\\\/\\\/quehacerpolitico.mx\\\/?p=99532#breadcrumb\"},\"inLanguage\":\"es\",\"potentialAction\":[{\"@type\":\"ReadAction\",\"target\":[\"https:\\\/\\\/quehacerpolitico.mx\\\/?p=99532\"]}]},{\"@type\":\"ImageObject\",\"inLanguage\":\"es\",\"@id\":\"https:\\\/\\\/quehacerpolitico.mx\\\/?p=99532#primaryimage\",\"url\":\"https:\\\/\\\/quehacerpolitico.mx\\\/wp-content\\\/uploads\\\/2023\\\/03\\\/650EDE38-2102-4ABE-9F45-C0CD38E1140A.jpeg\",\"contentUrl\":\"https:\\\/\\\/quehacerpolitico.mx\\\/wp-content\\\/uploads\\\/2023\\\/03\\\/650EDE38-2102-4ABE-9F45-C0CD38E1140A.jpeg\",\"width\":1284,\"height\":697},{\"@type\":\"BreadcrumbList\",\"@id\":\"https:\\\/\\\/quehacerpolitico.mx\\\/?p=99532#breadcrumb\",\"itemListElement\":[{\"@type\":\"ListItem\",\"position\":1,\"name\":\"Inicio\",\"item\":\"https:\\\/\\\/quehacerpolitico.mx\\\/\"},{\"@type\":\"ListItem\",\"position\":2,\"name\":\"Internacionales\\\/\\\/\\\/Carolina Alonso Romei\\\/\\\/\\\/La ONU advierte, &#8220;hemos roto el ciclo del agua&#8221;\"}]},{\"@type\":\"WebSite\",\"@id\":\"https:\\\/\\\/quehacerpolitico.mx\\\/#website\",\"url\":\"https:\\\/\\\/quehacerpolitico.mx\\\/\",\"name\":\"\",\"description\":\"\",\"potentialAction\":[{\"@type\":\"SearchAction\",\"target\":{\"@type\":\"EntryPoint\",\"urlTemplate\":\"https:\\\/\\\/quehacerpolitico.mx\\\/?s={search_term_string}\"},\"query-input\":{\"@type\":\"PropertyValueSpecification\",\"valueRequired\":true,\"valueName\":\"search_term_string\"}}],\"inLanguage\":\"es\"},{\"@type\":\"Person\",\"@id\":\"https:\\\/\\\/quehacerpolitico.mx\\\/#\\\/schema\\\/person\\\/496d8ad2d1d3f8036101dca7ee39e585\",\"name\":\"Redacci\u00f3n QP\",\"image\":{\"@type\":\"ImageObject\",\"inLanguage\":\"es\",\"@id\":\"https:\\\/\\\/secure.gravatar.com\\\/avatar\\\/c7164ed6fdec453195284ad24a5ae5b6e1eed2b848477fa2a4787ba9adf39a41?s=96&d=mm&r=g\",\"url\":\"https:\\\/\\\/secure.gravatar.com\\\/avatar\\\/c7164ed6fdec453195284ad24a5ae5b6e1eed2b848477fa2a4787ba9adf39a41?s=96&d=mm&r=g\",\"contentUrl\":\"https:\\\/\\\/secure.gravatar.com\\\/avatar\\\/c7164ed6fdec453195284ad24a5ae5b6e1eed2b848477fa2a4787ba9adf39a41?s=96&d=mm&r=g\",\"caption\":\"Redacci\u00f3n QP\"},\"url\":\"https:\\\/\\\/quehacerpolitico.mx\\\/?author=2\"}]}<\/script>\n<!-- \/ Yoast SEO plugin. -->","yoast_head_json":{"title":"Internacionales\/\/\/Carolina Alonso Romei\/\/\/La ONU advierte, \"hemos roto el ciclo del agua\" -","robots":{"index":"index","follow":"follow","max-snippet":"max-snippet:-1","max-image-preview":"max-image-preview:large","max-video-preview":"max-video-preview:-1"},"canonical":"https:\/\/quehacerpolitico.mx\/?p=99532","og_locale":"es_MX","og_type":"article","og_title":"Internacionales\/\/\/Carolina Alonso Romei\/\/\/La ONU advierte, \"hemos roto el ciclo del agua\" -","og_description":"Por Carolina Alonso Romei Internacionalista As\u00ed inicia el secretario general de la ONU, Antonio Guterres,...","og_url":"https:\/\/quehacerpolitico.mx\/?p=99532","article_published_time":"2023-03-22T17:23:23+00:00","article_modified_time":"2023-03-22T17:23:26+00:00","og_image":[{"width":1284,"height":697,"url":"https:\/\/quehacerpolitico.mx\/wp-content\/uploads\/2023\/03\/650EDE38-2102-4ABE-9F45-C0CD38E1140A.jpeg","type":"image\/jpeg"}],"author":"Redacci\u00f3n QP","twitter_card":"summary_large_image","twitter_misc":{"Escrito por":"Redacci\u00f3n QP","Tiempo de lectura":"4 minutos"},"schema":{"@context":"https:\/\/schema.org","@graph":[{"@type":"Article","@id":"https:\/\/quehacerpolitico.mx\/?p=99532#article","isPartOf":{"@id":"https:\/\/quehacerpolitico.mx\/?p=99532"},"author":{"name":"Redacci\u00f3n QP","@id":"https:\/\/quehacerpolitico.mx\/#\/schema\/person\/496d8ad2d1d3f8036101dca7ee39e585"},"headline":"Internacionales\/\/\/Carolina Alonso Romei\/\/\/La ONU advierte, &#8220;hemos roto el ciclo del agua&#8221;","datePublished":"2023-03-22T17:23:23+00:00","dateModified":"2023-03-22T17:23:26+00:00","mainEntityOfPage":{"@id":"https:\/\/quehacerpolitico.mx\/?p=99532"},"wordCount":861,"commentCount":0,"image":{"@id":"https:\/\/quehacerpolitico.mx\/?p=99532#primaryimage"},"thumbnailUrl":"https:\/\/quehacerpolitico.mx\/wp-content\/uploads\/2023\/03\/650EDE38-2102-4ABE-9F45-C0CD38E1140A.jpeg","articleSection":["Internacionales"],"inLanguage":"es","potentialAction":[{"@type":"CommentAction","name":"Comment","target":["https:\/\/quehacerpolitico.mx\/?p=99532#respond"]}]},{"@type":"WebPage","@id":"https:\/\/quehacerpolitico.mx\/?p=99532","url":"https:\/\/quehacerpolitico.mx\/?p=99532","name":"Internacionales\/\/\/Carolina Alonso Romei\/\/\/La ONU advierte, \"hemos roto el ciclo del agua\" -","isPartOf":{"@id":"https:\/\/quehacerpolitico.mx\/#website"},"primaryImageOfPage":{"@id":"https:\/\/quehacerpolitico.mx\/?p=99532#primaryimage"},"image":{"@id":"https:\/\/quehacerpolitico.mx\/?p=99532#primaryimage"},"thumbnailUrl":"https:\/\/quehacerpolitico.mx\/wp-content\/uploads\/2023\/03\/650EDE38-2102-4ABE-9F45-C0CD38E1140A.jpeg","datePublished":"2023-03-22T17:23:23+00:00","dateModified":"2023-03-22T17:23:26+00:00","author":{"@id":"https:\/\/quehacerpolitico.mx\/#\/schema\/person\/496d8ad2d1d3f8036101dca7ee39e585"},"breadcrumb":{"@id":"https:\/\/quehacerpolitico.mx\/?p=99532#breadcrumb"},"inLanguage":"es","potentialAction":[{"@type":"ReadAction","target":["https:\/\/quehacerpolitico.mx\/?p=99532"]}]},{"@type":"ImageObject","inLanguage":"es","@id":"https:\/\/quehacerpolitico.mx\/?p=99532#primaryimage","url":"https:\/\/quehacerpolitico.mx\/wp-content\/uploads\/2023\/03\/650EDE38-2102-4ABE-9F45-C0CD38E1140A.jpeg","contentUrl":"https:\/\/quehacerpolitico.mx\/wp-content\/uploads\/2023\/03\/650EDE38-2102-4ABE-9F45-C0CD38E1140A.jpeg","width":1284,"height":697},{"@type":"BreadcrumbList","@id":"https:\/\/quehacerpolitico.mx\/?p=99532#breadcrumb","itemListElement":[{"@type":"ListItem","position":1,"name":"Inicio","item":"https:\/\/quehacerpolitico.mx\/"},{"@type":"ListItem","position":2,"name":"Internacionales\/\/\/Carolina Alonso Romei\/\/\/La ONU advierte, &#8220;hemos roto el ciclo del agua&#8221;"}]},{"@type":"WebSite","@id":"https:\/\/quehacerpolitico.mx\/#website","url":"https:\/\/quehacerpolitico.mx\/","name":"","description":"","potentialAction":[{"@type":"SearchAction","target":{"@type":"EntryPoint","urlTemplate":"https:\/\/quehacerpolitico.mx\/?s={search_term_string}"},"query-input":{"@type":"PropertyValueSpecification","valueRequired":true,"valueName":"search_term_string"}}],"inLanguage":"es"},{"@type":"Person","@id":"https:\/\/quehacerpolitico.mx\/#\/schema\/person\/496d8ad2d1d3f8036101dca7ee39e585","name":"Redacci\u00f3n QP","image":{"@type":"ImageObject","inLanguage":"es","@id":"https:\/\/secure.gravatar.com\/avatar\/c7164ed6fdec453195284ad24a5ae5b6e1eed2b848477fa2a4787ba9adf39a41?s=96&d=mm&r=g","url":"https:\/\/secure.gravatar.com\/avatar\/c7164ed6fdec453195284ad24a5ae5b6e1eed2b848477fa2a4787ba9adf39a41?s=96&d=mm&r=g","contentUrl":"https:\/\/secure.gravatar.com\/avatar\/c7164ed6fdec453195284ad24a5ae5b6e1eed2b848477fa2a4787ba9adf39a41?s=96&d=mm&r=g","caption":"Redacci\u00f3n QP"},"url":"https:\/\/quehacerpolitico.mx\/?author=2"}]}},"featured_image_urls":{"full":["https:\/\/quehacerpolitico.mx\/wp-content\/uploads\/2023\/03\/650EDE38-2102-4ABE-9F45-C0CD38E1140A.jpeg",1284,697,false],"thumbnail":["https:\/\/quehacerpolitico.mx\/wp-content\/uploads\/2023\/03\/650EDE38-2102-4ABE-9F45-C0CD38E1140A-150x150.jpeg",150,150,true],"medium":["https:\/\/quehacerpolitico.mx\/wp-content\/uploads\/2023\/03\/650EDE38-2102-4ABE-9F45-C0CD38E1140A-300x163.jpeg",300,163,true],"medium_large":["https:\/\/quehacerpolitico.mx\/wp-content\/uploads\/2023\/03\/650EDE38-2102-4ABE-9F45-C0CD38E1140A-768x417.jpeg",640,348,true],"large":["https:\/\/quehacerpolitico.mx\/wp-content\/uploads\/2023\/03\/650EDE38-2102-4ABE-9F45-C0CD38E1140A-1024x556.jpeg",640,348,true],"1536x1536":["https:\/\/quehacerpolitico.mx\/wp-content\/uploads\/2023\/03\/650EDE38-2102-4ABE-9F45-C0CD38E1140A.jpeg",1284,697,false],"2048x2048":["https:\/\/quehacerpolitico.mx\/wp-content\/uploads\/2023\/03\/650EDE38-2102-4ABE-9F45-C0CD38E1140A.jpeg",1284,697,false],"covernews-featured":["https:\/\/quehacerpolitico.mx\/wp-content\/uploads\/2023\/03\/650EDE38-2102-4ABE-9F45-C0CD38E1140A.jpeg",1024,556,false],"covernews-medium":["https:\/\/quehacerpolitico.mx\/wp-content\/uploads\/2023\/03\/650EDE38-2102-4ABE-9F45-C0CD38E1140A.jpeg",540,293,false]},"author_info":{"display_name":"Redacci\u00f3n QP","author_link":"https:\/\/quehacerpolitico.mx\/?author=2"},"category_info":"<a href=\"https:\/\/quehacerpolitico.mx\/?cat=1\" rel=\"category\">Internacionales<\/a>","tag_info":"Internacionales","comment_count":"0","_links":{"self":[{"href":"https:\/\/quehacerpolitico.mx\/index.php?rest_route=\/wp\/v2\/posts\/99532","targetHints":{"allow":["GET"]}}],"collection":[{"href":"https:\/\/quehacerpolitico.mx\/index.php?rest_route=\/wp\/v2\/posts"}],"about":[{"href":"https:\/\/quehacerpolitico.mx\/index.php?rest_route=\/wp\/v2\/types\/post"}],"author":[{"embeddable":true,"href":"https:\/\/quehacerpolitico.mx\/index.php?rest_route=\/wp\/v2\/users\/2"}],"replies":[{"embeddable":true,"href":"https:\/\/quehacerpolitico.mx\/index.php?rest_route=%2Fwp%2Fv2%2Fcomments&post=99532"}],"version-history":[{"count":1,"href":"https:\/\/quehacerpolitico.mx\/index.php?rest_route=\/wp\/v2\/posts\/99532\/revisions"}],"predecessor-version":[{"id":99534,"href":"https:\/\/quehacerpolitico.mx\/index.php?rest_route=\/wp\/v2\/posts\/99532\/revisions\/99534"}],"wp:featuredmedia":[{"embeddable":true,"href":"https:\/\/quehacerpolitico.mx\/index.php?rest_route=\/wp\/v2\/media\/99533"}],"wp:attachment":[{"href":"https:\/\/quehacerpolitico.mx\/index.php?rest_route=%2Fwp%2Fv2%2Fmedia&parent=99532"}],"wp:term":[{"taxonomy":"category","embeddable":true,"href":"https:\/\/quehacerpolitico.mx\/index.php?rest_route=%2Fwp%2Fv2%2Fcategories&post=99532"},{"taxonomy":"post_tag","embeddable":true,"href":"https:\/\/quehacerpolitico.mx\/index.php?rest_route=%2Fwp%2Fv2%2Ftags&post=99532"}],"curies":[{"name":"wp","href":"https:\/\/api.w.org\/{rel}","templated":true}]}}