{"id":99468,"date":"2023-03-21T17:26:56","date_gmt":"2023-03-21T17:26:56","guid":{"rendered":"https:\/\/quehacerpolitico.mx\/?p=99468"},"modified":"2023-03-21T17:27:02","modified_gmt":"2023-03-21T17:27:02","slug":"no-somos-como-los-conservadores-lopez-obrador","status":"publish","type":"post","link":"https:\/\/quehacerpolitico.mx\/?p=99468","title":{"rendered":"No somos como los conservadores: L\u00f3pez Obrador"},"content":{"rendered":"\n<p>Por Redacci\u00f3n QP<\/p>\n\n\n\n<p>El Presidente de la Rep\u00fablica mexicana asegura que las marchas deben ser pac\u00edficas y verse como adversarios, no como enemigos<\/p>\n\n\n\n<p>El Presidente<strong>\u00a0Andr\u00e9s Manuel L\u00f3pez Obrador reprob\u00f3 que<\/strong>\u00a0un grupo minoritario de sus seguidores\u00a0<strong>quemara una figura con la imagen<\/strong> de\u00a0la presidenta de la Suprema Corte,<strong>\u00a0Norma Pi\u00f1a Hern\u00e1ndez<\/strong>, el s\u00e1bado pasado tras la conmemoraci\u00f3n del 85 aniversario de la expropiaci\u00f3n petrolera.<\/p>\n\n\n\n<p><strong>&#8220;No deben llevarse a cabo este tipo de actos, no es lo mejor, creo que hay formas de protestar sin llegar a esos extremos. S\u00ed condeno esos actos, no hacen falta. Tenemos que vernos como adversarios, no como enemigos&#8221;<\/strong>, dijo.<\/p>\n\n\n\n<p>Se\u00f1al\u00f3 que su movimiento es pac\u00edfico y\u00a0<strong>&#8220;no somos iguales a los conservadores<\/strong>, que nos ven como enemigos a destruir, no como adversarios&#8221;.<\/p>\n\n\n\n<p>Insisti\u00f3 en que son expresiones minoritarias y que no hay que dar motivos a los conservadores, porque &#8220;ya ven c\u00f3mo son, muy hip\u00f3critas. Claro que son expresiones muy minoritarias de nuestro movimiento.<strong>\u00a0La mayor\u00eda de la gente est\u00e1 muy consciente de que se debe seguir luchando por la v\u00eda pac\u00edfica<\/strong>&#8220;.<\/p>\n\n\n\n<p>Record\u00f3 que en la marcha en defensa del INE algunos de los asistentes\u00a0<strong>quemaron una imagen de su persona y nadie se quej\u00f3<\/strong>, pero eso, enfatiz\u00f3, no debe pasar en ning\u00fan caso.<\/p>\n\n\n\n<p>&#8220;<strong>Ah, una m\u00eda tambi\u00e9n. No me di cuenta, no me di por enterado. Pero no debe de pasar eso en ning\u00fan caso<\/strong>. Pero cuando quemaron mi figura no sali\u00f3 en la prensa, \u00bfverdad?, \u00bfo s\u00ed sali\u00f3?&#8221;, dijo.<\/p>\n\n\n\n<p>La jefa de Gobierno,\u00a0<strong>Claudia Sheinbaum, conden\u00f3 la acci\u00f3n y precis\u00f3 que este tipo de pr\u00e1cticas no deben existir<\/strong>, aunque record\u00f3 que tambi\u00e9n hay quienes han pedido quemar a morenistas.<\/p>\n\n\n\n<p>Con Informaci\u00f3n de SUN <\/p>\n","protected":false},"excerpt":{"rendered":"<p>Por Redacci\u00f3n QP El Presidente de la Rep\u00fablica mexicana asegura que las marchas deben ser&#8230;<\/p>\n","protected":false},"author":2,"featured_media":99469,"comment_status":"open","ping_status":"open","sticky":false,"template":"","format":"standard","meta":{"_monsterinsights_skip_tracking":false,"_monsterinsights_sitenote_active":false,"_monsterinsights_sitenote_note":"","_monsterinsights_sitenote_category":0,"footnotes":""},"categories":[2],"tags":[],"class_list":["post-99468","post","type-post","status-publish","format-standard","has-post-thumbnail","hentry","category-noticias"],"yoast_head":"<!-- This site is optimized with the Yoast SEO plugin v27.3 - https:\/\/yoast.com\/product\/yoast-seo-wordpress\/ -->\n<title>No somos como los conservadores: L\u00f3pez Obrador -<\/title>\n<meta name=\"robots\" content=\"index, follow, max-snippet:-1, max-image-preview:large, max-video-preview:-1\" \/>\n<link rel=\"canonical\" href=\"https:\/\/quehacerpolitico.mx\/?p=99468\" \/>\n<meta property=\"og:locale\" content=\"es_MX\" \/>\n<meta property=\"og:type\" content=\"article\" \/>\n<meta property=\"og:title\" content=\"No somos como los conservadores: L\u00f3pez Obrador -\" \/>\n<meta property=\"og:description\" content=\"Por Redacci\u00f3n QP El Presidente de la Rep\u00fablica mexicana asegura que las marchas deben ser...\" \/>\n<meta property=\"og:url\" content=\"https:\/\/quehacerpolitico.mx\/?p=99468\" \/>\n<meta property=\"article:published_time\" content=\"2023-03-21T17:26:56+00:00\" \/>\n<meta property=\"article:modified_time\" content=\"2023-03-21T17:27:02+00:00\" \/>\n<meta property=\"og:image\" content=\"https:\/\/quehacerpolitico.mx\/wp-content\/uploads\/2023\/03\/B910B457-CDE5-4A1E-9C2A-81C8EEC38979.jpeg\" \/>\n\t<meta property=\"og:image:width\" content=\"1034\" \/>\n\t<meta property=\"og:image:height\" content=\"575\" \/>\n\t<meta property=\"og:image:type\" content=\"image\/jpeg\" \/>\n<meta name=\"author\" content=\"Redacci\u00f3n QP\" \/>\n<meta name=\"twitter:card\" content=\"summary_large_image\" \/>\n<meta name=\"twitter:label1\" content=\"Escrito por\" \/>\n\t<meta name=\"twitter:data1\" content=\"Redacci\u00f3n QP\" \/>\n\t<meta name=\"twitter:label2\" content=\"Tiempo de lectura\" \/>\n\t<meta name=\"twitter:data2\" content=\"2 minutos\" \/>\n<script type=\"application\/ld+json\" class=\"yoast-schema-graph\">{\"@context\":\"https:\\\/\\\/schema.org\",\"@graph\":[{\"@type\":\"Article\",\"@id\":\"https:\\\/\\\/quehacerpolitico.mx\\\/?p=99468#article\",\"isPartOf\":{\"@id\":\"https:\\\/\\\/quehacerpolitico.mx\\\/?p=99468\"},\"author\":{\"name\":\"Redacci\u00f3n QP\",\"@id\":\"https:\\\/\\\/quehacerpolitico.mx\\\/#\\\/schema\\\/person\\\/496d8ad2d1d3f8036101dca7ee39e585\"},\"headline\":\"No somos como los conservadores: L\u00f3pez Obrador\",\"datePublished\":\"2023-03-21T17:26:56+00:00\",\"dateModified\":\"2023-03-21T17:27:02+00:00\",\"mainEntityOfPage\":{\"@id\":\"https:\\\/\\\/quehacerpolitico.mx\\\/?p=99468\"},\"wordCount\":314,\"commentCount\":0,\"image\":{\"@id\":\"https:\\\/\\\/quehacerpolitico.mx\\\/?p=99468#primaryimage\"},\"thumbnailUrl\":\"https:\\\/\\\/quehacerpolitico.mx\\\/wp-content\\\/uploads\\\/2023\\\/03\\\/B910B457-CDE5-4A1E-9C2A-81C8EEC38979.jpeg\",\"articleSection\":[\"Noticias\"],\"inLanguage\":\"es\",\"potentialAction\":[{\"@type\":\"CommentAction\",\"name\":\"Comment\",\"target\":[\"https:\\\/\\\/quehacerpolitico.mx\\\/?p=99468#respond\"]}]},{\"@type\":\"WebPage\",\"@id\":\"https:\\\/\\\/quehacerpolitico.mx\\\/?p=99468\",\"url\":\"https:\\\/\\\/quehacerpolitico.mx\\\/?p=99468\",\"name\":\"No somos como los conservadores: L\u00f3pez Obrador -\",\"isPartOf\":{\"@id\":\"https:\\\/\\\/quehacerpolitico.mx\\\/#website\"},\"primaryImageOfPage\":{\"@id\":\"https:\\\/\\\/quehacerpolitico.mx\\\/?p=99468#primaryimage\"},\"image\":{\"@id\":\"https:\\\/\\\/quehacerpolitico.mx\\\/?p=99468#primaryimage\"},\"thumbnailUrl\":\"https:\\\/\\\/quehacerpolitico.mx\\\/wp-content\\\/uploads\\\/2023\\\/03\\\/B910B457-CDE5-4A1E-9C2A-81C8EEC38979.jpeg\",\"datePublished\":\"2023-03-21T17:26:56+00:00\",\"dateModified\":\"2023-03-21T17:27:02+00:00\",\"author\":{\"@id\":\"https:\\\/\\\/quehacerpolitico.mx\\\/#\\\/schema\\\/person\\\/496d8ad2d1d3f8036101dca7ee39e585\"},\"breadcrumb\":{\"@id\":\"https:\\\/\\\/quehacerpolitico.mx\\\/?p=99468#breadcrumb\"},\"inLanguage\":\"es\",\"potentialAction\":[{\"@type\":\"ReadAction\",\"target\":[\"https:\\\/\\\/quehacerpolitico.mx\\\/?p=99468\"]}]},{\"@type\":\"ImageObject\",\"inLanguage\":\"es\",\"@id\":\"https:\\\/\\\/quehacerpolitico.mx\\\/?p=99468#primaryimage\",\"url\":\"https:\\\/\\\/quehacerpolitico.mx\\\/wp-content\\\/uploads\\\/2023\\\/03\\\/B910B457-CDE5-4A1E-9C2A-81C8EEC38979.jpeg\",\"contentUrl\":\"https:\\\/\\\/quehacerpolitico.mx\\\/wp-content\\\/uploads\\\/2023\\\/03\\\/B910B457-CDE5-4A1E-9C2A-81C8EEC38979.jpeg\",\"width\":1034,\"height\":575},{\"@type\":\"BreadcrumbList\",\"@id\":\"https:\\\/\\\/quehacerpolitico.mx\\\/?p=99468#breadcrumb\",\"itemListElement\":[{\"@type\":\"ListItem\",\"position\":1,\"name\":\"Inicio\",\"item\":\"https:\\\/\\\/quehacerpolitico.mx\\\/\"},{\"@type\":\"ListItem\",\"position\":2,\"name\":\"No somos como los conservadores: L\u00f3pez Obrador\"}]},{\"@type\":\"WebSite\",\"@id\":\"https:\\\/\\\/quehacerpolitico.mx\\\/#website\",\"url\":\"https:\\\/\\\/quehacerpolitico.mx\\\/\",\"name\":\"\",\"description\":\"\",\"potentialAction\":[{\"@type\":\"SearchAction\",\"target\":{\"@type\":\"EntryPoint\",\"urlTemplate\":\"https:\\\/\\\/quehacerpolitico.mx\\\/?s={search_term_string}\"},\"query-input\":{\"@type\":\"PropertyValueSpecification\",\"valueRequired\":true,\"valueName\":\"search_term_string\"}}],\"inLanguage\":\"es\"},{\"@type\":\"Person\",\"@id\":\"https:\\\/\\\/quehacerpolitico.mx\\\/#\\\/schema\\\/person\\\/496d8ad2d1d3f8036101dca7ee39e585\",\"name\":\"Redacci\u00f3n QP\",\"image\":{\"@type\":\"ImageObject\",\"inLanguage\":\"es\",\"@id\":\"https:\\\/\\\/secure.gravatar.com\\\/avatar\\\/c7164ed6fdec453195284ad24a5ae5b6e1eed2b848477fa2a4787ba9adf39a41?s=96&d=mm&r=g\",\"url\":\"https:\\\/\\\/secure.gravatar.com\\\/avatar\\\/c7164ed6fdec453195284ad24a5ae5b6e1eed2b848477fa2a4787ba9adf39a41?s=96&d=mm&r=g\",\"contentUrl\":\"https:\\\/\\\/secure.gravatar.com\\\/avatar\\\/c7164ed6fdec453195284ad24a5ae5b6e1eed2b848477fa2a4787ba9adf39a41?s=96&d=mm&r=g\",\"caption\":\"Redacci\u00f3n QP\"},\"url\":\"https:\\\/\\\/quehacerpolitico.mx\\\/?author=2\"}]}<\/script>\n<!-- \/ Yoast SEO plugin. -->","yoast_head_json":{"title":"No somos como los conservadores: L\u00f3pez Obrador -","robots":{"index":"index","follow":"follow","max-snippet":"max-snippet:-1","max-image-preview":"max-image-preview:large","max-video-preview":"max-video-preview:-1"},"canonical":"https:\/\/quehacerpolitico.mx\/?p=99468","og_locale":"es_MX","og_type":"article","og_title":"No somos como los conservadores: L\u00f3pez Obrador -","og_description":"Por Redacci\u00f3n QP El Presidente de la Rep\u00fablica mexicana asegura que las marchas deben ser...","og_url":"https:\/\/quehacerpolitico.mx\/?p=99468","article_published_time":"2023-03-21T17:26:56+00:00","article_modified_time":"2023-03-21T17:27:02+00:00","og_image":[{"width":1034,"height":575,"url":"https:\/\/quehacerpolitico.mx\/wp-content\/uploads\/2023\/03\/B910B457-CDE5-4A1E-9C2A-81C8EEC38979.jpeg","type":"image\/jpeg"}],"author":"Redacci\u00f3n QP","twitter_card":"summary_large_image","twitter_misc":{"Escrito por":"Redacci\u00f3n QP","Tiempo de lectura":"2 minutos"},"schema":{"@context":"https:\/\/schema.org","@graph":[{"@type":"Article","@id":"https:\/\/quehacerpolitico.mx\/?p=99468#article","isPartOf":{"@id":"https:\/\/quehacerpolitico.mx\/?p=99468"},"author":{"name":"Redacci\u00f3n QP","@id":"https:\/\/quehacerpolitico.mx\/#\/schema\/person\/496d8ad2d1d3f8036101dca7ee39e585"},"headline":"No somos como los conservadores: L\u00f3pez Obrador","datePublished":"2023-03-21T17:26:56+00:00","dateModified":"2023-03-21T17:27:02+00:00","mainEntityOfPage":{"@id":"https:\/\/quehacerpolitico.mx\/?p=99468"},"wordCount":314,"commentCount":0,"image":{"@id":"https:\/\/quehacerpolitico.mx\/?p=99468#primaryimage"},"thumbnailUrl":"https:\/\/quehacerpolitico.mx\/wp-content\/uploads\/2023\/03\/B910B457-CDE5-4A1E-9C2A-81C8EEC38979.jpeg","articleSection":["Noticias"],"inLanguage":"es","potentialAction":[{"@type":"CommentAction","name":"Comment","target":["https:\/\/quehacerpolitico.mx\/?p=99468#respond"]}]},{"@type":"WebPage","@id":"https:\/\/quehacerpolitico.mx\/?p=99468","url":"https:\/\/quehacerpolitico.mx\/?p=99468","name":"No somos como los conservadores: L\u00f3pez Obrador -","isPartOf":{"@id":"https:\/\/quehacerpolitico.mx\/#website"},"primaryImageOfPage":{"@id":"https:\/\/quehacerpolitico.mx\/?p=99468#primaryimage"},"image":{"@id":"https:\/\/quehacerpolitico.mx\/?p=99468#primaryimage"},"thumbnailUrl":"https:\/\/quehacerpolitico.mx\/wp-content\/uploads\/2023\/03\/B910B457-CDE5-4A1E-9C2A-81C8EEC38979.jpeg","datePublished":"2023-03-21T17:26:56+00:00","dateModified":"2023-03-21T17:27:02+00:00","author":{"@id":"https:\/\/quehacerpolitico.mx\/#\/schema\/person\/496d8ad2d1d3f8036101dca7ee39e585"},"breadcrumb":{"@id":"https:\/\/quehacerpolitico.mx\/?p=99468#breadcrumb"},"inLanguage":"es","potentialAction":[{"@type":"ReadAction","target":["https:\/\/quehacerpolitico.mx\/?p=99468"]}]},{"@type":"ImageObject","inLanguage":"es","@id":"https:\/\/quehacerpolitico.mx\/?p=99468#primaryimage","url":"https:\/\/quehacerpolitico.mx\/wp-content\/uploads\/2023\/03\/B910B457-CDE5-4A1E-9C2A-81C8EEC38979.jpeg","contentUrl":"https:\/\/quehacerpolitico.mx\/wp-content\/uploads\/2023\/03\/B910B457-CDE5-4A1E-9C2A-81C8EEC38979.jpeg","width":1034,"height":575},{"@type":"BreadcrumbList","@id":"https:\/\/quehacerpolitico.mx\/?p=99468#breadcrumb","itemListElement":[{"@type":"ListItem","position":1,"name":"Inicio","item":"https:\/\/quehacerpolitico.mx\/"},{"@type":"ListItem","position":2,"name":"No somos como los conservadores: L\u00f3pez Obrador"}]},{"@type":"WebSite","@id":"https:\/\/quehacerpolitico.mx\/#website","url":"https:\/\/quehacerpolitico.mx\/","name":"","description":"","potentialAction":[{"@type":"SearchAction","target":{"@type":"EntryPoint","urlTemplate":"https:\/\/quehacerpolitico.mx\/?s={search_term_string}"},"query-input":{"@type":"PropertyValueSpecification","valueRequired":true,"valueName":"search_term_string"}}],"inLanguage":"es"},{"@type":"Person","@id":"https:\/\/quehacerpolitico.mx\/#\/schema\/person\/496d8ad2d1d3f8036101dca7ee39e585","name":"Redacci\u00f3n QP","image":{"@type":"ImageObject","inLanguage":"es","@id":"https:\/\/secure.gravatar.com\/avatar\/c7164ed6fdec453195284ad24a5ae5b6e1eed2b848477fa2a4787ba9adf39a41?s=96&d=mm&r=g","url":"https:\/\/secure.gravatar.com\/avatar\/c7164ed6fdec453195284ad24a5ae5b6e1eed2b848477fa2a4787ba9adf39a41?s=96&d=mm&r=g","contentUrl":"https:\/\/secure.gravatar.com\/avatar\/c7164ed6fdec453195284ad24a5ae5b6e1eed2b848477fa2a4787ba9adf39a41?s=96&d=mm&r=g","caption":"Redacci\u00f3n QP"},"url":"https:\/\/quehacerpolitico.mx\/?author=2"}]}},"featured_image_urls":{"full":["https:\/\/quehacerpolitico.mx\/wp-content\/uploads\/2023\/03\/B910B457-CDE5-4A1E-9C2A-81C8EEC38979.jpeg",1034,575,false],"thumbnail":["https:\/\/quehacerpolitico.mx\/wp-content\/uploads\/2023\/03\/B910B457-CDE5-4A1E-9C2A-81C8EEC38979-150x150.jpeg",150,150,true],"medium":["https:\/\/quehacerpolitico.mx\/wp-content\/uploads\/2023\/03\/B910B457-CDE5-4A1E-9C2A-81C8EEC38979-300x167.jpeg",300,167,true],"medium_large":["https:\/\/quehacerpolitico.mx\/wp-content\/uploads\/2023\/03\/B910B457-CDE5-4A1E-9C2A-81C8EEC38979-768x427.jpeg",640,356,true],"large":["https:\/\/quehacerpolitico.mx\/wp-content\/uploads\/2023\/03\/B910B457-CDE5-4A1E-9C2A-81C8EEC38979-1024x569.jpeg",640,356,true],"1536x1536":["https:\/\/quehacerpolitico.mx\/wp-content\/uploads\/2023\/03\/B910B457-CDE5-4A1E-9C2A-81C8EEC38979.jpeg",1034,575,false],"2048x2048":["https:\/\/quehacerpolitico.mx\/wp-content\/uploads\/2023\/03\/B910B457-CDE5-4A1E-9C2A-81C8EEC38979.jpeg",1034,575,false],"covernews-featured":["https:\/\/quehacerpolitico.mx\/wp-content\/uploads\/2023\/03\/B910B457-CDE5-4A1E-9C2A-81C8EEC38979.jpeg",1024,569,false],"covernews-medium":["https:\/\/quehacerpolitico.mx\/wp-content\/uploads\/2023\/03\/B910B457-CDE5-4A1E-9C2A-81C8EEC38979.jpeg",540,300,false]},"author_info":{"display_name":"Redacci\u00f3n QP","author_link":"https:\/\/quehacerpolitico.mx\/?author=2"},"category_info":"<a href=\"https:\/\/quehacerpolitico.mx\/?cat=2\" rel=\"category\">Noticias<\/a>","tag_info":"Noticias","comment_count":"0","_links":{"self":[{"href":"https:\/\/quehacerpolitico.mx\/index.php?rest_route=\/wp\/v2\/posts\/99468","targetHints":{"allow":["GET"]}}],"collection":[{"href":"https:\/\/quehacerpolitico.mx\/index.php?rest_route=\/wp\/v2\/posts"}],"about":[{"href":"https:\/\/quehacerpolitico.mx\/index.php?rest_route=\/wp\/v2\/types\/post"}],"author":[{"embeddable":true,"href":"https:\/\/quehacerpolitico.mx\/index.php?rest_route=\/wp\/v2\/users\/2"}],"replies":[{"embeddable":true,"href":"https:\/\/quehacerpolitico.mx\/index.php?rest_route=%2Fwp%2Fv2%2Fcomments&post=99468"}],"version-history":[{"count":1,"href":"https:\/\/quehacerpolitico.mx\/index.php?rest_route=\/wp\/v2\/posts\/99468\/revisions"}],"predecessor-version":[{"id":99470,"href":"https:\/\/quehacerpolitico.mx\/index.php?rest_route=\/wp\/v2\/posts\/99468\/revisions\/99470"}],"wp:featuredmedia":[{"embeddable":true,"href":"https:\/\/quehacerpolitico.mx\/index.php?rest_route=\/wp\/v2\/media\/99469"}],"wp:attachment":[{"href":"https:\/\/quehacerpolitico.mx\/index.php?rest_route=%2Fwp%2Fv2%2Fmedia&parent=99468"}],"wp:term":[{"taxonomy":"category","embeddable":true,"href":"https:\/\/quehacerpolitico.mx\/index.php?rest_route=%2Fwp%2Fv2%2Fcategories&post=99468"},{"taxonomy":"post_tag","embeddable":true,"href":"https:\/\/quehacerpolitico.mx\/index.php?rest_route=%2Fwp%2Fv2%2Ftags&post=99468"}],"curies":[{"name":"wp","href":"https:\/\/api.w.org\/{rel}","templated":true}]}}