{"id":99422,"date":"2023-03-20T18:46:38","date_gmt":"2023-03-20T18:46:38","guid":{"rendered":"https:\/\/quehacerpolitico.mx\/?p=99422"},"modified":"2023-03-20T18:46:41","modified_gmt":"2023-03-20T18:46:41","slug":"lopez-obrador-condena-quema-de-figura-de-ministra-pina-en-el-zocalo","status":"publish","type":"post","link":"https:\/\/quehacerpolitico.mx\/?p=99422","title":{"rendered":"L\u00f3pez Obrador condena quema de figura de ministra Pi\u00f1a en el Z\u00f3calo"},"content":{"rendered":"\n<p>Por Redacci\u00f3n QP<\/p>\n\n\n\n<p>&#8220;Hay formas de protestar sin llegar a esos extremos. S\u00ed condeno esos actos (&#8230;)\u00a0\u00a0tenemos que vernos como adversarios, no como enemigos&#8221;, dijo el Presidente<\/p>\n\n\n\n<p><strong>Andr\u00e9s Manuel L\u00f3pez Obrador, Presidente de M\u00e9xico, se pronunci\u00f3 respecto a lo acontecido el pasado 18 de marzo, en el que una imagen\u00a0de la presidenta de la Suprema Corte de Justicia de la Naci\u00f3n (SCJN), Norma Luc\u00eda Pi\u00f1a Hern\u00e1ndez, fue quemada por los asistentes al evento.<\/strong><\/p>\n\n\n\n<p>&#8220;No debe de llevarse a cabo este tipo de actos, no es lo mejor, creo que hay formas de protestar sin llegar a esos extremos.<strong>\u00a0S\u00ed condeno esos actos, no hace falta, tenemos que vernos como adversarios, no como enemigos<\/strong>&#8220;, expres\u00f3 en su conferencia ma\u00f1anera de este lunes en Tuxtla Guti\u00e9rrez.<\/p>\n\n\n\n<figure class=\"wp-block-embed is-type-video is-provider-youtube wp-block-embed-youtube wp-embed-aspect-16-9 wp-has-aspect-ratio\"><div class=\"wp-block-embed__wrapper\">\n<iframe loading=\"lazy\" title=\"Expresiones minoritarias, dice AMLO tras ataques a Pi\u00f1a\" width=\"640\" height=\"360\" src=\"https:\/\/www.youtube.com\/embed\/kAZPuIeCkfo?feature=oembed\" frameborder=\"0\" allow=\"accelerometer; autoplay; clipboard-write; encrypted-media; gyroscope; picture-in-picture; web-share\" referrerpolicy=\"strict-origin-when-cross-origin\" allowfullscreen><\/iframe>\n<\/div><\/figure>\n\n\n\n<p>En las instalaciones de la S\u00e9ptima Regi\u00f3n Militar, L\u00f3pez Obrador se\u00f1al\u00f3 que su movimiento es pac\u00edfico &#8220;y no somos iguales a los conservadores&#8221; que &#8220;nos ven&#8221; como enemigos a destruir, no como adversarios.<\/p>\n\n\n\n<p>&#8220;No podemos actuar de la misma manera, tenemos que ser respetuosos, este es y seguir\u00e1 siendo un movimiento pac\u00edfico;<strong>&nbsp;no odiar, sobre todo hay que hacer valer el amor al pr\u00f3jimo. Son nuestros adversarios no nuestros enemigos&#8221;, expres\u00f3. Se\u00f1al\u00f3 que son expresiones minoritarias<\/strong>&nbsp;y no hay que darle motivos a los conservadores porque &#8220;ya ven como son muy hip\u00f3critas&#8221;.<\/p>\n\n\n\n<p><strong>Record\u00f3 que en la marcha en defensa del INE quemaron una imagen de su persona, pero eso no debe pasar eso en ning\u00fan caso. &#8220;Pero cuando quemaron mi figura no sali\u00f3 en la prensa \u00bfO si? De todas maneras repruebo de la ministra Pi\u00f1a, no sab\u00eda&#8221;.<\/strong><\/p>\n\n\n\n<figure class=\"wp-block-embed is-type-rich is-provider-twitter wp-block-embed-twitter\"><div class=\"wp-block-embed__wrapper\">\n<blockquote class=\"twitter-tweet\" data-width=\"550\" data-dnt=\"true\"><p lang=\"es\" dir=\"ltr\">Noooombre, gran mensaje<br><br>Primero dice que no debe de pasar que quemen figuras como la de Norma Pi\u00f1a peeeeero dice que cuando quemaron la figura de \u00e9l nadie se quejo.<br><br>Ah pero lo reprueba. Ay no. <a href=\"https:\/\/t.co\/YxpanpJGAF\">pic.twitter.com\/YxpanpJGAF<\/a><\/p>&mdash; Ruido en la Red (@RuidoEnLaRed) <a href=\"https:\/\/twitter.com\/RuidoEnLaRed\/status\/1637837575900524547?ref_src=twsrc%5Etfw\">March 20, 2023<\/a><\/blockquote><script async src=\"https:\/\/platform.twitter.com\/widgets.js\" charset=\"utf-8\"><\/script>\n<\/div><\/figure>\n\n\n\n<p>con Informaci\u00f3n de SUN <\/p>\n","protected":false},"excerpt":{"rendered":"<p>Por Redacci\u00f3n QP &#8220;Hay formas de protestar sin llegar a esos extremos. S\u00ed condeno esos&#8230;<\/p>\n","protected":false},"author":2,"featured_media":99423,"comment_status":"open","ping_status":"open","sticky":false,"template":"","format":"standard","meta":{"_monsterinsights_skip_tracking":false,"_monsterinsights_sitenote_active":false,"_monsterinsights_sitenote_note":"","_monsterinsights_sitenote_category":0,"footnotes":""},"categories":[2],"tags":[],"class_list":["post-99422","post","type-post","status-publish","format-standard","has-post-thumbnail","hentry","category-noticias"],"yoast_head":"<!-- This site is optimized with the Yoast SEO plugin v27.3 - https:\/\/yoast.com\/product\/yoast-seo-wordpress\/ -->\n<title>L\u00f3pez Obrador condena quema de figura de ministra Pi\u00f1a en el Z\u00f3calo -<\/title>\n<meta name=\"robots\" content=\"index, follow, max-snippet:-1, max-image-preview:large, max-video-preview:-1\" \/>\n<link rel=\"canonical\" href=\"https:\/\/quehacerpolitico.mx\/?p=99422\" \/>\n<meta property=\"og:locale\" content=\"es_MX\" \/>\n<meta property=\"og:type\" content=\"article\" \/>\n<meta property=\"og:title\" content=\"L\u00f3pez Obrador condena quema de figura de ministra Pi\u00f1a en el Z\u00f3calo -\" \/>\n<meta property=\"og:description\" content=\"Por Redacci\u00f3n QP &#8220;Hay formas de protestar sin llegar a esos extremos. S\u00ed condeno esos...\" \/>\n<meta property=\"og:url\" content=\"https:\/\/quehacerpolitico.mx\/?p=99422\" \/>\n<meta property=\"article:published_time\" content=\"2023-03-20T18:46:38+00:00\" \/>\n<meta property=\"article:modified_time\" content=\"2023-03-20T18:46:41+00:00\" \/>\n<meta property=\"og:image\" content=\"https:\/\/quehacerpolitico.mx\/wp-content\/uploads\/2023\/03\/86B56618-EA61-4190-A7C1-FA2DB0ABBF6B.jpeg\" \/>\n\t<meta property=\"og:image:width\" content=\"1284\" \/>\n\t<meta property=\"og:image:height\" content=\"700\" \/>\n\t<meta property=\"og:image:type\" content=\"image\/jpeg\" \/>\n<meta name=\"author\" content=\"Redacci\u00f3n QP\" \/>\n<meta name=\"twitter:card\" content=\"summary_large_image\" \/>\n<meta name=\"twitter:label1\" content=\"Escrito por\" \/>\n\t<meta name=\"twitter:data1\" content=\"Redacci\u00f3n QP\" \/>\n\t<meta name=\"twitter:label2\" content=\"Tiempo de lectura\" \/>\n\t<meta name=\"twitter:data2\" content=\"2 minutos\" \/>\n<script type=\"application\/ld+json\" class=\"yoast-schema-graph\">{\"@context\":\"https:\\\/\\\/schema.org\",\"@graph\":[{\"@type\":\"Article\",\"@id\":\"https:\\\/\\\/quehacerpolitico.mx\\\/?p=99422#article\",\"isPartOf\":{\"@id\":\"https:\\\/\\\/quehacerpolitico.mx\\\/?p=99422\"},\"author\":{\"name\":\"Redacci\u00f3n QP\",\"@id\":\"https:\\\/\\\/quehacerpolitico.mx\\\/#\\\/schema\\\/person\\\/496d8ad2d1d3f8036101dca7ee39e585\"},\"headline\":\"L\u00f3pez Obrador condena quema de figura de ministra Pi\u00f1a en el Z\u00f3calo\",\"datePublished\":\"2023-03-20T18:46:38+00:00\",\"dateModified\":\"2023-03-20T18:46:41+00:00\",\"mainEntityOfPage\":{\"@id\":\"https:\\\/\\\/quehacerpolitico.mx\\\/?p=99422\"},\"wordCount\":321,\"commentCount\":0,\"image\":{\"@id\":\"https:\\\/\\\/quehacerpolitico.mx\\\/?p=99422#primaryimage\"},\"thumbnailUrl\":\"https:\\\/\\\/quehacerpolitico.mx\\\/wp-content\\\/uploads\\\/2023\\\/03\\\/86B56618-EA61-4190-A7C1-FA2DB0ABBF6B.jpeg\",\"articleSection\":[\"Noticias\"],\"inLanguage\":\"es\",\"potentialAction\":[{\"@type\":\"CommentAction\",\"name\":\"Comment\",\"target\":[\"https:\\\/\\\/quehacerpolitico.mx\\\/?p=99422#respond\"]}]},{\"@type\":\"WebPage\",\"@id\":\"https:\\\/\\\/quehacerpolitico.mx\\\/?p=99422\",\"url\":\"https:\\\/\\\/quehacerpolitico.mx\\\/?p=99422\",\"name\":\"L\u00f3pez Obrador condena quema de figura de ministra Pi\u00f1a en el Z\u00f3calo -\",\"isPartOf\":{\"@id\":\"https:\\\/\\\/quehacerpolitico.mx\\\/#website\"},\"primaryImageOfPage\":{\"@id\":\"https:\\\/\\\/quehacerpolitico.mx\\\/?p=99422#primaryimage\"},\"image\":{\"@id\":\"https:\\\/\\\/quehacerpolitico.mx\\\/?p=99422#primaryimage\"},\"thumbnailUrl\":\"https:\\\/\\\/quehacerpolitico.mx\\\/wp-content\\\/uploads\\\/2023\\\/03\\\/86B56618-EA61-4190-A7C1-FA2DB0ABBF6B.jpeg\",\"datePublished\":\"2023-03-20T18:46:38+00:00\",\"dateModified\":\"2023-03-20T18:46:41+00:00\",\"author\":{\"@id\":\"https:\\\/\\\/quehacerpolitico.mx\\\/#\\\/schema\\\/person\\\/496d8ad2d1d3f8036101dca7ee39e585\"},\"breadcrumb\":{\"@id\":\"https:\\\/\\\/quehacerpolitico.mx\\\/?p=99422#breadcrumb\"},\"inLanguage\":\"es\",\"potentialAction\":[{\"@type\":\"ReadAction\",\"target\":[\"https:\\\/\\\/quehacerpolitico.mx\\\/?p=99422\"]}]},{\"@type\":\"ImageObject\",\"inLanguage\":\"es\",\"@id\":\"https:\\\/\\\/quehacerpolitico.mx\\\/?p=99422#primaryimage\",\"url\":\"https:\\\/\\\/quehacerpolitico.mx\\\/wp-content\\\/uploads\\\/2023\\\/03\\\/86B56618-EA61-4190-A7C1-FA2DB0ABBF6B.jpeg\",\"contentUrl\":\"https:\\\/\\\/quehacerpolitico.mx\\\/wp-content\\\/uploads\\\/2023\\\/03\\\/86B56618-EA61-4190-A7C1-FA2DB0ABBF6B.jpeg\",\"width\":1284,\"height\":700},{\"@type\":\"BreadcrumbList\",\"@id\":\"https:\\\/\\\/quehacerpolitico.mx\\\/?p=99422#breadcrumb\",\"itemListElement\":[{\"@type\":\"ListItem\",\"position\":1,\"name\":\"Inicio\",\"item\":\"https:\\\/\\\/quehacerpolitico.mx\\\/\"},{\"@type\":\"ListItem\",\"position\":2,\"name\":\"L\u00f3pez Obrador condena quema de figura de ministra Pi\u00f1a en el Z\u00f3calo\"}]},{\"@type\":\"WebSite\",\"@id\":\"https:\\\/\\\/quehacerpolitico.mx\\\/#website\",\"url\":\"https:\\\/\\\/quehacerpolitico.mx\\\/\",\"name\":\"\",\"description\":\"\",\"potentialAction\":[{\"@type\":\"SearchAction\",\"target\":{\"@type\":\"EntryPoint\",\"urlTemplate\":\"https:\\\/\\\/quehacerpolitico.mx\\\/?s={search_term_string}\"},\"query-input\":{\"@type\":\"PropertyValueSpecification\",\"valueRequired\":true,\"valueName\":\"search_term_string\"}}],\"inLanguage\":\"es\"},{\"@type\":\"Person\",\"@id\":\"https:\\\/\\\/quehacerpolitico.mx\\\/#\\\/schema\\\/person\\\/496d8ad2d1d3f8036101dca7ee39e585\",\"name\":\"Redacci\u00f3n QP\",\"image\":{\"@type\":\"ImageObject\",\"inLanguage\":\"es\",\"@id\":\"https:\\\/\\\/secure.gravatar.com\\\/avatar\\\/c7164ed6fdec453195284ad24a5ae5b6e1eed2b848477fa2a4787ba9adf39a41?s=96&d=mm&r=g\",\"url\":\"https:\\\/\\\/secure.gravatar.com\\\/avatar\\\/c7164ed6fdec453195284ad24a5ae5b6e1eed2b848477fa2a4787ba9adf39a41?s=96&d=mm&r=g\",\"contentUrl\":\"https:\\\/\\\/secure.gravatar.com\\\/avatar\\\/c7164ed6fdec453195284ad24a5ae5b6e1eed2b848477fa2a4787ba9adf39a41?s=96&d=mm&r=g\",\"caption\":\"Redacci\u00f3n QP\"},\"url\":\"https:\\\/\\\/quehacerpolitico.mx\\\/?author=2\"}]}<\/script>\n<!-- \/ Yoast SEO plugin. -->","yoast_head_json":{"title":"L\u00f3pez Obrador condena quema de figura de ministra Pi\u00f1a en el Z\u00f3calo -","robots":{"index":"index","follow":"follow","max-snippet":"max-snippet:-1","max-image-preview":"max-image-preview:large","max-video-preview":"max-video-preview:-1"},"canonical":"https:\/\/quehacerpolitico.mx\/?p=99422","og_locale":"es_MX","og_type":"article","og_title":"L\u00f3pez Obrador condena quema de figura de ministra Pi\u00f1a en el Z\u00f3calo -","og_description":"Por Redacci\u00f3n QP &#8220;Hay formas de protestar sin llegar a esos extremos. S\u00ed condeno esos...","og_url":"https:\/\/quehacerpolitico.mx\/?p=99422","article_published_time":"2023-03-20T18:46:38+00:00","article_modified_time":"2023-03-20T18:46:41+00:00","og_image":[{"width":1284,"height":700,"url":"https:\/\/quehacerpolitico.mx\/wp-content\/uploads\/2023\/03\/86B56618-EA61-4190-A7C1-FA2DB0ABBF6B.jpeg","type":"image\/jpeg"}],"author":"Redacci\u00f3n QP","twitter_card":"summary_large_image","twitter_misc":{"Escrito por":"Redacci\u00f3n QP","Tiempo de lectura":"2 minutos"},"schema":{"@context":"https:\/\/schema.org","@graph":[{"@type":"Article","@id":"https:\/\/quehacerpolitico.mx\/?p=99422#article","isPartOf":{"@id":"https:\/\/quehacerpolitico.mx\/?p=99422"},"author":{"name":"Redacci\u00f3n QP","@id":"https:\/\/quehacerpolitico.mx\/#\/schema\/person\/496d8ad2d1d3f8036101dca7ee39e585"},"headline":"L\u00f3pez Obrador condena quema de figura de ministra Pi\u00f1a en el Z\u00f3calo","datePublished":"2023-03-20T18:46:38+00:00","dateModified":"2023-03-20T18:46:41+00:00","mainEntityOfPage":{"@id":"https:\/\/quehacerpolitico.mx\/?p=99422"},"wordCount":321,"commentCount":0,"image":{"@id":"https:\/\/quehacerpolitico.mx\/?p=99422#primaryimage"},"thumbnailUrl":"https:\/\/quehacerpolitico.mx\/wp-content\/uploads\/2023\/03\/86B56618-EA61-4190-A7C1-FA2DB0ABBF6B.jpeg","articleSection":["Noticias"],"inLanguage":"es","potentialAction":[{"@type":"CommentAction","name":"Comment","target":["https:\/\/quehacerpolitico.mx\/?p=99422#respond"]}]},{"@type":"WebPage","@id":"https:\/\/quehacerpolitico.mx\/?p=99422","url":"https:\/\/quehacerpolitico.mx\/?p=99422","name":"L\u00f3pez Obrador condena quema de figura de ministra Pi\u00f1a en el Z\u00f3calo -","isPartOf":{"@id":"https:\/\/quehacerpolitico.mx\/#website"},"primaryImageOfPage":{"@id":"https:\/\/quehacerpolitico.mx\/?p=99422#primaryimage"},"image":{"@id":"https:\/\/quehacerpolitico.mx\/?p=99422#primaryimage"},"thumbnailUrl":"https:\/\/quehacerpolitico.mx\/wp-content\/uploads\/2023\/03\/86B56618-EA61-4190-A7C1-FA2DB0ABBF6B.jpeg","datePublished":"2023-03-20T18:46:38+00:00","dateModified":"2023-03-20T18:46:41+00:00","author":{"@id":"https:\/\/quehacerpolitico.mx\/#\/schema\/person\/496d8ad2d1d3f8036101dca7ee39e585"},"breadcrumb":{"@id":"https:\/\/quehacerpolitico.mx\/?p=99422#breadcrumb"},"inLanguage":"es","potentialAction":[{"@type":"ReadAction","target":["https:\/\/quehacerpolitico.mx\/?p=99422"]}]},{"@type":"ImageObject","inLanguage":"es","@id":"https:\/\/quehacerpolitico.mx\/?p=99422#primaryimage","url":"https:\/\/quehacerpolitico.mx\/wp-content\/uploads\/2023\/03\/86B56618-EA61-4190-A7C1-FA2DB0ABBF6B.jpeg","contentUrl":"https:\/\/quehacerpolitico.mx\/wp-content\/uploads\/2023\/03\/86B56618-EA61-4190-A7C1-FA2DB0ABBF6B.jpeg","width":1284,"height":700},{"@type":"BreadcrumbList","@id":"https:\/\/quehacerpolitico.mx\/?p=99422#breadcrumb","itemListElement":[{"@type":"ListItem","position":1,"name":"Inicio","item":"https:\/\/quehacerpolitico.mx\/"},{"@type":"ListItem","position":2,"name":"L\u00f3pez Obrador condena quema de figura de ministra Pi\u00f1a en el Z\u00f3calo"}]},{"@type":"WebSite","@id":"https:\/\/quehacerpolitico.mx\/#website","url":"https:\/\/quehacerpolitico.mx\/","name":"","description":"","potentialAction":[{"@type":"SearchAction","target":{"@type":"EntryPoint","urlTemplate":"https:\/\/quehacerpolitico.mx\/?s={search_term_string}"},"query-input":{"@type":"PropertyValueSpecification","valueRequired":true,"valueName":"search_term_string"}}],"inLanguage":"es"},{"@type":"Person","@id":"https:\/\/quehacerpolitico.mx\/#\/schema\/person\/496d8ad2d1d3f8036101dca7ee39e585","name":"Redacci\u00f3n QP","image":{"@type":"ImageObject","inLanguage":"es","@id":"https:\/\/secure.gravatar.com\/avatar\/c7164ed6fdec453195284ad24a5ae5b6e1eed2b848477fa2a4787ba9adf39a41?s=96&d=mm&r=g","url":"https:\/\/secure.gravatar.com\/avatar\/c7164ed6fdec453195284ad24a5ae5b6e1eed2b848477fa2a4787ba9adf39a41?s=96&d=mm&r=g","contentUrl":"https:\/\/secure.gravatar.com\/avatar\/c7164ed6fdec453195284ad24a5ae5b6e1eed2b848477fa2a4787ba9adf39a41?s=96&d=mm&r=g","caption":"Redacci\u00f3n QP"},"url":"https:\/\/quehacerpolitico.mx\/?author=2"}]}},"featured_image_urls":{"full":["https:\/\/quehacerpolitico.mx\/wp-content\/uploads\/2023\/03\/86B56618-EA61-4190-A7C1-FA2DB0ABBF6B.jpeg",1284,700,false],"thumbnail":["https:\/\/quehacerpolitico.mx\/wp-content\/uploads\/2023\/03\/86B56618-EA61-4190-A7C1-FA2DB0ABBF6B-150x150.jpeg",150,150,true],"medium":["https:\/\/quehacerpolitico.mx\/wp-content\/uploads\/2023\/03\/86B56618-EA61-4190-A7C1-FA2DB0ABBF6B-300x164.jpeg",300,164,true],"medium_large":["https:\/\/quehacerpolitico.mx\/wp-content\/uploads\/2023\/03\/86B56618-EA61-4190-A7C1-FA2DB0ABBF6B-768x419.jpeg",640,349,true],"large":["https:\/\/quehacerpolitico.mx\/wp-content\/uploads\/2023\/03\/86B56618-EA61-4190-A7C1-FA2DB0ABBF6B-1024x558.jpeg",640,349,true],"1536x1536":["https:\/\/quehacerpolitico.mx\/wp-content\/uploads\/2023\/03\/86B56618-EA61-4190-A7C1-FA2DB0ABBF6B.jpeg",1284,700,false],"2048x2048":["https:\/\/quehacerpolitico.mx\/wp-content\/uploads\/2023\/03\/86B56618-EA61-4190-A7C1-FA2DB0ABBF6B.jpeg",1284,700,false],"covernews-featured":["https:\/\/quehacerpolitico.mx\/wp-content\/uploads\/2023\/03\/86B56618-EA61-4190-A7C1-FA2DB0ABBF6B.jpeg",1024,558,false],"covernews-medium":["https:\/\/quehacerpolitico.mx\/wp-content\/uploads\/2023\/03\/86B56618-EA61-4190-A7C1-FA2DB0ABBF6B.jpeg",540,294,false]},"author_info":{"display_name":"Redacci\u00f3n QP","author_link":"https:\/\/quehacerpolitico.mx\/?author=2"},"category_info":"<a href=\"https:\/\/quehacerpolitico.mx\/?cat=2\" rel=\"category\">Noticias<\/a>","tag_info":"Noticias","comment_count":"0","_links":{"self":[{"href":"https:\/\/quehacerpolitico.mx\/index.php?rest_route=\/wp\/v2\/posts\/99422","targetHints":{"allow":["GET"]}}],"collection":[{"href":"https:\/\/quehacerpolitico.mx\/index.php?rest_route=\/wp\/v2\/posts"}],"about":[{"href":"https:\/\/quehacerpolitico.mx\/index.php?rest_route=\/wp\/v2\/types\/post"}],"author":[{"embeddable":true,"href":"https:\/\/quehacerpolitico.mx\/index.php?rest_route=\/wp\/v2\/users\/2"}],"replies":[{"embeddable":true,"href":"https:\/\/quehacerpolitico.mx\/index.php?rest_route=%2Fwp%2Fv2%2Fcomments&post=99422"}],"version-history":[{"count":1,"href":"https:\/\/quehacerpolitico.mx\/index.php?rest_route=\/wp\/v2\/posts\/99422\/revisions"}],"predecessor-version":[{"id":99424,"href":"https:\/\/quehacerpolitico.mx\/index.php?rest_route=\/wp\/v2\/posts\/99422\/revisions\/99424"}],"wp:featuredmedia":[{"embeddable":true,"href":"https:\/\/quehacerpolitico.mx\/index.php?rest_route=\/wp\/v2\/media\/99423"}],"wp:attachment":[{"href":"https:\/\/quehacerpolitico.mx\/index.php?rest_route=%2Fwp%2Fv2%2Fmedia&parent=99422"}],"wp:term":[{"taxonomy":"category","embeddable":true,"href":"https:\/\/quehacerpolitico.mx\/index.php?rest_route=%2Fwp%2Fv2%2Fcategories&post=99422"},{"taxonomy":"post_tag","embeddable":true,"href":"https:\/\/quehacerpolitico.mx\/index.php?rest_route=%2Fwp%2Fv2%2Ftags&post=99422"}],"curies":[{"name":"wp","href":"https:\/\/api.w.org\/{rel}","templated":true}]}}