{"id":99419,"date":"2023-03-20T18:35:08","date_gmt":"2023-03-20T18:35:08","guid":{"rendered":"https:\/\/quehacerpolitico.mx\/?p=99419"},"modified":"2023-03-20T18:35:11","modified_gmt":"2023-03-20T18:35:11","slug":"gobierno-federal-esta-invirtiendo-como-nunca-en-chiapas-lopez-obrador","status":"publish","type":"post","link":"https:\/\/quehacerpolitico.mx\/?p=99419","title":{"rendered":"Gobierno federal est\u00e1 invirtiendo &#8220;como nunca&#8221; en Chiapas: L\u00f3pez Obrador"},"content":{"rendered":"\n<p>Por Redacci\u00f3n QP<\/p>\n\n\n\n<p>En su &#8220;ma\u00f1anera&#8221; de este lunes, L\u00f3pez Obrador destac\u00f3 el trabajo que realiza el Gobierno federal con el gobernador Rutilio Escand\u00f3n<\/p>\n\n\n\n<p>El Presidente Andr\u00e9s Manuel L\u00f3pez Obrador afirm\u00f3 que\u00a0<strong>Chiapas, junto con Oaxaca y Guerrero, es uno de los tres estados que m\u00e1s presupuesto reciben sus habitantes para el Bienestar.<\/strong><\/p>\n\n\n\n<p>\u201cEn Chiapas hay un mill\u00f3n 351 viviendas y hay un mill\u00f3n 608 beneficiados, en todos los hogares de Chiapas llega un programa de apoyo para las familias\u201d, dijo el Presidente L\u00f3pez Obrador en su conferencia ma\u00f1anera de este lunes.<\/p>\n\n\n\n<figure class=\"wp-block-embed is-type-rich is-provider-twitter wp-block-embed-twitter\"><div class=\"wp-block-embed__wrapper\">\n<blockquote class=\"twitter-tweet\" data-width=\"550\" data-dnt=\"true\"><p lang=\"es\" dir=\"ltr\">\u201cEs muy satisfactorio poder informar que el Gobierno Federal est\u00e1 invirtiendo como nunca en <a href=\"https:\/\/twitter.com\/hashtag\/Chiapas?src=hash&amp;ref_src=twsrc%5Etfw\">#Chiapas<\/a>, tanto en infraestructura como en programas. Es de los 3 estados que m\u00e1s presupuesto reciben sus habitantes\u201d: <a href=\"https:\/\/twitter.com\/lopezobrador_?ref_src=twsrc%5Etfw\">@lopezobrador_<\/a> <a href=\"https:\/\/twitter.com\/Notimex?ref_src=twsrc%5Etfw\">@Notimex<\/a> <a href=\"https:\/\/twitter.com\/Notimex_TV?ref_src=twsrc%5Etfw\">@Notimex_TV<\/a> <a href=\"https:\/\/twitter.com\/hashtag\/AMLO?src=hash&amp;ref_src=twsrc%5Etfw\">#AMLO<\/a> <a href=\"https:\/\/twitter.com\/hashtag\/RedAMLO?src=hash&amp;ref_src=twsrc%5Etfw\">#RedAMLO<\/a> <a href=\"https:\/\/t.co\/NGa1RvT4Jf\">pic.twitter.com\/NGa1RvT4Jf<\/a><\/p>&mdash; Manuel Galeazzi (@ManuelGaleazz1R) <a href=\"https:\/\/twitter.com\/ManuelGaleazz1R\/status\/1637814008995627008?ref_src=twsrc%5Etfw\">March 20, 2023<\/a><\/blockquote><script async src=\"https:\/\/platform.twitter.com\/widgets.js\" charset=\"utf-8\"><\/script>\n<\/div><\/figure>\n\n\n\n<p><strong>El Gobierno federal est\u00e1 invirtiendo como nunca en Chiapas,<\/strong>\u00a0asegur\u00f3.<\/p>\n\n\n\n<p>En conferencia de prensa en las instalaciones de la S\u00e9ptima Regi\u00f3n Militar, L\u00f3pez Obrador<strong>&nbsp;destac\u00f3 el trabajo que realiza el Gobierno federal con el gobernador Rutilio Escand\u00f3n Cadenas, de Morena.<\/strong><\/p>\n\n\n\n<p>&#8220;Nuestro compa\u00f1ero, el gobernador Rutilio Escand\u00f3n est\u00e1 haciendo un buen trabajo en beneficio de los chiapanecos. Cuenta con todo nuestro apoyo y respaldo&#8221;, indic\u00f3.<\/p>\n\n\n\n<h2 class=\"wp-block-heading\">RUTILIO ESCAND\u00d3N DESTACA TRABAJO DE LAS FUERZAS ARMADAS<\/h2>\n\n\n\n<p>Por otra parte el gobernador de Chiapas, Rutilio Escand\u00f3n, se\u00f1al\u00f3 que<strong>&nbsp;con la colaboraci\u00f3n de las Fuerzas Armadas se han atendido los principales delitos que azotan a la Entidad.<\/strong><\/p>\n\n\n\n<p><strong>&#8220;En Chiapas se ha consolidado el trabajo para atender los problemas que originan los delitos.\u00a0<\/strong>Agradecemos much\u00edsimo el trabajo que realizamos en conjunto con las Fuerzas Armadas&#8221;, coment\u00f3.<\/p>\n\n\n\n<p>Tambi\u00e9n se\u00f1al\u00f3 que<strong>&nbsp;gracias a la construcci\u00f3n del Tren Maya se han mejorado las condiciones de vida de los habitantes de Chiapas,&nbsp;<\/strong>porque genera empleos, y se han mejorado los servicios de salud y educaci\u00f3n.<\/p>\n\n\n\n<p>&#8220;Est\u00e1 pr\u00f3ximo a inaugurarse la operaci\u00f3n del Tren Maya, y por eso nosotros estamos rehabilitando los centros ecotur\u00edsticos, sobre todo en la zona rural, porque eso significa conciliaci\u00f3n de todos los pueblos. En materia de turismo, estamos trabajando en la limpieza de todas nuestras bellezas naturales, como el Ca\u00f1\u00f3n del Sumidero; y proteger a la flora y la fauna, y la biodiversidad&#8221;, dijo.<\/p>\n\n\n\n<p>Con informaci\u00f3n de SUN <\/p>\n","protected":false},"excerpt":{"rendered":"<p>Por Redacci\u00f3n QP En su &#8220;ma\u00f1anera&#8221; de este lunes, L\u00f3pez Obrador destac\u00f3 el trabajo que&#8230;<\/p>\n","protected":false},"author":2,"featured_media":99420,"comment_status":"open","ping_status":"open","sticky":false,"template":"","format":"standard","meta":{"_monsterinsights_skip_tracking":false,"_monsterinsights_sitenote_active":false,"_monsterinsights_sitenote_note":"","_monsterinsights_sitenote_category":0,"footnotes":""},"categories":[2],"tags":[],"class_list":["post-99419","post","type-post","status-publish","format-standard","has-post-thumbnail","hentry","category-noticias"],"yoast_head":"<!-- This site is optimized with the Yoast SEO plugin v27.3 - https:\/\/yoast.com\/product\/yoast-seo-wordpress\/ -->\n<title>Gobierno federal est\u00e1 invirtiendo &quot;como nunca&quot; en Chiapas: L\u00f3pez Obrador -<\/title>\n<meta name=\"robots\" content=\"index, follow, max-snippet:-1, max-image-preview:large, max-video-preview:-1\" \/>\n<link rel=\"canonical\" href=\"https:\/\/quehacerpolitico.mx\/?p=99419\" \/>\n<meta property=\"og:locale\" content=\"es_MX\" \/>\n<meta property=\"og:type\" content=\"article\" \/>\n<meta property=\"og:title\" content=\"Gobierno federal est\u00e1 invirtiendo &quot;como nunca&quot; en Chiapas: L\u00f3pez Obrador -\" \/>\n<meta property=\"og:description\" content=\"Por Redacci\u00f3n QP En su &#8220;ma\u00f1anera&#8221; de este lunes, L\u00f3pez Obrador destac\u00f3 el trabajo que...\" \/>\n<meta property=\"og:url\" content=\"https:\/\/quehacerpolitico.mx\/?p=99419\" \/>\n<meta property=\"article:published_time\" content=\"2023-03-20T18:35:08+00:00\" \/>\n<meta property=\"article:modified_time\" content=\"2023-03-20T18:35:11+00:00\" \/>\n<meta property=\"og:image\" content=\"https:\/\/quehacerpolitico.mx\/wp-content\/uploads\/2023\/03\/FE0C0630-5774-4EB3-97B9-365322C5C482.jpeg\" \/>\n\t<meta property=\"og:image:width\" content=\"1284\" \/>\n\t<meta property=\"og:image:height\" content=\"720\" \/>\n\t<meta property=\"og:image:type\" content=\"image\/jpeg\" \/>\n<meta name=\"author\" content=\"Redacci\u00f3n QP\" \/>\n<meta name=\"twitter:card\" content=\"summary_large_image\" \/>\n<meta name=\"twitter:label1\" content=\"Escrito por\" \/>\n\t<meta name=\"twitter:data1\" content=\"Redacci\u00f3n QP\" \/>\n\t<meta name=\"twitter:label2\" content=\"Tiempo de lectura\" \/>\n\t<meta name=\"twitter:data2\" content=\"2 minutos\" \/>\n<script type=\"application\/ld+json\" class=\"yoast-schema-graph\">{\"@context\":\"https:\\\/\\\/schema.org\",\"@graph\":[{\"@type\":\"Article\",\"@id\":\"https:\\\/\\\/quehacerpolitico.mx\\\/?p=99419#article\",\"isPartOf\":{\"@id\":\"https:\\\/\\\/quehacerpolitico.mx\\\/?p=99419\"},\"author\":{\"name\":\"Redacci\u00f3n QP\",\"@id\":\"https:\\\/\\\/quehacerpolitico.mx\\\/#\\\/schema\\\/person\\\/496d8ad2d1d3f8036101dca7ee39e585\"},\"headline\":\"Gobierno federal est\u00e1 invirtiendo &#8220;como nunca&#8221; en Chiapas: L\u00f3pez Obrador\",\"datePublished\":\"2023-03-20T18:35:08+00:00\",\"dateModified\":\"2023-03-20T18:35:11+00:00\",\"mainEntityOfPage\":{\"@id\":\"https:\\\/\\\/quehacerpolitico.mx\\\/?p=99419\"},\"wordCount\":380,\"commentCount\":0,\"image\":{\"@id\":\"https:\\\/\\\/quehacerpolitico.mx\\\/?p=99419#primaryimage\"},\"thumbnailUrl\":\"https:\\\/\\\/quehacerpolitico.mx\\\/wp-content\\\/uploads\\\/2023\\\/03\\\/FE0C0630-5774-4EB3-97B9-365322C5C482.jpeg\",\"articleSection\":[\"Noticias\"],\"inLanguage\":\"es\",\"potentialAction\":[{\"@type\":\"CommentAction\",\"name\":\"Comment\",\"target\":[\"https:\\\/\\\/quehacerpolitico.mx\\\/?p=99419#respond\"]}]},{\"@type\":\"WebPage\",\"@id\":\"https:\\\/\\\/quehacerpolitico.mx\\\/?p=99419\",\"url\":\"https:\\\/\\\/quehacerpolitico.mx\\\/?p=99419\",\"name\":\"Gobierno federal est\u00e1 invirtiendo \\\"como nunca\\\" en Chiapas: L\u00f3pez Obrador -\",\"isPartOf\":{\"@id\":\"https:\\\/\\\/quehacerpolitico.mx\\\/#website\"},\"primaryImageOfPage\":{\"@id\":\"https:\\\/\\\/quehacerpolitico.mx\\\/?p=99419#primaryimage\"},\"image\":{\"@id\":\"https:\\\/\\\/quehacerpolitico.mx\\\/?p=99419#primaryimage\"},\"thumbnailUrl\":\"https:\\\/\\\/quehacerpolitico.mx\\\/wp-content\\\/uploads\\\/2023\\\/03\\\/FE0C0630-5774-4EB3-97B9-365322C5C482.jpeg\",\"datePublished\":\"2023-03-20T18:35:08+00:00\",\"dateModified\":\"2023-03-20T18:35:11+00:00\",\"author\":{\"@id\":\"https:\\\/\\\/quehacerpolitico.mx\\\/#\\\/schema\\\/person\\\/496d8ad2d1d3f8036101dca7ee39e585\"},\"breadcrumb\":{\"@id\":\"https:\\\/\\\/quehacerpolitico.mx\\\/?p=99419#breadcrumb\"},\"inLanguage\":\"es\",\"potentialAction\":[{\"@type\":\"ReadAction\",\"target\":[\"https:\\\/\\\/quehacerpolitico.mx\\\/?p=99419\"]}]},{\"@type\":\"ImageObject\",\"inLanguage\":\"es\",\"@id\":\"https:\\\/\\\/quehacerpolitico.mx\\\/?p=99419#primaryimage\",\"url\":\"https:\\\/\\\/quehacerpolitico.mx\\\/wp-content\\\/uploads\\\/2023\\\/03\\\/FE0C0630-5774-4EB3-97B9-365322C5C482.jpeg\",\"contentUrl\":\"https:\\\/\\\/quehacerpolitico.mx\\\/wp-content\\\/uploads\\\/2023\\\/03\\\/FE0C0630-5774-4EB3-97B9-365322C5C482.jpeg\",\"width\":1284,\"height\":720},{\"@type\":\"BreadcrumbList\",\"@id\":\"https:\\\/\\\/quehacerpolitico.mx\\\/?p=99419#breadcrumb\",\"itemListElement\":[{\"@type\":\"ListItem\",\"position\":1,\"name\":\"Inicio\",\"item\":\"https:\\\/\\\/quehacerpolitico.mx\\\/\"},{\"@type\":\"ListItem\",\"position\":2,\"name\":\"Gobierno federal est\u00e1 invirtiendo &#8220;como nunca&#8221; en Chiapas: L\u00f3pez Obrador\"}]},{\"@type\":\"WebSite\",\"@id\":\"https:\\\/\\\/quehacerpolitico.mx\\\/#website\",\"url\":\"https:\\\/\\\/quehacerpolitico.mx\\\/\",\"name\":\"\",\"description\":\"\",\"potentialAction\":[{\"@type\":\"SearchAction\",\"target\":{\"@type\":\"EntryPoint\",\"urlTemplate\":\"https:\\\/\\\/quehacerpolitico.mx\\\/?s={search_term_string}\"},\"query-input\":{\"@type\":\"PropertyValueSpecification\",\"valueRequired\":true,\"valueName\":\"search_term_string\"}}],\"inLanguage\":\"es\"},{\"@type\":\"Person\",\"@id\":\"https:\\\/\\\/quehacerpolitico.mx\\\/#\\\/schema\\\/person\\\/496d8ad2d1d3f8036101dca7ee39e585\",\"name\":\"Redacci\u00f3n QP\",\"image\":{\"@type\":\"ImageObject\",\"inLanguage\":\"es\",\"@id\":\"https:\\\/\\\/secure.gravatar.com\\\/avatar\\\/c7164ed6fdec453195284ad24a5ae5b6e1eed2b848477fa2a4787ba9adf39a41?s=96&d=mm&r=g\",\"url\":\"https:\\\/\\\/secure.gravatar.com\\\/avatar\\\/c7164ed6fdec453195284ad24a5ae5b6e1eed2b848477fa2a4787ba9adf39a41?s=96&d=mm&r=g\",\"contentUrl\":\"https:\\\/\\\/secure.gravatar.com\\\/avatar\\\/c7164ed6fdec453195284ad24a5ae5b6e1eed2b848477fa2a4787ba9adf39a41?s=96&d=mm&r=g\",\"caption\":\"Redacci\u00f3n QP\"},\"url\":\"https:\\\/\\\/quehacerpolitico.mx\\\/?author=2\"}]}<\/script>\n<!-- \/ Yoast SEO plugin. -->","yoast_head_json":{"title":"Gobierno federal est\u00e1 invirtiendo \"como nunca\" en Chiapas: L\u00f3pez Obrador -","robots":{"index":"index","follow":"follow","max-snippet":"max-snippet:-1","max-image-preview":"max-image-preview:large","max-video-preview":"max-video-preview:-1"},"canonical":"https:\/\/quehacerpolitico.mx\/?p=99419","og_locale":"es_MX","og_type":"article","og_title":"Gobierno federal est\u00e1 invirtiendo \"como nunca\" en Chiapas: L\u00f3pez Obrador -","og_description":"Por Redacci\u00f3n QP En su &#8220;ma\u00f1anera&#8221; de este lunes, L\u00f3pez Obrador destac\u00f3 el trabajo que...","og_url":"https:\/\/quehacerpolitico.mx\/?p=99419","article_published_time":"2023-03-20T18:35:08+00:00","article_modified_time":"2023-03-20T18:35:11+00:00","og_image":[{"width":1284,"height":720,"url":"https:\/\/quehacerpolitico.mx\/wp-content\/uploads\/2023\/03\/FE0C0630-5774-4EB3-97B9-365322C5C482.jpeg","type":"image\/jpeg"}],"author":"Redacci\u00f3n QP","twitter_card":"summary_large_image","twitter_misc":{"Escrito por":"Redacci\u00f3n QP","Tiempo de lectura":"2 minutos"},"schema":{"@context":"https:\/\/schema.org","@graph":[{"@type":"Article","@id":"https:\/\/quehacerpolitico.mx\/?p=99419#article","isPartOf":{"@id":"https:\/\/quehacerpolitico.mx\/?p=99419"},"author":{"name":"Redacci\u00f3n QP","@id":"https:\/\/quehacerpolitico.mx\/#\/schema\/person\/496d8ad2d1d3f8036101dca7ee39e585"},"headline":"Gobierno federal est\u00e1 invirtiendo &#8220;como nunca&#8221; en Chiapas: L\u00f3pez Obrador","datePublished":"2023-03-20T18:35:08+00:00","dateModified":"2023-03-20T18:35:11+00:00","mainEntityOfPage":{"@id":"https:\/\/quehacerpolitico.mx\/?p=99419"},"wordCount":380,"commentCount":0,"image":{"@id":"https:\/\/quehacerpolitico.mx\/?p=99419#primaryimage"},"thumbnailUrl":"https:\/\/quehacerpolitico.mx\/wp-content\/uploads\/2023\/03\/FE0C0630-5774-4EB3-97B9-365322C5C482.jpeg","articleSection":["Noticias"],"inLanguage":"es","potentialAction":[{"@type":"CommentAction","name":"Comment","target":["https:\/\/quehacerpolitico.mx\/?p=99419#respond"]}]},{"@type":"WebPage","@id":"https:\/\/quehacerpolitico.mx\/?p=99419","url":"https:\/\/quehacerpolitico.mx\/?p=99419","name":"Gobierno federal est\u00e1 invirtiendo \"como nunca\" en Chiapas: L\u00f3pez Obrador -","isPartOf":{"@id":"https:\/\/quehacerpolitico.mx\/#website"},"primaryImageOfPage":{"@id":"https:\/\/quehacerpolitico.mx\/?p=99419#primaryimage"},"image":{"@id":"https:\/\/quehacerpolitico.mx\/?p=99419#primaryimage"},"thumbnailUrl":"https:\/\/quehacerpolitico.mx\/wp-content\/uploads\/2023\/03\/FE0C0630-5774-4EB3-97B9-365322C5C482.jpeg","datePublished":"2023-03-20T18:35:08+00:00","dateModified":"2023-03-20T18:35:11+00:00","author":{"@id":"https:\/\/quehacerpolitico.mx\/#\/schema\/person\/496d8ad2d1d3f8036101dca7ee39e585"},"breadcrumb":{"@id":"https:\/\/quehacerpolitico.mx\/?p=99419#breadcrumb"},"inLanguage":"es","potentialAction":[{"@type":"ReadAction","target":["https:\/\/quehacerpolitico.mx\/?p=99419"]}]},{"@type":"ImageObject","inLanguage":"es","@id":"https:\/\/quehacerpolitico.mx\/?p=99419#primaryimage","url":"https:\/\/quehacerpolitico.mx\/wp-content\/uploads\/2023\/03\/FE0C0630-5774-4EB3-97B9-365322C5C482.jpeg","contentUrl":"https:\/\/quehacerpolitico.mx\/wp-content\/uploads\/2023\/03\/FE0C0630-5774-4EB3-97B9-365322C5C482.jpeg","width":1284,"height":720},{"@type":"BreadcrumbList","@id":"https:\/\/quehacerpolitico.mx\/?p=99419#breadcrumb","itemListElement":[{"@type":"ListItem","position":1,"name":"Inicio","item":"https:\/\/quehacerpolitico.mx\/"},{"@type":"ListItem","position":2,"name":"Gobierno federal est\u00e1 invirtiendo &#8220;como nunca&#8221; en Chiapas: L\u00f3pez Obrador"}]},{"@type":"WebSite","@id":"https:\/\/quehacerpolitico.mx\/#website","url":"https:\/\/quehacerpolitico.mx\/","name":"","description":"","potentialAction":[{"@type":"SearchAction","target":{"@type":"EntryPoint","urlTemplate":"https:\/\/quehacerpolitico.mx\/?s={search_term_string}"},"query-input":{"@type":"PropertyValueSpecification","valueRequired":true,"valueName":"search_term_string"}}],"inLanguage":"es"},{"@type":"Person","@id":"https:\/\/quehacerpolitico.mx\/#\/schema\/person\/496d8ad2d1d3f8036101dca7ee39e585","name":"Redacci\u00f3n QP","image":{"@type":"ImageObject","inLanguage":"es","@id":"https:\/\/secure.gravatar.com\/avatar\/c7164ed6fdec453195284ad24a5ae5b6e1eed2b848477fa2a4787ba9adf39a41?s=96&d=mm&r=g","url":"https:\/\/secure.gravatar.com\/avatar\/c7164ed6fdec453195284ad24a5ae5b6e1eed2b848477fa2a4787ba9adf39a41?s=96&d=mm&r=g","contentUrl":"https:\/\/secure.gravatar.com\/avatar\/c7164ed6fdec453195284ad24a5ae5b6e1eed2b848477fa2a4787ba9adf39a41?s=96&d=mm&r=g","caption":"Redacci\u00f3n QP"},"url":"https:\/\/quehacerpolitico.mx\/?author=2"}]}},"featured_image_urls":{"full":["https:\/\/quehacerpolitico.mx\/wp-content\/uploads\/2023\/03\/FE0C0630-5774-4EB3-97B9-365322C5C482.jpeg",1284,720,false],"thumbnail":["https:\/\/quehacerpolitico.mx\/wp-content\/uploads\/2023\/03\/FE0C0630-5774-4EB3-97B9-365322C5C482-150x150.jpeg",150,150,true],"medium":["https:\/\/quehacerpolitico.mx\/wp-content\/uploads\/2023\/03\/FE0C0630-5774-4EB3-97B9-365322C5C482-300x168.jpeg",300,168,true],"medium_large":["https:\/\/quehacerpolitico.mx\/wp-content\/uploads\/2023\/03\/FE0C0630-5774-4EB3-97B9-365322C5C482-768x431.jpeg",640,359,true],"large":["https:\/\/quehacerpolitico.mx\/wp-content\/uploads\/2023\/03\/FE0C0630-5774-4EB3-97B9-365322C5C482-1024x574.jpeg",640,359,true],"1536x1536":["https:\/\/quehacerpolitico.mx\/wp-content\/uploads\/2023\/03\/FE0C0630-5774-4EB3-97B9-365322C5C482.jpeg",1284,720,false],"2048x2048":["https:\/\/quehacerpolitico.mx\/wp-content\/uploads\/2023\/03\/FE0C0630-5774-4EB3-97B9-365322C5C482.jpeg",1284,720,false],"covernews-featured":["https:\/\/quehacerpolitico.mx\/wp-content\/uploads\/2023\/03\/FE0C0630-5774-4EB3-97B9-365322C5C482.jpeg",1024,574,false],"covernews-medium":["https:\/\/quehacerpolitico.mx\/wp-content\/uploads\/2023\/03\/FE0C0630-5774-4EB3-97B9-365322C5C482.jpeg",540,303,false]},"author_info":{"display_name":"Redacci\u00f3n QP","author_link":"https:\/\/quehacerpolitico.mx\/?author=2"},"category_info":"<a href=\"https:\/\/quehacerpolitico.mx\/?cat=2\" rel=\"category\">Noticias<\/a>","tag_info":"Noticias","comment_count":"0","_links":{"self":[{"href":"https:\/\/quehacerpolitico.mx\/index.php?rest_route=\/wp\/v2\/posts\/99419","targetHints":{"allow":["GET"]}}],"collection":[{"href":"https:\/\/quehacerpolitico.mx\/index.php?rest_route=\/wp\/v2\/posts"}],"about":[{"href":"https:\/\/quehacerpolitico.mx\/index.php?rest_route=\/wp\/v2\/types\/post"}],"author":[{"embeddable":true,"href":"https:\/\/quehacerpolitico.mx\/index.php?rest_route=\/wp\/v2\/users\/2"}],"replies":[{"embeddable":true,"href":"https:\/\/quehacerpolitico.mx\/index.php?rest_route=%2Fwp%2Fv2%2Fcomments&post=99419"}],"version-history":[{"count":1,"href":"https:\/\/quehacerpolitico.mx\/index.php?rest_route=\/wp\/v2\/posts\/99419\/revisions"}],"predecessor-version":[{"id":99421,"href":"https:\/\/quehacerpolitico.mx\/index.php?rest_route=\/wp\/v2\/posts\/99419\/revisions\/99421"}],"wp:featuredmedia":[{"embeddable":true,"href":"https:\/\/quehacerpolitico.mx\/index.php?rest_route=\/wp\/v2\/media\/99420"}],"wp:attachment":[{"href":"https:\/\/quehacerpolitico.mx\/index.php?rest_route=%2Fwp%2Fv2%2Fmedia&parent=99419"}],"wp:term":[{"taxonomy":"category","embeddable":true,"href":"https:\/\/quehacerpolitico.mx\/index.php?rest_route=%2Fwp%2Fv2%2Fcategories&post=99419"},{"taxonomy":"post_tag","embeddable":true,"href":"https:\/\/quehacerpolitico.mx\/index.php?rest_route=%2Fwp%2Fv2%2Ftags&post=99419"}],"curies":[{"name":"wp","href":"https:\/\/api.w.org\/{rel}","templated":true}]}}