{"id":99292,"date":"2023-03-09T20:04:12","date_gmt":"2023-03-09T20:04:12","guid":{"rendered":"https:\/\/quehacerpolitico.mx\/?p=99292"},"modified":"2023-03-09T20:04:15","modified_gmt":"2023-03-09T20:04:15","slug":"enfoque-litza-deniss-duran-espinosa-inflacion-en-mexico-baja-su-marcha-y-cede-a-7-62-en-febrero","status":"publish","type":"post","link":"https:\/\/quehacerpolitico.mx\/?p=99292","title":{"rendered":"Enfoque\/\/\/Litza Deniss Dur\u00e1n Espinosa\/\/\/Inflaci\u00f3n en M\u00e9xico baja su marcha y cede a 7.62% en febrero"},"content":{"rendered":"\n<p>Por Litza Deniss Dur\u00e1n Espinosa<\/p>\n\n\n\n<p>Analista<\/p>\n\n\n\n<p>El incremento general de precios en febrero se ubic\u00f3 por abajo del consenso de los analistas de 7.67% a tasa anual<\/p>\n\n\n\n<p>Luego de dos meses al alza,\u00a0<strong>la inflaci\u00f3n en M\u00e9xico desaceler\u00f3 su marcha al pasar de 7.91% en el primer mes del presente a\u00f1o a 7.62% en febrero pasado a tasa anual,<\/strong>\u00a0por debajo de lo estimado por los especialistas, de acuerdo con los datos publicados por el Instituto Nacional de Estad\u00edstica y Geograf\u00eda (Inegi).<\/p>\n\n\n\n<p>Pese a lo anterior, sigue siendo la tasa anual m\u00e1s alta para dicho mes desde febrero del 2000, cuando lleg\u00f3 a 10.52 por ciento.<\/p>\n\n\n\n<figure class=\"wp-block-image size-full\"><img loading=\"lazy\" decoding=\"async\" width=\"680\" height=\"451\" src=\"https:\/\/quehacerpolitico.mx\/wp-content\/uploads\/2023\/03\/image-26.jpeg\" alt=\"\" class=\"wp-image-99295\" srcset=\"https:\/\/quehacerpolitico.mx\/wp-content\/uploads\/2023\/03\/image-26.jpeg 680w, https:\/\/quehacerpolitico.mx\/wp-content\/uploads\/2023\/03\/image-26-300x199.jpeg 300w, https:\/\/quehacerpolitico.mx\/wp-content\/uploads\/2023\/03\/image-26-220x146.jpeg 220w, https:\/\/quehacerpolitico.mx\/wp-content\/uploads\/2023\/03\/image-26-50x33.jpeg 50w, https:\/\/quehacerpolitico.mx\/wp-content\/uploads\/2023\/03\/image-26-113x75.jpeg 113w\" sizes=\"auto, (max-width: 680px) 100vw, 680px\" \/><\/figure>\n\n\n\n<p><strong>El \u00cdndice Nacional de Precios al Consumidor aument\u00f3 0.56% durante el segundo mes del a\u00f1o\u00a0<\/strong>respecto al periodo inmediato anterior, tasa menor al 0.68% reportado en enero.<\/p>\n\n\n\n<p>El incremento general de precios en febrero se ubic\u00f3 por abajo del consenso de los analistas de 7.67% a tasa anual, e incluso fuera del rango estimado de entre un m\u00ednimo de 7.63% y un m\u00e1ximo de 7.73% previsto por las 33 instituciones financieras consultadas por CitiBanamex.<\/p>\n\n\n\n<figure class=\"wp-block-image\"><img decoding=\"async\" src=\"https:\/\/www.informador.mx\/export\/sites\/elinformador\/img\/2023\/03\/09\/2.jpg_876973527.jpg\" alt=\"\" title=\"\"\/><\/figure>\n\n\n\n<p><strong>Se anticipaba una moderaci\u00f3n de la inflaci\u00f3n, con algunos de los ajustes relacionados al inicio del a\u00f1o desvaneci\u00e9ndose<\/strong>. Sobre la din\u00e1mica del periodo, algunas presiones de la primera quincena se habr\u00edan extendido a la segunda.<\/p>\n\n\n\n<p>No obstante, se observ\u00f3 una mayor estabilidad en los energ\u00e9ticos en la \u00faltima parte del segundo mes del a\u00f1o, lo que ayud\u00f3 a moderar parcialmente el impulso, comentaron analistas de Banorte.<\/p>\n\n\n\n<h2 class=\"wp-block-heading\">INFLACI\u00d3N SUBYACENTE<\/h2>\n\n\n\n<p>El menor dinamismo de la inflaci\u00f3n subyacente, que incluye los bienes y servicios cuyos precios son menos vol\u00e1tiles, contribuy\u00f3 a la desaceleraci\u00f3n del \u00edndice general de precios, al pasar de 8.45% en enero pasado a 8.29% en febrero.<\/p>\n\n\n\n<p>Al interior del \u00edndice subyacente,\u00a0<strong>los precios de las mercanc\u00edas reportaron un incremento mensual de 0.65% y anual de 10.65%<\/strong>, mientras los servicios aumentaron 0.56% en el mes y 5.55% respecto al mismo periodo del a\u00f1o anterior.<\/p>\n\n\n\n<figure class=\"wp-block-image size-full\"><img loading=\"lazy\" decoding=\"async\" width=\"678\" height=\"452\" src=\"https:\/\/quehacerpolitico.mx\/wp-content\/uploads\/2023\/03\/image-25.jpeg\" alt=\"\" class=\"wp-image-99294\" srcset=\"https:\/\/quehacerpolitico.mx\/wp-content\/uploads\/2023\/03\/image-25.jpeg 678w, https:\/\/quehacerpolitico.mx\/wp-content\/uploads\/2023\/03\/image-25-300x200.jpeg 300w, https:\/\/quehacerpolitico.mx\/wp-content\/uploads\/2023\/03\/image-25-219x146.jpeg 219w, https:\/\/quehacerpolitico.mx\/wp-content\/uploads\/2023\/03\/image-25-50x33.jpeg 50w, https:\/\/quehacerpolitico.mx\/wp-content\/uploads\/2023\/03\/image-25-113x75.jpeg 113w\" sizes=\"auto, (max-width: 678px) 100vw, 678px\" \/><\/figure>\n\n\n\n<p>Por su parte, el \u00edndice de precios no subyacente avanz\u00f3 0.40% a tasa mensual, desaceler\u00e1ndose a tasa anual al pasar de 6.32% a 5.65% En su interior, los precios de los productos agropecuarios observaron un retroceso mensual de 0.07%, con lo que el aumento anual lleg\u00f3 a 9.29 por ciento.<\/p>\n\n\n\n<p>Por su parte, los precios de energ\u00e9ticos y tarifas autorizadas por el gobierno avanzaron 0.80% en el mes, con lo que el segmento lleg\u00f3 a 2.77% a tasa anual.<\/p>\n\n\n\n<p>Por \u00faltimo, el \u00cdndice de Precios de la Canasta de Consumo M\u00ednimo, que eval\u00faa los precios de 176 productos y servicios que la conforman, contenidos en las canastas alimentarias y no alimentarias del Consejo Nacional de Evaluaci\u00f3n de la Pol\u00edtica de Desarrollo Social (Coneval), tuvo una variaci\u00f3n mensual de 0.59% y anual de 7.86 por ciento.<\/p>\n","protected":false},"excerpt":{"rendered":"<p>Por Litza Deniss Dur\u00e1n Espinosa Analista El incremento general de precios en febrero se ubic\u00f3&#8230;<\/p>\n","protected":false},"author":2,"featured_media":99293,"comment_status":"open","ping_status":"open","sticky":false,"template":"","format":"standard","meta":{"_monsterinsights_skip_tracking":false,"_monsterinsights_sitenote_active":false,"_monsterinsights_sitenote_note":"","_monsterinsights_sitenote_category":0,"footnotes":""},"categories":[56],"tags":[],"class_list":["post-99292","post","type-post","status-publish","format-standard","has-post-thumbnail","hentry","category-economia"],"yoast_head":"<!-- This site is optimized with the Yoast SEO plugin v27.3 - https:\/\/yoast.com\/product\/yoast-seo-wordpress\/ -->\n<title>Enfoque\/\/\/Litza Deniss Dur\u00e1n Espinosa\/\/\/Inflaci\u00f3n en M\u00e9xico baja su marcha y cede a 7.62% en febrero -<\/title>\n<meta name=\"robots\" content=\"index, follow, max-snippet:-1, max-image-preview:large, max-video-preview:-1\" \/>\n<link rel=\"canonical\" href=\"https:\/\/quehacerpolitico.mx\/?p=99292\" \/>\n<meta property=\"og:locale\" content=\"es_MX\" \/>\n<meta property=\"og:type\" content=\"article\" \/>\n<meta property=\"og:title\" content=\"Enfoque\/\/\/Litza Deniss Dur\u00e1n Espinosa\/\/\/Inflaci\u00f3n en M\u00e9xico baja su marcha y cede a 7.62% en febrero -\" \/>\n<meta property=\"og:description\" content=\"Por Litza Deniss Dur\u00e1n Espinosa Analista El incremento general de precios en febrero se ubic\u00f3...\" \/>\n<meta property=\"og:url\" content=\"https:\/\/quehacerpolitico.mx\/?p=99292\" \/>\n<meta property=\"article:published_time\" content=\"2023-03-09T20:04:12+00:00\" \/>\n<meta property=\"article:modified_time\" content=\"2023-03-09T20:04:15+00:00\" \/>\n<meta property=\"og:image\" content=\"https:\/\/quehacerpolitico.mx\/wp-content\/uploads\/2023\/03\/2D822320-71BE-45E2-93CF-0C305E08F07D.jpeg\" \/>\n\t<meta property=\"og:image:width\" content=\"963\" \/>\n\t<meta property=\"og:image:height\" content=\"493\" \/>\n\t<meta property=\"og:image:type\" content=\"image\/jpeg\" \/>\n<meta name=\"author\" content=\"Redacci\u00f3n QP\" \/>\n<meta name=\"twitter:card\" content=\"summary_large_image\" \/>\n<meta name=\"twitter:label1\" content=\"Escrito por\" \/>\n\t<meta name=\"twitter:data1\" content=\"Redacci\u00f3n QP\" \/>\n\t<meta name=\"twitter:label2\" content=\"Tiempo de lectura\" \/>\n\t<meta name=\"twitter:data2\" content=\"2 minutos\" \/>\n<script type=\"application\/ld+json\" class=\"yoast-schema-graph\">{\"@context\":\"https:\\\/\\\/schema.org\",\"@graph\":[{\"@type\":\"Article\",\"@id\":\"https:\\\/\\\/quehacerpolitico.mx\\\/?p=99292#article\",\"isPartOf\":{\"@id\":\"https:\\\/\\\/quehacerpolitico.mx\\\/?p=99292\"},\"author\":{\"name\":\"Redacci\u00f3n QP\",\"@id\":\"https:\\\/\\\/quehacerpolitico.mx\\\/#\\\/schema\\\/person\\\/496d8ad2d1d3f8036101dca7ee39e585\"},\"headline\":\"Enfoque\\\/\\\/\\\/Litza Deniss Dur\u00e1n Espinosa\\\/\\\/\\\/Inflaci\u00f3n en M\u00e9xico baja su marcha y cede a 7.62% en febrero\",\"datePublished\":\"2023-03-09T20:04:12+00:00\",\"dateModified\":\"2023-03-09T20:04:15+00:00\",\"mainEntityOfPage\":{\"@id\":\"https:\\\/\\\/quehacerpolitico.mx\\\/?p=99292\"},\"wordCount\":481,\"commentCount\":0,\"image\":{\"@id\":\"https:\\\/\\\/quehacerpolitico.mx\\\/?p=99292#primaryimage\"},\"thumbnailUrl\":\"https:\\\/\\\/quehacerpolitico.mx\\\/wp-content\\\/uploads\\\/2023\\\/03\\\/2D822320-71BE-45E2-93CF-0C305E08F07D.jpeg\",\"articleSection\":[\"Econom\u00eda\"],\"inLanguage\":\"es\",\"potentialAction\":[{\"@type\":\"CommentAction\",\"name\":\"Comment\",\"target\":[\"https:\\\/\\\/quehacerpolitico.mx\\\/?p=99292#respond\"]}]},{\"@type\":\"WebPage\",\"@id\":\"https:\\\/\\\/quehacerpolitico.mx\\\/?p=99292\",\"url\":\"https:\\\/\\\/quehacerpolitico.mx\\\/?p=99292\",\"name\":\"Enfoque\\\/\\\/\\\/Litza Deniss Dur\u00e1n Espinosa\\\/\\\/\\\/Inflaci\u00f3n en M\u00e9xico baja su marcha y cede a 7.62% en febrero -\",\"isPartOf\":{\"@id\":\"https:\\\/\\\/quehacerpolitico.mx\\\/#website\"},\"primaryImageOfPage\":{\"@id\":\"https:\\\/\\\/quehacerpolitico.mx\\\/?p=99292#primaryimage\"},\"image\":{\"@id\":\"https:\\\/\\\/quehacerpolitico.mx\\\/?p=99292#primaryimage\"},\"thumbnailUrl\":\"https:\\\/\\\/quehacerpolitico.mx\\\/wp-content\\\/uploads\\\/2023\\\/03\\\/2D822320-71BE-45E2-93CF-0C305E08F07D.jpeg\",\"datePublished\":\"2023-03-09T20:04:12+00:00\",\"dateModified\":\"2023-03-09T20:04:15+00:00\",\"author\":{\"@id\":\"https:\\\/\\\/quehacerpolitico.mx\\\/#\\\/schema\\\/person\\\/496d8ad2d1d3f8036101dca7ee39e585\"},\"breadcrumb\":{\"@id\":\"https:\\\/\\\/quehacerpolitico.mx\\\/?p=99292#breadcrumb\"},\"inLanguage\":\"es\",\"potentialAction\":[{\"@type\":\"ReadAction\",\"target\":[\"https:\\\/\\\/quehacerpolitico.mx\\\/?p=99292\"]}]},{\"@type\":\"ImageObject\",\"inLanguage\":\"es\",\"@id\":\"https:\\\/\\\/quehacerpolitico.mx\\\/?p=99292#primaryimage\",\"url\":\"https:\\\/\\\/quehacerpolitico.mx\\\/wp-content\\\/uploads\\\/2023\\\/03\\\/2D822320-71BE-45E2-93CF-0C305E08F07D.jpeg\",\"contentUrl\":\"https:\\\/\\\/quehacerpolitico.mx\\\/wp-content\\\/uploads\\\/2023\\\/03\\\/2D822320-71BE-45E2-93CF-0C305E08F07D.jpeg\",\"width\":963,\"height\":493},{\"@type\":\"BreadcrumbList\",\"@id\":\"https:\\\/\\\/quehacerpolitico.mx\\\/?p=99292#breadcrumb\",\"itemListElement\":[{\"@type\":\"ListItem\",\"position\":1,\"name\":\"Inicio\",\"item\":\"https:\\\/\\\/quehacerpolitico.mx\\\/\"},{\"@type\":\"ListItem\",\"position\":2,\"name\":\"Enfoque\\\/\\\/\\\/Litza Deniss Dur\u00e1n Espinosa\\\/\\\/\\\/Inflaci\u00f3n en M\u00e9xico baja su marcha y cede a 7.62% en febrero\"}]},{\"@type\":\"WebSite\",\"@id\":\"https:\\\/\\\/quehacerpolitico.mx\\\/#website\",\"url\":\"https:\\\/\\\/quehacerpolitico.mx\\\/\",\"name\":\"\",\"description\":\"\",\"potentialAction\":[{\"@type\":\"SearchAction\",\"target\":{\"@type\":\"EntryPoint\",\"urlTemplate\":\"https:\\\/\\\/quehacerpolitico.mx\\\/?s={search_term_string}\"},\"query-input\":{\"@type\":\"PropertyValueSpecification\",\"valueRequired\":true,\"valueName\":\"search_term_string\"}}],\"inLanguage\":\"es\"},{\"@type\":\"Person\",\"@id\":\"https:\\\/\\\/quehacerpolitico.mx\\\/#\\\/schema\\\/person\\\/496d8ad2d1d3f8036101dca7ee39e585\",\"name\":\"Redacci\u00f3n QP\",\"image\":{\"@type\":\"ImageObject\",\"inLanguage\":\"es\",\"@id\":\"https:\\\/\\\/secure.gravatar.com\\\/avatar\\\/c7164ed6fdec453195284ad24a5ae5b6e1eed2b848477fa2a4787ba9adf39a41?s=96&d=mm&r=g\",\"url\":\"https:\\\/\\\/secure.gravatar.com\\\/avatar\\\/c7164ed6fdec453195284ad24a5ae5b6e1eed2b848477fa2a4787ba9adf39a41?s=96&d=mm&r=g\",\"contentUrl\":\"https:\\\/\\\/secure.gravatar.com\\\/avatar\\\/c7164ed6fdec453195284ad24a5ae5b6e1eed2b848477fa2a4787ba9adf39a41?s=96&d=mm&r=g\",\"caption\":\"Redacci\u00f3n QP\"},\"url\":\"https:\\\/\\\/quehacerpolitico.mx\\\/?author=2\"}]}<\/script>\n<!-- \/ Yoast SEO plugin. -->","yoast_head_json":{"title":"Enfoque\/\/\/Litza Deniss Dur\u00e1n Espinosa\/\/\/Inflaci\u00f3n en M\u00e9xico baja su marcha y cede a 7.62% en febrero -","robots":{"index":"index","follow":"follow","max-snippet":"max-snippet:-1","max-image-preview":"max-image-preview:large","max-video-preview":"max-video-preview:-1"},"canonical":"https:\/\/quehacerpolitico.mx\/?p=99292","og_locale":"es_MX","og_type":"article","og_title":"Enfoque\/\/\/Litza Deniss Dur\u00e1n Espinosa\/\/\/Inflaci\u00f3n en M\u00e9xico baja su marcha y cede a 7.62% en febrero -","og_description":"Por Litza Deniss Dur\u00e1n Espinosa Analista El incremento general de precios en febrero se ubic\u00f3...","og_url":"https:\/\/quehacerpolitico.mx\/?p=99292","article_published_time":"2023-03-09T20:04:12+00:00","article_modified_time":"2023-03-09T20:04:15+00:00","og_image":[{"width":963,"height":493,"url":"https:\/\/quehacerpolitico.mx\/wp-content\/uploads\/2023\/03\/2D822320-71BE-45E2-93CF-0C305E08F07D.jpeg","type":"image\/jpeg"}],"author":"Redacci\u00f3n QP","twitter_card":"summary_large_image","twitter_misc":{"Escrito por":"Redacci\u00f3n QP","Tiempo de lectura":"2 minutos"},"schema":{"@context":"https:\/\/schema.org","@graph":[{"@type":"Article","@id":"https:\/\/quehacerpolitico.mx\/?p=99292#article","isPartOf":{"@id":"https:\/\/quehacerpolitico.mx\/?p=99292"},"author":{"name":"Redacci\u00f3n QP","@id":"https:\/\/quehacerpolitico.mx\/#\/schema\/person\/496d8ad2d1d3f8036101dca7ee39e585"},"headline":"Enfoque\/\/\/Litza Deniss Dur\u00e1n Espinosa\/\/\/Inflaci\u00f3n en M\u00e9xico baja su marcha y cede a 7.62% en febrero","datePublished":"2023-03-09T20:04:12+00:00","dateModified":"2023-03-09T20:04:15+00:00","mainEntityOfPage":{"@id":"https:\/\/quehacerpolitico.mx\/?p=99292"},"wordCount":481,"commentCount":0,"image":{"@id":"https:\/\/quehacerpolitico.mx\/?p=99292#primaryimage"},"thumbnailUrl":"https:\/\/quehacerpolitico.mx\/wp-content\/uploads\/2023\/03\/2D822320-71BE-45E2-93CF-0C305E08F07D.jpeg","articleSection":["Econom\u00eda"],"inLanguage":"es","potentialAction":[{"@type":"CommentAction","name":"Comment","target":["https:\/\/quehacerpolitico.mx\/?p=99292#respond"]}]},{"@type":"WebPage","@id":"https:\/\/quehacerpolitico.mx\/?p=99292","url":"https:\/\/quehacerpolitico.mx\/?p=99292","name":"Enfoque\/\/\/Litza Deniss Dur\u00e1n Espinosa\/\/\/Inflaci\u00f3n en M\u00e9xico baja su marcha y cede a 7.62% en febrero -","isPartOf":{"@id":"https:\/\/quehacerpolitico.mx\/#website"},"primaryImageOfPage":{"@id":"https:\/\/quehacerpolitico.mx\/?p=99292#primaryimage"},"image":{"@id":"https:\/\/quehacerpolitico.mx\/?p=99292#primaryimage"},"thumbnailUrl":"https:\/\/quehacerpolitico.mx\/wp-content\/uploads\/2023\/03\/2D822320-71BE-45E2-93CF-0C305E08F07D.jpeg","datePublished":"2023-03-09T20:04:12+00:00","dateModified":"2023-03-09T20:04:15+00:00","author":{"@id":"https:\/\/quehacerpolitico.mx\/#\/schema\/person\/496d8ad2d1d3f8036101dca7ee39e585"},"breadcrumb":{"@id":"https:\/\/quehacerpolitico.mx\/?p=99292#breadcrumb"},"inLanguage":"es","potentialAction":[{"@type":"ReadAction","target":["https:\/\/quehacerpolitico.mx\/?p=99292"]}]},{"@type":"ImageObject","inLanguage":"es","@id":"https:\/\/quehacerpolitico.mx\/?p=99292#primaryimage","url":"https:\/\/quehacerpolitico.mx\/wp-content\/uploads\/2023\/03\/2D822320-71BE-45E2-93CF-0C305E08F07D.jpeg","contentUrl":"https:\/\/quehacerpolitico.mx\/wp-content\/uploads\/2023\/03\/2D822320-71BE-45E2-93CF-0C305E08F07D.jpeg","width":963,"height":493},{"@type":"BreadcrumbList","@id":"https:\/\/quehacerpolitico.mx\/?p=99292#breadcrumb","itemListElement":[{"@type":"ListItem","position":1,"name":"Inicio","item":"https:\/\/quehacerpolitico.mx\/"},{"@type":"ListItem","position":2,"name":"Enfoque\/\/\/Litza Deniss Dur\u00e1n Espinosa\/\/\/Inflaci\u00f3n en M\u00e9xico baja su marcha y cede a 7.62% en febrero"}]},{"@type":"WebSite","@id":"https:\/\/quehacerpolitico.mx\/#website","url":"https:\/\/quehacerpolitico.mx\/","name":"","description":"","potentialAction":[{"@type":"SearchAction","target":{"@type":"EntryPoint","urlTemplate":"https:\/\/quehacerpolitico.mx\/?s={search_term_string}"},"query-input":{"@type":"PropertyValueSpecification","valueRequired":true,"valueName":"search_term_string"}}],"inLanguage":"es"},{"@type":"Person","@id":"https:\/\/quehacerpolitico.mx\/#\/schema\/person\/496d8ad2d1d3f8036101dca7ee39e585","name":"Redacci\u00f3n QP","image":{"@type":"ImageObject","inLanguage":"es","@id":"https:\/\/secure.gravatar.com\/avatar\/c7164ed6fdec453195284ad24a5ae5b6e1eed2b848477fa2a4787ba9adf39a41?s=96&d=mm&r=g","url":"https:\/\/secure.gravatar.com\/avatar\/c7164ed6fdec453195284ad24a5ae5b6e1eed2b848477fa2a4787ba9adf39a41?s=96&d=mm&r=g","contentUrl":"https:\/\/secure.gravatar.com\/avatar\/c7164ed6fdec453195284ad24a5ae5b6e1eed2b848477fa2a4787ba9adf39a41?s=96&d=mm&r=g","caption":"Redacci\u00f3n QP"},"url":"https:\/\/quehacerpolitico.mx\/?author=2"}]}},"featured_image_urls":{"full":["https:\/\/quehacerpolitico.mx\/wp-content\/uploads\/2023\/03\/2D822320-71BE-45E2-93CF-0C305E08F07D.jpeg",963,493,false],"thumbnail":["https:\/\/quehacerpolitico.mx\/wp-content\/uploads\/2023\/03\/2D822320-71BE-45E2-93CF-0C305E08F07D-150x150.jpeg",150,150,true],"medium":["https:\/\/quehacerpolitico.mx\/wp-content\/uploads\/2023\/03\/2D822320-71BE-45E2-93CF-0C305E08F07D-300x154.jpeg",300,154,true],"medium_large":["https:\/\/quehacerpolitico.mx\/wp-content\/uploads\/2023\/03\/2D822320-71BE-45E2-93CF-0C305E08F07D-768x393.jpeg",640,328,true],"large":["https:\/\/quehacerpolitico.mx\/wp-content\/uploads\/2023\/03\/2D822320-71BE-45E2-93CF-0C305E08F07D.jpeg",640,328,false],"1536x1536":["https:\/\/quehacerpolitico.mx\/wp-content\/uploads\/2023\/03\/2D822320-71BE-45E2-93CF-0C305E08F07D.jpeg",963,493,false],"2048x2048":["https:\/\/quehacerpolitico.mx\/wp-content\/uploads\/2023\/03\/2D822320-71BE-45E2-93CF-0C305E08F07D.jpeg",963,493,false],"covernews-featured":["https:\/\/quehacerpolitico.mx\/wp-content\/uploads\/2023\/03\/2D822320-71BE-45E2-93CF-0C305E08F07D.jpeg",963,493,false],"covernews-medium":["https:\/\/quehacerpolitico.mx\/wp-content\/uploads\/2023\/03\/2D822320-71BE-45E2-93CF-0C305E08F07D.jpeg",540,276,false]},"author_info":{"display_name":"Redacci\u00f3n QP","author_link":"https:\/\/quehacerpolitico.mx\/?author=2"},"category_info":"<a href=\"https:\/\/quehacerpolitico.mx\/?cat=56\" rel=\"category\">Econom\u00eda<\/a>","tag_info":"Econom\u00eda","comment_count":"0","_links":{"self":[{"href":"https:\/\/quehacerpolitico.mx\/index.php?rest_route=\/wp\/v2\/posts\/99292","targetHints":{"allow":["GET"]}}],"collection":[{"href":"https:\/\/quehacerpolitico.mx\/index.php?rest_route=\/wp\/v2\/posts"}],"about":[{"href":"https:\/\/quehacerpolitico.mx\/index.php?rest_route=\/wp\/v2\/types\/post"}],"author":[{"embeddable":true,"href":"https:\/\/quehacerpolitico.mx\/index.php?rest_route=\/wp\/v2\/users\/2"}],"replies":[{"embeddable":true,"href":"https:\/\/quehacerpolitico.mx\/index.php?rest_route=%2Fwp%2Fv2%2Fcomments&post=99292"}],"version-history":[{"count":1,"href":"https:\/\/quehacerpolitico.mx\/index.php?rest_route=\/wp\/v2\/posts\/99292\/revisions"}],"predecessor-version":[{"id":99296,"href":"https:\/\/quehacerpolitico.mx\/index.php?rest_route=\/wp\/v2\/posts\/99292\/revisions\/99296"}],"wp:featuredmedia":[{"embeddable":true,"href":"https:\/\/quehacerpolitico.mx\/index.php?rest_route=\/wp\/v2\/media\/99293"}],"wp:attachment":[{"href":"https:\/\/quehacerpolitico.mx\/index.php?rest_route=%2Fwp%2Fv2%2Fmedia&parent=99292"}],"wp:term":[{"taxonomy":"category","embeddable":true,"href":"https:\/\/quehacerpolitico.mx\/index.php?rest_route=%2Fwp%2Fv2%2Fcategories&post=99292"},{"taxonomy":"post_tag","embeddable":true,"href":"https:\/\/quehacerpolitico.mx\/index.php?rest_route=%2Fwp%2Fv2%2Ftags&post=99292"}],"curies":[{"name":"wp","href":"https:\/\/api.w.org\/{rel}","templated":true}]}}