{"id":99274,"date":"2023-03-09T17:05:07","date_gmt":"2023-03-09T17:05:07","guid":{"rendered":"https:\/\/quehacerpolitico.mx\/?p=99274"},"modified":"2023-03-09T17:05:11","modified_gmt":"2023-03-09T17:05:11","slug":"como-era-el-bunker-de-genaro-garcia-luna-exhibido-en-la-mananera","status":"publish","type":"post","link":"https:\/\/quehacerpolitico.mx\/?p=99274","title":{"rendered":"\u00bfC\u00f3mo era el b\u00fanker de Genaro Garc\u00eda Luna, exhibido en &#8220;La Ma\u00f1anera&#8221;?"},"content":{"rendered":"\n<p>Por Redacci\u00f3n QP<\/p>\n\n\n\n<p>Al iniciar la &#8220;ma\u00f1anera&#8221;, L\u00f3pez Obrador explica\u00a0que la conferencia la comenzaron tarde porque &#8220;me hicieron una limpia primero&#8221;<\/p>\n\n\n\n<p>Este jueves, el Presidente\u00a0Andres Manuel Lopez Obrador llev\u00f3 a cabo su\u00a0conferencia \u201cma\u00f1anera\u201d\u00a0desde el b\u00fanker que construy\u00f3\u00a0Genaro Garc\u00eda Luna, exsecretario de Seguridad P\u00fablica durante el sexenio de Felipe Calder\u00f3n.<\/p>\n\n\n\n<p>Al iniciar la &#8220;ma\u00f1anera&#8221; el Mandatario explic\u00f3 que la conferencia la comenzaron tarde porque\u00a0<strong>&#8220;me hicieron una limpia primero&#8221;<\/strong>.<\/p>\n\n\n\n<figure class=\"wp-block-embed is-type-rich is-provider-twitter wp-block-embed-twitter\"><div class=\"wp-block-embed__wrapper\">\n<blockquote class=\"twitter-tweet\" data-width=\"550\" data-dnt=\"true\"><p lang=\"es\" dir=\"ltr\">El presidente L\u00f3pez Obrador hoy realiza la conferencia ma\u00f1anera desde el &#39;b\u00fanker&#39; de la Secretar\u00eda de Seguridad, atribuido a Genaro Garc\u00eda Luna. <br><br>\u201cMe hice una limpia antes de entrar\u201d, brome\u00f3 con reporteros al comienzo de la &#39;ma\u00f1anera&#39;.<br><br>(V\u00eda <a href=\"https:\/\/twitter.com\/Radio_Formula?ref_src=twsrc%5Etfw\">@Radio_Formula<\/a> \/ <a href=\"https:\/\/twitter.com\/sarapablo1?ref_src=twsrc%5Etfw\">@sarapablo1<\/a>) <a href=\"https:\/\/t.co\/ymiya7U4wL\">pic.twitter.com\/ymiya7U4wL<\/a><\/p>&mdash; Joaqu\u00edn L\u00f3pez-D\u00f3riga (@lopezdoriga) <a href=\"https:\/\/twitter.com\/lopezdoriga\/status\/1633824320609984514?ref_src=twsrc%5Etfw\">March 9, 2023<\/a><\/blockquote><script async src=\"https:\/\/platform.twitter.com\/widgets.js\" charset=\"utf-8\"><\/script>\n<\/div><\/figure>\n\n\n\n<p>El 24 de noviembre de 2009, el entonces presidente Felipe Calder\u00f3n inaugur\u00f3 el Centro de Inteligencia de la Polic\u00eda Federal, un edificio ubicado en el n\u00famero 947 de la Avenida Constituyentes, con instalaciones subterr\u00e1neas,\u00a0<strong>aut\u00f3nomo en materia de energ\u00eda, con modernos mecanismos de acceso, dise\u00f1ado para generar, analizar y procesar informaci\u00f3n en el combate al delito<\/strong>.<\/p>\n\n\n\n<p>En su discurso, el exmandatario dijo que las &#8220;guerras&#8221; se ganan con tecnolog\u00eda, informaci\u00f3n e inteligencia, y eso es lo que tiene el inmueble inaugurado al ser &#8220;un verdadero cerebro inform\u00e1tico&#8221;.<\/p>\n\n\n\n<p>Adem\u00e1s, Garc\u00eda Luna se\u00f1al\u00f3: &#8220;El Centro de Inteligencia representa desde ahora la expresi\u00f3n tecnol\u00f3gica de la estrategia de seguridad del Estado mexicano&#8221;.<\/p>\n\n\n\n<p>El edificio estaba formado por&nbsp;<strong>cuatro m\u00f3dulos distribuidos en tres niveles: Seguridad, Operaciones, Alertas Nacionales e Instalaciones Estrat\u00e9gicas<\/strong>.<\/p>\n\n\n\n<p>Aunado a ello,\u00a0<strong>sus equipos de c\u00f3mputo estaban conectados con m\u00e1s de 600 puntos en los estados, municipios y 169 estaciones de la Polic\u00eda Federal<\/strong>.<\/p>\n\n\n\n<p>Adem\u00e1s, contaba con pantallas inteligentes donde se segu\u00edan en tiempo real los operativos que llevaba a cabo la extinta Polic\u00eda Federal.<\/p>\n\n\n\n<h2 class=\"wp-block-heading\">\u00bfCu\u00e1nto cost\u00f3 la construcci\u00f3n del b\u00fanker?<\/h2>\n\n\n\n<p>Rosa Icela Rodr\u00edguez, secretar\u00eda de Seguridad, inform\u00f3 en la conferencia matutina que&nbsp;<strong>el costo del inmueble fue de 3 mil 346 millones de pesos<\/strong>.<\/p>\n\n\n\n<p>Asimismo, se\u00f1al\u00f3: &#8220;Este espacio era usado para que Garc\u00eda Luna invitara a personajes de la vida p\u00fablica, pol\u00edtica para demostrar la supuesta fuerza de inteligencia y el trabajo de la Polic\u00eda Federal&#8221;.<\/p>\n\n\n\n<p><strong>&#8220;Llenaron el centro de pantallas para apantallar&#8221;<\/strong>, a\u00f1adi\u00f3.<\/p>\n\n\n\n<p>Con Informaci\u00f3n de SUN <\/p>\n","protected":false},"excerpt":{"rendered":"<p>Por Redacci\u00f3n QP Al iniciar la &#8220;ma\u00f1anera&#8221;, L\u00f3pez Obrador explica\u00a0que la conferencia la comenzaron tarde&#8230;<\/p>\n","protected":false},"author":2,"featured_media":99275,"comment_status":"open","ping_status":"open","sticky":false,"template":"","format":"standard","meta":{"_monsterinsights_skip_tracking":false,"_monsterinsights_sitenote_active":false,"_monsterinsights_sitenote_note":"","_monsterinsights_sitenote_category":0,"footnotes":""},"categories":[2],"tags":[],"class_list":["post-99274","post","type-post","status-publish","format-standard","has-post-thumbnail","hentry","category-noticias"],"yoast_head":"<!-- This site is optimized with the Yoast SEO plugin v27.3 - https:\/\/yoast.com\/product\/yoast-seo-wordpress\/ -->\n<title>\u00bfC\u00f3mo era el b\u00fanker de Genaro Garc\u00eda Luna, exhibido en &quot;La Ma\u00f1anera&quot;? -<\/title>\n<meta name=\"robots\" content=\"index, follow, max-snippet:-1, max-image-preview:large, max-video-preview:-1\" \/>\n<link rel=\"canonical\" href=\"https:\/\/quehacerpolitico.mx\/?p=99274\" \/>\n<meta property=\"og:locale\" content=\"es_MX\" \/>\n<meta property=\"og:type\" content=\"article\" \/>\n<meta property=\"og:title\" content=\"\u00bfC\u00f3mo era el b\u00fanker de Genaro Garc\u00eda Luna, exhibido en &quot;La Ma\u00f1anera&quot;? -\" \/>\n<meta property=\"og:description\" content=\"Por Redacci\u00f3n QP Al iniciar la &#8220;ma\u00f1anera&#8221;, L\u00f3pez Obrador explica\u00a0que la conferencia la comenzaron tarde...\" \/>\n<meta property=\"og:url\" content=\"https:\/\/quehacerpolitico.mx\/?p=99274\" \/>\n<meta property=\"article:published_time\" content=\"2023-03-09T17:05:07+00:00\" \/>\n<meta property=\"article:modified_time\" content=\"2023-03-09T17:05:11+00:00\" \/>\n<meta property=\"og:image\" content=\"https:\/\/quehacerpolitico.mx\/wp-content\/uploads\/2023\/03\/6F3AB239-86DD-4D37-A759-AD0BCC253CDB.jpeg\" \/>\n\t<meta property=\"og:image:width\" content=\"1284\" \/>\n\t<meta property=\"og:image:height\" content=\"696\" \/>\n\t<meta property=\"og:image:type\" content=\"image\/jpeg\" \/>\n<meta name=\"author\" content=\"Redacci\u00f3n QP\" \/>\n<meta name=\"twitter:card\" content=\"summary_large_image\" \/>\n<meta name=\"twitter:label1\" content=\"Escrito por\" \/>\n\t<meta name=\"twitter:data1\" content=\"Redacci\u00f3n QP\" \/>\n\t<meta name=\"twitter:label2\" content=\"Tiempo de lectura\" \/>\n\t<meta name=\"twitter:data2\" content=\"2 minutos\" \/>\n<script type=\"application\/ld+json\" class=\"yoast-schema-graph\">{\"@context\":\"https:\\\/\\\/schema.org\",\"@graph\":[{\"@type\":\"Article\",\"@id\":\"https:\\\/\\\/quehacerpolitico.mx\\\/?p=99274#article\",\"isPartOf\":{\"@id\":\"https:\\\/\\\/quehacerpolitico.mx\\\/?p=99274\"},\"author\":{\"name\":\"Redacci\u00f3n QP\",\"@id\":\"https:\\\/\\\/quehacerpolitico.mx\\\/#\\\/schema\\\/person\\\/496d8ad2d1d3f8036101dca7ee39e585\"},\"headline\":\"\u00bfC\u00f3mo era el b\u00fanker de Genaro Garc\u00eda Luna, exhibido en &#8220;La Ma\u00f1anera&#8221;?\",\"datePublished\":\"2023-03-09T17:05:07+00:00\",\"dateModified\":\"2023-03-09T17:05:11+00:00\",\"mainEntityOfPage\":{\"@id\":\"https:\\\/\\\/quehacerpolitico.mx\\\/?p=99274\"},\"wordCount\":387,\"commentCount\":0,\"image\":{\"@id\":\"https:\\\/\\\/quehacerpolitico.mx\\\/?p=99274#primaryimage\"},\"thumbnailUrl\":\"https:\\\/\\\/quehacerpolitico.mx\\\/wp-content\\\/uploads\\\/2023\\\/03\\\/6F3AB239-86DD-4D37-A759-AD0BCC253CDB.jpeg\",\"articleSection\":[\"Noticias\"],\"inLanguage\":\"es\",\"potentialAction\":[{\"@type\":\"CommentAction\",\"name\":\"Comment\",\"target\":[\"https:\\\/\\\/quehacerpolitico.mx\\\/?p=99274#respond\"]}]},{\"@type\":\"WebPage\",\"@id\":\"https:\\\/\\\/quehacerpolitico.mx\\\/?p=99274\",\"url\":\"https:\\\/\\\/quehacerpolitico.mx\\\/?p=99274\",\"name\":\"\u00bfC\u00f3mo era el b\u00fanker de Genaro Garc\u00eda Luna, exhibido en \\\"La Ma\u00f1anera\\\"? -\",\"isPartOf\":{\"@id\":\"https:\\\/\\\/quehacerpolitico.mx\\\/#website\"},\"primaryImageOfPage\":{\"@id\":\"https:\\\/\\\/quehacerpolitico.mx\\\/?p=99274#primaryimage\"},\"image\":{\"@id\":\"https:\\\/\\\/quehacerpolitico.mx\\\/?p=99274#primaryimage\"},\"thumbnailUrl\":\"https:\\\/\\\/quehacerpolitico.mx\\\/wp-content\\\/uploads\\\/2023\\\/03\\\/6F3AB239-86DD-4D37-A759-AD0BCC253CDB.jpeg\",\"datePublished\":\"2023-03-09T17:05:07+00:00\",\"dateModified\":\"2023-03-09T17:05:11+00:00\",\"author\":{\"@id\":\"https:\\\/\\\/quehacerpolitico.mx\\\/#\\\/schema\\\/person\\\/496d8ad2d1d3f8036101dca7ee39e585\"},\"breadcrumb\":{\"@id\":\"https:\\\/\\\/quehacerpolitico.mx\\\/?p=99274#breadcrumb\"},\"inLanguage\":\"es\",\"potentialAction\":[{\"@type\":\"ReadAction\",\"target\":[\"https:\\\/\\\/quehacerpolitico.mx\\\/?p=99274\"]}]},{\"@type\":\"ImageObject\",\"inLanguage\":\"es\",\"@id\":\"https:\\\/\\\/quehacerpolitico.mx\\\/?p=99274#primaryimage\",\"url\":\"https:\\\/\\\/quehacerpolitico.mx\\\/wp-content\\\/uploads\\\/2023\\\/03\\\/6F3AB239-86DD-4D37-A759-AD0BCC253CDB.jpeg\",\"contentUrl\":\"https:\\\/\\\/quehacerpolitico.mx\\\/wp-content\\\/uploads\\\/2023\\\/03\\\/6F3AB239-86DD-4D37-A759-AD0BCC253CDB.jpeg\",\"width\":1284,\"height\":696},{\"@type\":\"BreadcrumbList\",\"@id\":\"https:\\\/\\\/quehacerpolitico.mx\\\/?p=99274#breadcrumb\",\"itemListElement\":[{\"@type\":\"ListItem\",\"position\":1,\"name\":\"Inicio\",\"item\":\"https:\\\/\\\/quehacerpolitico.mx\\\/\"},{\"@type\":\"ListItem\",\"position\":2,\"name\":\"\u00bfC\u00f3mo era el b\u00fanker de Genaro Garc\u00eda Luna, exhibido en &#8220;La Ma\u00f1anera&#8221;?\"}]},{\"@type\":\"WebSite\",\"@id\":\"https:\\\/\\\/quehacerpolitico.mx\\\/#website\",\"url\":\"https:\\\/\\\/quehacerpolitico.mx\\\/\",\"name\":\"\",\"description\":\"\",\"potentialAction\":[{\"@type\":\"SearchAction\",\"target\":{\"@type\":\"EntryPoint\",\"urlTemplate\":\"https:\\\/\\\/quehacerpolitico.mx\\\/?s={search_term_string}\"},\"query-input\":{\"@type\":\"PropertyValueSpecification\",\"valueRequired\":true,\"valueName\":\"search_term_string\"}}],\"inLanguage\":\"es\"},{\"@type\":\"Person\",\"@id\":\"https:\\\/\\\/quehacerpolitico.mx\\\/#\\\/schema\\\/person\\\/496d8ad2d1d3f8036101dca7ee39e585\",\"name\":\"Redacci\u00f3n QP\",\"image\":{\"@type\":\"ImageObject\",\"inLanguage\":\"es\",\"@id\":\"https:\\\/\\\/secure.gravatar.com\\\/avatar\\\/c7164ed6fdec453195284ad24a5ae5b6e1eed2b848477fa2a4787ba9adf39a41?s=96&d=mm&r=g\",\"url\":\"https:\\\/\\\/secure.gravatar.com\\\/avatar\\\/c7164ed6fdec453195284ad24a5ae5b6e1eed2b848477fa2a4787ba9adf39a41?s=96&d=mm&r=g\",\"contentUrl\":\"https:\\\/\\\/secure.gravatar.com\\\/avatar\\\/c7164ed6fdec453195284ad24a5ae5b6e1eed2b848477fa2a4787ba9adf39a41?s=96&d=mm&r=g\",\"caption\":\"Redacci\u00f3n QP\"},\"url\":\"https:\\\/\\\/quehacerpolitico.mx\\\/?author=2\"}]}<\/script>\n<!-- \/ Yoast SEO plugin. -->","yoast_head_json":{"title":"\u00bfC\u00f3mo era el b\u00fanker de Genaro Garc\u00eda Luna, exhibido en \"La Ma\u00f1anera\"? -","robots":{"index":"index","follow":"follow","max-snippet":"max-snippet:-1","max-image-preview":"max-image-preview:large","max-video-preview":"max-video-preview:-1"},"canonical":"https:\/\/quehacerpolitico.mx\/?p=99274","og_locale":"es_MX","og_type":"article","og_title":"\u00bfC\u00f3mo era el b\u00fanker de Genaro Garc\u00eda Luna, exhibido en \"La Ma\u00f1anera\"? -","og_description":"Por Redacci\u00f3n QP Al iniciar la &#8220;ma\u00f1anera&#8221;, L\u00f3pez Obrador explica\u00a0que la conferencia la comenzaron tarde...","og_url":"https:\/\/quehacerpolitico.mx\/?p=99274","article_published_time":"2023-03-09T17:05:07+00:00","article_modified_time":"2023-03-09T17:05:11+00:00","og_image":[{"width":1284,"height":696,"url":"https:\/\/quehacerpolitico.mx\/wp-content\/uploads\/2023\/03\/6F3AB239-86DD-4D37-A759-AD0BCC253CDB.jpeg","type":"image\/jpeg"}],"author":"Redacci\u00f3n QP","twitter_card":"summary_large_image","twitter_misc":{"Escrito por":"Redacci\u00f3n QP","Tiempo de lectura":"2 minutos"},"schema":{"@context":"https:\/\/schema.org","@graph":[{"@type":"Article","@id":"https:\/\/quehacerpolitico.mx\/?p=99274#article","isPartOf":{"@id":"https:\/\/quehacerpolitico.mx\/?p=99274"},"author":{"name":"Redacci\u00f3n QP","@id":"https:\/\/quehacerpolitico.mx\/#\/schema\/person\/496d8ad2d1d3f8036101dca7ee39e585"},"headline":"\u00bfC\u00f3mo era el b\u00fanker de Genaro Garc\u00eda Luna, exhibido en &#8220;La Ma\u00f1anera&#8221;?","datePublished":"2023-03-09T17:05:07+00:00","dateModified":"2023-03-09T17:05:11+00:00","mainEntityOfPage":{"@id":"https:\/\/quehacerpolitico.mx\/?p=99274"},"wordCount":387,"commentCount":0,"image":{"@id":"https:\/\/quehacerpolitico.mx\/?p=99274#primaryimage"},"thumbnailUrl":"https:\/\/quehacerpolitico.mx\/wp-content\/uploads\/2023\/03\/6F3AB239-86DD-4D37-A759-AD0BCC253CDB.jpeg","articleSection":["Noticias"],"inLanguage":"es","potentialAction":[{"@type":"CommentAction","name":"Comment","target":["https:\/\/quehacerpolitico.mx\/?p=99274#respond"]}]},{"@type":"WebPage","@id":"https:\/\/quehacerpolitico.mx\/?p=99274","url":"https:\/\/quehacerpolitico.mx\/?p=99274","name":"\u00bfC\u00f3mo era el b\u00fanker de Genaro Garc\u00eda Luna, exhibido en \"La Ma\u00f1anera\"? -","isPartOf":{"@id":"https:\/\/quehacerpolitico.mx\/#website"},"primaryImageOfPage":{"@id":"https:\/\/quehacerpolitico.mx\/?p=99274#primaryimage"},"image":{"@id":"https:\/\/quehacerpolitico.mx\/?p=99274#primaryimage"},"thumbnailUrl":"https:\/\/quehacerpolitico.mx\/wp-content\/uploads\/2023\/03\/6F3AB239-86DD-4D37-A759-AD0BCC253CDB.jpeg","datePublished":"2023-03-09T17:05:07+00:00","dateModified":"2023-03-09T17:05:11+00:00","author":{"@id":"https:\/\/quehacerpolitico.mx\/#\/schema\/person\/496d8ad2d1d3f8036101dca7ee39e585"},"breadcrumb":{"@id":"https:\/\/quehacerpolitico.mx\/?p=99274#breadcrumb"},"inLanguage":"es","potentialAction":[{"@type":"ReadAction","target":["https:\/\/quehacerpolitico.mx\/?p=99274"]}]},{"@type":"ImageObject","inLanguage":"es","@id":"https:\/\/quehacerpolitico.mx\/?p=99274#primaryimage","url":"https:\/\/quehacerpolitico.mx\/wp-content\/uploads\/2023\/03\/6F3AB239-86DD-4D37-A759-AD0BCC253CDB.jpeg","contentUrl":"https:\/\/quehacerpolitico.mx\/wp-content\/uploads\/2023\/03\/6F3AB239-86DD-4D37-A759-AD0BCC253CDB.jpeg","width":1284,"height":696},{"@type":"BreadcrumbList","@id":"https:\/\/quehacerpolitico.mx\/?p=99274#breadcrumb","itemListElement":[{"@type":"ListItem","position":1,"name":"Inicio","item":"https:\/\/quehacerpolitico.mx\/"},{"@type":"ListItem","position":2,"name":"\u00bfC\u00f3mo era el b\u00fanker de Genaro Garc\u00eda Luna, exhibido en &#8220;La Ma\u00f1anera&#8221;?"}]},{"@type":"WebSite","@id":"https:\/\/quehacerpolitico.mx\/#website","url":"https:\/\/quehacerpolitico.mx\/","name":"","description":"","potentialAction":[{"@type":"SearchAction","target":{"@type":"EntryPoint","urlTemplate":"https:\/\/quehacerpolitico.mx\/?s={search_term_string}"},"query-input":{"@type":"PropertyValueSpecification","valueRequired":true,"valueName":"search_term_string"}}],"inLanguage":"es"},{"@type":"Person","@id":"https:\/\/quehacerpolitico.mx\/#\/schema\/person\/496d8ad2d1d3f8036101dca7ee39e585","name":"Redacci\u00f3n QP","image":{"@type":"ImageObject","inLanguage":"es","@id":"https:\/\/secure.gravatar.com\/avatar\/c7164ed6fdec453195284ad24a5ae5b6e1eed2b848477fa2a4787ba9adf39a41?s=96&d=mm&r=g","url":"https:\/\/secure.gravatar.com\/avatar\/c7164ed6fdec453195284ad24a5ae5b6e1eed2b848477fa2a4787ba9adf39a41?s=96&d=mm&r=g","contentUrl":"https:\/\/secure.gravatar.com\/avatar\/c7164ed6fdec453195284ad24a5ae5b6e1eed2b848477fa2a4787ba9adf39a41?s=96&d=mm&r=g","caption":"Redacci\u00f3n QP"},"url":"https:\/\/quehacerpolitico.mx\/?author=2"}]}},"featured_image_urls":{"full":["https:\/\/quehacerpolitico.mx\/wp-content\/uploads\/2023\/03\/6F3AB239-86DD-4D37-A759-AD0BCC253CDB.jpeg",1284,696,false],"thumbnail":["https:\/\/quehacerpolitico.mx\/wp-content\/uploads\/2023\/03\/6F3AB239-86DD-4D37-A759-AD0BCC253CDB-150x150.jpeg",150,150,true],"medium":["https:\/\/quehacerpolitico.mx\/wp-content\/uploads\/2023\/03\/6F3AB239-86DD-4D37-A759-AD0BCC253CDB-300x163.jpeg",300,163,true],"medium_large":["https:\/\/quehacerpolitico.mx\/wp-content\/uploads\/2023\/03\/6F3AB239-86DD-4D37-A759-AD0BCC253CDB-768x416.jpeg",640,347,true],"large":["https:\/\/quehacerpolitico.mx\/wp-content\/uploads\/2023\/03\/6F3AB239-86DD-4D37-A759-AD0BCC253CDB-1024x555.jpeg",640,347,true],"1536x1536":["https:\/\/quehacerpolitico.mx\/wp-content\/uploads\/2023\/03\/6F3AB239-86DD-4D37-A759-AD0BCC253CDB.jpeg",1284,696,false],"2048x2048":["https:\/\/quehacerpolitico.mx\/wp-content\/uploads\/2023\/03\/6F3AB239-86DD-4D37-A759-AD0BCC253CDB.jpeg",1284,696,false],"covernews-featured":["https:\/\/quehacerpolitico.mx\/wp-content\/uploads\/2023\/03\/6F3AB239-86DD-4D37-A759-AD0BCC253CDB.jpeg",1024,555,false],"covernews-medium":["https:\/\/quehacerpolitico.mx\/wp-content\/uploads\/2023\/03\/6F3AB239-86DD-4D37-A759-AD0BCC253CDB.jpeg",540,293,false]},"author_info":{"display_name":"Redacci\u00f3n QP","author_link":"https:\/\/quehacerpolitico.mx\/?author=2"},"category_info":"<a href=\"https:\/\/quehacerpolitico.mx\/?cat=2\" rel=\"category\">Noticias<\/a>","tag_info":"Noticias","comment_count":"0","_links":{"self":[{"href":"https:\/\/quehacerpolitico.mx\/index.php?rest_route=\/wp\/v2\/posts\/99274","targetHints":{"allow":["GET"]}}],"collection":[{"href":"https:\/\/quehacerpolitico.mx\/index.php?rest_route=\/wp\/v2\/posts"}],"about":[{"href":"https:\/\/quehacerpolitico.mx\/index.php?rest_route=\/wp\/v2\/types\/post"}],"author":[{"embeddable":true,"href":"https:\/\/quehacerpolitico.mx\/index.php?rest_route=\/wp\/v2\/users\/2"}],"replies":[{"embeddable":true,"href":"https:\/\/quehacerpolitico.mx\/index.php?rest_route=%2Fwp%2Fv2%2Fcomments&post=99274"}],"version-history":[{"count":1,"href":"https:\/\/quehacerpolitico.mx\/index.php?rest_route=\/wp\/v2\/posts\/99274\/revisions"}],"predecessor-version":[{"id":99276,"href":"https:\/\/quehacerpolitico.mx\/index.php?rest_route=\/wp\/v2\/posts\/99274\/revisions\/99276"}],"wp:featuredmedia":[{"embeddable":true,"href":"https:\/\/quehacerpolitico.mx\/index.php?rest_route=\/wp\/v2\/media\/99275"}],"wp:attachment":[{"href":"https:\/\/quehacerpolitico.mx\/index.php?rest_route=%2Fwp%2Fv2%2Fmedia&parent=99274"}],"wp:term":[{"taxonomy":"category","embeddable":true,"href":"https:\/\/quehacerpolitico.mx\/index.php?rest_route=%2Fwp%2Fv2%2Fcategories&post=99274"},{"taxonomy":"post_tag","embeddable":true,"href":"https:\/\/quehacerpolitico.mx\/index.php?rest_route=%2Fwp%2Fv2%2Ftags&post=99274"}],"curies":[{"name":"wp","href":"https:\/\/api.w.org\/{rel}","templated":true}]}}