{"id":99271,"date":"2023-03-09T16:35:35","date_gmt":"2023-03-09T16:35:35","guid":{"rendered":"https:\/\/quehacerpolitico.mx\/?p=99271"},"modified":"2023-03-09T16:35:39","modified_gmt":"2023-03-09T16:35:39","slug":"la-uif-denuncia-a-la-esposa-de-genaro-garcia-luna-por-presunta-complicidad","status":"publish","type":"post","link":"https:\/\/quehacerpolitico.mx\/?p=99271","title":{"rendered":"La UIF denuncia a la esposa de Genaro Garc\u00eda Luna por presunta complicidad"},"content":{"rendered":"\n<p>Por Redacci\u00f3n QP<\/p>\n\n\n\n<p>Pablo G\u00f3mez, titular de la UIF, acus\u00f3 este jueves a la mujer de ser part\u00edcipe del entramado de corrupci\u00f3n liderado por Garc\u00eda Luna<\/p>\n\n\n\n<p>La Unidad de Inteligencia Financiera (UIF)<strong>denunci\u00f3 ante la Fiscal\u00eda General de la Rep\u00fablica (FGR) a\u00a0Linda Cristina Pereyra por ser presunta c\u00f3mplice de su esposo<\/strong>, el exsecretario de Seguridad P\u00fablica de 2006 a 2012 Genaro Garc\u00eda Luna, declarado culpable el mes pasado por narcotr\u00e1fico en Estados Unidos.<\/p>\n\n\n\n<p>Pablo G\u00f3mez, titular de la UIF,\u00a0<strong>acus\u00f3 este jueves a la mujer de ser part\u00edcipe del entramado de corrupci\u00f3n<\/strong>\u00a0que obtuvo m\u00e1s de 700 millones de d\u00f3lares de procedencia il\u00edcita que terminaron en la ciudad estadounidense de Miami, Florida.<\/p>\n\n\n\n<figure class=\"wp-block-embed is-type-rich is-provider-twitter wp-block-embed-twitter\"><div class=\"wp-block-embed__wrapper\">\n<blockquote class=\"twitter-tweet\" data-width=\"550\" data-dnt=\"true\"><p lang=\"es\" dir=\"ltr\">Muestran en la ma\u00f1anera las operaciones il\u00edcitas de Garc\u00eda Luna, desde el llamado &quot;b\u00fanker&quot; de la Secretar\u00eda de Seguridad, que fuera construido por el exsecretario. <a href=\"https:\/\/t.co\/KEj2GB24YG\">pic.twitter.com\/KEj2GB24YG<\/a><\/p>&mdash; Ruido en la Red (@RuidoEnLaRed) <a href=\"https:\/\/twitter.com\/RuidoEnLaRed\/status\/1633837344288817152?ref_src=twsrc%5Etfw\">March 9, 2023<\/a><\/blockquote><script async src=\"https:\/\/platform.twitter.com\/widgets.js\" charset=\"utf-8\"><\/script>\n<\/div><\/figure>\n\n\n\n<p>&#8220;Ella est\u00e1 denunciada por el Gobierno de M\u00e9xico a trav\u00e9s de la UIF por operaciones con recursos de procedencia il\u00edcita y algunos otros delitos, al igual que varios de sus familiares, que han sido beneficiarios de parte de este inmenso bot\u00edn que se gener\u00f3 a trav\u00e9s de la Secretar\u00eda de Seguridad P\u00fablica&#8221;, dijo G\u00f3mez en conferencia.<\/p>\n\n\n\n<p>La denuncia se revela<strong>&nbsp;despu\u00e9s de que un jurado en Nueva York declar\u00f3 culpable el 21 de febrero a Garc\u00eda Luna<\/strong>, quien lider\u00f3 &#8220;la guerra contra el narco&#8221; en la presidencia de Felipe Calder\u00f3n (2006-2012), de cinco delitos relacionados con el narcotr\u00e1fico y de mentir en su solicitud de ciudadan\u00eda estadounidense.<\/p>\n\n\n\n<p>En el caso, Pereyra subi\u00f3 al estrado como la \u00fanica testigo de descargo en contra del ex funcionario<\/p>\n\n\n\n<p>Pero en paralelo, el Gobierno de Andr\u00e9s Manuel L\u00f3pez Obrador interpuso una demanda civil en 2020 en Florida para reclamar el dinero p\u00fablico que, seg\u00fan \u00e9l, Garc\u00eda Luna y su familia se llevaron a Miami.<\/p>\n\n\n\n<p>&#8220;Ella es propietaria de cuatro departamentos en Miami que est\u00e1n intervenidos por la Corte, de la lista larga de los inmuebles que est\u00e1n asegurados por la Corte de Miami, donde est\u00e1 interpuesto el juicio civil que reclama estos bienes, cuatro de ellos est\u00e1n directamente a nombre de ella&#8221;, detall\u00f3 G\u00f3mez.<\/p>\n\n\n\n<p>El titular de la UIF denunci\u00f3 tambi\u00e9n que un entramado de empresas relacionadas con Garc\u00eda Luna<strong>&nbsp;recibi\u00f3 10 contratos por m\u00e1s de 316 millones de d\u00f3lares con entidades del Gobierno durante 2006 a 2012.<\/strong><\/p>\n\n\n\n<p>&#8220;Esas operaciones que est\u00e1n ah\u00ed se\u00f1aladas con dinero, ese dinero sali\u00f3 de M\u00e9xico rumbo a Barbados y de Barbados a Florida. Todo ese torrente&#8221;, sostuvo al exhibir una gr\u00e1fica de la presunta red.<\/p>\n\n\n\n<p>Con informaci\u00f3n de SUN <\/p>\n","protected":false},"excerpt":{"rendered":"<p>Por Redacci\u00f3n QP Pablo G\u00f3mez, titular de la UIF, acus\u00f3 este jueves a la mujer&#8230;<\/p>\n","protected":false},"author":2,"featured_media":99272,"comment_status":"open","ping_status":"open","sticky":false,"template":"","format":"standard","meta":{"_monsterinsights_skip_tracking":false,"_monsterinsights_sitenote_active":false,"_monsterinsights_sitenote_note":"","_monsterinsights_sitenote_category":0,"footnotes":""},"categories":[2],"tags":[],"class_list":["post-99271","post","type-post","status-publish","format-standard","has-post-thumbnail","hentry","category-noticias"],"yoast_head":"<!-- This site is optimized with the Yoast SEO plugin v27.3 - https:\/\/yoast.com\/product\/yoast-seo-wordpress\/ -->\n<title>La UIF denuncia a la esposa de Genaro Garc\u00eda Luna por presunta complicidad -<\/title>\n<meta name=\"robots\" content=\"index, follow, max-snippet:-1, max-image-preview:large, max-video-preview:-1\" \/>\n<link rel=\"canonical\" href=\"https:\/\/quehacerpolitico.mx\/?p=99271\" \/>\n<meta property=\"og:locale\" content=\"es_MX\" \/>\n<meta property=\"og:type\" content=\"article\" \/>\n<meta property=\"og:title\" content=\"La UIF denuncia a la esposa de Genaro Garc\u00eda Luna por presunta complicidad -\" \/>\n<meta property=\"og:description\" content=\"Por Redacci\u00f3n QP Pablo G\u00f3mez, titular de la UIF, acus\u00f3 este jueves a la mujer...\" \/>\n<meta property=\"og:url\" content=\"https:\/\/quehacerpolitico.mx\/?p=99271\" \/>\n<meta property=\"article:published_time\" content=\"2023-03-09T16:35:35+00:00\" \/>\n<meta property=\"article:modified_time\" content=\"2023-03-09T16:35:39+00:00\" \/>\n<meta property=\"og:image\" content=\"https:\/\/quehacerpolitico.mx\/wp-content\/uploads\/2023\/03\/D4C57A64-C3E7-4EDC-9AAD-4CC4B58A9310.jpeg\" \/>\n\t<meta property=\"og:image:width\" content=\"1284\" \/>\n\t<meta property=\"og:image:height\" content=\"709\" \/>\n\t<meta property=\"og:image:type\" content=\"image\/jpeg\" \/>\n<meta name=\"author\" content=\"Redacci\u00f3n QP\" \/>\n<meta name=\"twitter:card\" content=\"summary_large_image\" \/>\n<meta name=\"twitter:label1\" content=\"Escrito por\" \/>\n\t<meta name=\"twitter:data1\" content=\"Redacci\u00f3n QP\" \/>\n\t<meta name=\"twitter:label2\" content=\"Tiempo de lectura\" \/>\n\t<meta name=\"twitter:data2\" content=\"2 minutos\" \/>\n<script type=\"application\/ld+json\" class=\"yoast-schema-graph\">{\"@context\":\"https:\\\/\\\/schema.org\",\"@graph\":[{\"@type\":\"Article\",\"@id\":\"https:\\\/\\\/quehacerpolitico.mx\\\/?p=99271#article\",\"isPartOf\":{\"@id\":\"https:\\\/\\\/quehacerpolitico.mx\\\/?p=99271\"},\"author\":{\"name\":\"Redacci\u00f3n QP\",\"@id\":\"https:\\\/\\\/quehacerpolitico.mx\\\/#\\\/schema\\\/person\\\/496d8ad2d1d3f8036101dca7ee39e585\"},\"headline\":\"La UIF denuncia a la esposa de Genaro Garc\u00eda Luna por presunta complicidad\",\"datePublished\":\"2023-03-09T16:35:35+00:00\",\"dateModified\":\"2023-03-09T16:35:39+00:00\",\"mainEntityOfPage\":{\"@id\":\"https:\\\/\\\/quehacerpolitico.mx\\\/?p=99271\"},\"wordCount\":460,\"commentCount\":0,\"image\":{\"@id\":\"https:\\\/\\\/quehacerpolitico.mx\\\/?p=99271#primaryimage\"},\"thumbnailUrl\":\"https:\\\/\\\/quehacerpolitico.mx\\\/wp-content\\\/uploads\\\/2023\\\/03\\\/D4C57A64-C3E7-4EDC-9AAD-4CC4B58A9310.jpeg\",\"articleSection\":[\"Noticias\"],\"inLanguage\":\"es\",\"potentialAction\":[{\"@type\":\"CommentAction\",\"name\":\"Comment\",\"target\":[\"https:\\\/\\\/quehacerpolitico.mx\\\/?p=99271#respond\"]}]},{\"@type\":\"WebPage\",\"@id\":\"https:\\\/\\\/quehacerpolitico.mx\\\/?p=99271\",\"url\":\"https:\\\/\\\/quehacerpolitico.mx\\\/?p=99271\",\"name\":\"La UIF denuncia a la esposa de Genaro Garc\u00eda Luna por presunta complicidad -\",\"isPartOf\":{\"@id\":\"https:\\\/\\\/quehacerpolitico.mx\\\/#website\"},\"primaryImageOfPage\":{\"@id\":\"https:\\\/\\\/quehacerpolitico.mx\\\/?p=99271#primaryimage\"},\"image\":{\"@id\":\"https:\\\/\\\/quehacerpolitico.mx\\\/?p=99271#primaryimage\"},\"thumbnailUrl\":\"https:\\\/\\\/quehacerpolitico.mx\\\/wp-content\\\/uploads\\\/2023\\\/03\\\/D4C57A64-C3E7-4EDC-9AAD-4CC4B58A9310.jpeg\",\"datePublished\":\"2023-03-09T16:35:35+00:00\",\"dateModified\":\"2023-03-09T16:35:39+00:00\",\"author\":{\"@id\":\"https:\\\/\\\/quehacerpolitico.mx\\\/#\\\/schema\\\/person\\\/496d8ad2d1d3f8036101dca7ee39e585\"},\"breadcrumb\":{\"@id\":\"https:\\\/\\\/quehacerpolitico.mx\\\/?p=99271#breadcrumb\"},\"inLanguage\":\"es\",\"potentialAction\":[{\"@type\":\"ReadAction\",\"target\":[\"https:\\\/\\\/quehacerpolitico.mx\\\/?p=99271\"]}]},{\"@type\":\"ImageObject\",\"inLanguage\":\"es\",\"@id\":\"https:\\\/\\\/quehacerpolitico.mx\\\/?p=99271#primaryimage\",\"url\":\"https:\\\/\\\/quehacerpolitico.mx\\\/wp-content\\\/uploads\\\/2023\\\/03\\\/D4C57A64-C3E7-4EDC-9AAD-4CC4B58A9310.jpeg\",\"contentUrl\":\"https:\\\/\\\/quehacerpolitico.mx\\\/wp-content\\\/uploads\\\/2023\\\/03\\\/D4C57A64-C3E7-4EDC-9AAD-4CC4B58A9310.jpeg\",\"width\":1284,\"height\":709},{\"@type\":\"BreadcrumbList\",\"@id\":\"https:\\\/\\\/quehacerpolitico.mx\\\/?p=99271#breadcrumb\",\"itemListElement\":[{\"@type\":\"ListItem\",\"position\":1,\"name\":\"Inicio\",\"item\":\"https:\\\/\\\/quehacerpolitico.mx\\\/\"},{\"@type\":\"ListItem\",\"position\":2,\"name\":\"La UIF denuncia a la esposa de Genaro Garc\u00eda Luna por presunta complicidad\"}]},{\"@type\":\"WebSite\",\"@id\":\"https:\\\/\\\/quehacerpolitico.mx\\\/#website\",\"url\":\"https:\\\/\\\/quehacerpolitico.mx\\\/\",\"name\":\"\",\"description\":\"\",\"potentialAction\":[{\"@type\":\"SearchAction\",\"target\":{\"@type\":\"EntryPoint\",\"urlTemplate\":\"https:\\\/\\\/quehacerpolitico.mx\\\/?s={search_term_string}\"},\"query-input\":{\"@type\":\"PropertyValueSpecification\",\"valueRequired\":true,\"valueName\":\"search_term_string\"}}],\"inLanguage\":\"es\"},{\"@type\":\"Person\",\"@id\":\"https:\\\/\\\/quehacerpolitico.mx\\\/#\\\/schema\\\/person\\\/496d8ad2d1d3f8036101dca7ee39e585\",\"name\":\"Redacci\u00f3n QP\",\"image\":{\"@type\":\"ImageObject\",\"inLanguage\":\"es\",\"@id\":\"https:\\\/\\\/secure.gravatar.com\\\/avatar\\\/c7164ed6fdec453195284ad24a5ae5b6e1eed2b848477fa2a4787ba9adf39a41?s=96&d=mm&r=g\",\"url\":\"https:\\\/\\\/secure.gravatar.com\\\/avatar\\\/c7164ed6fdec453195284ad24a5ae5b6e1eed2b848477fa2a4787ba9adf39a41?s=96&d=mm&r=g\",\"contentUrl\":\"https:\\\/\\\/secure.gravatar.com\\\/avatar\\\/c7164ed6fdec453195284ad24a5ae5b6e1eed2b848477fa2a4787ba9adf39a41?s=96&d=mm&r=g\",\"caption\":\"Redacci\u00f3n QP\"},\"url\":\"https:\\\/\\\/quehacerpolitico.mx\\\/?author=2\"}]}<\/script>\n<!-- \/ Yoast SEO plugin. -->","yoast_head_json":{"title":"La UIF denuncia a la esposa de Genaro Garc\u00eda Luna por presunta complicidad -","robots":{"index":"index","follow":"follow","max-snippet":"max-snippet:-1","max-image-preview":"max-image-preview:large","max-video-preview":"max-video-preview:-1"},"canonical":"https:\/\/quehacerpolitico.mx\/?p=99271","og_locale":"es_MX","og_type":"article","og_title":"La UIF denuncia a la esposa de Genaro Garc\u00eda Luna por presunta complicidad -","og_description":"Por Redacci\u00f3n QP Pablo G\u00f3mez, titular de la UIF, acus\u00f3 este jueves a la mujer...","og_url":"https:\/\/quehacerpolitico.mx\/?p=99271","article_published_time":"2023-03-09T16:35:35+00:00","article_modified_time":"2023-03-09T16:35:39+00:00","og_image":[{"width":1284,"height":709,"url":"https:\/\/quehacerpolitico.mx\/wp-content\/uploads\/2023\/03\/D4C57A64-C3E7-4EDC-9AAD-4CC4B58A9310.jpeg","type":"image\/jpeg"}],"author":"Redacci\u00f3n QP","twitter_card":"summary_large_image","twitter_misc":{"Escrito por":"Redacci\u00f3n QP","Tiempo de lectura":"2 minutos"},"schema":{"@context":"https:\/\/schema.org","@graph":[{"@type":"Article","@id":"https:\/\/quehacerpolitico.mx\/?p=99271#article","isPartOf":{"@id":"https:\/\/quehacerpolitico.mx\/?p=99271"},"author":{"name":"Redacci\u00f3n QP","@id":"https:\/\/quehacerpolitico.mx\/#\/schema\/person\/496d8ad2d1d3f8036101dca7ee39e585"},"headline":"La UIF denuncia a la esposa de Genaro Garc\u00eda Luna por presunta complicidad","datePublished":"2023-03-09T16:35:35+00:00","dateModified":"2023-03-09T16:35:39+00:00","mainEntityOfPage":{"@id":"https:\/\/quehacerpolitico.mx\/?p=99271"},"wordCount":460,"commentCount":0,"image":{"@id":"https:\/\/quehacerpolitico.mx\/?p=99271#primaryimage"},"thumbnailUrl":"https:\/\/quehacerpolitico.mx\/wp-content\/uploads\/2023\/03\/D4C57A64-C3E7-4EDC-9AAD-4CC4B58A9310.jpeg","articleSection":["Noticias"],"inLanguage":"es","potentialAction":[{"@type":"CommentAction","name":"Comment","target":["https:\/\/quehacerpolitico.mx\/?p=99271#respond"]}]},{"@type":"WebPage","@id":"https:\/\/quehacerpolitico.mx\/?p=99271","url":"https:\/\/quehacerpolitico.mx\/?p=99271","name":"La UIF denuncia a la esposa de Genaro Garc\u00eda Luna por presunta complicidad -","isPartOf":{"@id":"https:\/\/quehacerpolitico.mx\/#website"},"primaryImageOfPage":{"@id":"https:\/\/quehacerpolitico.mx\/?p=99271#primaryimage"},"image":{"@id":"https:\/\/quehacerpolitico.mx\/?p=99271#primaryimage"},"thumbnailUrl":"https:\/\/quehacerpolitico.mx\/wp-content\/uploads\/2023\/03\/D4C57A64-C3E7-4EDC-9AAD-4CC4B58A9310.jpeg","datePublished":"2023-03-09T16:35:35+00:00","dateModified":"2023-03-09T16:35:39+00:00","author":{"@id":"https:\/\/quehacerpolitico.mx\/#\/schema\/person\/496d8ad2d1d3f8036101dca7ee39e585"},"breadcrumb":{"@id":"https:\/\/quehacerpolitico.mx\/?p=99271#breadcrumb"},"inLanguage":"es","potentialAction":[{"@type":"ReadAction","target":["https:\/\/quehacerpolitico.mx\/?p=99271"]}]},{"@type":"ImageObject","inLanguage":"es","@id":"https:\/\/quehacerpolitico.mx\/?p=99271#primaryimage","url":"https:\/\/quehacerpolitico.mx\/wp-content\/uploads\/2023\/03\/D4C57A64-C3E7-4EDC-9AAD-4CC4B58A9310.jpeg","contentUrl":"https:\/\/quehacerpolitico.mx\/wp-content\/uploads\/2023\/03\/D4C57A64-C3E7-4EDC-9AAD-4CC4B58A9310.jpeg","width":1284,"height":709},{"@type":"BreadcrumbList","@id":"https:\/\/quehacerpolitico.mx\/?p=99271#breadcrumb","itemListElement":[{"@type":"ListItem","position":1,"name":"Inicio","item":"https:\/\/quehacerpolitico.mx\/"},{"@type":"ListItem","position":2,"name":"La UIF denuncia a la esposa de Genaro Garc\u00eda Luna por presunta complicidad"}]},{"@type":"WebSite","@id":"https:\/\/quehacerpolitico.mx\/#website","url":"https:\/\/quehacerpolitico.mx\/","name":"","description":"","potentialAction":[{"@type":"SearchAction","target":{"@type":"EntryPoint","urlTemplate":"https:\/\/quehacerpolitico.mx\/?s={search_term_string}"},"query-input":{"@type":"PropertyValueSpecification","valueRequired":true,"valueName":"search_term_string"}}],"inLanguage":"es"},{"@type":"Person","@id":"https:\/\/quehacerpolitico.mx\/#\/schema\/person\/496d8ad2d1d3f8036101dca7ee39e585","name":"Redacci\u00f3n QP","image":{"@type":"ImageObject","inLanguage":"es","@id":"https:\/\/secure.gravatar.com\/avatar\/c7164ed6fdec453195284ad24a5ae5b6e1eed2b848477fa2a4787ba9adf39a41?s=96&d=mm&r=g","url":"https:\/\/secure.gravatar.com\/avatar\/c7164ed6fdec453195284ad24a5ae5b6e1eed2b848477fa2a4787ba9adf39a41?s=96&d=mm&r=g","contentUrl":"https:\/\/secure.gravatar.com\/avatar\/c7164ed6fdec453195284ad24a5ae5b6e1eed2b848477fa2a4787ba9adf39a41?s=96&d=mm&r=g","caption":"Redacci\u00f3n QP"},"url":"https:\/\/quehacerpolitico.mx\/?author=2"}]}},"featured_image_urls":{"full":["https:\/\/quehacerpolitico.mx\/wp-content\/uploads\/2023\/03\/D4C57A64-C3E7-4EDC-9AAD-4CC4B58A9310.jpeg",1284,709,false],"thumbnail":["https:\/\/quehacerpolitico.mx\/wp-content\/uploads\/2023\/03\/D4C57A64-C3E7-4EDC-9AAD-4CC4B58A9310-150x150.jpeg",150,150,true],"medium":["https:\/\/quehacerpolitico.mx\/wp-content\/uploads\/2023\/03\/D4C57A64-C3E7-4EDC-9AAD-4CC4B58A9310-300x166.jpeg",300,166,true],"medium_large":["https:\/\/quehacerpolitico.mx\/wp-content\/uploads\/2023\/03\/D4C57A64-C3E7-4EDC-9AAD-4CC4B58A9310-768x424.jpeg",640,353,true],"large":["https:\/\/quehacerpolitico.mx\/wp-content\/uploads\/2023\/03\/D4C57A64-C3E7-4EDC-9AAD-4CC4B58A9310-1024x565.jpeg",640,353,true],"1536x1536":["https:\/\/quehacerpolitico.mx\/wp-content\/uploads\/2023\/03\/D4C57A64-C3E7-4EDC-9AAD-4CC4B58A9310.jpeg",1284,709,false],"2048x2048":["https:\/\/quehacerpolitico.mx\/wp-content\/uploads\/2023\/03\/D4C57A64-C3E7-4EDC-9AAD-4CC4B58A9310.jpeg",1284,709,false],"covernews-featured":["https:\/\/quehacerpolitico.mx\/wp-content\/uploads\/2023\/03\/D4C57A64-C3E7-4EDC-9AAD-4CC4B58A9310.jpeg",1024,565,false],"covernews-medium":["https:\/\/quehacerpolitico.mx\/wp-content\/uploads\/2023\/03\/D4C57A64-C3E7-4EDC-9AAD-4CC4B58A9310.jpeg",540,298,false]},"author_info":{"display_name":"Redacci\u00f3n QP","author_link":"https:\/\/quehacerpolitico.mx\/?author=2"},"category_info":"<a href=\"https:\/\/quehacerpolitico.mx\/?cat=2\" rel=\"category\">Noticias<\/a>","tag_info":"Noticias","comment_count":"0","_links":{"self":[{"href":"https:\/\/quehacerpolitico.mx\/index.php?rest_route=\/wp\/v2\/posts\/99271","targetHints":{"allow":["GET"]}}],"collection":[{"href":"https:\/\/quehacerpolitico.mx\/index.php?rest_route=\/wp\/v2\/posts"}],"about":[{"href":"https:\/\/quehacerpolitico.mx\/index.php?rest_route=\/wp\/v2\/types\/post"}],"author":[{"embeddable":true,"href":"https:\/\/quehacerpolitico.mx\/index.php?rest_route=\/wp\/v2\/users\/2"}],"replies":[{"embeddable":true,"href":"https:\/\/quehacerpolitico.mx\/index.php?rest_route=%2Fwp%2Fv2%2Fcomments&post=99271"}],"version-history":[{"count":1,"href":"https:\/\/quehacerpolitico.mx\/index.php?rest_route=\/wp\/v2\/posts\/99271\/revisions"}],"predecessor-version":[{"id":99273,"href":"https:\/\/quehacerpolitico.mx\/index.php?rest_route=\/wp\/v2\/posts\/99271\/revisions\/99273"}],"wp:featuredmedia":[{"embeddable":true,"href":"https:\/\/quehacerpolitico.mx\/index.php?rest_route=\/wp\/v2\/media\/99272"}],"wp:attachment":[{"href":"https:\/\/quehacerpolitico.mx\/index.php?rest_route=%2Fwp%2Fv2%2Fmedia&parent=99271"}],"wp:term":[{"taxonomy":"category","embeddable":true,"href":"https:\/\/quehacerpolitico.mx\/index.php?rest_route=%2Fwp%2Fv2%2Fcategories&post=99271"},{"taxonomy":"post_tag","embeddable":true,"href":"https:\/\/quehacerpolitico.mx\/index.php?rest_route=%2Fwp%2Fv2%2Ftags&post=99271"}],"curies":[{"name":"wp","href":"https:\/\/api.w.org\/{rel}","templated":true}]}}