{"id":99268,"date":"2023-03-09T16:17:31","date_gmt":"2023-03-09T16:17:31","guid":{"rendered":"https:\/\/quehacerpolitico.mx\/?p=99268"},"modified":"2023-03-09T16:17:35","modified_gmt":"2023-03-09T16:17:35","slug":"lopez-obrador-encabeza-mananera-de-hoy-en-el-bunker-de-genaro-garcia-luna","status":"publish","type":"post","link":"https:\/\/quehacerpolitico.mx\/?p=99268","title":{"rendered":"L\u00f3pez Obrador encabeza ma\u00f1anera de hoy en el b\u00fanker de Genaro Garc\u00eda Luna"},"content":{"rendered":"\n<p>Por Redacci\u00f3n QP<\/p>\n\n\n\n<p>En la conferencia de hoy 9 de marzo, a L\u00f3pez Obrador lo acompa\u00f1an Pablo G\u00f3mez, titular de la Unidad de Inteligencia Financiera y Rosa Icela Rodr\u00edguez, titular de Seguridad y Protecci\u00f3n Ciudadana<\/p>\n\n\n\n<p>Hoy jueves 9 de marzo, el Presidente\u00a0Andres Manuel Lopez Obrador\u00a0encabezar\u00e1 su tradicional conferencia ma\u00f1anera\u00a0<strong>en las instalaciones del Centro de Inteligencia de la Guardia Nacional, en lo que fue el llamado &#8220;b\u00fanker&#8221;<\/strong>\u00a0que mand\u00f3 construir Genaro Garc\u00eda Luna, exsecretario de Seguridad P\u00fablica en el sexenio de Felipe Calder\u00f3n y qui\u00e9n recientemente fue declarado culpable en Estados Unidos de diversos cargos, entre ellos nexos con el narcotr\u00e1fico.<\/p>\n\n\n\n<p>En la conferencia acompa\u00f1an Pablo G\u00f3mez, titular de la Unidad de Inteligencia Financiera (UIF) y Rosa Icela Rodr\u00edguez, titular de Seguridad y Protecci\u00f3n Ciudadana (SSPC).<\/p>\n\n\n\n<p>Previo a esta, el jefe del Ejecutivo federal encabez\u00f3 su reuni\u00f3n del Gabinete de Seguridad en un edificio cerca al llamado b\u00fanker en donde estuvo acompa\u00f1ado por el secretario de la Defensa Nacional (Sedena) Luis Cresencio Sandoval; el almirante Jos\u00e9 Rafael jefa Dur\u00e1n, titular de la Marina (Semar); el titular de Gobernaci\u00f3n (Segob) Ad\u00e1n Augusto L\u00f3pez Hern\u00e1ndez; entre otros.<\/p>\n\n\n\n<p>Al finalizar la reuni\u00f3n, el Presidente L\u00f3pez Obrador&nbsp;<strong>ofrecer\u00e1 su tradicional conferencia de prensa matutina, a la que se acreditaron 120 reporteros, camar\u00f3grafos, fot\u00f3grafos, adem\u00e1s de youtubers y blogueros.<\/strong><\/p>\n\n\n\n<p>En esta ocasi\u00f3n el video de inicio de la ma\u00f1anera mostr\u00f3 aspectos de lo que fuera el b\u00fanker de\u00a0Genaro Garcia Luna, como una sala con pantallas inteligentes donde se segu\u00edan en tiempo real los operativos que llevaba a cabo la extinta Polic\u00eda Federal.<\/p>\n\n\n\n<figure class=\"wp-block-embed is-type-rich is-provider-twitter wp-block-embed-twitter\"><div class=\"wp-block-embed__wrapper\">\n<blockquote class=\"twitter-tweet\" data-width=\"550\" data-dnt=\"true\"><p lang=\"es\" dir=\"ltr\"><a href=\"https:\/\/twitter.com\/hashtag\/ConferenciaPresidente?src=hash&amp;ref_src=twsrc%5Etfw\">#ConferenciaPresidente<\/a> | Jueves 9 de marzo de 2023 <a href=\"https:\/\/t.co\/EkrmxVXqnm\">https:\/\/t.co\/EkrmxVXqnm<\/a><\/p>&mdash; Gobierno de M\u00e9xico (@GobiernoMX) <a href=\"https:\/\/twitter.com\/GobiernoMX\/status\/1633813788385480707?ref_src=twsrc%5Etfw\">March 9, 2023<\/a><\/blockquote><script async src=\"https:\/\/platform.twitter.com\/widgets.js\" charset=\"utf-8\"><\/script>\n<\/div><\/figure>\n\n\n\n<p>Con Informaci\u00f3n de SUN <\/p>\n","protected":false},"excerpt":{"rendered":"<p>Por Redacci\u00f3n QP En la conferencia de hoy 9 de marzo, a L\u00f3pez Obrador lo&#8230;<\/p>\n","protected":false},"author":2,"featured_media":99269,"comment_status":"open","ping_status":"open","sticky":false,"template":"","format":"standard","meta":{"_monsterinsights_skip_tracking":false,"_monsterinsights_sitenote_active":false,"_monsterinsights_sitenote_note":"","_monsterinsights_sitenote_category":0,"footnotes":""},"categories":[2],"tags":[],"class_list":["post-99268","post","type-post","status-publish","format-standard","has-post-thumbnail","hentry","category-noticias"],"yoast_head":"<!-- This site is optimized with the Yoast SEO plugin v27.3 - https:\/\/yoast.com\/product\/yoast-seo-wordpress\/ -->\n<title>L\u00f3pez Obrador encabeza ma\u00f1anera de hoy en el b\u00fanker de Genaro Garc\u00eda Luna -<\/title>\n<meta name=\"robots\" content=\"index, follow, max-snippet:-1, max-image-preview:large, max-video-preview:-1\" \/>\n<link rel=\"canonical\" href=\"https:\/\/quehacerpolitico.mx\/?p=99268\" \/>\n<meta property=\"og:locale\" content=\"es_MX\" \/>\n<meta property=\"og:type\" content=\"article\" \/>\n<meta property=\"og:title\" content=\"L\u00f3pez Obrador encabeza ma\u00f1anera de hoy en el b\u00fanker de Genaro Garc\u00eda Luna -\" \/>\n<meta property=\"og:description\" content=\"Por Redacci\u00f3n QP En la conferencia de hoy 9 de marzo, a L\u00f3pez Obrador lo...\" \/>\n<meta property=\"og:url\" content=\"https:\/\/quehacerpolitico.mx\/?p=99268\" \/>\n<meta property=\"article:published_time\" content=\"2023-03-09T16:17:31+00:00\" \/>\n<meta property=\"article:modified_time\" content=\"2023-03-09T16:17:35+00:00\" \/>\n<meta property=\"og:image\" content=\"https:\/\/quehacerpolitico.mx\/wp-content\/uploads\/2023\/03\/337CA9CE-9AC3-4465-B858-B94C1DCAAC4E.jpeg\" \/>\n\t<meta property=\"og:image:width\" content=\"1284\" \/>\n\t<meta property=\"og:image:height\" content=\"706\" \/>\n\t<meta property=\"og:image:type\" content=\"image\/jpeg\" \/>\n<meta name=\"author\" content=\"Redacci\u00f3n QP\" \/>\n<meta name=\"twitter:card\" content=\"summary_large_image\" \/>\n<meta name=\"twitter:label1\" content=\"Escrito por\" \/>\n\t<meta name=\"twitter:data1\" content=\"Redacci\u00f3n QP\" \/>\n\t<meta name=\"twitter:label2\" content=\"Tiempo de lectura\" \/>\n\t<meta name=\"twitter:data2\" content=\"2 minutos\" \/>\n<script type=\"application\/ld+json\" class=\"yoast-schema-graph\">{\"@context\":\"https:\\\/\\\/schema.org\",\"@graph\":[{\"@type\":\"Article\",\"@id\":\"https:\\\/\\\/quehacerpolitico.mx\\\/?p=99268#article\",\"isPartOf\":{\"@id\":\"https:\\\/\\\/quehacerpolitico.mx\\\/?p=99268\"},\"author\":{\"name\":\"Redacci\u00f3n QP\",\"@id\":\"https:\\\/\\\/quehacerpolitico.mx\\\/#\\\/schema\\\/person\\\/496d8ad2d1d3f8036101dca7ee39e585\"},\"headline\":\"L\u00f3pez Obrador encabeza ma\u00f1anera de hoy en el b\u00fanker de Genaro Garc\u00eda Luna\",\"datePublished\":\"2023-03-09T16:17:31+00:00\",\"dateModified\":\"2023-03-09T16:17:35+00:00\",\"mainEntityOfPage\":{\"@id\":\"https:\\\/\\\/quehacerpolitico.mx\\\/?p=99268\"},\"wordCount\":326,\"commentCount\":0,\"image\":{\"@id\":\"https:\\\/\\\/quehacerpolitico.mx\\\/?p=99268#primaryimage\"},\"thumbnailUrl\":\"https:\\\/\\\/quehacerpolitico.mx\\\/wp-content\\\/uploads\\\/2023\\\/03\\\/337CA9CE-9AC3-4465-B858-B94C1DCAAC4E.jpeg\",\"articleSection\":[\"Noticias\"],\"inLanguage\":\"es\",\"potentialAction\":[{\"@type\":\"CommentAction\",\"name\":\"Comment\",\"target\":[\"https:\\\/\\\/quehacerpolitico.mx\\\/?p=99268#respond\"]}]},{\"@type\":\"WebPage\",\"@id\":\"https:\\\/\\\/quehacerpolitico.mx\\\/?p=99268\",\"url\":\"https:\\\/\\\/quehacerpolitico.mx\\\/?p=99268\",\"name\":\"L\u00f3pez Obrador encabeza ma\u00f1anera de hoy en el b\u00fanker de Genaro Garc\u00eda Luna -\",\"isPartOf\":{\"@id\":\"https:\\\/\\\/quehacerpolitico.mx\\\/#website\"},\"primaryImageOfPage\":{\"@id\":\"https:\\\/\\\/quehacerpolitico.mx\\\/?p=99268#primaryimage\"},\"image\":{\"@id\":\"https:\\\/\\\/quehacerpolitico.mx\\\/?p=99268#primaryimage\"},\"thumbnailUrl\":\"https:\\\/\\\/quehacerpolitico.mx\\\/wp-content\\\/uploads\\\/2023\\\/03\\\/337CA9CE-9AC3-4465-B858-B94C1DCAAC4E.jpeg\",\"datePublished\":\"2023-03-09T16:17:31+00:00\",\"dateModified\":\"2023-03-09T16:17:35+00:00\",\"author\":{\"@id\":\"https:\\\/\\\/quehacerpolitico.mx\\\/#\\\/schema\\\/person\\\/496d8ad2d1d3f8036101dca7ee39e585\"},\"breadcrumb\":{\"@id\":\"https:\\\/\\\/quehacerpolitico.mx\\\/?p=99268#breadcrumb\"},\"inLanguage\":\"es\",\"potentialAction\":[{\"@type\":\"ReadAction\",\"target\":[\"https:\\\/\\\/quehacerpolitico.mx\\\/?p=99268\"]}]},{\"@type\":\"ImageObject\",\"inLanguage\":\"es\",\"@id\":\"https:\\\/\\\/quehacerpolitico.mx\\\/?p=99268#primaryimage\",\"url\":\"https:\\\/\\\/quehacerpolitico.mx\\\/wp-content\\\/uploads\\\/2023\\\/03\\\/337CA9CE-9AC3-4465-B858-B94C1DCAAC4E.jpeg\",\"contentUrl\":\"https:\\\/\\\/quehacerpolitico.mx\\\/wp-content\\\/uploads\\\/2023\\\/03\\\/337CA9CE-9AC3-4465-B858-B94C1DCAAC4E.jpeg\",\"width\":1284,\"height\":706},{\"@type\":\"BreadcrumbList\",\"@id\":\"https:\\\/\\\/quehacerpolitico.mx\\\/?p=99268#breadcrumb\",\"itemListElement\":[{\"@type\":\"ListItem\",\"position\":1,\"name\":\"Inicio\",\"item\":\"https:\\\/\\\/quehacerpolitico.mx\\\/\"},{\"@type\":\"ListItem\",\"position\":2,\"name\":\"L\u00f3pez Obrador encabeza ma\u00f1anera de hoy en el b\u00fanker de Genaro Garc\u00eda Luna\"}]},{\"@type\":\"WebSite\",\"@id\":\"https:\\\/\\\/quehacerpolitico.mx\\\/#website\",\"url\":\"https:\\\/\\\/quehacerpolitico.mx\\\/\",\"name\":\"\",\"description\":\"\",\"potentialAction\":[{\"@type\":\"SearchAction\",\"target\":{\"@type\":\"EntryPoint\",\"urlTemplate\":\"https:\\\/\\\/quehacerpolitico.mx\\\/?s={search_term_string}\"},\"query-input\":{\"@type\":\"PropertyValueSpecification\",\"valueRequired\":true,\"valueName\":\"search_term_string\"}}],\"inLanguage\":\"es\"},{\"@type\":\"Person\",\"@id\":\"https:\\\/\\\/quehacerpolitico.mx\\\/#\\\/schema\\\/person\\\/496d8ad2d1d3f8036101dca7ee39e585\",\"name\":\"Redacci\u00f3n QP\",\"image\":{\"@type\":\"ImageObject\",\"inLanguage\":\"es\",\"@id\":\"https:\\\/\\\/secure.gravatar.com\\\/avatar\\\/c7164ed6fdec453195284ad24a5ae5b6e1eed2b848477fa2a4787ba9adf39a41?s=96&d=mm&r=g\",\"url\":\"https:\\\/\\\/secure.gravatar.com\\\/avatar\\\/c7164ed6fdec453195284ad24a5ae5b6e1eed2b848477fa2a4787ba9adf39a41?s=96&d=mm&r=g\",\"contentUrl\":\"https:\\\/\\\/secure.gravatar.com\\\/avatar\\\/c7164ed6fdec453195284ad24a5ae5b6e1eed2b848477fa2a4787ba9adf39a41?s=96&d=mm&r=g\",\"caption\":\"Redacci\u00f3n QP\"},\"url\":\"https:\\\/\\\/quehacerpolitico.mx\\\/?author=2\"}]}<\/script>\n<!-- \/ Yoast SEO plugin. -->","yoast_head_json":{"title":"L\u00f3pez Obrador encabeza ma\u00f1anera de hoy en el b\u00fanker de Genaro Garc\u00eda Luna -","robots":{"index":"index","follow":"follow","max-snippet":"max-snippet:-1","max-image-preview":"max-image-preview:large","max-video-preview":"max-video-preview:-1"},"canonical":"https:\/\/quehacerpolitico.mx\/?p=99268","og_locale":"es_MX","og_type":"article","og_title":"L\u00f3pez Obrador encabeza ma\u00f1anera de hoy en el b\u00fanker de Genaro Garc\u00eda Luna -","og_description":"Por Redacci\u00f3n QP En la conferencia de hoy 9 de marzo, a L\u00f3pez Obrador lo...","og_url":"https:\/\/quehacerpolitico.mx\/?p=99268","article_published_time":"2023-03-09T16:17:31+00:00","article_modified_time":"2023-03-09T16:17:35+00:00","og_image":[{"width":1284,"height":706,"url":"https:\/\/quehacerpolitico.mx\/wp-content\/uploads\/2023\/03\/337CA9CE-9AC3-4465-B858-B94C1DCAAC4E.jpeg","type":"image\/jpeg"}],"author":"Redacci\u00f3n QP","twitter_card":"summary_large_image","twitter_misc":{"Escrito por":"Redacci\u00f3n QP","Tiempo de lectura":"2 minutos"},"schema":{"@context":"https:\/\/schema.org","@graph":[{"@type":"Article","@id":"https:\/\/quehacerpolitico.mx\/?p=99268#article","isPartOf":{"@id":"https:\/\/quehacerpolitico.mx\/?p=99268"},"author":{"name":"Redacci\u00f3n QP","@id":"https:\/\/quehacerpolitico.mx\/#\/schema\/person\/496d8ad2d1d3f8036101dca7ee39e585"},"headline":"L\u00f3pez Obrador encabeza ma\u00f1anera de hoy en el b\u00fanker de Genaro Garc\u00eda Luna","datePublished":"2023-03-09T16:17:31+00:00","dateModified":"2023-03-09T16:17:35+00:00","mainEntityOfPage":{"@id":"https:\/\/quehacerpolitico.mx\/?p=99268"},"wordCount":326,"commentCount":0,"image":{"@id":"https:\/\/quehacerpolitico.mx\/?p=99268#primaryimage"},"thumbnailUrl":"https:\/\/quehacerpolitico.mx\/wp-content\/uploads\/2023\/03\/337CA9CE-9AC3-4465-B858-B94C1DCAAC4E.jpeg","articleSection":["Noticias"],"inLanguage":"es","potentialAction":[{"@type":"CommentAction","name":"Comment","target":["https:\/\/quehacerpolitico.mx\/?p=99268#respond"]}]},{"@type":"WebPage","@id":"https:\/\/quehacerpolitico.mx\/?p=99268","url":"https:\/\/quehacerpolitico.mx\/?p=99268","name":"L\u00f3pez Obrador encabeza ma\u00f1anera de hoy en el b\u00fanker de Genaro Garc\u00eda Luna -","isPartOf":{"@id":"https:\/\/quehacerpolitico.mx\/#website"},"primaryImageOfPage":{"@id":"https:\/\/quehacerpolitico.mx\/?p=99268#primaryimage"},"image":{"@id":"https:\/\/quehacerpolitico.mx\/?p=99268#primaryimage"},"thumbnailUrl":"https:\/\/quehacerpolitico.mx\/wp-content\/uploads\/2023\/03\/337CA9CE-9AC3-4465-B858-B94C1DCAAC4E.jpeg","datePublished":"2023-03-09T16:17:31+00:00","dateModified":"2023-03-09T16:17:35+00:00","author":{"@id":"https:\/\/quehacerpolitico.mx\/#\/schema\/person\/496d8ad2d1d3f8036101dca7ee39e585"},"breadcrumb":{"@id":"https:\/\/quehacerpolitico.mx\/?p=99268#breadcrumb"},"inLanguage":"es","potentialAction":[{"@type":"ReadAction","target":["https:\/\/quehacerpolitico.mx\/?p=99268"]}]},{"@type":"ImageObject","inLanguage":"es","@id":"https:\/\/quehacerpolitico.mx\/?p=99268#primaryimage","url":"https:\/\/quehacerpolitico.mx\/wp-content\/uploads\/2023\/03\/337CA9CE-9AC3-4465-B858-B94C1DCAAC4E.jpeg","contentUrl":"https:\/\/quehacerpolitico.mx\/wp-content\/uploads\/2023\/03\/337CA9CE-9AC3-4465-B858-B94C1DCAAC4E.jpeg","width":1284,"height":706},{"@type":"BreadcrumbList","@id":"https:\/\/quehacerpolitico.mx\/?p=99268#breadcrumb","itemListElement":[{"@type":"ListItem","position":1,"name":"Inicio","item":"https:\/\/quehacerpolitico.mx\/"},{"@type":"ListItem","position":2,"name":"L\u00f3pez Obrador encabeza ma\u00f1anera de hoy en el b\u00fanker de Genaro Garc\u00eda Luna"}]},{"@type":"WebSite","@id":"https:\/\/quehacerpolitico.mx\/#website","url":"https:\/\/quehacerpolitico.mx\/","name":"","description":"","potentialAction":[{"@type":"SearchAction","target":{"@type":"EntryPoint","urlTemplate":"https:\/\/quehacerpolitico.mx\/?s={search_term_string}"},"query-input":{"@type":"PropertyValueSpecification","valueRequired":true,"valueName":"search_term_string"}}],"inLanguage":"es"},{"@type":"Person","@id":"https:\/\/quehacerpolitico.mx\/#\/schema\/person\/496d8ad2d1d3f8036101dca7ee39e585","name":"Redacci\u00f3n QP","image":{"@type":"ImageObject","inLanguage":"es","@id":"https:\/\/secure.gravatar.com\/avatar\/c7164ed6fdec453195284ad24a5ae5b6e1eed2b848477fa2a4787ba9adf39a41?s=96&d=mm&r=g","url":"https:\/\/secure.gravatar.com\/avatar\/c7164ed6fdec453195284ad24a5ae5b6e1eed2b848477fa2a4787ba9adf39a41?s=96&d=mm&r=g","contentUrl":"https:\/\/secure.gravatar.com\/avatar\/c7164ed6fdec453195284ad24a5ae5b6e1eed2b848477fa2a4787ba9adf39a41?s=96&d=mm&r=g","caption":"Redacci\u00f3n QP"},"url":"https:\/\/quehacerpolitico.mx\/?author=2"}]}},"featured_image_urls":{"full":["https:\/\/quehacerpolitico.mx\/wp-content\/uploads\/2023\/03\/337CA9CE-9AC3-4465-B858-B94C1DCAAC4E.jpeg",1284,706,false],"thumbnail":["https:\/\/quehacerpolitico.mx\/wp-content\/uploads\/2023\/03\/337CA9CE-9AC3-4465-B858-B94C1DCAAC4E-150x150.jpeg",150,150,true],"medium":["https:\/\/quehacerpolitico.mx\/wp-content\/uploads\/2023\/03\/337CA9CE-9AC3-4465-B858-B94C1DCAAC4E-300x165.jpeg",300,165,true],"medium_large":["https:\/\/quehacerpolitico.mx\/wp-content\/uploads\/2023\/03\/337CA9CE-9AC3-4465-B858-B94C1DCAAC4E-768x422.jpeg",640,352,true],"large":["https:\/\/quehacerpolitico.mx\/wp-content\/uploads\/2023\/03\/337CA9CE-9AC3-4465-B858-B94C1DCAAC4E-1024x563.jpeg",640,352,true],"1536x1536":["https:\/\/quehacerpolitico.mx\/wp-content\/uploads\/2023\/03\/337CA9CE-9AC3-4465-B858-B94C1DCAAC4E.jpeg",1284,706,false],"2048x2048":["https:\/\/quehacerpolitico.mx\/wp-content\/uploads\/2023\/03\/337CA9CE-9AC3-4465-B858-B94C1DCAAC4E.jpeg",1284,706,false],"covernews-featured":["https:\/\/quehacerpolitico.mx\/wp-content\/uploads\/2023\/03\/337CA9CE-9AC3-4465-B858-B94C1DCAAC4E.jpeg",1024,563,false],"covernews-medium":["https:\/\/quehacerpolitico.mx\/wp-content\/uploads\/2023\/03\/337CA9CE-9AC3-4465-B858-B94C1DCAAC4E.jpeg",540,297,false]},"author_info":{"display_name":"Redacci\u00f3n QP","author_link":"https:\/\/quehacerpolitico.mx\/?author=2"},"category_info":"<a href=\"https:\/\/quehacerpolitico.mx\/?cat=2\" rel=\"category\">Noticias<\/a>","tag_info":"Noticias","comment_count":"0","_links":{"self":[{"href":"https:\/\/quehacerpolitico.mx\/index.php?rest_route=\/wp\/v2\/posts\/99268","targetHints":{"allow":["GET"]}}],"collection":[{"href":"https:\/\/quehacerpolitico.mx\/index.php?rest_route=\/wp\/v2\/posts"}],"about":[{"href":"https:\/\/quehacerpolitico.mx\/index.php?rest_route=\/wp\/v2\/types\/post"}],"author":[{"embeddable":true,"href":"https:\/\/quehacerpolitico.mx\/index.php?rest_route=\/wp\/v2\/users\/2"}],"replies":[{"embeddable":true,"href":"https:\/\/quehacerpolitico.mx\/index.php?rest_route=%2Fwp%2Fv2%2Fcomments&post=99268"}],"version-history":[{"count":1,"href":"https:\/\/quehacerpolitico.mx\/index.php?rest_route=\/wp\/v2\/posts\/99268\/revisions"}],"predecessor-version":[{"id":99270,"href":"https:\/\/quehacerpolitico.mx\/index.php?rest_route=\/wp\/v2\/posts\/99268\/revisions\/99270"}],"wp:featuredmedia":[{"embeddable":true,"href":"https:\/\/quehacerpolitico.mx\/index.php?rest_route=\/wp\/v2\/media\/99269"}],"wp:attachment":[{"href":"https:\/\/quehacerpolitico.mx\/index.php?rest_route=%2Fwp%2Fv2%2Fmedia&parent=99268"}],"wp:term":[{"taxonomy":"category","embeddable":true,"href":"https:\/\/quehacerpolitico.mx\/index.php?rest_route=%2Fwp%2Fv2%2Fcategories&post=99268"},{"taxonomy":"post_tag","embeddable":true,"href":"https:\/\/quehacerpolitico.mx\/index.php?rest_route=%2Fwp%2Fv2%2Ftags&post=99268"}],"curies":[{"name":"wp","href":"https:\/\/api.w.org\/{rel}","templated":true}]}}