{"id":99165,"date":"2023-03-06T20:07:56","date_gmt":"2023-03-06T20:07:56","guid":{"rendered":"https:\/\/quehacerpolitico.mx\/?p=99165"},"modified":"2023-03-06T20:07:59","modified_gmt":"2023-03-06T20:07:59","slug":"no-puede-ser-neymar-es-baja-del-psg-lo-que-queda-de-la-temporada","status":"publish","type":"post","link":"https:\/\/quehacerpolitico.mx\/?p=99165","title":{"rendered":"\u00a1No puede ser! Neymar es baja del PSG lo que queda de la temporada"},"content":{"rendered":"\n<p>Por Redacci\u00f3n QP<\/p>\n\n\n\n<p>El periodo de recuperaci\u00f3n del brasile\u00f1o es de tres a cuatro meses<\/p>\n\n\n\n<p>El brasile\u00f1o\u00a0Neymar, delantero del\u00a0PSG,\u00a0<strong>se perder\u00e1 lo que queda de la presente temporada al tener que someterse a una operaci\u00f3n<\/strong>\u00a0para solucionar sus problemas en el tobillo derecho, lo que implicar\u00e1 un periodo de recuperaci\u00f3n de tres a cuatro meses.<\/p>\n\n\n\n<p>La decisi\u00f3n, seg\u00fan informa el club, se ha tomado despu\u00e9s de que el futbolista sufriera un\u00a0<strong>nuevo esguince el pasado mes de febrero<\/strong>, tras el cual el cuerpo m\u00e9dico le recomend\u00f3 pasar por el quir\u00f3fano para evitar la recurrencia en sus lesiones.<\/p>\n\n\n\n<figure class=\"wp-block-embed is-type-video is-provider-youtube wp-block-embed-youtube wp-embed-aspect-16-9 wp-has-aspect-ratio\"><div class=\"wp-block-embed__wrapper\">\n<iframe loading=\"lazy\" title=\"ALARMA EN EL PSG: Se volvi\u00f3 a lesionar Neymar. Sali\u00f3 en camilla y visiblemente adolorido | Ligue 1\" width=\"640\" height=\"360\" src=\"https:\/\/www.youtube.com\/embed\/PL_CUjxJfvI?feature=oembed\" frameborder=\"0\" allow=\"accelerometer; autoplay; clipboard-write; encrypted-media; gyroscope; picture-in-picture; web-share\" referrerpolicy=\"strict-origin-when-cross-origin\" allowfullscreen><\/iframe>\n<\/div><\/figure>\n\n\n\n<p>Con la intervenci\u00f3n que se le va a realizar en el hospital ASPETAR de Doha, Neymar trata de vislumbrar un nuevo horizonte en el que la parte del cuerpo que m\u00e1s contratiempos le est\u00e1 generando a lo largo de su carrera pueda soportar de mejor manera la carga de partidos y el contacto con los rivales.<\/p>\n\n\n\n<p>La m\u00e1s reciente de estas lesiones le sobrevino como consecuencia de&nbsp;<strong>una aparatosa torcedura durante un encuentro liguero ante el Lille<\/strong>&nbsp;que le oblig\u00f3 a abandonar el campo en camilla. Pero basta con remontarse al mes de noviembre para encontrar una situaci\u00f3n parecida.<\/p>\n\n\n\n<p>El escenario, en aquella ocasi\u00f3n, fue m\u00e1s medi\u00e1tico, ya que Neymar tuvo que retirarse del partido inaugural de la fase de grupos de la fase final de la Copa del Mundo ante Serbia. Entonces se le diagnostic\u00f3 una lesi\u00f3n en el ligamento lateral del tobillo derecho con un peque\u00f1o edema \u00f3seo que provoc\u00f3 que se perdiese los dos choques inmediatamente posteriores ante Suiza y Camer\u00fan.<\/p>\n\n\n\n<figure class=\"wp-block-embed is-type-video is-provider-youtube wp-block-embed-youtube wp-embed-aspect-16-9 wp-has-aspect-ratio\"><div class=\"wp-block-embed__wrapper\">\n<iframe loading=\"lazy\" title=\"As\u00ed FUE la FEA LESI\u00d3N de NEYMAR, TORCEDURA de TOBILLO | GOLAZO de MESSI para SALVAR al PSG\" width=\"640\" height=\"360\" src=\"https:\/\/www.youtube.com\/embed\/wKCxcL0LaMc?feature=oembed\" frameborder=\"0\" allow=\"accelerometer; autoplay; clipboard-write; encrypted-media; gyroscope; picture-in-picture; web-share\" referrerpolicy=\"strict-origin-when-cross-origin\" allowfullscreen><\/iframe>\n<\/div><\/figure>\n\n\n\n<p>Antes de aquel contratiempo el ex jugador del Barcelona&nbsp;<strong>hab\u00eda estado hasta 358 d\u00edas de baja por lesiones en ambos tobillos<\/strong>. En total,&nbsp;<strong>14 diferentes a lo largo de su carrera<\/strong>; la anterior el 28 de noviembre del 2021, cuando estuvo dos meses y medio fuera y se perdi\u00f3 doce encuentros con su equipo.<\/p>\n\n\n\n<p>Tambi\u00e9n sufri\u00f3 un esguince del 13 de diciembre de 2020 al 12 de enero de 2021; otro mes fuera de competici\u00f3n. Tres meses en total estuvo en verano de 2019, tambi\u00e9n por un esguince, una lesi\u00f3n a la que lleg\u00f3 tras estar cuatro meses fuera, entre enero y abril, por otro esguince en esa zona.<\/p>\n\n\n\n<p>Desde 2013, cuando aterriz\u00f3 en el\u00a0Barcelona, un gran porcentaje de sus lesiones han venido por el tobillo, y\u00a0<strong>pocas veces le han tenido menos de una semana de baja.<\/strong><\/p>\n\n\n\n<p>Asumido su largo periodo de ausencia y con el par\u00f3n estival posterior, Neymar no tendr\u00e1 ahora la premura por volver que exige la competici\u00f3n constante. Se marcha pues, moment\u00e1neamente, habiendo disputado este curso con el cuadro parisino un total de 29 partidos oficiales en los que marc\u00f3 18 goles.<\/p>\n\n\n\n<p>Con Informaci\u00f3n de EFE<\/p>\n","protected":false},"excerpt":{"rendered":"<p>Por Redacci\u00f3n QP El periodo de recuperaci\u00f3n del brasile\u00f1o es de tres a cuatro meses&#8230;<\/p>\n","protected":false},"author":2,"featured_media":99166,"comment_status":"open","ping_status":"open","sticky":false,"template":"","format":"standard","meta":{"_monsterinsights_skip_tracking":false,"_monsterinsights_sitenote_active":false,"_monsterinsights_sitenote_note":"","_monsterinsights_sitenote_category":0,"footnotes":""},"categories":[54],"tags":[],"class_list":["post-99165","post","type-post","status-publish","format-standard","has-post-thumbnail","hentry","category-deportes"],"yoast_head":"<!-- This site is optimized with the Yoast SEO plugin v27.3 - https:\/\/yoast.com\/product\/yoast-seo-wordpress\/ -->\n<title>\u00a1No puede ser! Neymar es baja del PSG lo que queda de la temporada -<\/title>\n<meta name=\"robots\" content=\"index, follow, max-snippet:-1, max-image-preview:large, max-video-preview:-1\" \/>\n<link rel=\"canonical\" href=\"https:\/\/quehacerpolitico.mx\/?p=99165\" \/>\n<meta property=\"og:locale\" content=\"es_MX\" \/>\n<meta property=\"og:type\" content=\"article\" \/>\n<meta property=\"og:title\" content=\"\u00a1No puede ser! Neymar es baja del PSG lo que queda de la temporada -\" \/>\n<meta property=\"og:description\" content=\"Por Redacci\u00f3n QP El periodo de recuperaci\u00f3n del brasile\u00f1o es de tres a cuatro meses...\" \/>\n<meta property=\"og:url\" content=\"https:\/\/quehacerpolitico.mx\/?p=99165\" \/>\n<meta property=\"article:published_time\" content=\"2023-03-06T20:07:56+00:00\" \/>\n<meta property=\"article:modified_time\" content=\"2023-03-06T20:07:59+00:00\" \/>\n<meta property=\"og:image\" content=\"https:\/\/quehacerpolitico.mx\/wp-content\/uploads\/2023\/03\/46384FDF-EB59-442E-A67F-A30A9BFDB88E.jpeg\" \/>\n\t<meta property=\"og:image:width\" content=\"1986\" \/>\n\t<meta property=\"og:image:height\" content=\"1056\" \/>\n\t<meta property=\"og:image:type\" content=\"image\/jpeg\" \/>\n<meta name=\"author\" content=\"Redacci\u00f3n QP\" \/>\n<meta name=\"twitter:card\" content=\"summary_large_image\" \/>\n<meta name=\"twitter:label1\" content=\"Escrito por\" \/>\n\t<meta name=\"twitter:data1\" content=\"Redacci\u00f3n QP\" \/>\n\t<meta name=\"twitter:label2\" content=\"Tiempo de lectura\" \/>\n\t<meta name=\"twitter:data2\" content=\"2 minutos\" \/>\n<script type=\"application\/ld+json\" class=\"yoast-schema-graph\">{\"@context\":\"https:\\\/\\\/schema.org\",\"@graph\":[{\"@type\":\"Article\",\"@id\":\"https:\\\/\\\/quehacerpolitico.mx\\\/?p=99165#article\",\"isPartOf\":{\"@id\":\"https:\\\/\\\/quehacerpolitico.mx\\\/?p=99165\"},\"author\":{\"name\":\"Redacci\u00f3n QP\",\"@id\":\"https:\\\/\\\/quehacerpolitico.mx\\\/#\\\/schema\\\/person\\\/496d8ad2d1d3f8036101dca7ee39e585\"},\"headline\":\"\u00a1No puede ser! Neymar es baja del PSG lo que queda de la temporada\",\"datePublished\":\"2023-03-06T20:07:56+00:00\",\"dateModified\":\"2023-03-06T20:07:59+00:00\",\"mainEntityOfPage\":{\"@id\":\"https:\\\/\\\/quehacerpolitico.mx\\\/?p=99165\"},\"wordCount\":502,\"commentCount\":0,\"image\":{\"@id\":\"https:\\\/\\\/quehacerpolitico.mx\\\/?p=99165#primaryimage\"},\"thumbnailUrl\":\"https:\\\/\\\/quehacerpolitico.mx\\\/wp-content\\\/uploads\\\/2023\\\/03\\\/46384FDF-EB59-442E-A67F-A30A9BFDB88E.jpeg\",\"articleSection\":[\"Deportes\"],\"inLanguage\":\"es\",\"potentialAction\":[{\"@type\":\"CommentAction\",\"name\":\"Comment\",\"target\":[\"https:\\\/\\\/quehacerpolitico.mx\\\/?p=99165#respond\"]}]},{\"@type\":\"WebPage\",\"@id\":\"https:\\\/\\\/quehacerpolitico.mx\\\/?p=99165\",\"url\":\"https:\\\/\\\/quehacerpolitico.mx\\\/?p=99165\",\"name\":\"\u00a1No puede ser! Neymar es baja del PSG lo que queda de la temporada -\",\"isPartOf\":{\"@id\":\"https:\\\/\\\/quehacerpolitico.mx\\\/#website\"},\"primaryImageOfPage\":{\"@id\":\"https:\\\/\\\/quehacerpolitico.mx\\\/?p=99165#primaryimage\"},\"image\":{\"@id\":\"https:\\\/\\\/quehacerpolitico.mx\\\/?p=99165#primaryimage\"},\"thumbnailUrl\":\"https:\\\/\\\/quehacerpolitico.mx\\\/wp-content\\\/uploads\\\/2023\\\/03\\\/46384FDF-EB59-442E-A67F-A30A9BFDB88E.jpeg\",\"datePublished\":\"2023-03-06T20:07:56+00:00\",\"dateModified\":\"2023-03-06T20:07:59+00:00\",\"author\":{\"@id\":\"https:\\\/\\\/quehacerpolitico.mx\\\/#\\\/schema\\\/person\\\/496d8ad2d1d3f8036101dca7ee39e585\"},\"breadcrumb\":{\"@id\":\"https:\\\/\\\/quehacerpolitico.mx\\\/?p=99165#breadcrumb\"},\"inLanguage\":\"es\",\"potentialAction\":[{\"@type\":\"ReadAction\",\"target\":[\"https:\\\/\\\/quehacerpolitico.mx\\\/?p=99165\"]}]},{\"@type\":\"ImageObject\",\"inLanguage\":\"es\",\"@id\":\"https:\\\/\\\/quehacerpolitico.mx\\\/?p=99165#primaryimage\",\"url\":\"https:\\\/\\\/quehacerpolitico.mx\\\/wp-content\\\/uploads\\\/2023\\\/03\\\/46384FDF-EB59-442E-A67F-A30A9BFDB88E.jpeg\",\"contentUrl\":\"https:\\\/\\\/quehacerpolitico.mx\\\/wp-content\\\/uploads\\\/2023\\\/03\\\/46384FDF-EB59-442E-A67F-A30A9BFDB88E.jpeg\",\"width\":1986,\"height\":1056},{\"@type\":\"BreadcrumbList\",\"@id\":\"https:\\\/\\\/quehacerpolitico.mx\\\/?p=99165#breadcrumb\",\"itemListElement\":[{\"@type\":\"ListItem\",\"position\":1,\"name\":\"Inicio\",\"item\":\"https:\\\/\\\/quehacerpolitico.mx\\\/\"},{\"@type\":\"ListItem\",\"position\":2,\"name\":\"\u00a1No puede ser! Neymar es baja del PSG lo que queda de la temporada\"}]},{\"@type\":\"WebSite\",\"@id\":\"https:\\\/\\\/quehacerpolitico.mx\\\/#website\",\"url\":\"https:\\\/\\\/quehacerpolitico.mx\\\/\",\"name\":\"\",\"description\":\"\",\"potentialAction\":[{\"@type\":\"SearchAction\",\"target\":{\"@type\":\"EntryPoint\",\"urlTemplate\":\"https:\\\/\\\/quehacerpolitico.mx\\\/?s={search_term_string}\"},\"query-input\":{\"@type\":\"PropertyValueSpecification\",\"valueRequired\":true,\"valueName\":\"search_term_string\"}}],\"inLanguage\":\"es\"},{\"@type\":\"Person\",\"@id\":\"https:\\\/\\\/quehacerpolitico.mx\\\/#\\\/schema\\\/person\\\/496d8ad2d1d3f8036101dca7ee39e585\",\"name\":\"Redacci\u00f3n QP\",\"image\":{\"@type\":\"ImageObject\",\"inLanguage\":\"es\",\"@id\":\"https:\\\/\\\/secure.gravatar.com\\\/avatar\\\/c7164ed6fdec453195284ad24a5ae5b6e1eed2b848477fa2a4787ba9adf39a41?s=96&d=mm&r=g\",\"url\":\"https:\\\/\\\/secure.gravatar.com\\\/avatar\\\/c7164ed6fdec453195284ad24a5ae5b6e1eed2b848477fa2a4787ba9adf39a41?s=96&d=mm&r=g\",\"contentUrl\":\"https:\\\/\\\/secure.gravatar.com\\\/avatar\\\/c7164ed6fdec453195284ad24a5ae5b6e1eed2b848477fa2a4787ba9adf39a41?s=96&d=mm&r=g\",\"caption\":\"Redacci\u00f3n QP\"},\"url\":\"https:\\\/\\\/quehacerpolitico.mx\\\/?author=2\"}]}<\/script>\n<!-- \/ Yoast SEO plugin. -->","yoast_head_json":{"title":"\u00a1No puede ser! Neymar es baja del PSG lo que queda de la temporada -","robots":{"index":"index","follow":"follow","max-snippet":"max-snippet:-1","max-image-preview":"max-image-preview:large","max-video-preview":"max-video-preview:-1"},"canonical":"https:\/\/quehacerpolitico.mx\/?p=99165","og_locale":"es_MX","og_type":"article","og_title":"\u00a1No puede ser! Neymar es baja del PSG lo que queda de la temporada -","og_description":"Por Redacci\u00f3n QP El periodo de recuperaci\u00f3n del brasile\u00f1o es de tres a cuatro meses...","og_url":"https:\/\/quehacerpolitico.mx\/?p=99165","article_published_time":"2023-03-06T20:07:56+00:00","article_modified_time":"2023-03-06T20:07:59+00:00","og_image":[{"width":1986,"height":1056,"url":"https:\/\/quehacerpolitico.mx\/wp-content\/uploads\/2023\/03\/46384FDF-EB59-442E-A67F-A30A9BFDB88E.jpeg","type":"image\/jpeg"}],"author":"Redacci\u00f3n QP","twitter_card":"summary_large_image","twitter_misc":{"Escrito por":"Redacci\u00f3n QP","Tiempo de lectura":"2 minutos"},"schema":{"@context":"https:\/\/schema.org","@graph":[{"@type":"Article","@id":"https:\/\/quehacerpolitico.mx\/?p=99165#article","isPartOf":{"@id":"https:\/\/quehacerpolitico.mx\/?p=99165"},"author":{"name":"Redacci\u00f3n QP","@id":"https:\/\/quehacerpolitico.mx\/#\/schema\/person\/496d8ad2d1d3f8036101dca7ee39e585"},"headline":"\u00a1No puede ser! Neymar es baja del PSG lo que queda de la temporada","datePublished":"2023-03-06T20:07:56+00:00","dateModified":"2023-03-06T20:07:59+00:00","mainEntityOfPage":{"@id":"https:\/\/quehacerpolitico.mx\/?p=99165"},"wordCount":502,"commentCount":0,"image":{"@id":"https:\/\/quehacerpolitico.mx\/?p=99165#primaryimage"},"thumbnailUrl":"https:\/\/quehacerpolitico.mx\/wp-content\/uploads\/2023\/03\/46384FDF-EB59-442E-A67F-A30A9BFDB88E.jpeg","articleSection":["Deportes"],"inLanguage":"es","potentialAction":[{"@type":"CommentAction","name":"Comment","target":["https:\/\/quehacerpolitico.mx\/?p=99165#respond"]}]},{"@type":"WebPage","@id":"https:\/\/quehacerpolitico.mx\/?p=99165","url":"https:\/\/quehacerpolitico.mx\/?p=99165","name":"\u00a1No puede ser! Neymar es baja del PSG lo que queda de la temporada -","isPartOf":{"@id":"https:\/\/quehacerpolitico.mx\/#website"},"primaryImageOfPage":{"@id":"https:\/\/quehacerpolitico.mx\/?p=99165#primaryimage"},"image":{"@id":"https:\/\/quehacerpolitico.mx\/?p=99165#primaryimage"},"thumbnailUrl":"https:\/\/quehacerpolitico.mx\/wp-content\/uploads\/2023\/03\/46384FDF-EB59-442E-A67F-A30A9BFDB88E.jpeg","datePublished":"2023-03-06T20:07:56+00:00","dateModified":"2023-03-06T20:07:59+00:00","author":{"@id":"https:\/\/quehacerpolitico.mx\/#\/schema\/person\/496d8ad2d1d3f8036101dca7ee39e585"},"breadcrumb":{"@id":"https:\/\/quehacerpolitico.mx\/?p=99165#breadcrumb"},"inLanguage":"es","potentialAction":[{"@type":"ReadAction","target":["https:\/\/quehacerpolitico.mx\/?p=99165"]}]},{"@type":"ImageObject","inLanguage":"es","@id":"https:\/\/quehacerpolitico.mx\/?p=99165#primaryimage","url":"https:\/\/quehacerpolitico.mx\/wp-content\/uploads\/2023\/03\/46384FDF-EB59-442E-A67F-A30A9BFDB88E.jpeg","contentUrl":"https:\/\/quehacerpolitico.mx\/wp-content\/uploads\/2023\/03\/46384FDF-EB59-442E-A67F-A30A9BFDB88E.jpeg","width":1986,"height":1056},{"@type":"BreadcrumbList","@id":"https:\/\/quehacerpolitico.mx\/?p=99165#breadcrumb","itemListElement":[{"@type":"ListItem","position":1,"name":"Inicio","item":"https:\/\/quehacerpolitico.mx\/"},{"@type":"ListItem","position":2,"name":"\u00a1No puede ser! Neymar es baja del PSG lo que queda de la temporada"}]},{"@type":"WebSite","@id":"https:\/\/quehacerpolitico.mx\/#website","url":"https:\/\/quehacerpolitico.mx\/","name":"","description":"","potentialAction":[{"@type":"SearchAction","target":{"@type":"EntryPoint","urlTemplate":"https:\/\/quehacerpolitico.mx\/?s={search_term_string}"},"query-input":{"@type":"PropertyValueSpecification","valueRequired":true,"valueName":"search_term_string"}}],"inLanguage":"es"},{"@type":"Person","@id":"https:\/\/quehacerpolitico.mx\/#\/schema\/person\/496d8ad2d1d3f8036101dca7ee39e585","name":"Redacci\u00f3n QP","image":{"@type":"ImageObject","inLanguage":"es","@id":"https:\/\/secure.gravatar.com\/avatar\/c7164ed6fdec453195284ad24a5ae5b6e1eed2b848477fa2a4787ba9adf39a41?s=96&d=mm&r=g","url":"https:\/\/secure.gravatar.com\/avatar\/c7164ed6fdec453195284ad24a5ae5b6e1eed2b848477fa2a4787ba9adf39a41?s=96&d=mm&r=g","contentUrl":"https:\/\/secure.gravatar.com\/avatar\/c7164ed6fdec453195284ad24a5ae5b6e1eed2b848477fa2a4787ba9adf39a41?s=96&d=mm&r=g","caption":"Redacci\u00f3n QP"},"url":"https:\/\/quehacerpolitico.mx\/?author=2"}]}},"featured_image_urls":{"full":["https:\/\/quehacerpolitico.mx\/wp-content\/uploads\/2023\/03\/46384FDF-EB59-442E-A67F-A30A9BFDB88E.jpeg",1986,1056,false],"thumbnail":["https:\/\/quehacerpolitico.mx\/wp-content\/uploads\/2023\/03\/46384FDF-EB59-442E-A67F-A30A9BFDB88E-150x150.jpeg",150,150,true],"medium":["https:\/\/quehacerpolitico.mx\/wp-content\/uploads\/2023\/03\/46384FDF-EB59-442E-A67F-A30A9BFDB88E-300x160.jpeg",300,160,true],"medium_large":["https:\/\/quehacerpolitico.mx\/wp-content\/uploads\/2023\/03\/46384FDF-EB59-442E-A67F-A30A9BFDB88E-768x408.jpeg",640,340,true],"large":["https:\/\/quehacerpolitico.mx\/wp-content\/uploads\/2023\/03\/46384FDF-EB59-442E-A67F-A30A9BFDB88E-1024x544.jpeg",640,340,true],"1536x1536":["https:\/\/quehacerpolitico.mx\/wp-content\/uploads\/2023\/03\/46384FDF-EB59-442E-A67F-A30A9BFDB88E-1536x817.jpeg",1536,817,true],"2048x2048":["https:\/\/quehacerpolitico.mx\/wp-content\/uploads\/2023\/03\/46384FDF-EB59-442E-A67F-A30A9BFDB88E.jpeg",1986,1056,false],"covernews-featured":["https:\/\/quehacerpolitico.mx\/wp-content\/uploads\/2023\/03\/46384FDF-EB59-442E-A67F-A30A9BFDB88E.jpeg",1024,544,false],"covernews-medium":["https:\/\/quehacerpolitico.mx\/wp-content\/uploads\/2023\/03\/46384FDF-EB59-442E-A67F-A30A9BFDB88E.jpeg",540,287,false]},"author_info":{"display_name":"Redacci\u00f3n QP","author_link":"https:\/\/quehacerpolitico.mx\/?author=2"},"category_info":"<a href=\"https:\/\/quehacerpolitico.mx\/?cat=54\" rel=\"category\">Deportes<\/a>","tag_info":"Deportes","comment_count":"0","_links":{"self":[{"href":"https:\/\/quehacerpolitico.mx\/index.php?rest_route=\/wp\/v2\/posts\/99165","targetHints":{"allow":["GET"]}}],"collection":[{"href":"https:\/\/quehacerpolitico.mx\/index.php?rest_route=\/wp\/v2\/posts"}],"about":[{"href":"https:\/\/quehacerpolitico.mx\/index.php?rest_route=\/wp\/v2\/types\/post"}],"author":[{"embeddable":true,"href":"https:\/\/quehacerpolitico.mx\/index.php?rest_route=\/wp\/v2\/users\/2"}],"replies":[{"embeddable":true,"href":"https:\/\/quehacerpolitico.mx\/index.php?rest_route=%2Fwp%2Fv2%2Fcomments&post=99165"}],"version-history":[{"count":1,"href":"https:\/\/quehacerpolitico.mx\/index.php?rest_route=\/wp\/v2\/posts\/99165\/revisions"}],"predecessor-version":[{"id":99167,"href":"https:\/\/quehacerpolitico.mx\/index.php?rest_route=\/wp\/v2\/posts\/99165\/revisions\/99167"}],"wp:featuredmedia":[{"embeddable":true,"href":"https:\/\/quehacerpolitico.mx\/index.php?rest_route=\/wp\/v2\/media\/99166"}],"wp:attachment":[{"href":"https:\/\/quehacerpolitico.mx\/index.php?rest_route=%2Fwp%2Fv2%2Fmedia&parent=99165"}],"wp:term":[{"taxonomy":"category","embeddable":true,"href":"https:\/\/quehacerpolitico.mx\/index.php?rest_route=%2Fwp%2Fv2%2Fcategories&post=99165"},{"taxonomy":"post_tag","embeddable":true,"href":"https:\/\/quehacerpolitico.mx\/index.php?rest_route=%2Fwp%2Fv2%2Ftags&post=99165"}],"curies":[{"name":"wp","href":"https:\/\/api.w.org\/{rel}","templated":true}]}}