{"id":99154,"date":"2023-03-06T19:28:18","date_gmt":"2023-03-06T19:28:18","guid":{"rendered":"https:\/\/quehacerpolitico.mx\/?p=99154"},"modified":"2023-03-06T19:28:20","modified_gmt":"2023-03-06T19:28:20","slug":"recordando-al-gran-gabriel-garcia-marquez-gabo-en-su-cumpleanos","status":"publish","type":"post","link":"https:\/\/quehacerpolitico.mx\/?p=99154","title":{"rendered":"Recordando al gran Gabriel Garc\u00eda M\u00e1rquez (GABO) en su cumplea\u00f1os"},"content":{"rendered":"\n<p>Por Redacci\u00f3n QP<\/p>\n\n\n\n<p>Gabriel Garc\u00eda M\u00e1rquez habr\u00eda cumplido 96 a\u00f1os un d\u00eda como hoy. As\u00ed recorremos la obra de uno de los escritores m\u00e1s grandes, emblem\u00e1ticos e irrepetibles en la historia de Am\u00e9rica Latina<\/p>\n\n\n\n<p>Cr\u00f3nica de una muerte anunciada<\/p>\n\n\n\n<figure class=\"wp-block-image size-large\"><img loading=\"lazy\" decoding=\"async\" width=\"669\" height=\"1024\" src=\"https:\/\/quehacerpolitico.mx\/wp-content\/uploads\/2023\/03\/image-11-669x1024.jpeg\" alt=\"\" class=\"wp-image-99159\" srcset=\"https:\/\/quehacerpolitico.mx\/wp-content\/uploads\/2023\/03\/image-11-669x1024.jpeg 669w, https:\/\/quehacerpolitico.mx\/wp-content\/uploads\/2023\/03\/image-11-196x300.jpeg 196w, https:\/\/quehacerpolitico.mx\/wp-content\/uploads\/2023\/03\/image-11-95x146.jpeg 95w, https:\/\/quehacerpolitico.mx\/wp-content\/uploads\/2023\/03\/image-11-33x50.jpeg 33w, https:\/\/quehacerpolitico.mx\/wp-content\/uploads\/2023\/03\/image-11-49x75.jpeg 49w, https:\/\/quehacerpolitico.mx\/wp-content\/uploads\/2023\/03\/image-11.jpeg 700w\" sizes=\"auto, (max-width: 669px) 100vw, 669px\" \/><\/figure>\n\n\n\n<p><strong><em>&#8220;El d\u00eda en que lo iban a matar, Santiago Nasar se levant\u00f3 a las 5.30 de la ma\u00f1ana para esperar el buque en que llegaba el obispo. Hab\u00eda so\u00f1ado que atravesaba un bosque de higuerones donde ca\u00eda una llovizna tierna, y por un instante fue feliz en el sue\u00f1o&#8230;&#8221;<\/em><\/strong><\/p>\n\n\n\n<p><em>Cr\u00f3nica de una muerte anunciada\u00a0<\/em>nos narra los eventos que desencadenar\u00edan en el violento asesinato de Santiago Nasar por un conflicto de honor y hombr\u00eda,\u00a0<strong>en un d\u00eda tr\u00e1gico en el que todos en el pueblo sab\u00edan que Santiago ser\u00eda asesinado, todos, menos \u00e9l, y aun as\u00ed nadie hizo nada para impedirlo<\/strong>. Una breve novela donde Garc\u00eda M\u00e1rquez expone su maestr\u00eda y sus recursos period\u00edsticos, un a\u00f1o despu\u00e9s de su publicaci\u00f3n el colombiano ser\u00eda galardonado con el Premio Nobel de Literatura.<\/p>\n\n\n\n<p>Del amor y otros demonios<\/p>\n\n\n\n<figure class=\"wp-block-image size-large\"><img loading=\"lazy\" decoding=\"async\" width=\"661\" height=\"1024\" src=\"https:\/\/quehacerpolitico.mx\/wp-content\/uploads\/2023\/03\/image-10-661x1024.jpeg\" alt=\"\" class=\"wp-image-99158\" srcset=\"https:\/\/quehacerpolitico.mx\/wp-content\/uploads\/2023\/03\/image-10-661x1024.jpeg 661w, https:\/\/quehacerpolitico.mx\/wp-content\/uploads\/2023\/03\/image-10-194x300.jpeg 194w, https:\/\/quehacerpolitico.mx\/wp-content\/uploads\/2023\/03\/image-10-94x146.jpeg 94w, https:\/\/quehacerpolitico.mx\/wp-content\/uploads\/2023\/03\/image-10-32x50.jpeg 32w, https:\/\/quehacerpolitico.mx\/wp-content\/uploads\/2023\/03\/image-10-48x75.jpeg 48w, https:\/\/quehacerpolitico.mx\/wp-content\/uploads\/2023\/03\/image-10.jpeg 700w\" sizes=\"auto, (max-width: 661px) 100vw, 661px\" \/><\/figure>\n\n\n\n<p><strong><em>&#8220;Sin darle tiempo al p\u00e1nico se liber\u00f3 de la materia turbia que le imped\u00eda vivir. Le confes\u00f3 que no ten\u00eda un instante sin pensar en ella, que cuanto com\u00eda y beb\u00eda ten\u00eda el sabor de ella, que la vida era ella a toda hora y en todas partes, como s\u00f3lo Dios ten\u00eda el derecho y el poder de serIo, y que el gozo supremo de su coraz\u00f3n ser\u00eda morirse con ella&#8230;&#8221;<\/em><\/strong><\/p>\n\n\n\n<p>El d\u00eda de su cumplea\u00f1os, Sierva Mar\u00eda fue mordida por un perro. La imposibilidad de saber si aquel animal ten\u00eda el mal de rabia desata la tragedia de esta historia, atravesada por la ignorancia y la magia, el fanatismo religioso, y como siempre en la obra de Garc\u00eda M\u00e1rquez,<strong>\u00a0la fatalidad de los amores imposibles, que no obstante, mientras duran son eternos.<\/strong><\/p>\n\n\n\n<p>El oto\u00f1o del patriarca<\/p>\n\n\n\n<figure class=\"wp-block-image size-large\"><img loading=\"lazy\" decoding=\"async\" width=\"672\" height=\"1024\" src=\"https:\/\/quehacerpolitico.mx\/wp-content\/uploads\/2023\/03\/image-9-672x1024.jpeg\" alt=\"\" class=\"wp-image-99157\" srcset=\"https:\/\/quehacerpolitico.mx\/wp-content\/uploads\/2023\/03\/image-9-672x1024.jpeg 672w, https:\/\/quehacerpolitico.mx\/wp-content\/uploads\/2023\/03\/image-9-197x300.jpeg 197w, https:\/\/quehacerpolitico.mx\/wp-content\/uploads\/2023\/03\/image-9-96x146.jpeg 96w, https:\/\/quehacerpolitico.mx\/wp-content\/uploads\/2023\/03\/image-9-33x50.jpeg 33w, https:\/\/quehacerpolitico.mx\/wp-content\/uploads\/2023\/03\/image-9-49x75.jpeg 49w, https:\/\/quehacerpolitico.mx\/wp-content\/uploads\/2023\/03\/image-9.jpeg 700w\" sizes=\"auto, (max-width: 672px) 100vw, 672px\" \/><\/figure>\n\n\n\n<p><strong><em>&#8220;&#8230;el adi\u00f3s fugitivo de un guante de raso de la mano de nadie de un anciano sin destino que nunca supimos qui\u00e9n fue, ni c\u00f3mo fue, ni si fue apenas un infundio de la imaginaci\u00f3n, un tirano de burlas que nunca supo d\u00f3nde estaba el rev\u00e9s y d\u00f3nde estaba el derecho de esta vida que am\u00e1bamos con una pasi\u00f3n insaciable que usted no se atrevi\u00f3 ni siquiera a imaginar por miedo de saber lo que nosotros sab\u00edamos de sobra que era ardua y ef\u00edmera pero que no hab\u00eda otra, general, porque nosotros sab\u00edamos qui\u00e9nes \u00e9ramos&#8230;&#8221;<\/em><\/strong><\/p>\n\n\n\n<p>Una reflexi\u00f3n acerca de las dictaduras que asolaron Am\u00e9rica Latina a lo largo del siglo XX,\u00a0<em>El Oto\u00f1o del Patriarca\u00a0<\/em>es una de las obras m\u00e1s dif\u00edciles de Gabriel Garc\u00eda M\u00e1rquez: un laberinto narrativo donde apenas existen los signos de puntuaci\u00f3n y las reglas ortogr\u00e1ficas convencionales, un universo donde convergen mil historias en una, mil personajes en uno, y<strong>\u00a0que no es m\u00e1s que la soledad inmensa que existe dentro del poder y sus excesos: los grandes monstruos de Am\u00e9rica Latina.<\/strong><\/p>\n\n\n\n<p>El amor en los tiempos del c\u00f3lera<\/p>\n\n\n\n<figure class=\"wp-block-image size-full\"><img loading=\"lazy\" decoding=\"async\" width=\"800\" height=\"800\" src=\"https:\/\/quehacerpolitico.mx\/wp-content\/uploads\/2023\/03\/image-8.jpeg\" alt=\"\" class=\"wp-image-99156\" srcset=\"https:\/\/quehacerpolitico.mx\/wp-content\/uploads\/2023\/03\/image-8.jpeg 800w, https:\/\/quehacerpolitico.mx\/wp-content\/uploads\/2023\/03\/image-8-300x300.jpeg 300w, https:\/\/quehacerpolitico.mx\/wp-content\/uploads\/2023\/03\/image-8-150x150.jpeg 150w, https:\/\/quehacerpolitico.mx\/wp-content\/uploads\/2023\/03\/image-8-768x768.jpeg 768w, https:\/\/quehacerpolitico.mx\/wp-content\/uploads\/2023\/03\/image-8-146x146.jpeg 146w, https:\/\/quehacerpolitico.mx\/wp-content\/uploads\/2023\/03\/image-8-50x50.jpeg 50w, https:\/\/quehacerpolitico.mx\/wp-content\/uploads\/2023\/03\/image-8-75x75.jpeg 75w, https:\/\/quehacerpolitico.mx\/wp-content\/uploads\/2023\/03\/image-8-85x85.jpeg 85w, https:\/\/quehacerpolitico.mx\/wp-content\/uploads\/2023\/03\/image-8-80x80.jpeg 80w\" sizes=\"auto, (max-width: 800px) 100vw, 800px\" \/><\/figure>\n\n\n\n<p><strong><em>&#8220;(&#8230;) vio a Florentino Ariza vestido de luto en el centro de la sala desierta. Se alegr\u00f3, porque hac\u00eda muchos a\u00f1os que lo hab\u00eda borrado de su vida, y era la primera vez que lo ve\u00eda a conciencia depurado por el olvido. Pero antes de que pudiera agradecerle la visita, \u00e9l se puso el sombrero en el sitio del coraz\u00f3n, tr\u00e9mulo y digno, y revent\u00f3 el absceso que hab\u00eda sido el sustento de su vida.<br>-Fermina -le dijo-: he esperado esta ocasi\u00f3n durante m\u00e1s de medio siglo, para repetirle una vez m\u00e1s el juramento de mi fidelidad eterna y mi amor para siempre&#8221;.&nbsp;<\/em><\/strong><\/p>\n\n\n\n<p>Cuando eran adolescentes, Florentino Ariza y Fermina Daza tuvieron un romance juvenil, cuya pasi\u00f3n e intensidad nunca creci\u00f3 m\u00e1s all\u00e1 de sus correspondencias y cartas febriles. Al ser rechazado&nbsp;finalmente y sin piedad por su amada,<strong>Florentino Ariza se puso el prop\u00f3sito de conquistarla y enamorarla sin importar el costo, y en su determinaci\u00f3n&nbsp;se le fue la vida.<\/strong><\/p>\n\n\n\n<p>Cuando cincuenta y un a\u00f1os, nueve meses y cuatro d\u00edas despu\u00e9s, fallece el esposo de Fermina Daza, Florentino Ariza se ve en la encrucijada de su sino:\u00a0<strong>enamorar, en plena vejez, a la mujer que ha esperado toda su vida.<\/strong><\/p>\n\n\n\n<p>Cien a\u00f1os de soledad<\/p>\n\n\n\n<figure class=\"wp-block-image size-full\"><img loading=\"lazy\" decoding=\"async\" width=\"700\" height=\"942\" src=\"https:\/\/quehacerpolitico.mx\/wp-content\/uploads\/2023\/03\/image-7.jpeg\" alt=\"\" class=\"wp-image-99155\" srcset=\"https:\/\/quehacerpolitico.mx\/wp-content\/uploads\/2023\/03\/image-7.jpeg 700w, https:\/\/quehacerpolitico.mx\/wp-content\/uploads\/2023\/03\/image-7-223x300.jpeg 223w, https:\/\/quehacerpolitico.mx\/wp-content\/uploads\/2023\/03\/image-7-108x146.jpeg 108w, https:\/\/quehacerpolitico.mx\/wp-content\/uploads\/2023\/03\/image-7-37x50.jpeg 37w, https:\/\/quehacerpolitico.mx\/wp-content\/uploads\/2023\/03\/image-7-56x75.jpeg 56w\" sizes=\"auto, (max-width: 700px) 100vw, 700px\" \/><\/figure>\n\n\n\n<p><em><strong>&#8220;Muchos a\u00f1os despu\u00e9s, frente al pelot\u00f3n de fusilamiento, el coronel Aureliano Buend\u00eda hab\u00eda de recordar aquella tarde remota en la que su padre lo llev\u00f3 a conocer el hielo&#8221;.<\/strong><\/em><\/p>\n\n\n\n<p>As\u00ed da inicio una de las novelas m\u00e1s fascinantes, tit\u00e1nicas e irrepetibles de nuestra lengua: la historia de la familia Buend\u00eda a trav\u00e9s de un&nbsp;<strong>siglo de desencantos, soledades, amores prohibidos y amarguras, cien a\u00f1os de dramas cotidianos en el pueblo m\u00edtico de Macondo<\/strong>, donde los gitanos vuelan con sus alfombras, los peces pueden nadar en el aire, las mujeres suben al cielo en cuerpo y alma, y las mariposas amarillas son el \u00fanico testigo de los amores prohibidos.&nbsp;<\/p>\n\n\n\n<p>Acaso la novela m\u00e1s importante de Gabriel Garc\u00eda M\u00e1rquez, la que consolid\u00f3 su nombre, la que lo asoci\u00f3 irremediablemente con el realismo m\u00e1gico, una de las novelas&nbsp;&#8220;pilar&#8221;&nbsp;del &#8220;boom&#8221; latinoamericano, y que&nbsp;<strong>eterniz\u00f3 su legado en la historia de nuestras letras.&nbsp;<\/strong><\/p>\n\n\n\n<p><strong><em>&#8220;Sin embargo, antes de llegar al verso final ya hab\u00eda comprendido que no saldr\u00eda jam\u00e1s de ese cuarto, pues estaba previsto que la ciudad de los espejos (o los espejismos) ser\u00eda arrasada por el viento y desterrada de la memoria de los hombres en el instante en que Aureliano Babilonia acabara de descifrar los pergaminos, y que todo lo escrito en ellos era irrepetible desde siempre y para siempre, porque las estirpes condenadas a cien a\u00f1os de soledad no ten\u00edan una segunda oportunidad sobre la tierra&#8221;.<\/em><\/strong><\/p>\n\n\n\n<p><a href=\"whatsapp:\/\/send?text=https:\/\/www.informador.mx\/Gabriel-Garcia-Marquez-5-grandes-obras-para-recordarlo-en-su-cumpleanos-t202303060002.html#news-item-3\"><\/a><\/p>\n","protected":false},"excerpt":{"rendered":"<p>Por Redacci\u00f3n QP Gabriel Garc\u00eda M\u00e1rquez habr\u00eda cumplido 96 a\u00f1os un d\u00eda como hoy. As\u00ed&#8230;<\/p>\n","protected":false},"author":2,"featured_media":99160,"comment_status":"open","ping_status":"open","sticky":false,"template":"","format":"standard","meta":{"_monsterinsights_skip_tracking":false,"_monsterinsights_sitenote_active":false,"_monsterinsights_sitenote_note":"","_monsterinsights_sitenote_category":0,"footnotes":""},"categories":[58],"tags":[],"class_list":["post-99154","post","type-post","status-publish","format-standard","has-post-thumbnail","hentry","category-cultura"],"yoast_head":"<!-- This site is optimized with the Yoast SEO plugin v27.3 - https:\/\/yoast.com\/product\/yoast-seo-wordpress\/ -->\n<title>Recordando al gran Gabriel Garc\u00eda M\u00e1rquez (GABO) en su cumplea\u00f1os -<\/title>\n<meta name=\"robots\" content=\"index, follow, max-snippet:-1, max-image-preview:large, max-video-preview:-1\" \/>\n<link rel=\"canonical\" href=\"https:\/\/quehacerpolitico.mx\/?p=99154\" \/>\n<meta property=\"og:locale\" content=\"es_MX\" \/>\n<meta property=\"og:type\" content=\"article\" \/>\n<meta property=\"og:title\" content=\"Recordando al gran Gabriel Garc\u00eda M\u00e1rquez (GABO) en su cumplea\u00f1os -\" \/>\n<meta property=\"og:description\" content=\"Por Redacci\u00f3n QP Gabriel Garc\u00eda M\u00e1rquez habr\u00eda cumplido 96 a\u00f1os un d\u00eda como hoy. As\u00ed...\" \/>\n<meta property=\"og:url\" content=\"https:\/\/quehacerpolitico.mx\/?p=99154\" \/>\n<meta property=\"article:published_time\" content=\"2023-03-06T19:28:18+00:00\" \/>\n<meta property=\"article:modified_time\" content=\"2023-03-06T19:28:20+00:00\" \/>\n<meta property=\"og:image\" content=\"https:\/\/quehacerpolitico.mx\/wp-content\/uploads\/2023\/03\/6F961E6A-5BA8-41DC-B357-9A48E6EAC981.jpeg\" \/>\n\t<meta property=\"og:image:width\" content=\"739\" \/>\n\t<meta property=\"og:image:height\" content=\"415\" \/>\n\t<meta property=\"og:image:type\" content=\"image\/jpeg\" \/>\n<meta name=\"author\" content=\"Redacci\u00f3n QP\" \/>\n<meta name=\"twitter:card\" content=\"summary_large_image\" \/>\n<meta name=\"twitter:label1\" content=\"Escrito por\" \/>\n\t<meta name=\"twitter:data1\" content=\"Redacci\u00f3n QP\" \/>\n\t<meta name=\"twitter:label2\" content=\"Tiempo de lectura\" \/>\n\t<meta name=\"twitter:data2\" content=\"5 minutos\" \/>\n<script type=\"application\/ld+json\" class=\"yoast-schema-graph\">{\"@context\":\"https:\\\/\\\/schema.org\",\"@graph\":[{\"@type\":\"Article\",\"@id\":\"https:\\\/\\\/quehacerpolitico.mx\\\/?p=99154#article\",\"isPartOf\":{\"@id\":\"https:\\\/\\\/quehacerpolitico.mx\\\/?p=99154\"},\"author\":{\"name\":\"Redacci\u00f3n QP\",\"@id\":\"https:\\\/\\\/quehacerpolitico.mx\\\/#\\\/schema\\\/person\\\/496d8ad2d1d3f8036101dca7ee39e585\"},\"headline\":\"Recordando al gran Gabriel Garc\u00eda M\u00e1rquez (GABO) en su cumplea\u00f1os\",\"datePublished\":\"2023-03-06T19:28:18+00:00\",\"dateModified\":\"2023-03-06T19:28:20+00:00\",\"mainEntityOfPage\":{\"@id\":\"https:\\\/\\\/quehacerpolitico.mx\\\/?p=99154\"},\"wordCount\":1068,\"commentCount\":0,\"image\":{\"@id\":\"https:\\\/\\\/quehacerpolitico.mx\\\/?p=99154#primaryimage\"},\"thumbnailUrl\":\"https:\\\/\\\/quehacerpolitico.mx\\\/wp-content\\\/uploads\\\/2023\\\/03\\\/6F961E6A-5BA8-41DC-B357-9A48E6EAC981.jpeg\",\"articleSection\":[\"Cultura y Entretenimiento\"],\"inLanguage\":\"es\",\"potentialAction\":[{\"@type\":\"CommentAction\",\"name\":\"Comment\",\"target\":[\"https:\\\/\\\/quehacerpolitico.mx\\\/?p=99154#respond\"]}]},{\"@type\":\"WebPage\",\"@id\":\"https:\\\/\\\/quehacerpolitico.mx\\\/?p=99154\",\"url\":\"https:\\\/\\\/quehacerpolitico.mx\\\/?p=99154\",\"name\":\"Recordando al gran Gabriel Garc\u00eda M\u00e1rquez (GABO) en su cumplea\u00f1os -\",\"isPartOf\":{\"@id\":\"https:\\\/\\\/quehacerpolitico.mx\\\/#website\"},\"primaryImageOfPage\":{\"@id\":\"https:\\\/\\\/quehacerpolitico.mx\\\/?p=99154#primaryimage\"},\"image\":{\"@id\":\"https:\\\/\\\/quehacerpolitico.mx\\\/?p=99154#primaryimage\"},\"thumbnailUrl\":\"https:\\\/\\\/quehacerpolitico.mx\\\/wp-content\\\/uploads\\\/2023\\\/03\\\/6F961E6A-5BA8-41DC-B357-9A48E6EAC981.jpeg\",\"datePublished\":\"2023-03-06T19:28:18+00:00\",\"dateModified\":\"2023-03-06T19:28:20+00:00\",\"author\":{\"@id\":\"https:\\\/\\\/quehacerpolitico.mx\\\/#\\\/schema\\\/person\\\/496d8ad2d1d3f8036101dca7ee39e585\"},\"breadcrumb\":{\"@id\":\"https:\\\/\\\/quehacerpolitico.mx\\\/?p=99154#breadcrumb\"},\"inLanguage\":\"es\",\"potentialAction\":[{\"@type\":\"ReadAction\",\"target\":[\"https:\\\/\\\/quehacerpolitico.mx\\\/?p=99154\"]}]},{\"@type\":\"ImageObject\",\"inLanguage\":\"es\",\"@id\":\"https:\\\/\\\/quehacerpolitico.mx\\\/?p=99154#primaryimage\",\"url\":\"https:\\\/\\\/quehacerpolitico.mx\\\/wp-content\\\/uploads\\\/2023\\\/03\\\/6F961E6A-5BA8-41DC-B357-9A48E6EAC981.jpeg\",\"contentUrl\":\"https:\\\/\\\/quehacerpolitico.mx\\\/wp-content\\\/uploads\\\/2023\\\/03\\\/6F961E6A-5BA8-41DC-B357-9A48E6EAC981.jpeg\",\"width\":739,\"height\":415},{\"@type\":\"BreadcrumbList\",\"@id\":\"https:\\\/\\\/quehacerpolitico.mx\\\/?p=99154#breadcrumb\",\"itemListElement\":[{\"@type\":\"ListItem\",\"position\":1,\"name\":\"Inicio\",\"item\":\"https:\\\/\\\/quehacerpolitico.mx\\\/\"},{\"@type\":\"ListItem\",\"position\":2,\"name\":\"Recordando al gran Gabriel Garc\u00eda M\u00e1rquez (GABO) en su cumplea\u00f1os\"}]},{\"@type\":\"WebSite\",\"@id\":\"https:\\\/\\\/quehacerpolitico.mx\\\/#website\",\"url\":\"https:\\\/\\\/quehacerpolitico.mx\\\/\",\"name\":\"\",\"description\":\"\",\"potentialAction\":[{\"@type\":\"SearchAction\",\"target\":{\"@type\":\"EntryPoint\",\"urlTemplate\":\"https:\\\/\\\/quehacerpolitico.mx\\\/?s={search_term_string}\"},\"query-input\":{\"@type\":\"PropertyValueSpecification\",\"valueRequired\":true,\"valueName\":\"search_term_string\"}}],\"inLanguage\":\"es\"},{\"@type\":\"Person\",\"@id\":\"https:\\\/\\\/quehacerpolitico.mx\\\/#\\\/schema\\\/person\\\/496d8ad2d1d3f8036101dca7ee39e585\",\"name\":\"Redacci\u00f3n QP\",\"image\":{\"@type\":\"ImageObject\",\"inLanguage\":\"es\",\"@id\":\"https:\\\/\\\/secure.gravatar.com\\\/avatar\\\/c7164ed6fdec453195284ad24a5ae5b6e1eed2b848477fa2a4787ba9adf39a41?s=96&d=mm&r=g\",\"url\":\"https:\\\/\\\/secure.gravatar.com\\\/avatar\\\/c7164ed6fdec453195284ad24a5ae5b6e1eed2b848477fa2a4787ba9adf39a41?s=96&d=mm&r=g\",\"contentUrl\":\"https:\\\/\\\/secure.gravatar.com\\\/avatar\\\/c7164ed6fdec453195284ad24a5ae5b6e1eed2b848477fa2a4787ba9adf39a41?s=96&d=mm&r=g\",\"caption\":\"Redacci\u00f3n QP\"},\"url\":\"https:\\\/\\\/quehacerpolitico.mx\\\/?author=2\"}]}<\/script>\n<!-- \/ Yoast SEO plugin. -->","yoast_head_json":{"title":"Recordando al gran Gabriel Garc\u00eda M\u00e1rquez (GABO) en su cumplea\u00f1os -","robots":{"index":"index","follow":"follow","max-snippet":"max-snippet:-1","max-image-preview":"max-image-preview:large","max-video-preview":"max-video-preview:-1"},"canonical":"https:\/\/quehacerpolitico.mx\/?p=99154","og_locale":"es_MX","og_type":"article","og_title":"Recordando al gran Gabriel Garc\u00eda M\u00e1rquez (GABO) en su cumplea\u00f1os -","og_description":"Por Redacci\u00f3n QP Gabriel Garc\u00eda M\u00e1rquez habr\u00eda cumplido 96 a\u00f1os un d\u00eda como hoy. As\u00ed...","og_url":"https:\/\/quehacerpolitico.mx\/?p=99154","article_published_time":"2023-03-06T19:28:18+00:00","article_modified_time":"2023-03-06T19:28:20+00:00","og_image":[{"width":739,"height":415,"url":"https:\/\/quehacerpolitico.mx\/wp-content\/uploads\/2023\/03\/6F961E6A-5BA8-41DC-B357-9A48E6EAC981.jpeg","type":"image\/jpeg"}],"author":"Redacci\u00f3n QP","twitter_card":"summary_large_image","twitter_misc":{"Escrito por":"Redacci\u00f3n QP","Tiempo de lectura":"5 minutos"},"schema":{"@context":"https:\/\/schema.org","@graph":[{"@type":"Article","@id":"https:\/\/quehacerpolitico.mx\/?p=99154#article","isPartOf":{"@id":"https:\/\/quehacerpolitico.mx\/?p=99154"},"author":{"name":"Redacci\u00f3n QP","@id":"https:\/\/quehacerpolitico.mx\/#\/schema\/person\/496d8ad2d1d3f8036101dca7ee39e585"},"headline":"Recordando al gran Gabriel Garc\u00eda M\u00e1rquez (GABO) en su cumplea\u00f1os","datePublished":"2023-03-06T19:28:18+00:00","dateModified":"2023-03-06T19:28:20+00:00","mainEntityOfPage":{"@id":"https:\/\/quehacerpolitico.mx\/?p=99154"},"wordCount":1068,"commentCount":0,"image":{"@id":"https:\/\/quehacerpolitico.mx\/?p=99154#primaryimage"},"thumbnailUrl":"https:\/\/quehacerpolitico.mx\/wp-content\/uploads\/2023\/03\/6F961E6A-5BA8-41DC-B357-9A48E6EAC981.jpeg","articleSection":["Cultura y Entretenimiento"],"inLanguage":"es","potentialAction":[{"@type":"CommentAction","name":"Comment","target":["https:\/\/quehacerpolitico.mx\/?p=99154#respond"]}]},{"@type":"WebPage","@id":"https:\/\/quehacerpolitico.mx\/?p=99154","url":"https:\/\/quehacerpolitico.mx\/?p=99154","name":"Recordando al gran Gabriel Garc\u00eda M\u00e1rquez (GABO) en su cumplea\u00f1os -","isPartOf":{"@id":"https:\/\/quehacerpolitico.mx\/#website"},"primaryImageOfPage":{"@id":"https:\/\/quehacerpolitico.mx\/?p=99154#primaryimage"},"image":{"@id":"https:\/\/quehacerpolitico.mx\/?p=99154#primaryimage"},"thumbnailUrl":"https:\/\/quehacerpolitico.mx\/wp-content\/uploads\/2023\/03\/6F961E6A-5BA8-41DC-B357-9A48E6EAC981.jpeg","datePublished":"2023-03-06T19:28:18+00:00","dateModified":"2023-03-06T19:28:20+00:00","author":{"@id":"https:\/\/quehacerpolitico.mx\/#\/schema\/person\/496d8ad2d1d3f8036101dca7ee39e585"},"breadcrumb":{"@id":"https:\/\/quehacerpolitico.mx\/?p=99154#breadcrumb"},"inLanguage":"es","potentialAction":[{"@type":"ReadAction","target":["https:\/\/quehacerpolitico.mx\/?p=99154"]}]},{"@type":"ImageObject","inLanguage":"es","@id":"https:\/\/quehacerpolitico.mx\/?p=99154#primaryimage","url":"https:\/\/quehacerpolitico.mx\/wp-content\/uploads\/2023\/03\/6F961E6A-5BA8-41DC-B357-9A48E6EAC981.jpeg","contentUrl":"https:\/\/quehacerpolitico.mx\/wp-content\/uploads\/2023\/03\/6F961E6A-5BA8-41DC-B357-9A48E6EAC981.jpeg","width":739,"height":415},{"@type":"BreadcrumbList","@id":"https:\/\/quehacerpolitico.mx\/?p=99154#breadcrumb","itemListElement":[{"@type":"ListItem","position":1,"name":"Inicio","item":"https:\/\/quehacerpolitico.mx\/"},{"@type":"ListItem","position":2,"name":"Recordando al gran Gabriel Garc\u00eda M\u00e1rquez (GABO) en su cumplea\u00f1os"}]},{"@type":"WebSite","@id":"https:\/\/quehacerpolitico.mx\/#website","url":"https:\/\/quehacerpolitico.mx\/","name":"","description":"","potentialAction":[{"@type":"SearchAction","target":{"@type":"EntryPoint","urlTemplate":"https:\/\/quehacerpolitico.mx\/?s={search_term_string}"},"query-input":{"@type":"PropertyValueSpecification","valueRequired":true,"valueName":"search_term_string"}}],"inLanguage":"es"},{"@type":"Person","@id":"https:\/\/quehacerpolitico.mx\/#\/schema\/person\/496d8ad2d1d3f8036101dca7ee39e585","name":"Redacci\u00f3n QP","image":{"@type":"ImageObject","inLanguage":"es","@id":"https:\/\/secure.gravatar.com\/avatar\/c7164ed6fdec453195284ad24a5ae5b6e1eed2b848477fa2a4787ba9adf39a41?s=96&d=mm&r=g","url":"https:\/\/secure.gravatar.com\/avatar\/c7164ed6fdec453195284ad24a5ae5b6e1eed2b848477fa2a4787ba9adf39a41?s=96&d=mm&r=g","contentUrl":"https:\/\/secure.gravatar.com\/avatar\/c7164ed6fdec453195284ad24a5ae5b6e1eed2b848477fa2a4787ba9adf39a41?s=96&d=mm&r=g","caption":"Redacci\u00f3n QP"},"url":"https:\/\/quehacerpolitico.mx\/?author=2"}]}},"featured_image_urls":{"full":["https:\/\/quehacerpolitico.mx\/wp-content\/uploads\/2023\/03\/6F961E6A-5BA8-41DC-B357-9A48E6EAC981.jpeg",739,415,false],"thumbnail":["https:\/\/quehacerpolitico.mx\/wp-content\/uploads\/2023\/03\/6F961E6A-5BA8-41DC-B357-9A48E6EAC981-150x150.jpeg",150,150,true],"medium":["https:\/\/quehacerpolitico.mx\/wp-content\/uploads\/2023\/03\/6F961E6A-5BA8-41DC-B357-9A48E6EAC981-300x168.jpeg",300,168,true],"medium_large":["https:\/\/quehacerpolitico.mx\/wp-content\/uploads\/2023\/03\/6F961E6A-5BA8-41DC-B357-9A48E6EAC981.jpeg",640,359,false],"large":["https:\/\/quehacerpolitico.mx\/wp-content\/uploads\/2023\/03\/6F961E6A-5BA8-41DC-B357-9A48E6EAC981.jpeg",640,359,false],"1536x1536":["https:\/\/quehacerpolitico.mx\/wp-content\/uploads\/2023\/03\/6F961E6A-5BA8-41DC-B357-9A48E6EAC981.jpeg",739,415,false],"2048x2048":["https:\/\/quehacerpolitico.mx\/wp-content\/uploads\/2023\/03\/6F961E6A-5BA8-41DC-B357-9A48E6EAC981.jpeg",739,415,false],"covernews-featured":["https:\/\/quehacerpolitico.mx\/wp-content\/uploads\/2023\/03\/6F961E6A-5BA8-41DC-B357-9A48E6EAC981.jpeg",739,415,false],"covernews-medium":["https:\/\/quehacerpolitico.mx\/wp-content\/uploads\/2023\/03\/6F961E6A-5BA8-41DC-B357-9A48E6EAC981.jpeg",540,303,false]},"author_info":{"display_name":"Redacci\u00f3n QP","author_link":"https:\/\/quehacerpolitico.mx\/?author=2"},"category_info":"<a href=\"https:\/\/quehacerpolitico.mx\/?cat=58\" rel=\"category\">Cultura y Entretenimiento<\/a>","tag_info":"Cultura y Entretenimiento","comment_count":"0","_links":{"self":[{"href":"https:\/\/quehacerpolitico.mx\/index.php?rest_route=\/wp\/v2\/posts\/99154","targetHints":{"allow":["GET"]}}],"collection":[{"href":"https:\/\/quehacerpolitico.mx\/index.php?rest_route=\/wp\/v2\/posts"}],"about":[{"href":"https:\/\/quehacerpolitico.mx\/index.php?rest_route=\/wp\/v2\/types\/post"}],"author":[{"embeddable":true,"href":"https:\/\/quehacerpolitico.mx\/index.php?rest_route=\/wp\/v2\/users\/2"}],"replies":[{"embeddable":true,"href":"https:\/\/quehacerpolitico.mx\/index.php?rest_route=%2Fwp%2Fv2%2Fcomments&post=99154"}],"version-history":[{"count":1,"href":"https:\/\/quehacerpolitico.mx\/index.php?rest_route=\/wp\/v2\/posts\/99154\/revisions"}],"predecessor-version":[{"id":99161,"href":"https:\/\/quehacerpolitico.mx\/index.php?rest_route=\/wp\/v2\/posts\/99154\/revisions\/99161"}],"wp:featuredmedia":[{"embeddable":true,"href":"https:\/\/quehacerpolitico.mx\/index.php?rest_route=\/wp\/v2\/media\/99160"}],"wp:attachment":[{"href":"https:\/\/quehacerpolitico.mx\/index.php?rest_route=%2Fwp%2Fv2%2Fmedia&parent=99154"}],"wp:term":[{"taxonomy":"category","embeddable":true,"href":"https:\/\/quehacerpolitico.mx\/index.php?rest_route=%2Fwp%2Fv2%2Fcategories&post=99154"},{"taxonomy":"post_tag","embeddable":true,"href":"https:\/\/quehacerpolitico.mx\/index.php?rest_route=%2Fwp%2Fv2%2Ftags&post=99154"}],"curies":[{"name":"wp","href":"https:\/\/api.w.org\/{rel}","templated":true}]}}