{"id":99124,"date":"2023-03-06T16:06:37","date_gmt":"2023-03-06T16:06:37","guid":{"rendered":"https:\/\/quehacerpolitico.mx\/?p=99124"},"modified":"2023-03-06T16:06:47","modified_gmt":"2023-03-06T16:06:47","slug":"enfoque-litza-deniss-duran-espinosa-8m-nada-que-celebrar-y-mucho-que-exigir","status":"publish","type":"post","link":"https:\/\/quehacerpolitico.mx\/?p=99124","title":{"rendered":"Enfoque\/\/\/Litza Deniss Dur\u00e1n Espinosa\/\/\/8M nada que celebrar y mucho que exigir"},"content":{"rendered":"\n<p>Por Litza Deniss Dur\u00e1n Espinosa<\/p>\n\n\n\n<p>Analista<\/p>\n\n\n\n<p>El D\u00eda Internacional de la Mujer provoca que muchas de ellas reciban felicitaciones, incluso regalos, como flores o dulces;\u00a0pero \u00bfEs correcto?<\/p>\n\n\n\n<p>El d\u00eda internacional de la mujer, que se conmemorar\u00e1 este mi\u00e9rcoles, 8 de marzo, provoca que<strong>\u00a0muchas de ellas reciban felicitaciones, incluso regalos, como flores o dulces<\/strong>; al destacar su papel dentro de la sociedad con motivo de su g\u00e9nero, pero\u00a0<strong>\u00bfEs correcto? \u00bfPor qu\u00e9 no se deber\u00eda hacer?<\/strong><\/p>\n\n\n\n<p>Los movimientos feministas aseguran que<strong>\u00a0el D\u00eda Internacional de la Mujer no es una raz\u00f3n de celebraci\u00f3n, ni festejo<\/strong>, pues lo que enmarca dicha conmemoraci\u00f3n es la\u00a0<strong>lucha de las mujeres por la igualdad frente a los hombres, los se\u00f1alamientos de abuso y violencia de las que son v\u00edctimas, el reclamo de justicia; y el reconocimiento de sus derechos particulares<\/strong>.<\/p>\n\n\n\n<p>Por tal raz\u00f3n, las felicitaciones no son bien recibidas por muchas mujeres, pues\u00a0<strong>consideran que no hay fundamento para una celebraci\u00f3n y s\u00ed mucho trabajo para reconocer pol\u00edtica, social, econ\u00f3mica y jur\u00eddicamente su condici\u00f3n<\/strong>.<\/p>\n\n\n\n<p>El D\u00eda Internacional de la\u00a0Mujer\u00a0es una conmemoraci\u00f3n hist\u00f3rica que\u00a0<strong>invita a la reflexi\u00f3n y la sensibilizaci\u00f3n acerca de las asignaturas pendientes para ellas<\/strong>.<\/p>\n\n\n\n<h2 class=\"wp-block-heading\">\u00bfQu\u00e9 dice la ONU sobre el D\u00eda Internacional de la Mujer?<\/h2>\n\n\n\n<p>La Organizaci\u00f3n de las Naciones Unidas (ONU) asegura que el D\u00eda Internacional de la Mujer\u00a0<strong>conmemora la &#8220;lucha en pro de la igualdad, la justicia, la paz y el desarrollo&#8221;<\/strong>. Al tiempo que record\u00f3 que esta fecha\u00a0<strong>&#8220;encuentra sus or\u00edgenes en las manifestaciones de las mujeres que, especialmente en Europa, reclamaban a comienzos del siglo XX el derecho al voto, mejores condiciones de trabajo y la igualdad entre los sexos&#8221;<\/strong>.<\/p>\n\n\n\n<p><strong>El D\u00eda Internacional de la Mujer se celebra desde 1975 y fue proclamado por la asamblea de la ONU en 1977<\/strong>.<\/p>\n\n\n\n<figure class=\"wp-block-image size-full\"><img loading=\"lazy\" decoding=\"async\" width=\"768\" height=\"460\" src=\"https:\/\/quehacerpolitico.mx\/wp-content\/uploads\/2023\/03\/image-6.jpeg\" alt=\"\" class=\"wp-image-99125\" srcset=\"https:\/\/quehacerpolitico.mx\/wp-content\/uploads\/2023\/03\/image-6.jpeg 768w, https:\/\/quehacerpolitico.mx\/wp-content\/uploads\/2023\/03\/image-6-300x180.jpeg 300w, https:\/\/quehacerpolitico.mx\/wp-content\/uploads\/2023\/03\/image-6-244x146.jpeg 244w, https:\/\/quehacerpolitico.mx\/wp-content\/uploads\/2023\/03\/image-6-50x30.jpeg 50w, https:\/\/quehacerpolitico.mx\/wp-content\/uploads\/2023\/03\/image-6-125x75.jpeg 125w\" sizes=\"auto, (max-width: 768px) 100vw, 768px\" \/><\/figure>\n\n\n\n<h2 class=\"wp-block-heading\">\u00bfCu\u00e1les son las condiciones de las mexicanas en el D\u00eda Internacional de la Mujer?<\/h2>\n\n\n\n<ul class=\"wp-block-list\">\n<li>Seg\u00fan el Consejo Nacional Para Prevenir la Discriminaci\u00f3n (Conapred)&nbsp;<strong>el 51.4% de la poblaci\u00f3n mexicana (Inegi 2015) hist\u00f3ricamente ha sido v\u00edctima de exclusi\u00f3n<\/strong>&nbsp;en el pa\u00eds<\/li>\n\n\n\n<li>En ese sentido,&nbsp;<strong>m\u00e1s de la mitad de la poblaci\u00f3n del pa\u00eds es o ha sido discriminada debido a su sexo<\/strong><\/li>\n\n\n\n<li><strong>Los estereotipos de g\u00e9nero<\/strong>, en otras palabras, las ideas sobre lo que &#8220;deben ser&#8221; los hombres y las mujeres&nbsp;<strong>han permanecido por generaciones<\/strong><\/li>\n\n\n\n<li>De acuerdo a datos del Instituto Nacional de Estad\u00edstica y Geograf\u00eda (Inegi) hist\u00f3ricamente&nbsp;<strong>la poblaci\u00f3n mexicana ha estado compuesta por m\u00e1s mujeres que hombres, en 2020 de la poblaci\u00f3n total 51.2% eran mujeres y en 2020, 48.8 por ciento<\/strong><\/li>\n\n\n\n<li><strong>El mercado laboral se caracteriza por tener m\u00e1s hombres que mujeres en la PEA<\/strong>. En efecto, en el primer trimestre de 2020, la PEA femenina fue de 22.6 millones de personas, mientras que los hombres fueron 34.7 millones<\/li>\n\n\n\n<li><strong>Las mujeres dedican 30.8 horas en promedio por semana al trabajo dom\u00e9stico no remunerado y los hombres 11.6 horas<\/strong><\/li>\n<\/ul>\n","protected":false},"excerpt":{"rendered":"<p>Por Litza Deniss Dur\u00e1n Espinosa Analista El D\u00eda Internacional de la Mujer provoca que muchas&#8230;<\/p>\n","protected":false},"author":2,"featured_media":99126,"comment_status":"open","ping_status":"open","sticky":false,"template":"","format":"standard","meta":{"_monsterinsights_skip_tracking":false,"_monsterinsights_sitenote_active":false,"_monsterinsights_sitenote_note":"","_monsterinsights_sitenote_category":0,"footnotes":""},"categories":[2],"tags":[],"class_list":["post-99124","post","type-post","status-publish","format-standard","has-post-thumbnail","hentry","category-noticias"],"yoast_head":"<!-- This site is optimized with the Yoast SEO plugin v27.3 - https:\/\/yoast.com\/product\/yoast-seo-wordpress\/ -->\n<title>Enfoque\/\/\/Litza Deniss Dur\u00e1n Espinosa\/\/\/8M nada que celebrar y mucho que exigir -<\/title>\n<meta name=\"robots\" content=\"index, follow, max-snippet:-1, max-image-preview:large, max-video-preview:-1\" \/>\n<link rel=\"canonical\" href=\"https:\/\/quehacerpolitico.mx\/?p=99124\" \/>\n<meta property=\"og:locale\" content=\"es_MX\" \/>\n<meta property=\"og:type\" content=\"article\" \/>\n<meta property=\"og:title\" content=\"Enfoque\/\/\/Litza Deniss Dur\u00e1n Espinosa\/\/\/8M nada que celebrar y mucho que exigir -\" \/>\n<meta property=\"og:description\" content=\"Por Litza Deniss Dur\u00e1n Espinosa Analista El D\u00eda Internacional de la Mujer provoca que muchas...\" \/>\n<meta property=\"og:url\" content=\"https:\/\/quehacerpolitico.mx\/?p=99124\" \/>\n<meta property=\"article:published_time\" content=\"2023-03-06T16:06:37+00:00\" \/>\n<meta property=\"article:modified_time\" content=\"2023-03-06T16:06:47+00:00\" \/>\n<meta property=\"og:image\" content=\"https:\/\/quehacerpolitico.mx\/wp-content\/uploads\/2023\/03\/E89F11BF-05A9-4C19-94C5-AA394327D87B.jpeg\" \/>\n\t<meta property=\"og:image:width\" content=\"963\" \/>\n\t<meta property=\"og:image:height\" content=\"493\" \/>\n\t<meta property=\"og:image:type\" content=\"image\/jpeg\" \/>\n<meta name=\"author\" content=\"Redacci\u00f3n QP\" \/>\n<meta name=\"twitter:card\" content=\"summary_large_image\" \/>\n<meta name=\"twitter:label1\" content=\"Escrito por\" \/>\n\t<meta name=\"twitter:data1\" content=\"Redacci\u00f3n QP\" \/>\n\t<meta name=\"twitter:label2\" content=\"Tiempo de lectura\" \/>\n\t<meta name=\"twitter:data2\" content=\"3 minutos\" \/>\n<script type=\"application\/ld+json\" class=\"yoast-schema-graph\">{\"@context\":\"https:\\\/\\\/schema.org\",\"@graph\":[{\"@type\":\"Article\",\"@id\":\"https:\\\/\\\/quehacerpolitico.mx\\\/?p=99124#article\",\"isPartOf\":{\"@id\":\"https:\\\/\\\/quehacerpolitico.mx\\\/?p=99124\"},\"author\":{\"name\":\"Redacci\u00f3n QP\",\"@id\":\"https:\\\/\\\/quehacerpolitico.mx\\\/#\\\/schema\\\/person\\\/496d8ad2d1d3f8036101dca7ee39e585\"},\"headline\":\"Enfoque\\\/\\\/\\\/Litza Deniss Dur\u00e1n Espinosa\\\/\\\/\\\/8M nada que celebrar y mucho que exigir\",\"datePublished\":\"2023-03-06T16:06:37+00:00\",\"dateModified\":\"2023-03-06T16:06:47+00:00\",\"mainEntityOfPage\":{\"@id\":\"https:\\\/\\\/quehacerpolitico.mx\\\/?p=99124\"},\"wordCount\":532,\"commentCount\":0,\"image\":{\"@id\":\"https:\\\/\\\/quehacerpolitico.mx\\\/?p=99124#primaryimage\"},\"thumbnailUrl\":\"https:\\\/\\\/quehacerpolitico.mx\\\/wp-content\\\/uploads\\\/2023\\\/03\\\/E89F11BF-05A9-4C19-94C5-AA394327D87B.jpeg\",\"articleSection\":[\"Noticias\"],\"inLanguage\":\"es\",\"potentialAction\":[{\"@type\":\"CommentAction\",\"name\":\"Comment\",\"target\":[\"https:\\\/\\\/quehacerpolitico.mx\\\/?p=99124#respond\"]}]},{\"@type\":\"WebPage\",\"@id\":\"https:\\\/\\\/quehacerpolitico.mx\\\/?p=99124\",\"url\":\"https:\\\/\\\/quehacerpolitico.mx\\\/?p=99124\",\"name\":\"Enfoque\\\/\\\/\\\/Litza Deniss Dur\u00e1n Espinosa\\\/\\\/\\\/8M nada que celebrar y mucho que exigir -\",\"isPartOf\":{\"@id\":\"https:\\\/\\\/quehacerpolitico.mx\\\/#website\"},\"primaryImageOfPage\":{\"@id\":\"https:\\\/\\\/quehacerpolitico.mx\\\/?p=99124#primaryimage\"},\"image\":{\"@id\":\"https:\\\/\\\/quehacerpolitico.mx\\\/?p=99124#primaryimage\"},\"thumbnailUrl\":\"https:\\\/\\\/quehacerpolitico.mx\\\/wp-content\\\/uploads\\\/2023\\\/03\\\/E89F11BF-05A9-4C19-94C5-AA394327D87B.jpeg\",\"datePublished\":\"2023-03-06T16:06:37+00:00\",\"dateModified\":\"2023-03-06T16:06:47+00:00\",\"author\":{\"@id\":\"https:\\\/\\\/quehacerpolitico.mx\\\/#\\\/schema\\\/person\\\/496d8ad2d1d3f8036101dca7ee39e585\"},\"breadcrumb\":{\"@id\":\"https:\\\/\\\/quehacerpolitico.mx\\\/?p=99124#breadcrumb\"},\"inLanguage\":\"es\",\"potentialAction\":[{\"@type\":\"ReadAction\",\"target\":[\"https:\\\/\\\/quehacerpolitico.mx\\\/?p=99124\"]}]},{\"@type\":\"ImageObject\",\"inLanguage\":\"es\",\"@id\":\"https:\\\/\\\/quehacerpolitico.mx\\\/?p=99124#primaryimage\",\"url\":\"https:\\\/\\\/quehacerpolitico.mx\\\/wp-content\\\/uploads\\\/2023\\\/03\\\/E89F11BF-05A9-4C19-94C5-AA394327D87B.jpeg\",\"contentUrl\":\"https:\\\/\\\/quehacerpolitico.mx\\\/wp-content\\\/uploads\\\/2023\\\/03\\\/E89F11BF-05A9-4C19-94C5-AA394327D87B.jpeg\",\"width\":963,\"height\":493},{\"@type\":\"BreadcrumbList\",\"@id\":\"https:\\\/\\\/quehacerpolitico.mx\\\/?p=99124#breadcrumb\",\"itemListElement\":[{\"@type\":\"ListItem\",\"position\":1,\"name\":\"Inicio\",\"item\":\"https:\\\/\\\/quehacerpolitico.mx\\\/\"},{\"@type\":\"ListItem\",\"position\":2,\"name\":\"Enfoque\\\/\\\/\\\/Litza Deniss Dur\u00e1n Espinosa\\\/\\\/\\\/8M nada que celebrar y mucho que exigir\"}]},{\"@type\":\"WebSite\",\"@id\":\"https:\\\/\\\/quehacerpolitico.mx\\\/#website\",\"url\":\"https:\\\/\\\/quehacerpolitico.mx\\\/\",\"name\":\"\",\"description\":\"\",\"potentialAction\":[{\"@type\":\"SearchAction\",\"target\":{\"@type\":\"EntryPoint\",\"urlTemplate\":\"https:\\\/\\\/quehacerpolitico.mx\\\/?s={search_term_string}\"},\"query-input\":{\"@type\":\"PropertyValueSpecification\",\"valueRequired\":true,\"valueName\":\"search_term_string\"}}],\"inLanguage\":\"es\"},{\"@type\":\"Person\",\"@id\":\"https:\\\/\\\/quehacerpolitico.mx\\\/#\\\/schema\\\/person\\\/496d8ad2d1d3f8036101dca7ee39e585\",\"name\":\"Redacci\u00f3n QP\",\"image\":{\"@type\":\"ImageObject\",\"inLanguage\":\"es\",\"@id\":\"https:\\\/\\\/secure.gravatar.com\\\/avatar\\\/c7164ed6fdec453195284ad24a5ae5b6e1eed2b848477fa2a4787ba9adf39a41?s=96&d=mm&r=g\",\"url\":\"https:\\\/\\\/secure.gravatar.com\\\/avatar\\\/c7164ed6fdec453195284ad24a5ae5b6e1eed2b848477fa2a4787ba9adf39a41?s=96&d=mm&r=g\",\"contentUrl\":\"https:\\\/\\\/secure.gravatar.com\\\/avatar\\\/c7164ed6fdec453195284ad24a5ae5b6e1eed2b848477fa2a4787ba9adf39a41?s=96&d=mm&r=g\",\"caption\":\"Redacci\u00f3n QP\"},\"url\":\"https:\\\/\\\/quehacerpolitico.mx\\\/?author=2\"}]}<\/script>\n<!-- \/ Yoast SEO plugin. -->","yoast_head_json":{"title":"Enfoque\/\/\/Litza Deniss Dur\u00e1n Espinosa\/\/\/8M nada que celebrar y mucho que exigir -","robots":{"index":"index","follow":"follow","max-snippet":"max-snippet:-1","max-image-preview":"max-image-preview:large","max-video-preview":"max-video-preview:-1"},"canonical":"https:\/\/quehacerpolitico.mx\/?p=99124","og_locale":"es_MX","og_type":"article","og_title":"Enfoque\/\/\/Litza Deniss Dur\u00e1n Espinosa\/\/\/8M nada que celebrar y mucho que exigir -","og_description":"Por Litza Deniss Dur\u00e1n Espinosa Analista El D\u00eda Internacional de la Mujer provoca que muchas...","og_url":"https:\/\/quehacerpolitico.mx\/?p=99124","article_published_time":"2023-03-06T16:06:37+00:00","article_modified_time":"2023-03-06T16:06:47+00:00","og_image":[{"width":963,"height":493,"url":"https:\/\/quehacerpolitico.mx\/wp-content\/uploads\/2023\/03\/E89F11BF-05A9-4C19-94C5-AA394327D87B.jpeg","type":"image\/jpeg"}],"author":"Redacci\u00f3n QP","twitter_card":"summary_large_image","twitter_misc":{"Escrito por":"Redacci\u00f3n QP","Tiempo de lectura":"3 minutos"},"schema":{"@context":"https:\/\/schema.org","@graph":[{"@type":"Article","@id":"https:\/\/quehacerpolitico.mx\/?p=99124#article","isPartOf":{"@id":"https:\/\/quehacerpolitico.mx\/?p=99124"},"author":{"name":"Redacci\u00f3n QP","@id":"https:\/\/quehacerpolitico.mx\/#\/schema\/person\/496d8ad2d1d3f8036101dca7ee39e585"},"headline":"Enfoque\/\/\/Litza Deniss Dur\u00e1n Espinosa\/\/\/8M nada que celebrar y mucho que exigir","datePublished":"2023-03-06T16:06:37+00:00","dateModified":"2023-03-06T16:06:47+00:00","mainEntityOfPage":{"@id":"https:\/\/quehacerpolitico.mx\/?p=99124"},"wordCount":532,"commentCount":0,"image":{"@id":"https:\/\/quehacerpolitico.mx\/?p=99124#primaryimage"},"thumbnailUrl":"https:\/\/quehacerpolitico.mx\/wp-content\/uploads\/2023\/03\/E89F11BF-05A9-4C19-94C5-AA394327D87B.jpeg","articleSection":["Noticias"],"inLanguage":"es","potentialAction":[{"@type":"CommentAction","name":"Comment","target":["https:\/\/quehacerpolitico.mx\/?p=99124#respond"]}]},{"@type":"WebPage","@id":"https:\/\/quehacerpolitico.mx\/?p=99124","url":"https:\/\/quehacerpolitico.mx\/?p=99124","name":"Enfoque\/\/\/Litza Deniss Dur\u00e1n Espinosa\/\/\/8M nada que celebrar y mucho que exigir -","isPartOf":{"@id":"https:\/\/quehacerpolitico.mx\/#website"},"primaryImageOfPage":{"@id":"https:\/\/quehacerpolitico.mx\/?p=99124#primaryimage"},"image":{"@id":"https:\/\/quehacerpolitico.mx\/?p=99124#primaryimage"},"thumbnailUrl":"https:\/\/quehacerpolitico.mx\/wp-content\/uploads\/2023\/03\/E89F11BF-05A9-4C19-94C5-AA394327D87B.jpeg","datePublished":"2023-03-06T16:06:37+00:00","dateModified":"2023-03-06T16:06:47+00:00","author":{"@id":"https:\/\/quehacerpolitico.mx\/#\/schema\/person\/496d8ad2d1d3f8036101dca7ee39e585"},"breadcrumb":{"@id":"https:\/\/quehacerpolitico.mx\/?p=99124#breadcrumb"},"inLanguage":"es","potentialAction":[{"@type":"ReadAction","target":["https:\/\/quehacerpolitico.mx\/?p=99124"]}]},{"@type":"ImageObject","inLanguage":"es","@id":"https:\/\/quehacerpolitico.mx\/?p=99124#primaryimage","url":"https:\/\/quehacerpolitico.mx\/wp-content\/uploads\/2023\/03\/E89F11BF-05A9-4C19-94C5-AA394327D87B.jpeg","contentUrl":"https:\/\/quehacerpolitico.mx\/wp-content\/uploads\/2023\/03\/E89F11BF-05A9-4C19-94C5-AA394327D87B.jpeg","width":963,"height":493},{"@type":"BreadcrumbList","@id":"https:\/\/quehacerpolitico.mx\/?p=99124#breadcrumb","itemListElement":[{"@type":"ListItem","position":1,"name":"Inicio","item":"https:\/\/quehacerpolitico.mx\/"},{"@type":"ListItem","position":2,"name":"Enfoque\/\/\/Litza Deniss Dur\u00e1n Espinosa\/\/\/8M nada que celebrar y mucho que exigir"}]},{"@type":"WebSite","@id":"https:\/\/quehacerpolitico.mx\/#website","url":"https:\/\/quehacerpolitico.mx\/","name":"","description":"","potentialAction":[{"@type":"SearchAction","target":{"@type":"EntryPoint","urlTemplate":"https:\/\/quehacerpolitico.mx\/?s={search_term_string}"},"query-input":{"@type":"PropertyValueSpecification","valueRequired":true,"valueName":"search_term_string"}}],"inLanguage":"es"},{"@type":"Person","@id":"https:\/\/quehacerpolitico.mx\/#\/schema\/person\/496d8ad2d1d3f8036101dca7ee39e585","name":"Redacci\u00f3n QP","image":{"@type":"ImageObject","inLanguage":"es","@id":"https:\/\/secure.gravatar.com\/avatar\/c7164ed6fdec453195284ad24a5ae5b6e1eed2b848477fa2a4787ba9adf39a41?s=96&d=mm&r=g","url":"https:\/\/secure.gravatar.com\/avatar\/c7164ed6fdec453195284ad24a5ae5b6e1eed2b848477fa2a4787ba9adf39a41?s=96&d=mm&r=g","contentUrl":"https:\/\/secure.gravatar.com\/avatar\/c7164ed6fdec453195284ad24a5ae5b6e1eed2b848477fa2a4787ba9adf39a41?s=96&d=mm&r=g","caption":"Redacci\u00f3n QP"},"url":"https:\/\/quehacerpolitico.mx\/?author=2"}]}},"featured_image_urls":{"full":["https:\/\/quehacerpolitico.mx\/wp-content\/uploads\/2023\/03\/E89F11BF-05A9-4C19-94C5-AA394327D87B.jpeg",963,493,false],"thumbnail":["https:\/\/quehacerpolitico.mx\/wp-content\/uploads\/2023\/03\/E89F11BF-05A9-4C19-94C5-AA394327D87B-150x150.jpeg",150,150,true],"medium":["https:\/\/quehacerpolitico.mx\/wp-content\/uploads\/2023\/03\/E89F11BF-05A9-4C19-94C5-AA394327D87B-300x154.jpeg",300,154,true],"medium_large":["https:\/\/quehacerpolitico.mx\/wp-content\/uploads\/2023\/03\/E89F11BF-05A9-4C19-94C5-AA394327D87B-768x393.jpeg",640,328,true],"large":["https:\/\/quehacerpolitico.mx\/wp-content\/uploads\/2023\/03\/E89F11BF-05A9-4C19-94C5-AA394327D87B.jpeg",640,328,false],"1536x1536":["https:\/\/quehacerpolitico.mx\/wp-content\/uploads\/2023\/03\/E89F11BF-05A9-4C19-94C5-AA394327D87B.jpeg",963,493,false],"2048x2048":["https:\/\/quehacerpolitico.mx\/wp-content\/uploads\/2023\/03\/E89F11BF-05A9-4C19-94C5-AA394327D87B.jpeg",963,493,false],"covernews-featured":["https:\/\/quehacerpolitico.mx\/wp-content\/uploads\/2023\/03\/E89F11BF-05A9-4C19-94C5-AA394327D87B.jpeg",963,493,false],"covernews-medium":["https:\/\/quehacerpolitico.mx\/wp-content\/uploads\/2023\/03\/E89F11BF-05A9-4C19-94C5-AA394327D87B.jpeg",540,276,false]},"author_info":{"display_name":"Redacci\u00f3n QP","author_link":"https:\/\/quehacerpolitico.mx\/?author=2"},"category_info":"<a href=\"https:\/\/quehacerpolitico.mx\/?cat=2\" rel=\"category\">Noticias<\/a>","tag_info":"Noticias","comment_count":"0","_links":{"self":[{"href":"https:\/\/quehacerpolitico.mx\/index.php?rest_route=\/wp\/v2\/posts\/99124","targetHints":{"allow":["GET"]}}],"collection":[{"href":"https:\/\/quehacerpolitico.mx\/index.php?rest_route=\/wp\/v2\/posts"}],"about":[{"href":"https:\/\/quehacerpolitico.mx\/index.php?rest_route=\/wp\/v2\/types\/post"}],"author":[{"embeddable":true,"href":"https:\/\/quehacerpolitico.mx\/index.php?rest_route=\/wp\/v2\/users\/2"}],"replies":[{"embeddable":true,"href":"https:\/\/quehacerpolitico.mx\/index.php?rest_route=%2Fwp%2Fv2%2Fcomments&post=99124"}],"version-history":[{"count":1,"href":"https:\/\/quehacerpolitico.mx\/index.php?rest_route=\/wp\/v2\/posts\/99124\/revisions"}],"predecessor-version":[{"id":99127,"href":"https:\/\/quehacerpolitico.mx\/index.php?rest_route=\/wp\/v2\/posts\/99124\/revisions\/99127"}],"wp:featuredmedia":[{"embeddable":true,"href":"https:\/\/quehacerpolitico.mx\/index.php?rest_route=\/wp\/v2\/media\/99126"}],"wp:attachment":[{"href":"https:\/\/quehacerpolitico.mx\/index.php?rest_route=%2Fwp%2Fv2%2Fmedia&parent=99124"}],"wp:term":[{"taxonomy":"category","embeddable":true,"href":"https:\/\/quehacerpolitico.mx\/index.php?rest_route=%2Fwp%2Fv2%2Fcategories&post=99124"},{"taxonomy":"post_tag","embeddable":true,"href":"https:\/\/quehacerpolitico.mx\/index.php?rest_route=%2Fwp%2Fv2%2Ftags&post=99124"}],"curies":[{"name":"wp","href":"https:\/\/api.w.org\/{rel}","templated":true}]}}