{"id":99111,"date":"2023-03-03T16:55:39","date_gmt":"2023-03-03T16:55:39","guid":{"rendered":"https:\/\/quehacerpolitico.mx\/?p=99111"},"modified":"2023-03-03T16:55:42","modified_gmt":"2023-03-03T16:55:42","slug":"le-preguntan-a-amlo-sobre-el-plagio-de-yasmin-esquivel-y-quiere-irse-por-la-tangente","status":"publish","type":"post","link":"https:\/\/quehacerpolitico.mx\/?p=99111","title":{"rendered":"Le preguntan a AMLO sobre el plagio de Yasmin Esquivel y quiere irse por la tangente"},"content":{"rendered":"\n<p>Por Redacci\u00f3n QP<\/p>\n\n\n\n<p>El presidente L\u00f3pez Obrador acus\u00f3 que \u201cno ha pasado nada\u201d con el caso Yasm\u00edn Esquivel como no pas\u00f3 en su momento con el supuesto fraude electoral de 2006<\/p>\n\n\n\n<p>El presidente\u00a0<strong>Andr\u00e9s Manuel L\u00f3pez Obrador<\/strong>\u00a0adjudic\u00f3 a \u201cun\u00a0<strong>asunto politiquero<\/strong>\u201d las acusaciones de plagio contra la ministra\u00a0<strong>Yasm\u00edn Esquivel<\/strong>.<\/p>\n\n\n\n<p>Refiri\u00f3 que el caso surgi\u00f3 cuando la ministra anunci\u00f3 sus aspiraciones de presidir la\u00a0<strong>Suprema Corte de Justicia de la Naci\u00f3n<\/strong>\u00a0(<strong>SCJN<\/strong>).<\/p>\n\n\n\n<p>Lo de la ministra\u00a0<strong>Esquivel<\/strong>\u00a0lo han inflado, casi est\u00e1 al nivel de los de Garc\u00eda Luna\u201d, consider\u00f3.<\/p>\n\n\n\n<p><strong>L\u00f3pez Obrador<\/strong>\u00a0presumi\u00f3 que si bien esperar\u00e1 la resoluci\u00f3n de la\u00a0<strong>Universidad Nacional Aut\u00f3noma de M\u00e9xico<\/strong>\u00a0(<strong>UNAM<\/strong>) hasta el momento no ha pasado nada con el caso, como tampoco ocurri\u00f3 en su momento con el supuesto fraude electoral de 2006.<\/p>\n\n\n\n<figure class=\"wp-block-embed is-type-rich is-provider-twitter wp-block-embed-twitter\"><div class=\"wp-block-embed__wrapper\">\n<blockquote class=\"twitter-tweet\" data-width=\"550\" data-dnt=\"true\"><p lang=\"es\" dir=\"ltr\">Le preguntan sobre el plagio de Yasmin Esquivel y quiere irse por la tangente.<br><br>Le vuelven a preguntar y mete a Garc\u00eda Luna al tema.<br><br>Le vuelven a preguntar y acusa de politiquer\u00eda. <br><br>En fin, jam\u00e1s se posicion\u00f3. <a href=\"https:\/\/t.co\/DxW2j0Sb9d\">pic.twitter.com\/DxW2j0Sb9d<\/a><\/p>&mdash; Ruido en la Red (@RuidoEnLaRed) <a href=\"https:\/\/twitter.com\/RuidoEnLaRed\/status\/1631670713928040448?ref_src=twsrc%5Etfw\">March 3, 2023<\/a><\/blockquote><script async src=\"https:\/\/platform.twitter.com\/widgets.js\" charset=\"utf-8\"><\/script>\n<\/div><\/figure>\n\n\n\n<p>No pasa nada como cuando se rob\u00f3 Calder\u00f3n la Presidencia\u2026 Hubo un gran plagio porque se robaron la Presidencia de M\u00e9xico y no se quej\u00f3 nadie, nada m\u00e1s nosotros.\u201d<\/p>\n\n\n\n<p>La ministra\u00a0<strong>Yasm\u00edn Esquivel<\/strong>\u00a0es investigada por la\u00a0<strong>UNAM<\/strong>\u00a0por el\u00a0<strong>plagio<\/strong>\u00a0de su\u00a0<strong>tesis de licenciatura<\/strong>, en tanto que recientemente se dio a conocer que tambi\u00e9n pudo plagiar su\u00a0tesis de doctorado<\/p>\n","protected":false},"excerpt":{"rendered":"<p>Por Redacci\u00f3n QP El presidente L\u00f3pez Obrador acus\u00f3 que \u201cno ha pasado nada\u201d con el&#8230;<\/p>\n","protected":false},"author":2,"featured_media":99112,"comment_status":"open","ping_status":"open","sticky":false,"template":"","format":"standard","meta":{"_monsterinsights_skip_tracking":false,"_monsterinsights_sitenote_active":false,"_monsterinsights_sitenote_note":"","_monsterinsights_sitenote_category":0,"footnotes":""},"categories":[2],"tags":[],"class_list":["post-99111","post","type-post","status-publish","format-standard","has-post-thumbnail","hentry","category-noticias"],"yoast_head":"<!-- This site is optimized with the Yoast SEO plugin v27.3 - https:\/\/yoast.com\/product\/yoast-seo-wordpress\/ -->\n<title>Le preguntan a AMLO sobre el plagio de Yasmin Esquivel y quiere irse por la tangente -<\/title>\n<meta name=\"robots\" content=\"index, follow, max-snippet:-1, max-image-preview:large, max-video-preview:-1\" \/>\n<link rel=\"canonical\" href=\"https:\/\/quehacerpolitico.mx\/?p=99111\" \/>\n<meta property=\"og:locale\" content=\"es_MX\" \/>\n<meta property=\"og:type\" content=\"article\" \/>\n<meta property=\"og:title\" content=\"Le preguntan a AMLO sobre el plagio de Yasmin Esquivel y quiere irse por la tangente -\" \/>\n<meta property=\"og:description\" content=\"Por Redacci\u00f3n QP El presidente L\u00f3pez Obrador acus\u00f3 que \u201cno ha pasado nada\u201d con el...\" \/>\n<meta property=\"og:url\" content=\"https:\/\/quehacerpolitico.mx\/?p=99111\" \/>\n<meta property=\"article:published_time\" content=\"2023-03-03T16:55:39+00:00\" \/>\n<meta property=\"article:modified_time\" content=\"2023-03-03T16:55:42+00:00\" \/>\n<meta property=\"og:image\" content=\"https:\/\/quehacerpolitico.mx\/wp-content\/uploads\/2023\/03\/65F03C65-53F5-4886-86E5-3949EBC99984.jpeg\" \/>\n\t<meta property=\"og:image:width\" content=\"1284\" \/>\n\t<meta property=\"og:image:height\" content=\"696\" \/>\n\t<meta property=\"og:image:type\" content=\"image\/jpeg\" \/>\n<meta name=\"author\" content=\"Redacci\u00f3n QP\" \/>\n<meta name=\"twitter:card\" content=\"summary_large_image\" \/>\n<meta name=\"twitter:label1\" content=\"Escrito por\" \/>\n\t<meta name=\"twitter:data1\" content=\"Redacci\u00f3n QP\" \/>\n\t<meta name=\"twitter:label2\" content=\"Tiempo de lectura\" \/>\n\t<meta name=\"twitter:data2\" content=\"1 minuto\" \/>\n<script type=\"application\/ld+json\" class=\"yoast-schema-graph\">{\"@context\":\"https:\\\/\\\/schema.org\",\"@graph\":[{\"@type\":\"Article\",\"@id\":\"https:\\\/\\\/quehacerpolitico.mx\\\/?p=99111#article\",\"isPartOf\":{\"@id\":\"https:\\\/\\\/quehacerpolitico.mx\\\/?p=99111\"},\"author\":{\"name\":\"Redacci\u00f3n QP\",\"@id\":\"https:\\\/\\\/quehacerpolitico.mx\\\/#\\\/schema\\\/person\\\/496d8ad2d1d3f8036101dca7ee39e585\"},\"headline\":\"Le preguntan a AMLO sobre el plagio de Yasmin Esquivel y quiere irse por la tangente\",\"datePublished\":\"2023-03-03T16:55:39+00:00\",\"dateModified\":\"2023-03-03T16:55:42+00:00\",\"mainEntityOfPage\":{\"@id\":\"https:\\\/\\\/quehacerpolitico.mx\\\/?p=99111\"},\"wordCount\":235,\"commentCount\":0,\"image\":{\"@id\":\"https:\\\/\\\/quehacerpolitico.mx\\\/?p=99111#primaryimage\"},\"thumbnailUrl\":\"https:\\\/\\\/quehacerpolitico.mx\\\/wp-content\\\/uploads\\\/2023\\\/03\\\/65F03C65-53F5-4886-86E5-3949EBC99984.jpeg\",\"articleSection\":[\"Noticias\"],\"inLanguage\":\"es\",\"potentialAction\":[{\"@type\":\"CommentAction\",\"name\":\"Comment\",\"target\":[\"https:\\\/\\\/quehacerpolitico.mx\\\/?p=99111#respond\"]}]},{\"@type\":\"WebPage\",\"@id\":\"https:\\\/\\\/quehacerpolitico.mx\\\/?p=99111\",\"url\":\"https:\\\/\\\/quehacerpolitico.mx\\\/?p=99111\",\"name\":\"Le preguntan a AMLO sobre el plagio de Yasmin Esquivel y quiere irse por la tangente -\",\"isPartOf\":{\"@id\":\"https:\\\/\\\/quehacerpolitico.mx\\\/#website\"},\"primaryImageOfPage\":{\"@id\":\"https:\\\/\\\/quehacerpolitico.mx\\\/?p=99111#primaryimage\"},\"image\":{\"@id\":\"https:\\\/\\\/quehacerpolitico.mx\\\/?p=99111#primaryimage\"},\"thumbnailUrl\":\"https:\\\/\\\/quehacerpolitico.mx\\\/wp-content\\\/uploads\\\/2023\\\/03\\\/65F03C65-53F5-4886-86E5-3949EBC99984.jpeg\",\"datePublished\":\"2023-03-03T16:55:39+00:00\",\"dateModified\":\"2023-03-03T16:55:42+00:00\",\"author\":{\"@id\":\"https:\\\/\\\/quehacerpolitico.mx\\\/#\\\/schema\\\/person\\\/496d8ad2d1d3f8036101dca7ee39e585\"},\"breadcrumb\":{\"@id\":\"https:\\\/\\\/quehacerpolitico.mx\\\/?p=99111#breadcrumb\"},\"inLanguage\":\"es\",\"potentialAction\":[{\"@type\":\"ReadAction\",\"target\":[\"https:\\\/\\\/quehacerpolitico.mx\\\/?p=99111\"]}]},{\"@type\":\"ImageObject\",\"inLanguage\":\"es\",\"@id\":\"https:\\\/\\\/quehacerpolitico.mx\\\/?p=99111#primaryimage\",\"url\":\"https:\\\/\\\/quehacerpolitico.mx\\\/wp-content\\\/uploads\\\/2023\\\/03\\\/65F03C65-53F5-4886-86E5-3949EBC99984.jpeg\",\"contentUrl\":\"https:\\\/\\\/quehacerpolitico.mx\\\/wp-content\\\/uploads\\\/2023\\\/03\\\/65F03C65-53F5-4886-86E5-3949EBC99984.jpeg\",\"width\":1284,\"height\":696},{\"@type\":\"BreadcrumbList\",\"@id\":\"https:\\\/\\\/quehacerpolitico.mx\\\/?p=99111#breadcrumb\",\"itemListElement\":[{\"@type\":\"ListItem\",\"position\":1,\"name\":\"Inicio\",\"item\":\"https:\\\/\\\/quehacerpolitico.mx\\\/\"},{\"@type\":\"ListItem\",\"position\":2,\"name\":\"Le preguntan a AMLO sobre el plagio de Yasmin Esquivel y quiere irse por la tangente\"}]},{\"@type\":\"WebSite\",\"@id\":\"https:\\\/\\\/quehacerpolitico.mx\\\/#website\",\"url\":\"https:\\\/\\\/quehacerpolitico.mx\\\/\",\"name\":\"\",\"description\":\"\",\"potentialAction\":[{\"@type\":\"SearchAction\",\"target\":{\"@type\":\"EntryPoint\",\"urlTemplate\":\"https:\\\/\\\/quehacerpolitico.mx\\\/?s={search_term_string}\"},\"query-input\":{\"@type\":\"PropertyValueSpecification\",\"valueRequired\":true,\"valueName\":\"search_term_string\"}}],\"inLanguage\":\"es\"},{\"@type\":\"Person\",\"@id\":\"https:\\\/\\\/quehacerpolitico.mx\\\/#\\\/schema\\\/person\\\/496d8ad2d1d3f8036101dca7ee39e585\",\"name\":\"Redacci\u00f3n QP\",\"image\":{\"@type\":\"ImageObject\",\"inLanguage\":\"es\",\"@id\":\"https:\\\/\\\/secure.gravatar.com\\\/avatar\\\/c7164ed6fdec453195284ad24a5ae5b6e1eed2b848477fa2a4787ba9adf39a41?s=96&d=mm&r=g\",\"url\":\"https:\\\/\\\/secure.gravatar.com\\\/avatar\\\/c7164ed6fdec453195284ad24a5ae5b6e1eed2b848477fa2a4787ba9adf39a41?s=96&d=mm&r=g\",\"contentUrl\":\"https:\\\/\\\/secure.gravatar.com\\\/avatar\\\/c7164ed6fdec453195284ad24a5ae5b6e1eed2b848477fa2a4787ba9adf39a41?s=96&d=mm&r=g\",\"caption\":\"Redacci\u00f3n QP\"},\"url\":\"https:\\\/\\\/quehacerpolitico.mx\\\/?author=2\"}]}<\/script>\n<!-- \/ Yoast SEO plugin. -->","yoast_head_json":{"title":"Le preguntan a AMLO sobre el plagio de Yasmin Esquivel y quiere irse por la tangente -","robots":{"index":"index","follow":"follow","max-snippet":"max-snippet:-1","max-image-preview":"max-image-preview:large","max-video-preview":"max-video-preview:-1"},"canonical":"https:\/\/quehacerpolitico.mx\/?p=99111","og_locale":"es_MX","og_type":"article","og_title":"Le preguntan a AMLO sobre el plagio de Yasmin Esquivel y quiere irse por la tangente -","og_description":"Por Redacci\u00f3n QP El presidente L\u00f3pez Obrador acus\u00f3 que \u201cno ha pasado nada\u201d con el...","og_url":"https:\/\/quehacerpolitico.mx\/?p=99111","article_published_time":"2023-03-03T16:55:39+00:00","article_modified_time":"2023-03-03T16:55:42+00:00","og_image":[{"width":1284,"height":696,"url":"https:\/\/quehacerpolitico.mx\/wp-content\/uploads\/2023\/03\/65F03C65-53F5-4886-86E5-3949EBC99984.jpeg","type":"image\/jpeg"}],"author":"Redacci\u00f3n QP","twitter_card":"summary_large_image","twitter_misc":{"Escrito por":"Redacci\u00f3n QP","Tiempo de lectura":"1 minuto"},"schema":{"@context":"https:\/\/schema.org","@graph":[{"@type":"Article","@id":"https:\/\/quehacerpolitico.mx\/?p=99111#article","isPartOf":{"@id":"https:\/\/quehacerpolitico.mx\/?p=99111"},"author":{"name":"Redacci\u00f3n QP","@id":"https:\/\/quehacerpolitico.mx\/#\/schema\/person\/496d8ad2d1d3f8036101dca7ee39e585"},"headline":"Le preguntan a AMLO sobre el plagio de Yasmin Esquivel y quiere irse por la tangente","datePublished":"2023-03-03T16:55:39+00:00","dateModified":"2023-03-03T16:55:42+00:00","mainEntityOfPage":{"@id":"https:\/\/quehacerpolitico.mx\/?p=99111"},"wordCount":235,"commentCount":0,"image":{"@id":"https:\/\/quehacerpolitico.mx\/?p=99111#primaryimage"},"thumbnailUrl":"https:\/\/quehacerpolitico.mx\/wp-content\/uploads\/2023\/03\/65F03C65-53F5-4886-86E5-3949EBC99984.jpeg","articleSection":["Noticias"],"inLanguage":"es","potentialAction":[{"@type":"CommentAction","name":"Comment","target":["https:\/\/quehacerpolitico.mx\/?p=99111#respond"]}]},{"@type":"WebPage","@id":"https:\/\/quehacerpolitico.mx\/?p=99111","url":"https:\/\/quehacerpolitico.mx\/?p=99111","name":"Le preguntan a AMLO sobre el plagio de Yasmin Esquivel y quiere irse por la tangente -","isPartOf":{"@id":"https:\/\/quehacerpolitico.mx\/#website"},"primaryImageOfPage":{"@id":"https:\/\/quehacerpolitico.mx\/?p=99111#primaryimage"},"image":{"@id":"https:\/\/quehacerpolitico.mx\/?p=99111#primaryimage"},"thumbnailUrl":"https:\/\/quehacerpolitico.mx\/wp-content\/uploads\/2023\/03\/65F03C65-53F5-4886-86E5-3949EBC99984.jpeg","datePublished":"2023-03-03T16:55:39+00:00","dateModified":"2023-03-03T16:55:42+00:00","author":{"@id":"https:\/\/quehacerpolitico.mx\/#\/schema\/person\/496d8ad2d1d3f8036101dca7ee39e585"},"breadcrumb":{"@id":"https:\/\/quehacerpolitico.mx\/?p=99111#breadcrumb"},"inLanguage":"es","potentialAction":[{"@type":"ReadAction","target":["https:\/\/quehacerpolitico.mx\/?p=99111"]}]},{"@type":"ImageObject","inLanguage":"es","@id":"https:\/\/quehacerpolitico.mx\/?p=99111#primaryimage","url":"https:\/\/quehacerpolitico.mx\/wp-content\/uploads\/2023\/03\/65F03C65-53F5-4886-86E5-3949EBC99984.jpeg","contentUrl":"https:\/\/quehacerpolitico.mx\/wp-content\/uploads\/2023\/03\/65F03C65-53F5-4886-86E5-3949EBC99984.jpeg","width":1284,"height":696},{"@type":"BreadcrumbList","@id":"https:\/\/quehacerpolitico.mx\/?p=99111#breadcrumb","itemListElement":[{"@type":"ListItem","position":1,"name":"Inicio","item":"https:\/\/quehacerpolitico.mx\/"},{"@type":"ListItem","position":2,"name":"Le preguntan a AMLO sobre el plagio de Yasmin Esquivel y quiere irse por la tangente"}]},{"@type":"WebSite","@id":"https:\/\/quehacerpolitico.mx\/#website","url":"https:\/\/quehacerpolitico.mx\/","name":"","description":"","potentialAction":[{"@type":"SearchAction","target":{"@type":"EntryPoint","urlTemplate":"https:\/\/quehacerpolitico.mx\/?s={search_term_string}"},"query-input":{"@type":"PropertyValueSpecification","valueRequired":true,"valueName":"search_term_string"}}],"inLanguage":"es"},{"@type":"Person","@id":"https:\/\/quehacerpolitico.mx\/#\/schema\/person\/496d8ad2d1d3f8036101dca7ee39e585","name":"Redacci\u00f3n QP","image":{"@type":"ImageObject","inLanguage":"es","@id":"https:\/\/secure.gravatar.com\/avatar\/c7164ed6fdec453195284ad24a5ae5b6e1eed2b848477fa2a4787ba9adf39a41?s=96&d=mm&r=g","url":"https:\/\/secure.gravatar.com\/avatar\/c7164ed6fdec453195284ad24a5ae5b6e1eed2b848477fa2a4787ba9adf39a41?s=96&d=mm&r=g","contentUrl":"https:\/\/secure.gravatar.com\/avatar\/c7164ed6fdec453195284ad24a5ae5b6e1eed2b848477fa2a4787ba9adf39a41?s=96&d=mm&r=g","caption":"Redacci\u00f3n QP"},"url":"https:\/\/quehacerpolitico.mx\/?author=2"}]}},"featured_image_urls":{"full":["https:\/\/quehacerpolitico.mx\/wp-content\/uploads\/2023\/03\/65F03C65-53F5-4886-86E5-3949EBC99984.jpeg",1284,696,false],"thumbnail":["https:\/\/quehacerpolitico.mx\/wp-content\/uploads\/2023\/03\/65F03C65-53F5-4886-86E5-3949EBC99984-150x150.jpeg",150,150,true],"medium":["https:\/\/quehacerpolitico.mx\/wp-content\/uploads\/2023\/03\/65F03C65-53F5-4886-86E5-3949EBC99984-300x163.jpeg",300,163,true],"medium_large":["https:\/\/quehacerpolitico.mx\/wp-content\/uploads\/2023\/03\/65F03C65-53F5-4886-86E5-3949EBC99984-768x416.jpeg",640,347,true],"large":["https:\/\/quehacerpolitico.mx\/wp-content\/uploads\/2023\/03\/65F03C65-53F5-4886-86E5-3949EBC99984-1024x555.jpeg",640,347,true],"1536x1536":["https:\/\/quehacerpolitico.mx\/wp-content\/uploads\/2023\/03\/65F03C65-53F5-4886-86E5-3949EBC99984.jpeg",1284,696,false],"2048x2048":["https:\/\/quehacerpolitico.mx\/wp-content\/uploads\/2023\/03\/65F03C65-53F5-4886-86E5-3949EBC99984.jpeg",1284,696,false],"covernews-featured":["https:\/\/quehacerpolitico.mx\/wp-content\/uploads\/2023\/03\/65F03C65-53F5-4886-86E5-3949EBC99984.jpeg",1024,555,false],"covernews-medium":["https:\/\/quehacerpolitico.mx\/wp-content\/uploads\/2023\/03\/65F03C65-53F5-4886-86E5-3949EBC99984.jpeg",540,293,false]},"author_info":{"display_name":"Redacci\u00f3n QP","author_link":"https:\/\/quehacerpolitico.mx\/?author=2"},"category_info":"<a href=\"https:\/\/quehacerpolitico.mx\/?cat=2\" rel=\"category\">Noticias<\/a>","tag_info":"Noticias","comment_count":"0","_links":{"self":[{"href":"https:\/\/quehacerpolitico.mx\/index.php?rest_route=\/wp\/v2\/posts\/99111","targetHints":{"allow":["GET"]}}],"collection":[{"href":"https:\/\/quehacerpolitico.mx\/index.php?rest_route=\/wp\/v2\/posts"}],"about":[{"href":"https:\/\/quehacerpolitico.mx\/index.php?rest_route=\/wp\/v2\/types\/post"}],"author":[{"embeddable":true,"href":"https:\/\/quehacerpolitico.mx\/index.php?rest_route=\/wp\/v2\/users\/2"}],"replies":[{"embeddable":true,"href":"https:\/\/quehacerpolitico.mx\/index.php?rest_route=%2Fwp%2Fv2%2Fcomments&post=99111"}],"version-history":[{"count":1,"href":"https:\/\/quehacerpolitico.mx\/index.php?rest_route=\/wp\/v2\/posts\/99111\/revisions"}],"predecessor-version":[{"id":99113,"href":"https:\/\/quehacerpolitico.mx\/index.php?rest_route=\/wp\/v2\/posts\/99111\/revisions\/99113"}],"wp:featuredmedia":[{"embeddable":true,"href":"https:\/\/quehacerpolitico.mx\/index.php?rest_route=\/wp\/v2\/media\/99112"}],"wp:attachment":[{"href":"https:\/\/quehacerpolitico.mx\/index.php?rest_route=%2Fwp%2Fv2%2Fmedia&parent=99111"}],"wp:term":[{"taxonomy":"category","embeddable":true,"href":"https:\/\/quehacerpolitico.mx\/index.php?rest_route=%2Fwp%2Fv2%2Fcategories&post=99111"},{"taxonomy":"post_tag","embeddable":true,"href":"https:\/\/quehacerpolitico.mx\/index.php?rest_route=%2Fwp%2Fv2%2Ftags&post=99111"}],"curies":[{"name":"wp","href":"https:\/\/api.w.org\/{rel}","templated":true}]}}