{"id":99069,"date":"2023-03-02T16:27:40","date_gmt":"2023-03-02T16:27:40","guid":{"rendered":"https:\/\/quehacerpolitico.mx\/?p=99069"},"modified":"2023-03-02T16:27:44","modified_gmt":"2023-03-02T16:27:44","slug":"internacionales-carolina-alonso-romei-putin-califica-de-atentado-terrorista-incursion-ucraniana-en-briansk","status":"publish","type":"post","link":"https:\/\/quehacerpolitico.mx\/?p=99069","title":{"rendered":"Internacionales\/\/\/Carolina Alonso Romei\/\/\/Putin califica de &#8220;atentado terrorista&#8221; incursi\u00f3n ucraniana en Briansk"},"content":{"rendered":"\n<p>Por Carolina Alonso Romei<\/p>\n\n\n\n<p>Internacionalista <\/p>\n\n\n\n<p>En los enfrentamientos hay al menos un muerto y un herido; los ucranianos habr\u00edan tomado como rehenes a varias personas<\/p>\n\n\n\n<p>El presidente ruso, Vlad\u00edmir Putin,\u00a0<strong>calific\u00f3 hoy de &#8220;atentado terrorista&#8221; la incursi\u00f3n de &#8220;saboteadores ucranianos&#8221; en Briansk<\/strong>, junto a la frontera con Ucrania, que habr\u00eda causado la muerte de al menos un civil, seg\u00fan fuentes oficiales.<\/p>\n\n\n\n<p>&#8220;Hoy llevaron a cabo un nuevo atentado terrorista, un nuevo crimen&#8221;<\/p>\n\n\n\n<p>&#8220;Hoy llevaron a cabo un nuevo atentado terrorista, un nuevo crimen&#8221;, afirm\u00f3 durante una intervenci\u00f3n telem\u00e1tica en una conferencia con educadores y tutores rusos.<\/p>\n\n\n\n<p>El mandatario indic\u00f3 que<strong>\u00a0los &#8220;saboteadores ucranianos irrumpieron en los territorios fronterizos y abrieron fuego contra civiles.<\/strong>\u00a0Vieron que era un veh\u00edculo civil, en el que viajaban civiles, y abrieron fuego&#8221;.<\/p>\n\n\n\n<p>&#8220;Justamente personas como estas son las que tienen como objetivo<strong>&nbsp;privarnos de nuestra memoria hist\u00f3rica, de nuestra historia, de nuestras tradiciones y nuestra lengua&#8221;<\/strong>, alert\u00f3.<\/p>\n\n\n\n<p>Las fuerzas del orden rusas informaron este jueves de combates con un grupo de &#8220;saboteadores ucranianos&#8221; en la regi\u00f3n de Briansk, en la frontera con Ucrania.<\/p>\n\n\n\n<p>En los enfrentamientos&nbsp;<strong>hay al menos un muerto y un herido entre la poblaci\u00f3n civil.&nbsp;<\/strong>Adem\u00e1s, de acuerdo con las fuentes citadas por la agencia, los ucranianos habr\u00edan&nbsp;<strong>tomado como rehenes a varias personas.<\/strong><\/p>\n\n\n\n<p>El FSB confirm\u00f3 por su parte que se llevaban a cabo &#8220;acciones para eliminar a nacionalistas ucranianos armados&#8221; que se adentraron en la regi\u00f3n de Briansk.<\/p>\n\n\n\n<p>En las redes sociales aparecieron videos del denominado Cuerpo de Voluntarios Rusos, un grupo de combatientes anti-Kremlin que apoya al Ej\u00e9rcito ucraniano, que se atribu\u00eda la responsabilidad de ese ataque.<\/p>\n\n\n\n<p>Con informaci\u00f3n de EFE<\/p>\n","protected":false},"excerpt":{"rendered":"<p>Por Carolina Alonso Romei Internacionalista En los enfrentamientos hay al menos un muerto y un&#8230;<\/p>\n","protected":false},"author":2,"featured_media":99070,"comment_status":"open","ping_status":"open","sticky":false,"template":"","format":"standard","meta":{"_monsterinsights_skip_tracking":false,"_monsterinsights_sitenote_active":false,"_monsterinsights_sitenote_note":"","_monsterinsights_sitenote_category":0,"footnotes":""},"categories":[1],"tags":[],"class_list":["post-99069","post","type-post","status-publish","format-standard","has-post-thumbnail","hentry","category-sin-categoria"],"yoast_head":"<!-- This site is optimized with the Yoast SEO plugin v27.3 - https:\/\/yoast.com\/product\/yoast-seo-wordpress\/ -->\n<title>Internacionales\/\/\/Carolina Alonso Romei\/\/\/Putin califica de &quot;atentado terrorista&quot; incursi\u00f3n ucraniana en Briansk -<\/title>\n<meta name=\"robots\" content=\"index, follow, max-snippet:-1, max-image-preview:large, max-video-preview:-1\" \/>\n<link rel=\"canonical\" href=\"https:\/\/quehacerpolitico.mx\/?p=99069\" \/>\n<meta property=\"og:locale\" content=\"es_MX\" \/>\n<meta property=\"og:type\" content=\"article\" \/>\n<meta property=\"og:title\" content=\"Internacionales\/\/\/Carolina Alonso Romei\/\/\/Putin califica de &quot;atentado terrorista&quot; incursi\u00f3n ucraniana en Briansk -\" \/>\n<meta property=\"og:description\" content=\"Por Carolina Alonso Romei Internacionalista En los enfrentamientos hay al menos un muerto y un...\" \/>\n<meta property=\"og:url\" content=\"https:\/\/quehacerpolitico.mx\/?p=99069\" \/>\n<meta property=\"article:published_time\" content=\"2023-03-02T16:27:40+00:00\" \/>\n<meta property=\"article:modified_time\" content=\"2023-03-02T16:27:44+00:00\" \/>\n<meta property=\"og:image\" content=\"https:\/\/quehacerpolitico.mx\/wp-content\/uploads\/2023\/03\/CFA98572-60F6-4411-9356-4618AD703A62.jpeg\" \/>\n\t<meta property=\"og:image:width\" content=\"705\" \/>\n\t<meta property=\"og:image:height\" content=\"435\" \/>\n\t<meta property=\"og:image:type\" content=\"image\/jpeg\" \/>\n<meta name=\"author\" content=\"Redacci\u00f3n QP\" \/>\n<meta name=\"twitter:card\" content=\"summary_large_image\" \/>\n<meta name=\"twitter:label1\" content=\"Escrito por\" \/>\n\t<meta name=\"twitter:data1\" content=\"Redacci\u00f3n QP\" \/>\n\t<meta name=\"twitter:label2\" content=\"Tiempo de lectura\" \/>\n\t<meta name=\"twitter:data2\" content=\"1 minuto\" \/>\n<script type=\"application\/ld+json\" class=\"yoast-schema-graph\">{\"@context\":\"https:\\\/\\\/schema.org\",\"@graph\":[{\"@type\":\"Article\",\"@id\":\"https:\\\/\\\/quehacerpolitico.mx\\\/?p=99069#article\",\"isPartOf\":{\"@id\":\"https:\\\/\\\/quehacerpolitico.mx\\\/?p=99069\"},\"author\":{\"name\":\"Redacci\u00f3n QP\",\"@id\":\"https:\\\/\\\/quehacerpolitico.mx\\\/#\\\/schema\\\/person\\\/496d8ad2d1d3f8036101dca7ee39e585\"},\"headline\":\"Internacionales\\\/\\\/\\\/Carolina Alonso Romei\\\/\\\/\\\/Putin califica de &#8220;atentado terrorista&#8221; incursi\u00f3n ucraniana en Briansk\",\"datePublished\":\"2023-03-02T16:27:40+00:00\",\"dateModified\":\"2023-03-02T16:27:44+00:00\",\"mainEntityOfPage\":{\"@id\":\"https:\\\/\\\/quehacerpolitico.mx\\\/?p=99069\"},\"wordCount\":307,\"commentCount\":0,\"image\":{\"@id\":\"https:\\\/\\\/quehacerpolitico.mx\\\/?p=99069#primaryimage\"},\"thumbnailUrl\":\"https:\\\/\\\/quehacerpolitico.mx\\\/wp-content\\\/uploads\\\/2023\\\/03\\\/CFA98572-60F6-4411-9356-4618AD703A62.jpeg\",\"articleSection\":[\"Internacionales\"],\"inLanguage\":\"es\",\"potentialAction\":[{\"@type\":\"CommentAction\",\"name\":\"Comment\",\"target\":[\"https:\\\/\\\/quehacerpolitico.mx\\\/?p=99069#respond\"]}]},{\"@type\":\"WebPage\",\"@id\":\"https:\\\/\\\/quehacerpolitico.mx\\\/?p=99069\",\"url\":\"https:\\\/\\\/quehacerpolitico.mx\\\/?p=99069\",\"name\":\"Internacionales\\\/\\\/\\\/Carolina Alonso Romei\\\/\\\/\\\/Putin califica de \\\"atentado terrorista\\\" incursi\u00f3n ucraniana en Briansk -\",\"isPartOf\":{\"@id\":\"https:\\\/\\\/quehacerpolitico.mx\\\/#website\"},\"primaryImageOfPage\":{\"@id\":\"https:\\\/\\\/quehacerpolitico.mx\\\/?p=99069#primaryimage\"},\"image\":{\"@id\":\"https:\\\/\\\/quehacerpolitico.mx\\\/?p=99069#primaryimage\"},\"thumbnailUrl\":\"https:\\\/\\\/quehacerpolitico.mx\\\/wp-content\\\/uploads\\\/2023\\\/03\\\/CFA98572-60F6-4411-9356-4618AD703A62.jpeg\",\"datePublished\":\"2023-03-02T16:27:40+00:00\",\"dateModified\":\"2023-03-02T16:27:44+00:00\",\"author\":{\"@id\":\"https:\\\/\\\/quehacerpolitico.mx\\\/#\\\/schema\\\/person\\\/496d8ad2d1d3f8036101dca7ee39e585\"},\"breadcrumb\":{\"@id\":\"https:\\\/\\\/quehacerpolitico.mx\\\/?p=99069#breadcrumb\"},\"inLanguage\":\"es\",\"potentialAction\":[{\"@type\":\"ReadAction\",\"target\":[\"https:\\\/\\\/quehacerpolitico.mx\\\/?p=99069\"]}]},{\"@type\":\"ImageObject\",\"inLanguage\":\"es\",\"@id\":\"https:\\\/\\\/quehacerpolitico.mx\\\/?p=99069#primaryimage\",\"url\":\"https:\\\/\\\/quehacerpolitico.mx\\\/wp-content\\\/uploads\\\/2023\\\/03\\\/CFA98572-60F6-4411-9356-4618AD703A62.jpeg\",\"contentUrl\":\"https:\\\/\\\/quehacerpolitico.mx\\\/wp-content\\\/uploads\\\/2023\\\/03\\\/CFA98572-60F6-4411-9356-4618AD703A62.jpeg\",\"width\":705,\"height\":435},{\"@type\":\"BreadcrumbList\",\"@id\":\"https:\\\/\\\/quehacerpolitico.mx\\\/?p=99069#breadcrumb\",\"itemListElement\":[{\"@type\":\"ListItem\",\"position\":1,\"name\":\"Inicio\",\"item\":\"https:\\\/\\\/quehacerpolitico.mx\\\/\"},{\"@type\":\"ListItem\",\"position\":2,\"name\":\"Internacionales\\\/\\\/\\\/Carolina Alonso Romei\\\/\\\/\\\/Putin califica de &#8220;atentado terrorista&#8221; incursi\u00f3n ucraniana en Briansk\"}]},{\"@type\":\"WebSite\",\"@id\":\"https:\\\/\\\/quehacerpolitico.mx\\\/#website\",\"url\":\"https:\\\/\\\/quehacerpolitico.mx\\\/\",\"name\":\"\",\"description\":\"\",\"potentialAction\":[{\"@type\":\"SearchAction\",\"target\":{\"@type\":\"EntryPoint\",\"urlTemplate\":\"https:\\\/\\\/quehacerpolitico.mx\\\/?s={search_term_string}\"},\"query-input\":{\"@type\":\"PropertyValueSpecification\",\"valueRequired\":true,\"valueName\":\"search_term_string\"}}],\"inLanguage\":\"es\"},{\"@type\":\"Person\",\"@id\":\"https:\\\/\\\/quehacerpolitico.mx\\\/#\\\/schema\\\/person\\\/496d8ad2d1d3f8036101dca7ee39e585\",\"name\":\"Redacci\u00f3n QP\",\"image\":{\"@type\":\"ImageObject\",\"inLanguage\":\"es\",\"@id\":\"https:\\\/\\\/secure.gravatar.com\\\/avatar\\\/c7164ed6fdec453195284ad24a5ae5b6e1eed2b848477fa2a4787ba9adf39a41?s=96&d=mm&r=g\",\"url\":\"https:\\\/\\\/secure.gravatar.com\\\/avatar\\\/c7164ed6fdec453195284ad24a5ae5b6e1eed2b848477fa2a4787ba9adf39a41?s=96&d=mm&r=g\",\"contentUrl\":\"https:\\\/\\\/secure.gravatar.com\\\/avatar\\\/c7164ed6fdec453195284ad24a5ae5b6e1eed2b848477fa2a4787ba9adf39a41?s=96&d=mm&r=g\",\"caption\":\"Redacci\u00f3n QP\"},\"url\":\"https:\\\/\\\/quehacerpolitico.mx\\\/?author=2\"}]}<\/script>\n<!-- \/ Yoast SEO plugin. -->","yoast_head_json":{"title":"Internacionales\/\/\/Carolina Alonso Romei\/\/\/Putin califica de \"atentado terrorista\" incursi\u00f3n ucraniana en Briansk -","robots":{"index":"index","follow":"follow","max-snippet":"max-snippet:-1","max-image-preview":"max-image-preview:large","max-video-preview":"max-video-preview:-1"},"canonical":"https:\/\/quehacerpolitico.mx\/?p=99069","og_locale":"es_MX","og_type":"article","og_title":"Internacionales\/\/\/Carolina Alonso Romei\/\/\/Putin califica de \"atentado terrorista\" incursi\u00f3n ucraniana en Briansk -","og_description":"Por Carolina Alonso Romei Internacionalista En los enfrentamientos hay al menos un muerto y un...","og_url":"https:\/\/quehacerpolitico.mx\/?p=99069","article_published_time":"2023-03-02T16:27:40+00:00","article_modified_time":"2023-03-02T16:27:44+00:00","og_image":[{"width":705,"height":435,"url":"https:\/\/quehacerpolitico.mx\/wp-content\/uploads\/2023\/03\/CFA98572-60F6-4411-9356-4618AD703A62.jpeg","type":"image\/jpeg"}],"author":"Redacci\u00f3n QP","twitter_card":"summary_large_image","twitter_misc":{"Escrito por":"Redacci\u00f3n QP","Tiempo de lectura":"1 minuto"},"schema":{"@context":"https:\/\/schema.org","@graph":[{"@type":"Article","@id":"https:\/\/quehacerpolitico.mx\/?p=99069#article","isPartOf":{"@id":"https:\/\/quehacerpolitico.mx\/?p=99069"},"author":{"name":"Redacci\u00f3n QP","@id":"https:\/\/quehacerpolitico.mx\/#\/schema\/person\/496d8ad2d1d3f8036101dca7ee39e585"},"headline":"Internacionales\/\/\/Carolina Alonso Romei\/\/\/Putin califica de &#8220;atentado terrorista&#8221; incursi\u00f3n ucraniana en Briansk","datePublished":"2023-03-02T16:27:40+00:00","dateModified":"2023-03-02T16:27:44+00:00","mainEntityOfPage":{"@id":"https:\/\/quehacerpolitico.mx\/?p=99069"},"wordCount":307,"commentCount":0,"image":{"@id":"https:\/\/quehacerpolitico.mx\/?p=99069#primaryimage"},"thumbnailUrl":"https:\/\/quehacerpolitico.mx\/wp-content\/uploads\/2023\/03\/CFA98572-60F6-4411-9356-4618AD703A62.jpeg","articleSection":["Internacionales"],"inLanguage":"es","potentialAction":[{"@type":"CommentAction","name":"Comment","target":["https:\/\/quehacerpolitico.mx\/?p=99069#respond"]}]},{"@type":"WebPage","@id":"https:\/\/quehacerpolitico.mx\/?p=99069","url":"https:\/\/quehacerpolitico.mx\/?p=99069","name":"Internacionales\/\/\/Carolina Alonso Romei\/\/\/Putin califica de \"atentado terrorista\" incursi\u00f3n ucraniana en Briansk -","isPartOf":{"@id":"https:\/\/quehacerpolitico.mx\/#website"},"primaryImageOfPage":{"@id":"https:\/\/quehacerpolitico.mx\/?p=99069#primaryimage"},"image":{"@id":"https:\/\/quehacerpolitico.mx\/?p=99069#primaryimage"},"thumbnailUrl":"https:\/\/quehacerpolitico.mx\/wp-content\/uploads\/2023\/03\/CFA98572-60F6-4411-9356-4618AD703A62.jpeg","datePublished":"2023-03-02T16:27:40+00:00","dateModified":"2023-03-02T16:27:44+00:00","author":{"@id":"https:\/\/quehacerpolitico.mx\/#\/schema\/person\/496d8ad2d1d3f8036101dca7ee39e585"},"breadcrumb":{"@id":"https:\/\/quehacerpolitico.mx\/?p=99069#breadcrumb"},"inLanguage":"es","potentialAction":[{"@type":"ReadAction","target":["https:\/\/quehacerpolitico.mx\/?p=99069"]}]},{"@type":"ImageObject","inLanguage":"es","@id":"https:\/\/quehacerpolitico.mx\/?p=99069#primaryimage","url":"https:\/\/quehacerpolitico.mx\/wp-content\/uploads\/2023\/03\/CFA98572-60F6-4411-9356-4618AD703A62.jpeg","contentUrl":"https:\/\/quehacerpolitico.mx\/wp-content\/uploads\/2023\/03\/CFA98572-60F6-4411-9356-4618AD703A62.jpeg","width":705,"height":435},{"@type":"BreadcrumbList","@id":"https:\/\/quehacerpolitico.mx\/?p=99069#breadcrumb","itemListElement":[{"@type":"ListItem","position":1,"name":"Inicio","item":"https:\/\/quehacerpolitico.mx\/"},{"@type":"ListItem","position":2,"name":"Internacionales\/\/\/Carolina Alonso Romei\/\/\/Putin califica de &#8220;atentado terrorista&#8221; incursi\u00f3n ucraniana en Briansk"}]},{"@type":"WebSite","@id":"https:\/\/quehacerpolitico.mx\/#website","url":"https:\/\/quehacerpolitico.mx\/","name":"","description":"","potentialAction":[{"@type":"SearchAction","target":{"@type":"EntryPoint","urlTemplate":"https:\/\/quehacerpolitico.mx\/?s={search_term_string}"},"query-input":{"@type":"PropertyValueSpecification","valueRequired":true,"valueName":"search_term_string"}}],"inLanguage":"es"},{"@type":"Person","@id":"https:\/\/quehacerpolitico.mx\/#\/schema\/person\/496d8ad2d1d3f8036101dca7ee39e585","name":"Redacci\u00f3n QP","image":{"@type":"ImageObject","inLanguage":"es","@id":"https:\/\/secure.gravatar.com\/avatar\/c7164ed6fdec453195284ad24a5ae5b6e1eed2b848477fa2a4787ba9adf39a41?s=96&d=mm&r=g","url":"https:\/\/secure.gravatar.com\/avatar\/c7164ed6fdec453195284ad24a5ae5b6e1eed2b848477fa2a4787ba9adf39a41?s=96&d=mm&r=g","contentUrl":"https:\/\/secure.gravatar.com\/avatar\/c7164ed6fdec453195284ad24a5ae5b6e1eed2b848477fa2a4787ba9adf39a41?s=96&d=mm&r=g","caption":"Redacci\u00f3n QP"},"url":"https:\/\/quehacerpolitico.mx\/?author=2"}]}},"featured_image_urls":{"full":["https:\/\/quehacerpolitico.mx\/wp-content\/uploads\/2023\/03\/CFA98572-60F6-4411-9356-4618AD703A62.jpeg",705,435,false],"thumbnail":["https:\/\/quehacerpolitico.mx\/wp-content\/uploads\/2023\/03\/CFA98572-60F6-4411-9356-4618AD703A62-150x150.jpeg",150,150,true],"medium":["https:\/\/quehacerpolitico.mx\/wp-content\/uploads\/2023\/03\/CFA98572-60F6-4411-9356-4618AD703A62-300x185.jpeg",300,185,true],"medium_large":["https:\/\/quehacerpolitico.mx\/wp-content\/uploads\/2023\/03\/CFA98572-60F6-4411-9356-4618AD703A62.jpeg",640,395,false],"large":["https:\/\/quehacerpolitico.mx\/wp-content\/uploads\/2023\/03\/CFA98572-60F6-4411-9356-4618AD703A62.jpeg",640,395,false],"1536x1536":["https:\/\/quehacerpolitico.mx\/wp-content\/uploads\/2023\/03\/CFA98572-60F6-4411-9356-4618AD703A62.jpeg",705,435,false],"2048x2048":["https:\/\/quehacerpolitico.mx\/wp-content\/uploads\/2023\/03\/CFA98572-60F6-4411-9356-4618AD703A62.jpeg",705,435,false],"covernews-featured":["https:\/\/quehacerpolitico.mx\/wp-content\/uploads\/2023\/03\/CFA98572-60F6-4411-9356-4618AD703A62.jpeg",705,435,false],"covernews-medium":["https:\/\/quehacerpolitico.mx\/wp-content\/uploads\/2023\/03\/CFA98572-60F6-4411-9356-4618AD703A62.jpeg",540,333,false]},"author_info":{"display_name":"Redacci\u00f3n QP","author_link":"https:\/\/quehacerpolitico.mx\/?author=2"},"category_info":"<a href=\"https:\/\/quehacerpolitico.mx\/?cat=1\" rel=\"category\">Internacionales<\/a>","tag_info":"Internacionales","comment_count":"0","_links":{"self":[{"href":"https:\/\/quehacerpolitico.mx\/index.php?rest_route=\/wp\/v2\/posts\/99069","targetHints":{"allow":["GET"]}}],"collection":[{"href":"https:\/\/quehacerpolitico.mx\/index.php?rest_route=\/wp\/v2\/posts"}],"about":[{"href":"https:\/\/quehacerpolitico.mx\/index.php?rest_route=\/wp\/v2\/types\/post"}],"author":[{"embeddable":true,"href":"https:\/\/quehacerpolitico.mx\/index.php?rest_route=\/wp\/v2\/users\/2"}],"replies":[{"embeddable":true,"href":"https:\/\/quehacerpolitico.mx\/index.php?rest_route=%2Fwp%2Fv2%2Fcomments&post=99069"}],"version-history":[{"count":1,"href":"https:\/\/quehacerpolitico.mx\/index.php?rest_route=\/wp\/v2\/posts\/99069\/revisions"}],"predecessor-version":[{"id":99071,"href":"https:\/\/quehacerpolitico.mx\/index.php?rest_route=\/wp\/v2\/posts\/99069\/revisions\/99071"}],"wp:featuredmedia":[{"embeddable":true,"href":"https:\/\/quehacerpolitico.mx\/index.php?rest_route=\/wp\/v2\/media\/99070"}],"wp:attachment":[{"href":"https:\/\/quehacerpolitico.mx\/index.php?rest_route=%2Fwp%2Fv2%2Fmedia&parent=99069"}],"wp:term":[{"taxonomy":"category","embeddable":true,"href":"https:\/\/quehacerpolitico.mx\/index.php?rest_route=%2Fwp%2Fv2%2Fcategories&post=99069"},{"taxonomy":"post_tag","embeddable":true,"href":"https:\/\/quehacerpolitico.mx\/index.php?rest_route=%2Fwp%2Fv2%2Ftags&post=99069"}],"curies":[{"name":"wp","href":"https:\/\/api.w.org\/{rel}","templated":true}]}}