{"id":99066,"date":"2023-03-02T16:06:25","date_gmt":"2023-03-02T16:06:25","guid":{"rendered":"https:\/\/quehacerpolitico.mx\/?p=99066"},"modified":"2023-03-02T16:06:27","modified_gmt":"2023-03-02T16:06:27","slug":"amlo-se-va-en-contra-de-los-consejeros-del-ine-porque-dice-que-quieren-puestos-vitalicios-y-que-por-eso-estan-en-contra-del-plan-b","status":"publish","type":"post","link":"https:\/\/quehacerpolitico.mx\/?p=99066","title":{"rendered":"AMLO se va en contra de los consejeros del INE porque dice que quieren puestos vitalicios y que por eso est\u00e1n en contra del Plan B"},"content":{"rendered":"\n<p>Por Redacci\u00f3n QP<\/p>\n\n\n\n<p>L\u00f3pez Obrador dijo que el \u201cPlan B\u201d de Reforma Electoral contempla ahorros; reclam\u00f3 que integrantes del INE tengan altos sueldos y prestaciones<\/p>\n\n\n\n<p><strong>Andres Manuel L\u00f3pez Obrador<\/strong>, presidente de M\u00e9xico, dej\u00f3 en claro que su\u00a0<strong>Plan B de Reforma Electoral<\/strong>\u00a0<strong>no afecta<\/strong>\u00a0el\u00a0<strong>funcionamiento<\/strong>\u00a0del\u00a0Instituto Nacional Electoral (<strong>INE<\/strong>), a cuyos integrantes calific\u00f3 como \u201c<strong>cinicazos<\/strong>\u201d por tener altos sueldo y prestaciones.<\/p>\n\n\n\n<figure class=\"wp-block-embed is-type-rich is-provider-twitter wp-block-embed-twitter\"><div class=\"wp-block-embed__wrapper\">\n<blockquote class=\"twitter-tweet\" data-width=\"550\" data-dnt=\"true\"><p lang=\"es\" dir=\"ltr\">AMLO se va en contra de los consejeros del INE porque dice que quieren puestos vitalicios y que por eso est\u00e1n en contra del Plan B <a href=\"https:\/\/t.co\/b9WcwTfZmm\">pic.twitter.com\/b9WcwTfZmm<\/a><\/p>&mdash; Ruido en la Red (@RuidoEnLaRed) <a href=\"https:\/\/twitter.com\/RuidoEnLaRed\/status\/1631301801537425409?ref_src=twsrc%5Etfw\">March 2, 2023<\/a><\/blockquote><script async src=\"https:\/\/platform.twitter.com\/widgets.js\" charset=\"utf-8\"><\/script>\n<\/div><\/figure>\n\n\n\n<p>En la conferencia matutina de\u00a0<strong>Palacio Nacional<\/strong>,\u00a0<strong>L\u00f3pez Obrador<\/strong> que la reforma solo contempla ahorros, y reclam\u00f3 que algunos funcionarios del \u00f3rgano electoral, como\u00a0<strong>Edmundo Jacobo<\/strong>, secretario ejecutivo del INE, despedido por los cambios a las leyes secundarias, tengan sueldos de hasta 160 mil sueldos, vi\u00e1ticos y seguros m\u00e9dicos privados.<\/p>\n\n\n\n<p>\u201cUna vez m\u00e1s sostengo: la ley electoral que est\u00e1 impugnando, no afecta en nada el funcionamiento del INE, lo que propone esta ley es obtener algunos ahorros, ni siquiera mucho, porque como no se pudo hacer la reforma constitucional, se van a tener que seguir destinando 25 mil millones de pesos para la organizaci\u00f3n de las elecciones, las m\u00e1s caras del mundo\u201d, indic\u00f3.<\/p>\n\n\n\n<p>\u201cLos que vinieron a marchar no saben en qu\u00e9 consiste la reforma legal ni la constitucional. La bloquearon porque es el dinero de la \u00e9lite, la&nbsp;<strong>democracia dorada del INE,<\/strong>&nbsp;sueldos elevad\u00edsimos, vi\u00e1ticos para viajar por el mundo, es una inmoralidad, son deshonestos\u201d expuso.<\/p>\n\n\n\n<p>L\u00f3pez Obrador orden\u00f3 que sea el titular e Gobernaci\u00f3n (<strong>Segob<\/strong>)<strong>&nbsp;Ad\u00e1n&nbsp;<\/strong><strong>Augusto L\u00f3pez,&nbsp;<\/strong>informe en la conferencia matutina para explicar la reforma electoral.<\/p>\n\n\n\n<p>\u201cSe debe garantizar el derecho a la manifestaci\u00f3n y el derecho a disentir, pero que tengan informaci\u00f3n, elementos, que no los manipulen, entonces ma\u00f1ana viene Ad\u00e1n a informar y s\u00ed pueden hasta ganar en el Poder judicial, c\u00f3mo est\u00e1 la Corte\u201d, dij.<\/p>\n\n\n\n<p>\u201cNo voy a dar yo \u00f3rdenes o a dar consigna, ya lo estamos planteando aqu\u00ed, hay que seguir adelante, pero que se saque como lecci\u00f3n la importancia que tiene, si se quiere (\u2026) seguir adelante la transformaci\u00f3n, no s\u00f3lo se requiere ganar el Ejecutivo, se requiere ganar la mayor\u00eda en el Congreso, no s\u00f3lo la mayor\u00eda simple\u201d, expuso.<\/p>\n\n\n\n<p>El mandatario mexicano recrimin\u00f3 que Edmundo Jacobo se quejara de que haya desaparecido su puesto, tras 15 a\u00f1os de estar en el INE.<\/p>\n\n\n\n<p>\u201cA lo mejor quiere tener empleo de manera vitalicia, se le olvida que vivimos en una rep\u00fablica, no en una monarqu\u00eda. Si se hace una reforma y se considera que un cargo como el que \u00e9l desempa\u00f1aba es innecesario y que hay que ahorrar, porque me gustar\u00eda que informara desde cu\u00e1ndo est\u00e1 en el cargo (\u2026) y cu\u00e1nto gana\u201d, arremeti\u00f3.<\/p>\n\n\n\n<p>Son quince a\u00f1os \u00bfy todav\u00eda se atreve a ir a quejarse? Es muy probable que el Poder Judicial anule la ley electoral y \u00e9l regrese a su cargo y pueda tardar otros 15 a\u00f1os. Porfirio (D\u00edaz) tardo 30 a\u00f1os m\u00e1s cuatro del compadre, 34 a\u00f1os. No, pues est\u00e1 rebien as\u00ed, son unos cinicazos\u201d, lanz\u00f3.<\/p>\n\n\n\n<p>En los primeros minutos de este jueves se public\u00f3 el&nbsp;<strong>Plan B de Reforma Electoral<\/strong>&nbsp;en el Diario Oficial de la Federaci\u00f3n (DOF), que recorta el presupuesto, el personal y las atribuciones del INE, el \u00f3rgano aut\u00f3nomo que organiza las elecciones.<\/p>\n\n\n\n<p>Dichas reformas han desatado protestas multitudinarias y alertas internacionales por un supuesto riesgo para la democracia del pa\u00eds.<\/p>\n","protected":false},"excerpt":{"rendered":"<p>Por Redacci\u00f3n QP L\u00f3pez Obrador dijo que el \u201cPlan B\u201d de Reforma Electoral contempla ahorros;&#8230;<\/p>\n","protected":false},"author":2,"featured_media":99067,"comment_status":"open","ping_status":"open","sticky":false,"template":"","format":"standard","meta":{"_monsterinsights_skip_tracking":false,"_monsterinsights_sitenote_active":false,"_monsterinsights_sitenote_note":"","_monsterinsights_sitenote_category":0,"footnotes":""},"categories":[2],"tags":[],"class_list":["post-99066","post","type-post","status-publish","format-standard","has-post-thumbnail","hentry","category-noticias"],"yoast_head":"<!-- This site is optimized with the Yoast SEO plugin v27.3 - https:\/\/yoast.com\/product\/yoast-seo-wordpress\/ -->\n<title>AMLO se va en contra de los consejeros del INE porque dice que quieren puestos vitalicios y que por eso est\u00e1n en contra del Plan B -<\/title>\n<meta name=\"robots\" content=\"index, follow, max-snippet:-1, max-image-preview:large, max-video-preview:-1\" \/>\n<link rel=\"canonical\" href=\"https:\/\/quehacerpolitico.mx\/?p=99066\" \/>\n<meta property=\"og:locale\" content=\"es_MX\" \/>\n<meta property=\"og:type\" content=\"article\" \/>\n<meta property=\"og:title\" content=\"AMLO se va en contra de los consejeros del INE porque dice que quieren puestos vitalicios y que por eso est\u00e1n en contra del Plan B -\" \/>\n<meta property=\"og:description\" content=\"Por Redacci\u00f3n QP L\u00f3pez Obrador dijo que el \u201cPlan B\u201d de Reforma Electoral contempla ahorros;...\" \/>\n<meta property=\"og:url\" content=\"https:\/\/quehacerpolitico.mx\/?p=99066\" \/>\n<meta property=\"article:published_time\" content=\"2023-03-02T16:06:25+00:00\" \/>\n<meta property=\"article:modified_time\" content=\"2023-03-02T16:06:27+00:00\" \/>\n<meta property=\"og:image\" content=\"https:\/\/quehacerpolitico.mx\/wp-content\/uploads\/2023\/03\/5F265ABC-9D96-462D-AC2F-A3D7E1B51A20.jpeg\" \/>\n\t<meta property=\"og:image:width\" content=\"1284\" \/>\n\t<meta property=\"og:image:height\" content=\"699\" \/>\n\t<meta property=\"og:image:type\" content=\"image\/jpeg\" \/>\n<meta name=\"author\" content=\"Redacci\u00f3n QP\" \/>\n<meta name=\"twitter:card\" content=\"summary_large_image\" \/>\n<meta name=\"twitter:label1\" content=\"Escrito por\" \/>\n\t<meta name=\"twitter:data1\" content=\"Redacci\u00f3n QP\" \/>\n\t<meta name=\"twitter:label2\" content=\"Tiempo de lectura\" \/>\n\t<meta name=\"twitter:data2\" content=\"3 minutos\" \/>\n<script type=\"application\/ld+json\" class=\"yoast-schema-graph\">{\"@context\":\"https:\\\/\\\/schema.org\",\"@graph\":[{\"@type\":\"Article\",\"@id\":\"https:\\\/\\\/quehacerpolitico.mx\\\/?p=99066#article\",\"isPartOf\":{\"@id\":\"https:\\\/\\\/quehacerpolitico.mx\\\/?p=99066\"},\"author\":{\"name\":\"Redacci\u00f3n QP\",\"@id\":\"https:\\\/\\\/quehacerpolitico.mx\\\/#\\\/schema\\\/person\\\/496d8ad2d1d3f8036101dca7ee39e585\"},\"headline\":\"AMLO se va en contra de los consejeros del INE porque dice que quieren puestos vitalicios y que por eso est\u00e1n en contra del Plan B\",\"datePublished\":\"2023-03-02T16:06:25+00:00\",\"dateModified\":\"2023-03-02T16:06:27+00:00\",\"mainEntityOfPage\":{\"@id\":\"https:\\\/\\\/quehacerpolitico.mx\\\/?p=99066\"},\"wordCount\":620,\"commentCount\":0,\"image\":{\"@id\":\"https:\\\/\\\/quehacerpolitico.mx\\\/?p=99066#primaryimage\"},\"thumbnailUrl\":\"https:\\\/\\\/quehacerpolitico.mx\\\/wp-content\\\/uploads\\\/2023\\\/03\\\/5F265ABC-9D96-462D-AC2F-A3D7E1B51A20.jpeg\",\"articleSection\":[\"Noticias\"],\"inLanguage\":\"es\",\"potentialAction\":[{\"@type\":\"CommentAction\",\"name\":\"Comment\",\"target\":[\"https:\\\/\\\/quehacerpolitico.mx\\\/?p=99066#respond\"]}]},{\"@type\":\"WebPage\",\"@id\":\"https:\\\/\\\/quehacerpolitico.mx\\\/?p=99066\",\"url\":\"https:\\\/\\\/quehacerpolitico.mx\\\/?p=99066\",\"name\":\"AMLO se va en contra de los consejeros del INE porque dice que quieren puestos vitalicios y que por eso est\u00e1n en contra del Plan B -\",\"isPartOf\":{\"@id\":\"https:\\\/\\\/quehacerpolitico.mx\\\/#website\"},\"primaryImageOfPage\":{\"@id\":\"https:\\\/\\\/quehacerpolitico.mx\\\/?p=99066#primaryimage\"},\"image\":{\"@id\":\"https:\\\/\\\/quehacerpolitico.mx\\\/?p=99066#primaryimage\"},\"thumbnailUrl\":\"https:\\\/\\\/quehacerpolitico.mx\\\/wp-content\\\/uploads\\\/2023\\\/03\\\/5F265ABC-9D96-462D-AC2F-A3D7E1B51A20.jpeg\",\"datePublished\":\"2023-03-02T16:06:25+00:00\",\"dateModified\":\"2023-03-02T16:06:27+00:00\",\"author\":{\"@id\":\"https:\\\/\\\/quehacerpolitico.mx\\\/#\\\/schema\\\/person\\\/496d8ad2d1d3f8036101dca7ee39e585\"},\"breadcrumb\":{\"@id\":\"https:\\\/\\\/quehacerpolitico.mx\\\/?p=99066#breadcrumb\"},\"inLanguage\":\"es\",\"potentialAction\":[{\"@type\":\"ReadAction\",\"target\":[\"https:\\\/\\\/quehacerpolitico.mx\\\/?p=99066\"]}]},{\"@type\":\"ImageObject\",\"inLanguage\":\"es\",\"@id\":\"https:\\\/\\\/quehacerpolitico.mx\\\/?p=99066#primaryimage\",\"url\":\"https:\\\/\\\/quehacerpolitico.mx\\\/wp-content\\\/uploads\\\/2023\\\/03\\\/5F265ABC-9D96-462D-AC2F-A3D7E1B51A20.jpeg\",\"contentUrl\":\"https:\\\/\\\/quehacerpolitico.mx\\\/wp-content\\\/uploads\\\/2023\\\/03\\\/5F265ABC-9D96-462D-AC2F-A3D7E1B51A20.jpeg\",\"width\":1284,\"height\":699},{\"@type\":\"BreadcrumbList\",\"@id\":\"https:\\\/\\\/quehacerpolitico.mx\\\/?p=99066#breadcrumb\",\"itemListElement\":[{\"@type\":\"ListItem\",\"position\":1,\"name\":\"Inicio\",\"item\":\"https:\\\/\\\/quehacerpolitico.mx\\\/\"},{\"@type\":\"ListItem\",\"position\":2,\"name\":\"AMLO se va en contra de los consejeros del INE porque dice que quieren puestos vitalicios y que por eso est\u00e1n en contra del Plan B\"}]},{\"@type\":\"WebSite\",\"@id\":\"https:\\\/\\\/quehacerpolitico.mx\\\/#website\",\"url\":\"https:\\\/\\\/quehacerpolitico.mx\\\/\",\"name\":\"\",\"description\":\"\",\"potentialAction\":[{\"@type\":\"SearchAction\",\"target\":{\"@type\":\"EntryPoint\",\"urlTemplate\":\"https:\\\/\\\/quehacerpolitico.mx\\\/?s={search_term_string}\"},\"query-input\":{\"@type\":\"PropertyValueSpecification\",\"valueRequired\":true,\"valueName\":\"search_term_string\"}}],\"inLanguage\":\"es\"},{\"@type\":\"Person\",\"@id\":\"https:\\\/\\\/quehacerpolitico.mx\\\/#\\\/schema\\\/person\\\/496d8ad2d1d3f8036101dca7ee39e585\",\"name\":\"Redacci\u00f3n QP\",\"image\":{\"@type\":\"ImageObject\",\"inLanguage\":\"es\",\"@id\":\"https:\\\/\\\/secure.gravatar.com\\\/avatar\\\/c7164ed6fdec453195284ad24a5ae5b6e1eed2b848477fa2a4787ba9adf39a41?s=96&d=mm&r=g\",\"url\":\"https:\\\/\\\/secure.gravatar.com\\\/avatar\\\/c7164ed6fdec453195284ad24a5ae5b6e1eed2b848477fa2a4787ba9adf39a41?s=96&d=mm&r=g\",\"contentUrl\":\"https:\\\/\\\/secure.gravatar.com\\\/avatar\\\/c7164ed6fdec453195284ad24a5ae5b6e1eed2b848477fa2a4787ba9adf39a41?s=96&d=mm&r=g\",\"caption\":\"Redacci\u00f3n QP\"},\"url\":\"https:\\\/\\\/quehacerpolitico.mx\\\/?author=2\"}]}<\/script>\n<!-- \/ Yoast SEO plugin. -->","yoast_head_json":{"title":"AMLO se va en contra de los consejeros del INE porque dice que quieren puestos vitalicios y que por eso est\u00e1n en contra del Plan B -","robots":{"index":"index","follow":"follow","max-snippet":"max-snippet:-1","max-image-preview":"max-image-preview:large","max-video-preview":"max-video-preview:-1"},"canonical":"https:\/\/quehacerpolitico.mx\/?p=99066","og_locale":"es_MX","og_type":"article","og_title":"AMLO se va en contra de los consejeros del INE porque dice que quieren puestos vitalicios y que por eso est\u00e1n en contra del Plan B -","og_description":"Por Redacci\u00f3n QP L\u00f3pez Obrador dijo que el \u201cPlan B\u201d de Reforma Electoral contempla ahorros;...","og_url":"https:\/\/quehacerpolitico.mx\/?p=99066","article_published_time":"2023-03-02T16:06:25+00:00","article_modified_time":"2023-03-02T16:06:27+00:00","og_image":[{"width":1284,"height":699,"url":"https:\/\/quehacerpolitico.mx\/wp-content\/uploads\/2023\/03\/5F265ABC-9D96-462D-AC2F-A3D7E1B51A20.jpeg","type":"image\/jpeg"}],"author":"Redacci\u00f3n QP","twitter_card":"summary_large_image","twitter_misc":{"Escrito por":"Redacci\u00f3n QP","Tiempo de lectura":"3 minutos"},"schema":{"@context":"https:\/\/schema.org","@graph":[{"@type":"Article","@id":"https:\/\/quehacerpolitico.mx\/?p=99066#article","isPartOf":{"@id":"https:\/\/quehacerpolitico.mx\/?p=99066"},"author":{"name":"Redacci\u00f3n QP","@id":"https:\/\/quehacerpolitico.mx\/#\/schema\/person\/496d8ad2d1d3f8036101dca7ee39e585"},"headline":"AMLO se va en contra de los consejeros del INE porque dice que quieren puestos vitalicios y que por eso est\u00e1n en contra del Plan B","datePublished":"2023-03-02T16:06:25+00:00","dateModified":"2023-03-02T16:06:27+00:00","mainEntityOfPage":{"@id":"https:\/\/quehacerpolitico.mx\/?p=99066"},"wordCount":620,"commentCount":0,"image":{"@id":"https:\/\/quehacerpolitico.mx\/?p=99066#primaryimage"},"thumbnailUrl":"https:\/\/quehacerpolitico.mx\/wp-content\/uploads\/2023\/03\/5F265ABC-9D96-462D-AC2F-A3D7E1B51A20.jpeg","articleSection":["Noticias"],"inLanguage":"es","potentialAction":[{"@type":"CommentAction","name":"Comment","target":["https:\/\/quehacerpolitico.mx\/?p=99066#respond"]}]},{"@type":"WebPage","@id":"https:\/\/quehacerpolitico.mx\/?p=99066","url":"https:\/\/quehacerpolitico.mx\/?p=99066","name":"AMLO se va en contra de los consejeros del INE porque dice que quieren puestos vitalicios y que por eso est\u00e1n en contra del Plan B -","isPartOf":{"@id":"https:\/\/quehacerpolitico.mx\/#website"},"primaryImageOfPage":{"@id":"https:\/\/quehacerpolitico.mx\/?p=99066#primaryimage"},"image":{"@id":"https:\/\/quehacerpolitico.mx\/?p=99066#primaryimage"},"thumbnailUrl":"https:\/\/quehacerpolitico.mx\/wp-content\/uploads\/2023\/03\/5F265ABC-9D96-462D-AC2F-A3D7E1B51A20.jpeg","datePublished":"2023-03-02T16:06:25+00:00","dateModified":"2023-03-02T16:06:27+00:00","author":{"@id":"https:\/\/quehacerpolitico.mx\/#\/schema\/person\/496d8ad2d1d3f8036101dca7ee39e585"},"breadcrumb":{"@id":"https:\/\/quehacerpolitico.mx\/?p=99066#breadcrumb"},"inLanguage":"es","potentialAction":[{"@type":"ReadAction","target":["https:\/\/quehacerpolitico.mx\/?p=99066"]}]},{"@type":"ImageObject","inLanguage":"es","@id":"https:\/\/quehacerpolitico.mx\/?p=99066#primaryimage","url":"https:\/\/quehacerpolitico.mx\/wp-content\/uploads\/2023\/03\/5F265ABC-9D96-462D-AC2F-A3D7E1B51A20.jpeg","contentUrl":"https:\/\/quehacerpolitico.mx\/wp-content\/uploads\/2023\/03\/5F265ABC-9D96-462D-AC2F-A3D7E1B51A20.jpeg","width":1284,"height":699},{"@type":"BreadcrumbList","@id":"https:\/\/quehacerpolitico.mx\/?p=99066#breadcrumb","itemListElement":[{"@type":"ListItem","position":1,"name":"Inicio","item":"https:\/\/quehacerpolitico.mx\/"},{"@type":"ListItem","position":2,"name":"AMLO se va en contra de los consejeros del INE porque dice que quieren puestos vitalicios y que por eso est\u00e1n en contra del Plan B"}]},{"@type":"WebSite","@id":"https:\/\/quehacerpolitico.mx\/#website","url":"https:\/\/quehacerpolitico.mx\/","name":"","description":"","potentialAction":[{"@type":"SearchAction","target":{"@type":"EntryPoint","urlTemplate":"https:\/\/quehacerpolitico.mx\/?s={search_term_string}"},"query-input":{"@type":"PropertyValueSpecification","valueRequired":true,"valueName":"search_term_string"}}],"inLanguage":"es"},{"@type":"Person","@id":"https:\/\/quehacerpolitico.mx\/#\/schema\/person\/496d8ad2d1d3f8036101dca7ee39e585","name":"Redacci\u00f3n QP","image":{"@type":"ImageObject","inLanguage":"es","@id":"https:\/\/secure.gravatar.com\/avatar\/c7164ed6fdec453195284ad24a5ae5b6e1eed2b848477fa2a4787ba9adf39a41?s=96&d=mm&r=g","url":"https:\/\/secure.gravatar.com\/avatar\/c7164ed6fdec453195284ad24a5ae5b6e1eed2b848477fa2a4787ba9adf39a41?s=96&d=mm&r=g","contentUrl":"https:\/\/secure.gravatar.com\/avatar\/c7164ed6fdec453195284ad24a5ae5b6e1eed2b848477fa2a4787ba9adf39a41?s=96&d=mm&r=g","caption":"Redacci\u00f3n QP"},"url":"https:\/\/quehacerpolitico.mx\/?author=2"}]}},"featured_image_urls":{"full":["https:\/\/quehacerpolitico.mx\/wp-content\/uploads\/2023\/03\/5F265ABC-9D96-462D-AC2F-A3D7E1B51A20.jpeg",1284,699,false],"thumbnail":["https:\/\/quehacerpolitico.mx\/wp-content\/uploads\/2023\/03\/5F265ABC-9D96-462D-AC2F-A3D7E1B51A20-150x150.jpeg",150,150,true],"medium":["https:\/\/quehacerpolitico.mx\/wp-content\/uploads\/2023\/03\/5F265ABC-9D96-462D-AC2F-A3D7E1B51A20-300x163.jpeg",300,163,true],"medium_large":["https:\/\/quehacerpolitico.mx\/wp-content\/uploads\/2023\/03\/5F265ABC-9D96-462D-AC2F-A3D7E1B51A20-768x418.jpeg",640,348,true],"large":["https:\/\/quehacerpolitico.mx\/wp-content\/uploads\/2023\/03\/5F265ABC-9D96-462D-AC2F-A3D7E1B51A20-1024x557.jpeg",640,348,true],"1536x1536":["https:\/\/quehacerpolitico.mx\/wp-content\/uploads\/2023\/03\/5F265ABC-9D96-462D-AC2F-A3D7E1B51A20.jpeg",1284,699,false],"2048x2048":["https:\/\/quehacerpolitico.mx\/wp-content\/uploads\/2023\/03\/5F265ABC-9D96-462D-AC2F-A3D7E1B51A20.jpeg",1284,699,false],"covernews-featured":["https:\/\/quehacerpolitico.mx\/wp-content\/uploads\/2023\/03\/5F265ABC-9D96-462D-AC2F-A3D7E1B51A20.jpeg",1024,557,false],"covernews-medium":["https:\/\/quehacerpolitico.mx\/wp-content\/uploads\/2023\/03\/5F265ABC-9D96-462D-AC2F-A3D7E1B51A20.jpeg",540,294,false]},"author_info":{"display_name":"Redacci\u00f3n QP","author_link":"https:\/\/quehacerpolitico.mx\/?author=2"},"category_info":"<a href=\"https:\/\/quehacerpolitico.mx\/?cat=2\" rel=\"category\">Noticias<\/a>","tag_info":"Noticias","comment_count":"0","_links":{"self":[{"href":"https:\/\/quehacerpolitico.mx\/index.php?rest_route=\/wp\/v2\/posts\/99066","targetHints":{"allow":["GET"]}}],"collection":[{"href":"https:\/\/quehacerpolitico.mx\/index.php?rest_route=\/wp\/v2\/posts"}],"about":[{"href":"https:\/\/quehacerpolitico.mx\/index.php?rest_route=\/wp\/v2\/types\/post"}],"author":[{"embeddable":true,"href":"https:\/\/quehacerpolitico.mx\/index.php?rest_route=\/wp\/v2\/users\/2"}],"replies":[{"embeddable":true,"href":"https:\/\/quehacerpolitico.mx\/index.php?rest_route=%2Fwp%2Fv2%2Fcomments&post=99066"}],"version-history":[{"count":1,"href":"https:\/\/quehacerpolitico.mx\/index.php?rest_route=\/wp\/v2\/posts\/99066\/revisions"}],"predecessor-version":[{"id":99068,"href":"https:\/\/quehacerpolitico.mx\/index.php?rest_route=\/wp\/v2\/posts\/99066\/revisions\/99068"}],"wp:featuredmedia":[{"embeddable":true,"href":"https:\/\/quehacerpolitico.mx\/index.php?rest_route=\/wp\/v2\/media\/99067"}],"wp:attachment":[{"href":"https:\/\/quehacerpolitico.mx\/index.php?rest_route=%2Fwp%2Fv2%2Fmedia&parent=99066"}],"wp:term":[{"taxonomy":"category","embeddable":true,"href":"https:\/\/quehacerpolitico.mx\/index.php?rest_route=%2Fwp%2Fv2%2Fcategories&post=99066"},{"taxonomy":"post_tag","embeddable":true,"href":"https:\/\/quehacerpolitico.mx\/index.php?rest_route=%2Fwp%2Fv2%2Ftags&post=99066"}],"curies":[{"name":"wp","href":"https:\/\/api.w.org\/{rel}","templated":true}]}}