{"id":99061,"date":"2023-03-02T15:53:05","date_gmt":"2023-03-02T15:53:05","guid":{"rendered":"https:\/\/quehacerpolitico.mx\/?p=99061"},"modified":"2023-03-02T15:53:08","modified_gmt":"2023-03-02T15:53:08","slug":"edmundo-jacobo-busca-amparo-tras-ser-removido-del-ine-ante-plan-b","status":"publish","type":"post","link":"https:\/\/quehacerpolitico.mx\/?p=99061","title":{"rendered":"Edmundo Jacobo busca amparo tras ser removido del INE ante &#8220;Plan B&#8221;"},"content":{"rendered":"\n<p>Por Redacci\u00f3n QP<\/p>\n\n\n\n<p>En entrevista, Edmundo Jacobo Molina calific\u00f3 su cese de &#8220;arbitrario e ilegal&#8221;, y asegur\u00f3 que ya tiene listos los recursos que presentar\u00e1<\/p>\n\n\n\n<p>Edmundo Jacobo Molina anunci\u00f3 que\u00a0<strong>solicitar\u00e1 una amparo para buscar su restituci\u00f3n como secretario ejecutivo del INE<\/strong>, luego de que fuera cesado del puesto tras la publicaci\u00f3n del &#8220;Plan B&#8221; de la reforma electoral impulsada por el Presidente Andr\u00e9s Manuel L\u00f3pez Obrador, acci\u00f3n que calific\u00f3 como arbitraria e ilegal.<\/p>\n\n\n\n<p>&#8220;Tengo ya mis recursos listos. En el primer momento que se abran los tribunales federales, acudir\u00e9 a la justicia para solicitar un amparo&#8221;<\/p>\n\n\n\n<p>&#8220;Tengo ya mis recursos listos. En el primer momento que se abran los tribunales federales, acudir\u00e9 a la justicia para solicitar un amparo&#8221;, sostuvo. &#8220;Y tambi\u00e9n voy a acudir con la figura de un juicio ciudadano al Tribunal Electoral del Poder Judicial de la Federaci\u00f3n&#8221;, a\u00f1adi\u00f3.<\/p>\n\n\n\n<p>En entrevista con Ciro G\u00f3mez Leyva, confirm\u00f3 que<strong> a partir de este jueves ya no labora en el \u00f3rgano electoral tras 14 a\u00f1os en el puesto.<\/strong><\/p>\n\n\n\n<p>El exsecretario apunt\u00f3 que la Constituci\u00f3n establece que el nombramiento del secretario ejecutivo le corresponde al Consejo General del INE, por lo que\u00a0<strong>s\u00f3lo podr\u00eda ser destituido por este \u00f3rgano.<\/strong><\/p>\n\n\n\n<figure class=\"wp-block-embed is-type-rich is-provider-twitter wp-block-embed-twitter\"><div class=\"wp-block-embed__wrapper\">\n<blockquote class=\"twitter-tweet\" data-width=\"550\" data-dnt=\"true\"><p lang=\"es\" dir=\"ltr\">El exsecretario Ejecutivo del INE, Edmundo Jacobo Molina, dijo que reclamar\u00e1 su restituci\u00f3n: &quot;yo en estos momentos tengo ya mis recursos listos, en el momento en que se abran los tribunales federales acudir\u00e9 a la justicia para solicitar un amparo&quot;. <a href=\"https:\/\/twitter.com\/hashtag\/PorLaMa%C3%B1ana?src=hash&amp;ref_src=twsrc%5Etfw\">#PorLaMa\u00f1ana<\/a> con <a href=\"https:\/\/twitter.com\/CiroGomezL?ref_src=twsrc%5Etfw\">@CiroGomezL<\/a> <a href=\"https:\/\/t.co\/NTqecR4faM\">pic.twitter.com\/NTqecR4faM<\/a><\/p>&mdash; Grupo F\u00f3rmula (@Radio_Formula) <a href=\"https:\/\/twitter.com\/Radio_Formula\/status\/1631298970994503680?ref_src=twsrc%5Etfw\">March 2, 2023<\/a><\/blockquote><script async src=\"https:\/\/platform.twitter.com\/widgets.js\" charset=\"utf-8\"><\/script>\n<\/div><\/figure>\n\n\n\n<p>&#8220;<strong>Las leyes deben ser generales, abstractas e impersonales.<\/strong>\u00a0Y en este caso muy particular, que tiene que ver con el 17 transitorio de esta ley, rompe todas las reglas porque est\u00e1 dedicado ese art\u00edculo a m\u00ed&#8221;, se\u00f1al\u00f3.<\/p>\n\n\n\n<p>Explic\u00f3 que<strong>&nbsp;el &#8220;Plan B&#8221; acorta las funciones de la Secretar\u00eda Ejecutiva<\/strong>&nbsp;porque \u00e9ste se vuelve un \u00f3rgano auxiliar, mientras que antes de la reforma electoral se encargaba de la coordinaci\u00f3n de la operaci\u00f3n del INE.<\/p>\n\n\n\n<p>Puntualiz\u00f3 que salvo tres oficinas centrales, se hac\u00eda cargo de \u00e9stas, as\u00ed como los \u00f3rganos desconcentrados; es decir, las oficinas en todo el pa\u00eds. Adem\u00e1s, ten\u00eda la representaci\u00f3n legal del Instituto.<\/p>\n\n\n\n<p>Edmundo Jacobo se\u00f1al\u00f3 que tambi\u00e9n se conforma una comisi\u00f3n de administraci\u00f3n conformada por cinco consejeros, pese a que en la ley anterior los consejeros no se involucraban en estos temas.<\/p>\n\n\n\n<p>&#8220;Mete a los consejeros en la administraci\u00f3n, que yo creo que los hace fr\u00e1giles, porque los somete a estar metidos en el estudio de la toma de decisiones y en la propia operaci\u00f3n&#8221;, expuso.<\/p>\n\n\n\n<p>Con Informaci\u00f3n de SUN <\/p>\n","protected":false},"excerpt":{"rendered":"<p>Por Redacci\u00f3n QP En entrevista, Edmundo Jacobo Molina calific\u00f3 su cese de &#8220;arbitrario e ilegal&#8221;,&#8230;<\/p>\n","protected":false},"author":2,"featured_media":99062,"comment_status":"open","ping_status":"open","sticky":false,"template":"","format":"standard","meta":{"_monsterinsights_skip_tracking":false,"_monsterinsights_sitenote_active":false,"_monsterinsights_sitenote_note":"","_monsterinsights_sitenote_category":0,"footnotes":""},"categories":[2],"tags":[],"class_list":["post-99061","post","type-post","status-publish","format-standard","has-post-thumbnail","hentry","category-noticias"],"yoast_head":"<!-- This site is optimized with the Yoast SEO plugin v27.3 - https:\/\/yoast.com\/product\/yoast-seo-wordpress\/ -->\n<title>Edmundo Jacobo busca amparo tras ser removido del INE ante &quot;Plan B&quot; -<\/title>\n<meta name=\"robots\" content=\"index, follow, max-snippet:-1, max-image-preview:large, max-video-preview:-1\" \/>\n<link rel=\"canonical\" href=\"https:\/\/quehacerpolitico.mx\/?p=99061\" \/>\n<meta property=\"og:locale\" content=\"es_MX\" \/>\n<meta property=\"og:type\" content=\"article\" \/>\n<meta property=\"og:title\" content=\"Edmundo Jacobo busca amparo tras ser removido del INE ante &quot;Plan B&quot; -\" \/>\n<meta property=\"og:description\" content=\"Por Redacci\u00f3n QP En entrevista, Edmundo Jacobo Molina calific\u00f3 su cese de &#8220;arbitrario e ilegal&#8221;,...\" \/>\n<meta property=\"og:url\" content=\"https:\/\/quehacerpolitico.mx\/?p=99061\" \/>\n<meta property=\"article:published_time\" content=\"2023-03-02T15:53:05+00:00\" \/>\n<meta property=\"article:modified_time\" content=\"2023-03-02T15:53:08+00:00\" \/>\n<meta property=\"og:image\" content=\"https:\/\/quehacerpolitico.mx\/wp-content\/uploads\/2023\/03\/D2B0C95D-CBD2-4D41-8404-CB4815216EA9.jpeg\" \/>\n\t<meta property=\"og:image:width\" content=\"640\" \/>\n\t<meta property=\"og:image:height\" content=\"434\" \/>\n\t<meta property=\"og:image:type\" content=\"image\/jpeg\" \/>\n<meta name=\"author\" content=\"Redacci\u00f3n QP\" \/>\n<meta name=\"twitter:card\" content=\"summary_large_image\" \/>\n<meta name=\"twitter:label1\" content=\"Escrito por\" \/>\n\t<meta name=\"twitter:data1\" content=\"Redacci\u00f3n QP\" \/>\n\t<meta name=\"twitter:label2\" content=\"Tiempo de lectura\" \/>\n\t<meta name=\"twitter:data2\" content=\"2 minutos\" \/>\n<script type=\"application\/ld+json\" class=\"yoast-schema-graph\">{\"@context\":\"https:\\\/\\\/schema.org\",\"@graph\":[{\"@type\":\"Article\",\"@id\":\"https:\\\/\\\/quehacerpolitico.mx\\\/?p=99061#article\",\"isPartOf\":{\"@id\":\"https:\\\/\\\/quehacerpolitico.mx\\\/?p=99061\"},\"author\":{\"name\":\"Redacci\u00f3n QP\",\"@id\":\"https:\\\/\\\/quehacerpolitico.mx\\\/#\\\/schema\\\/person\\\/496d8ad2d1d3f8036101dca7ee39e585\"},\"headline\":\"Edmundo Jacobo busca amparo tras ser removido del INE ante &#8220;Plan B&#8221;\",\"datePublished\":\"2023-03-02T15:53:05+00:00\",\"dateModified\":\"2023-03-02T15:53:08+00:00\",\"mainEntityOfPage\":{\"@id\":\"https:\\\/\\\/quehacerpolitico.mx\\\/?p=99061\"},\"wordCount\":427,\"commentCount\":0,\"image\":{\"@id\":\"https:\\\/\\\/quehacerpolitico.mx\\\/?p=99061#primaryimage\"},\"thumbnailUrl\":\"https:\\\/\\\/quehacerpolitico.mx\\\/wp-content\\\/uploads\\\/2023\\\/03\\\/D2B0C95D-CBD2-4D41-8404-CB4815216EA9.jpeg\",\"articleSection\":[\"Noticias\"],\"inLanguage\":\"es\",\"potentialAction\":[{\"@type\":\"CommentAction\",\"name\":\"Comment\",\"target\":[\"https:\\\/\\\/quehacerpolitico.mx\\\/?p=99061#respond\"]}]},{\"@type\":\"WebPage\",\"@id\":\"https:\\\/\\\/quehacerpolitico.mx\\\/?p=99061\",\"url\":\"https:\\\/\\\/quehacerpolitico.mx\\\/?p=99061\",\"name\":\"Edmundo Jacobo busca amparo tras ser removido del INE ante \\\"Plan B\\\" -\",\"isPartOf\":{\"@id\":\"https:\\\/\\\/quehacerpolitico.mx\\\/#website\"},\"primaryImageOfPage\":{\"@id\":\"https:\\\/\\\/quehacerpolitico.mx\\\/?p=99061#primaryimage\"},\"image\":{\"@id\":\"https:\\\/\\\/quehacerpolitico.mx\\\/?p=99061#primaryimage\"},\"thumbnailUrl\":\"https:\\\/\\\/quehacerpolitico.mx\\\/wp-content\\\/uploads\\\/2023\\\/03\\\/D2B0C95D-CBD2-4D41-8404-CB4815216EA9.jpeg\",\"datePublished\":\"2023-03-02T15:53:05+00:00\",\"dateModified\":\"2023-03-02T15:53:08+00:00\",\"author\":{\"@id\":\"https:\\\/\\\/quehacerpolitico.mx\\\/#\\\/schema\\\/person\\\/496d8ad2d1d3f8036101dca7ee39e585\"},\"breadcrumb\":{\"@id\":\"https:\\\/\\\/quehacerpolitico.mx\\\/?p=99061#breadcrumb\"},\"inLanguage\":\"es\",\"potentialAction\":[{\"@type\":\"ReadAction\",\"target\":[\"https:\\\/\\\/quehacerpolitico.mx\\\/?p=99061\"]}]},{\"@type\":\"ImageObject\",\"inLanguage\":\"es\",\"@id\":\"https:\\\/\\\/quehacerpolitico.mx\\\/?p=99061#primaryimage\",\"url\":\"https:\\\/\\\/quehacerpolitico.mx\\\/wp-content\\\/uploads\\\/2023\\\/03\\\/D2B0C95D-CBD2-4D41-8404-CB4815216EA9.jpeg\",\"contentUrl\":\"https:\\\/\\\/quehacerpolitico.mx\\\/wp-content\\\/uploads\\\/2023\\\/03\\\/D2B0C95D-CBD2-4D41-8404-CB4815216EA9.jpeg\",\"width\":640,\"height\":434},{\"@type\":\"BreadcrumbList\",\"@id\":\"https:\\\/\\\/quehacerpolitico.mx\\\/?p=99061#breadcrumb\",\"itemListElement\":[{\"@type\":\"ListItem\",\"position\":1,\"name\":\"Inicio\",\"item\":\"https:\\\/\\\/quehacerpolitico.mx\\\/\"},{\"@type\":\"ListItem\",\"position\":2,\"name\":\"Edmundo Jacobo busca amparo tras ser removido del INE ante &#8220;Plan B&#8221;\"}]},{\"@type\":\"WebSite\",\"@id\":\"https:\\\/\\\/quehacerpolitico.mx\\\/#website\",\"url\":\"https:\\\/\\\/quehacerpolitico.mx\\\/\",\"name\":\"\",\"description\":\"\",\"potentialAction\":[{\"@type\":\"SearchAction\",\"target\":{\"@type\":\"EntryPoint\",\"urlTemplate\":\"https:\\\/\\\/quehacerpolitico.mx\\\/?s={search_term_string}\"},\"query-input\":{\"@type\":\"PropertyValueSpecification\",\"valueRequired\":true,\"valueName\":\"search_term_string\"}}],\"inLanguage\":\"es\"},{\"@type\":\"Person\",\"@id\":\"https:\\\/\\\/quehacerpolitico.mx\\\/#\\\/schema\\\/person\\\/496d8ad2d1d3f8036101dca7ee39e585\",\"name\":\"Redacci\u00f3n QP\",\"image\":{\"@type\":\"ImageObject\",\"inLanguage\":\"es\",\"@id\":\"https:\\\/\\\/secure.gravatar.com\\\/avatar\\\/c7164ed6fdec453195284ad24a5ae5b6e1eed2b848477fa2a4787ba9adf39a41?s=96&d=mm&r=g\",\"url\":\"https:\\\/\\\/secure.gravatar.com\\\/avatar\\\/c7164ed6fdec453195284ad24a5ae5b6e1eed2b848477fa2a4787ba9adf39a41?s=96&d=mm&r=g\",\"contentUrl\":\"https:\\\/\\\/secure.gravatar.com\\\/avatar\\\/c7164ed6fdec453195284ad24a5ae5b6e1eed2b848477fa2a4787ba9adf39a41?s=96&d=mm&r=g\",\"caption\":\"Redacci\u00f3n QP\"},\"url\":\"https:\\\/\\\/quehacerpolitico.mx\\\/?author=2\"}]}<\/script>\n<!-- \/ Yoast SEO plugin. -->","yoast_head_json":{"title":"Edmundo Jacobo busca amparo tras ser removido del INE ante \"Plan B\" -","robots":{"index":"index","follow":"follow","max-snippet":"max-snippet:-1","max-image-preview":"max-image-preview:large","max-video-preview":"max-video-preview:-1"},"canonical":"https:\/\/quehacerpolitico.mx\/?p=99061","og_locale":"es_MX","og_type":"article","og_title":"Edmundo Jacobo busca amparo tras ser removido del INE ante \"Plan B\" -","og_description":"Por Redacci\u00f3n QP En entrevista, Edmundo Jacobo Molina calific\u00f3 su cese de &#8220;arbitrario e ilegal&#8221;,...","og_url":"https:\/\/quehacerpolitico.mx\/?p=99061","article_published_time":"2023-03-02T15:53:05+00:00","article_modified_time":"2023-03-02T15:53:08+00:00","og_image":[{"width":640,"height":434,"url":"https:\/\/quehacerpolitico.mx\/wp-content\/uploads\/2023\/03\/D2B0C95D-CBD2-4D41-8404-CB4815216EA9.jpeg","type":"image\/jpeg"}],"author":"Redacci\u00f3n QP","twitter_card":"summary_large_image","twitter_misc":{"Escrito por":"Redacci\u00f3n QP","Tiempo de lectura":"2 minutos"},"schema":{"@context":"https:\/\/schema.org","@graph":[{"@type":"Article","@id":"https:\/\/quehacerpolitico.mx\/?p=99061#article","isPartOf":{"@id":"https:\/\/quehacerpolitico.mx\/?p=99061"},"author":{"name":"Redacci\u00f3n QP","@id":"https:\/\/quehacerpolitico.mx\/#\/schema\/person\/496d8ad2d1d3f8036101dca7ee39e585"},"headline":"Edmundo Jacobo busca amparo tras ser removido del INE ante &#8220;Plan B&#8221;","datePublished":"2023-03-02T15:53:05+00:00","dateModified":"2023-03-02T15:53:08+00:00","mainEntityOfPage":{"@id":"https:\/\/quehacerpolitico.mx\/?p=99061"},"wordCount":427,"commentCount":0,"image":{"@id":"https:\/\/quehacerpolitico.mx\/?p=99061#primaryimage"},"thumbnailUrl":"https:\/\/quehacerpolitico.mx\/wp-content\/uploads\/2023\/03\/D2B0C95D-CBD2-4D41-8404-CB4815216EA9.jpeg","articleSection":["Noticias"],"inLanguage":"es","potentialAction":[{"@type":"CommentAction","name":"Comment","target":["https:\/\/quehacerpolitico.mx\/?p=99061#respond"]}]},{"@type":"WebPage","@id":"https:\/\/quehacerpolitico.mx\/?p=99061","url":"https:\/\/quehacerpolitico.mx\/?p=99061","name":"Edmundo Jacobo busca amparo tras ser removido del INE ante \"Plan B\" -","isPartOf":{"@id":"https:\/\/quehacerpolitico.mx\/#website"},"primaryImageOfPage":{"@id":"https:\/\/quehacerpolitico.mx\/?p=99061#primaryimage"},"image":{"@id":"https:\/\/quehacerpolitico.mx\/?p=99061#primaryimage"},"thumbnailUrl":"https:\/\/quehacerpolitico.mx\/wp-content\/uploads\/2023\/03\/D2B0C95D-CBD2-4D41-8404-CB4815216EA9.jpeg","datePublished":"2023-03-02T15:53:05+00:00","dateModified":"2023-03-02T15:53:08+00:00","author":{"@id":"https:\/\/quehacerpolitico.mx\/#\/schema\/person\/496d8ad2d1d3f8036101dca7ee39e585"},"breadcrumb":{"@id":"https:\/\/quehacerpolitico.mx\/?p=99061#breadcrumb"},"inLanguage":"es","potentialAction":[{"@type":"ReadAction","target":["https:\/\/quehacerpolitico.mx\/?p=99061"]}]},{"@type":"ImageObject","inLanguage":"es","@id":"https:\/\/quehacerpolitico.mx\/?p=99061#primaryimage","url":"https:\/\/quehacerpolitico.mx\/wp-content\/uploads\/2023\/03\/D2B0C95D-CBD2-4D41-8404-CB4815216EA9.jpeg","contentUrl":"https:\/\/quehacerpolitico.mx\/wp-content\/uploads\/2023\/03\/D2B0C95D-CBD2-4D41-8404-CB4815216EA9.jpeg","width":640,"height":434},{"@type":"BreadcrumbList","@id":"https:\/\/quehacerpolitico.mx\/?p=99061#breadcrumb","itemListElement":[{"@type":"ListItem","position":1,"name":"Inicio","item":"https:\/\/quehacerpolitico.mx\/"},{"@type":"ListItem","position":2,"name":"Edmundo Jacobo busca amparo tras ser removido del INE ante &#8220;Plan B&#8221;"}]},{"@type":"WebSite","@id":"https:\/\/quehacerpolitico.mx\/#website","url":"https:\/\/quehacerpolitico.mx\/","name":"","description":"","potentialAction":[{"@type":"SearchAction","target":{"@type":"EntryPoint","urlTemplate":"https:\/\/quehacerpolitico.mx\/?s={search_term_string}"},"query-input":{"@type":"PropertyValueSpecification","valueRequired":true,"valueName":"search_term_string"}}],"inLanguage":"es"},{"@type":"Person","@id":"https:\/\/quehacerpolitico.mx\/#\/schema\/person\/496d8ad2d1d3f8036101dca7ee39e585","name":"Redacci\u00f3n QP","image":{"@type":"ImageObject","inLanguage":"es","@id":"https:\/\/secure.gravatar.com\/avatar\/c7164ed6fdec453195284ad24a5ae5b6e1eed2b848477fa2a4787ba9adf39a41?s=96&d=mm&r=g","url":"https:\/\/secure.gravatar.com\/avatar\/c7164ed6fdec453195284ad24a5ae5b6e1eed2b848477fa2a4787ba9adf39a41?s=96&d=mm&r=g","contentUrl":"https:\/\/secure.gravatar.com\/avatar\/c7164ed6fdec453195284ad24a5ae5b6e1eed2b848477fa2a4787ba9adf39a41?s=96&d=mm&r=g","caption":"Redacci\u00f3n QP"},"url":"https:\/\/quehacerpolitico.mx\/?author=2"}]}},"featured_image_urls":{"full":["https:\/\/quehacerpolitico.mx\/wp-content\/uploads\/2023\/03\/D2B0C95D-CBD2-4D41-8404-CB4815216EA9.jpeg",640,434,false],"thumbnail":["https:\/\/quehacerpolitico.mx\/wp-content\/uploads\/2023\/03\/D2B0C95D-CBD2-4D41-8404-CB4815216EA9-150x150.jpeg",150,150,true],"medium":["https:\/\/quehacerpolitico.mx\/wp-content\/uploads\/2023\/03\/D2B0C95D-CBD2-4D41-8404-CB4815216EA9-300x203.jpeg",300,203,true],"medium_large":["https:\/\/quehacerpolitico.mx\/wp-content\/uploads\/2023\/03\/D2B0C95D-CBD2-4D41-8404-CB4815216EA9.jpeg",640,434,false],"large":["https:\/\/quehacerpolitico.mx\/wp-content\/uploads\/2023\/03\/D2B0C95D-CBD2-4D41-8404-CB4815216EA9.jpeg",640,434,false],"1536x1536":["https:\/\/quehacerpolitico.mx\/wp-content\/uploads\/2023\/03\/D2B0C95D-CBD2-4D41-8404-CB4815216EA9.jpeg",640,434,false],"2048x2048":["https:\/\/quehacerpolitico.mx\/wp-content\/uploads\/2023\/03\/D2B0C95D-CBD2-4D41-8404-CB4815216EA9.jpeg",640,434,false],"covernews-featured":["https:\/\/quehacerpolitico.mx\/wp-content\/uploads\/2023\/03\/D2B0C95D-CBD2-4D41-8404-CB4815216EA9.jpeg",640,434,false],"covernews-medium":["https:\/\/quehacerpolitico.mx\/wp-content\/uploads\/2023\/03\/D2B0C95D-CBD2-4D41-8404-CB4815216EA9.jpeg",501,340,false]},"author_info":{"display_name":"Redacci\u00f3n QP","author_link":"https:\/\/quehacerpolitico.mx\/?author=2"},"category_info":"<a href=\"https:\/\/quehacerpolitico.mx\/?cat=2\" rel=\"category\">Noticias<\/a>","tag_info":"Noticias","comment_count":"0","_links":{"self":[{"href":"https:\/\/quehacerpolitico.mx\/index.php?rest_route=\/wp\/v2\/posts\/99061","targetHints":{"allow":["GET"]}}],"collection":[{"href":"https:\/\/quehacerpolitico.mx\/index.php?rest_route=\/wp\/v2\/posts"}],"about":[{"href":"https:\/\/quehacerpolitico.mx\/index.php?rest_route=\/wp\/v2\/types\/post"}],"author":[{"embeddable":true,"href":"https:\/\/quehacerpolitico.mx\/index.php?rest_route=\/wp\/v2\/users\/2"}],"replies":[{"embeddable":true,"href":"https:\/\/quehacerpolitico.mx\/index.php?rest_route=%2Fwp%2Fv2%2Fcomments&post=99061"}],"version-history":[{"count":1,"href":"https:\/\/quehacerpolitico.mx\/index.php?rest_route=\/wp\/v2\/posts\/99061\/revisions"}],"predecessor-version":[{"id":99063,"href":"https:\/\/quehacerpolitico.mx\/index.php?rest_route=\/wp\/v2\/posts\/99061\/revisions\/99063"}],"wp:featuredmedia":[{"embeddable":true,"href":"https:\/\/quehacerpolitico.mx\/index.php?rest_route=\/wp\/v2\/media\/99062"}],"wp:attachment":[{"href":"https:\/\/quehacerpolitico.mx\/index.php?rest_route=%2Fwp%2Fv2%2Fmedia&parent=99061"}],"wp:term":[{"taxonomy":"category","embeddable":true,"href":"https:\/\/quehacerpolitico.mx\/index.php?rest_route=%2Fwp%2Fv2%2Fcategories&post=99061"},{"taxonomy":"post_tag","embeddable":true,"href":"https:\/\/quehacerpolitico.mx\/index.php?rest_route=%2Fwp%2Fv2%2Ftags&post=99061"}],"curies":[{"name":"wp","href":"https:\/\/api.w.org\/{rel}","templated":true}]}}