{"id":99052,"date":"2023-03-02T15:16:57","date_gmt":"2023-03-02T15:16:57","guid":{"rendered":"https:\/\/quehacerpolitico.mx\/?p=99052"},"modified":"2023-03-02T15:17:00","modified_gmt":"2023-03-02T15:17:00","slug":"lopez-obrador-busca-combatir-inflacion-con-una-alianza-economica-en-latinoamerica","status":"publish","type":"post","link":"https:\/\/quehacerpolitico.mx\/?p=99052","title":{"rendered":"L\u00f3pez Obrador busca combatir inflaci\u00f3n con una alianza econ\u00f3mica en Latinoam\u00e9rica"},"content":{"rendered":"\n<p>Por Redacci\u00f3n QP<\/p>\n\n\n\n<p>La alianza incluir\u00eda en un inicio a Argentina, Bolivia, Brasil, Chile, Colombia, Cuba y Honduras<\/p>\n\n\n\n<p>El Presidente Andr\u00e9s Manuel L\u00f3pez Obrador revel\u00f3 este jueves que convoc\u00f3 a los mandatarios latinoamericanos a una alianza econ\u00f3mica y comercial antiinflaci\u00f3n que\u00a0<strong>incluir\u00eda en un inicio a Argentina, Bolivia, Brasil, Chile, Colombia, Cuba y Honduras.<\/strong><\/p>\n\n\n\n<p>&#8220;Vamos a llevar a cabo un plan antiinflacionario, de ayuda mutua para el crecimiento, para el intercambio econ\u00f3mico con pa\u00edses de Am\u00e9rica Latina&#8221;<\/p>\n\n\n\n<p>&#8220;Vamos a llevar a cabo un plan antiinflacionario, de ayuda mutua para el crecimiento, para el intercambio econ\u00f3mico comercial con pa\u00edses de Am\u00e9rica Latina&#8221;, anunci\u00f3 L\u00f3pez Obrador en su rueda de prensa &#8220;ma\u00f1anera&#8221; de este jueves.<\/p>\n\n\n\n<figure class=\"wp-block-embed is-type-rich is-provider-twitter wp-block-embed-twitter\"><div class=\"wp-block-embed__wrapper\">\n<blockquote class=\"twitter-tweet\" data-width=\"550\" data-dnt=\"true\"><p lang=\"es\" dir=\"ltr\">\u00bfPlan antiinflacionario de ayuda mutua?<br><br>Eso es lo que AMLO quiere hacer con sus amigos de Latinoamerica para el crecimiento e intercambio econ\u00f3mico comercial.<br><br>Ya hizo llamadas ayer con Lula Da Silva (Brasil) y Gustavo Petro (Colombia) <a href=\"https:\/\/t.co\/Fx7C7cJRNJ\">pic.twitter.com\/Fx7C7cJRNJ<\/a><\/p>&mdash; Ruido en la Red (@RuidoEnLaRed) <a href=\"https:\/\/twitter.com\/RuidoEnLaRed\/status\/1631294221868056580?ref_src=twsrc%5Etfw\">March 2, 2023<\/a><\/blockquote><script async src=\"https:\/\/platform.twitter.com\/widgets.js\" charset=\"utf-8\"><\/script>\n<\/div><\/figure>\n\n\n\n<p>El Mandatario inform\u00f3 que, &#8220;con este prop\u00f3sito&#8221;<strong>, habl\u00f3 el d\u00eda anterior con los presidentes\u00a0<\/strong>de Brasil, Luiz In\u00e1cio Lula da Silva; de Colombia, Gustavo Petro; de Cuba, Miguel D\u00edaz-Canel, y de Argentina, Alberto Fern\u00e1ndez.<\/p>\n\n\n\n<p>&#8220;Nos faltan llamadas, aunque Alberto Fern\u00e1ndez se comprometi\u00f3 a hacerlo con el presidente de Chile y con el presidente de Bolivia, Gabriel Boric y Luis Arce, y yo voy a hablar hoy con la se\u00f1ora Xiomara Castro de Honduras&#8221;, agreg\u00f3.<\/p>\n\n\n\n<p>Sin revelar a\u00fan m\u00e1s detalles de la alianza y los pa\u00edses que han aceptado,\u00a0<strong>L\u00f3pez Obrador anunci\u00f3 una reuni\u00f3n virtual con estos jefes de Estado para el 5 de abril.<\/strong><\/p>\n\n\n\n<p>&#8220;Primero esta reuni\u00f3n y luego va a ser presencial, pero ya van a empezar a trabajar los cancilleres, los secretarios de Hacienda, de Econom\u00eda, de Comercio, para buscar intercambios en importaci\u00f3n y exportaci\u00f3n de alimentos y de otros bienes, con el prop\u00f3sito de enfrentar la carest\u00eda de la vida de manera conjunta&#8221;, ahond\u00f3.<\/p>\n\n\n\n<p>L\u00f3pez Obrador devel\u00f3 esta propuesta mientras el alza de precios no cede en M\u00e9xico, que\u00a0registr\u00f3 una inflaci\u00f3n general de 7.91% en enero, la mayor para un inicio de a\u00f1o en dos d\u00e9cadas, tras un 7.82 % en diciembre, el mayor cierre de a\u00f1o en lo que va del siglo.<\/p>\n\n\n\n<p>El Presidente&nbsp;<strong>reconoci\u00f3 la dificultad para afrontar el encarecimiento de alimentos,&nbsp;<\/strong>aunque argument\u00f3 que el alza de precios es un &#8220;fen\u00f3meno mundial&#8221; que &#8220;se precipita por la guerra en Ucrania&#8221;.<\/p>\n\n\n\n<p>Por ello, coment\u00f3 que la alianza &#8220;tiene que ver con alimentos,&nbsp;<strong>conseguir precios, quitar aranceles, barreras que impiden que se puedan obtener alimentos a buen precio para el mercado interno de los pa\u00edses<\/strong>&#8220;.<\/p>\n\n\n\n<p>Cuestionado por otros gobiernos que podr\u00edan sumarse, L\u00f3pez Obrador pidi\u00f3 esperar.<\/p>\n\n\n\n<p>&#8220;Estamos empezando, vamos a iniciar as\u00ed, y poco a poco se va a ir ampliando, es un acuerdo econ\u00f3mico, comercial, vamos a invitar a productores, a distribuidores, comerciantes, importadores, quienes venden, quienes compran&#8221;, manifest\u00f3.<\/p>\n\n\n\n<p>Con Informaci\u00f3n de EFE<\/p>\n","protected":false},"excerpt":{"rendered":"<p>Por Redacci\u00f3n QP La alianza incluir\u00eda en un inicio a Argentina, Bolivia, Brasil, Chile, Colombia,&#8230;<\/p>\n","protected":false},"author":2,"featured_media":99053,"comment_status":"open","ping_status":"open","sticky":false,"template":"","format":"standard","meta":{"_monsterinsights_skip_tracking":false,"_monsterinsights_sitenote_active":false,"_monsterinsights_sitenote_note":"","_monsterinsights_sitenote_category":0,"footnotes":""},"categories":[2],"tags":[],"class_list":["post-99052","post","type-post","status-publish","format-standard","has-post-thumbnail","hentry","category-noticias"],"yoast_head":"<!-- This site is optimized with the Yoast SEO plugin v27.3 - https:\/\/yoast.com\/product\/yoast-seo-wordpress\/ -->\n<title>L\u00f3pez Obrador busca combatir inflaci\u00f3n con una alianza econ\u00f3mica en Latinoam\u00e9rica -<\/title>\n<meta name=\"robots\" content=\"index, follow, max-snippet:-1, max-image-preview:large, max-video-preview:-1\" \/>\n<link rel=\"canonical\" href=\"https:\/\/quehacerpolitico.mx\/?p=99052\" \/>\n<meta property=\"og:locale\" content=\"es_MX\" \/>\n<meta property=\"og:type\" content=\"article\" \/>\n<meta property=\"og:title\" content=\"L\u00f3pez Obrador busca combatir inflaci\u00f3n con una alianza econ\u00f3mica en Latinoam\u00e9rica -\" \/>\n<meta property=\"og:description\" content=\"Por Redacci\u00f3n QP La alianza incluir\u00eda en un inicio a Argentina, Bolivia, Brasil, Chile, Colombia,...\" \/>\n<meta property=\"og:url\" content=\"https:\/\/quehacerpolitico.mx\/?p=99052\" \/>\n<meta property=\"article:published_time\" content=\"2023-03-02T15:16:57+00:00\" \/>\n<meta property=\"article:modified_time\" content=\"2023-03-02T15:17:00+00:00\" \/>\n<meta property=\"og:image\" content=\"https:\/\/quehacerpolitico.mx\/wp-content\/uploads\/2023\/03\/642C7F4E-A41B-4CBD-8386-0AFC46E08608.jpeg\" \/>\n\t<meta property=\"og:image:width\" content=\"1284\" \/>\n\t<meta property=\"og:image:height\" content=\"700\" \/>\n\t<meta property=\"og:image:type\" content=\"image\/jpeg\" \/>\n<meta name=\"author\" content=\"Redacci\u00f3n QP\" \/>\n<meta name=\"twitter:card\" content=\"summary_large_image\" \/>\n<meta name=\"twitter:label1\" content=\"Escrito por\" \/>\n\t<meta name=\"twitter:data1\" content=\"Redacci\u00f3n QP\" \/>\n\t<meta name=\"twitter:label2\" content=\"Tiempo de lectura\" \/>\n\t<meta name=\"twitter:data2\" content=\"2 minutos\" \/>\n<script type=\"application\/ld+json\" class=\"yoast-schema-graph\">{\"@context\":\"https:\\\/\\\/schema.org\",\"@graph\":[{\"@type\":\"Article\",\"@id\":\"https:\\\/\\\/quehacerpolitico.mx\\\/?p=99052#article\",\"isPartOf\":{\"@id\":\"https:\\\/\\\/quehacerpolitico.mx\\\/?p=99052\"},\"author\":{\"name\":\"Redacci\u00f3n QP\",\"@id\":\"https:\\\/\\\/quehacerpolitico.mx\\\/#\\\/schema\\\/person\\\/496d8ad2d1d3f8036101dca7ee39e585\"},\"headline\":\"L\u00f3pez Obrador busca combatir inflaci\u00f3n con una alianza econ\u00f3mica en Latinoam\u00e9rica\",\"datePublished\":\"2023-03-02T15:16:57+00:00\",\"dateModified\":\"2023-03-02T15:17:00+00:00\",\"mainEntityOfPage\":{\"@id\":\"https:\\\/\\\/quehacerpolitico.mx\\\/?p=99052\"},\"wordCount\":502,\"commentCount\":0,\"image\":{\"@id\":\"https:\\\/\\\/quehacerpolitico.mx\\\/?p=99052#primaryimage\"},\"thumbnailUrl\":\"https:\\\/\\\/quehacerpolitico.mx\\\/wp-content\\\/uploads\\\/2023\\\/03\\\/642C7F4E-A41B-4CBD-8386-0AFC46E08608.jpeg\",\"articleSection\":[\"Noticias\"],\"inLanguage\":\"es\",\"potentialAction\":[{\"@type\":\"CommentAction\",\"name\":\"Comment\",\"target\":[\"https:\\\/\\\/quehacerpolitico.mx\\\/?p=99052#respond\"]}]},{\"@type\":\"WebPage\",\"@id\":\"https:\\\/\\\/quehacerpolitico.mx\\\/?p=99052\",\"url\":\"https:\\\/\\\/quehacerpolitico.mx\\\/?p=99052\",\"name\":\"L\u00f3pez Obrador busca combatir inflaci\u00f3n con una alianza econ\u00f3mica en Latinoam\u00e9rica -\",\"isPartOf\":{\"@id\":\"https:\\\/\\\/quehacerpolitico.mx\\\/#website\"},\"primaryImageOfPage\":{\"@id\":\"https:\\\/\\\/quehacerpolitico.mx\\\/?p=99052#primaryimage\"},\"image\":{\"@id\":\"https:\\\/\\\/quehacerpolitico.mx\\\/?p=99052#primaryimage\"},\"thumbnailUrl\":\"https:\\\/\\\/quehacerpolitico.mx\\\/wp-content\\\/uploads\\\/2023\\\/03\\\/642C7F4E-A41B-4CBD-8386-0AFC46E08608.jpeg\",\"datePublished\":\"2023-03-02T15:16:57+00:00\",\"dateModified\":\"2023-03-02T15:17:00+00:00\",\"author\":{\"@id\":\"https:\\\/\\\/quehacerpolitico.mx\\\/#\\\/schema\\\/person\\\/496d8ad2d1d3f8036101dca7ee39e585\"},\"breadcrumb\":{\"@id\":\"https:\\\/\\\/quehacerpolitico.mx\\\/?p=99052#breadcrumb\"},\"inLanguage\":\"es\",\"potentialAction\":[{\"@type\":\"ReadAction\",\"target\":[\"https:\\\/\\\/quehacerpolitico.mx\\\/?p=99052\"]}]},{\"@type\":\"ImageObject\",\"inLanguage\":\"es\",\"@id\":\"https:\\\/\\\/quehacerpolitico.mx\\\/?p=99052#primaryimage\",\"url\":\"https:\\\/\\\/quehacerpolitico.mx\\\/wp-content\\\/uploads\\\/2023\\\/03\\\/642C7F4E-A41B-4CBD-8386-0AFC46E08608.jpeg\",\"contentUrl\":\"https:\\\/\\\/quehacerpolitico.mx\\\/wp-content\\\/uploads\\\/2023\\\/03\\\/642C7F4E-A41B-4CBD-8386-0AFC46E08608.jpeg\",\"width\":1284,\"height\":700},{\"@type\":\"BreadcrumbList\",\"@id\":\"https:\\\/\\\/quehacerpolitico.mx\\\/?p=99052#breadcrumb\",\"itemListElement\":[{\"@type\":\"ListItem\",\"position\":1,\"name\":\"Inicio\",\"item\":\"https:\\\/\\\/quehacerpolitico.mx\\\/\"},{\"@type\":\"ListItem\",\"position\":2,\"name\":\"L\u00f3pez Obrador busca combatir inflaci\u00f3n con una alianza econ\u00f3mica en Latinoam\u00e9rica\"}]},{\"@type\":\"WebSite\",\"@id\":\"https:\\\/\\\/quehacerpolitico.mx\\\/#website\",\"url\":\"https:\\\/\\\/quehacerpolitico.mx\\\/\",\"name\":\"\",\"description\":\"\",\"potentialAction\":[{\"@type\":\"SearchAction\",\"target\":{\"@type\":\"EntryPoint\",\"urlTemplate\":\"https:\\\/\\\/quehacerpolitico.mx\\\/?s={search_term_string}\"},\"query-input\":{\"@type\":\"PropertyValueSpecification\",\"valueRequired\":true,\"valueName\":\"search_term_string\"}}],\"inLanguage\":\"es\"},{\"@type\":\"Person\",\"@id\":\"https:\\\/\\\/quehacerpolitico.mx\\\/#\\\/schema\\\/person\\\/496d8ad2d1d3f8036101dca7ee39e585\",\"name\":\"Redacci\u00f3n QP\",\"image\":{\"@type\":\"ImageObject\",\"inLanguage\":\"es\",\"@id\":\"https:\\\/\\\/secure.gravatar.com\\\/avatar\\\/c7164ed6fdec453195284ad24a5ae5b6e1eed2b848477fa2a4787ba9adf39a41?s=96&d=mm&r=g\",\"url\":\"https:\\\/\\\/secure.gravatar.com\\\/avatar\\\/c7164ed6fdec453195284ad24a5ae5b6e1eed2b848477fa2a4787ba9adf39a41?s=96&d=mm&r=g\",\"contentUrl\":\"https:\\\/\\\/secure.gravatar.com\\\/avatar\\\/c7164ed6fdec453195284ad24a5ae5b6e1eed2b848477fa2a4787ba9adf39a41?s=96&d=mm&r=g\",\"caption\":\"Redacci\u00f3n QP\"},\"url\":\"https:\\\/\\\/quehacerpolitico.mx\\\/?author=2\"}]}<\/script>\n<!-- \/ Yoast SEO plugin. -->","yoast_head_json":{"title":"L\u00f3pez Obrador busca combatir inflaci\u00f3n con una alianza econ\u00f3mica en Latinoam\u00e9rica -","robots":{"index":"index","follow":"follow","max-snippet":"max-snippet:-1","max-image-preview":"max-image-preview:large","max-video-preview":"max-video-preview:-1"},"canonical":"https:\/\/quehacerpolitico.mx\/?p=99052","og_locale":"es_MX","og_type":"article","og_title":"L\u00f3pez Obrador busca combatir inflaci\u00f3n con una alianza econ\u00f3mica en Latinoam\u00e9rica -","og_description":"Por Redacci\u00f3n QP La alianza incluir\u00eda en un inicio a Argentina, Bolivia, Brasil, Chile, Colombia,...","og_url":"https:\/\/quehacerpolitico.mx\/?p=99052","article_published_time":"2023-03-02T15:16:57+00:00","article_modified_time":"2023-03-02T15:17:00+00:00","og_image":[{"width":1284,"height":700,"url":"https:\/\/quehacerpolitico.mx\/wp-content\/uploads\/2023\/03\/642C7F4E-A41B-4CBD-8386-0AFC46E08608.jpeg","type":"image\/jpeg"}],"author":"Redacci\u00f3n QP","twitter_card":"summary_large_image","twitter_misc":{"Escrito por":"Redacci\u00f3n QP","Tiempo de lectura":"2 minutos"},"schema":{"@context":"https:\/\/schema.org","@graph":[{"@type":"Article","@id":"https:\/\/quehacerpolitico.mx\/?p=99052#article","isPartOf":{"@id":"https:\/\/quehacerpolitico.mx\/?p=99052"},"author":{"name":"Redacci\u00f3n QP","@id":"https:\/\/quehacerpolitico.mx\/#\/schema\/person\/496d8ad2d1d3f8036101dca7ee39e585"},"headline":"L\u00f3pez Obrador busca combatir inflaci\u00f3n con una alianza econ\u00f3mica en Latinoam\u00e9rica","datePublished":"2023-03-02T15:16:57+00:00","dateModified":"2023-03-02T15:17:00+00:00","mainEntityOfPage":{"@id":"https:\/\/quehacerpolitico.mx\/?p=99052"},"wordCount":502,"commentCount":0,"image":{"@id":"https:\/\/quehacerpolitico.mx\/?p=99052#primaryimage"},"thumbnailUrl":"https:\/\/quehacerpolitico.mx\/wp-content\/uploads\/2023\/03\/642C7F4E-A41B-4CBD-8386-0AFC46E08608.jpeg","articleSection":["Noticias"],"inLanguage":"es","potentialAction":[{"@type":"CommentAction","name":"Comment","target":["https:\/\/quehacerpolitico.mx\/?p=99052#respond"]}]},{"@type":"WebPage","@id":"https:\/\/quehacerpolitico.mx\/?p=99052","url":"https:\/\/quehacerpolitico.mx\/?p=99052","name":"L\u00f3pez Obrador busca combatir inflaci\u00f3n con una alianza econ\u00f3mica en Latinoam\u00e9rica -","isPartOf":{"@id":"https:\/\/quehacerpolitico.mx\/#website"},"primaryImageOfPage":{"@id":"https:\/\/quehacerpolitico.mx\/?p=99052#primaryimage"},"image":{"@id":"https:\/\/quehacerpolitico.mx\/?p=99052#primaryimage"},"thumbnailUrl":"https:\/\/quehacerpolitico.mx\/wp-content\/uploads\/2023\/03\/642C7F4E-A41B-4CBD-8386-0AFC46E08608.jpeg","datePublished":"2023-03-02T15:16:57+00:00","dateModified":"2023-03-02T15:17:00+00:00","author":{"@id":"https:\/\/quehacerpolitico.mx\/#\/schema\/person\/496d8ad2d1d3f8036101dca7ee39e585"},"breadcrumb":{"@id":"https:\/\/quehacerpolitico.mx\/?p=99052#breadcrumb"},"inLanguage":"es","potentialAction":[{"@type":"ReadAction","target":["https:\/\/quehacerpolitico.mx\/?p=99052"]}]},{"@type":"ImageObject","inLanguage":"es","@id":"https:\/\/quehacerpolitico.mx\/?p=99052#primaryimage","url":"https:\/\/quehacerpolitico.mx\/wp-content\/uploads\/2023\/03\/642C7F4E-A41B-4CBD-8386-0AFC46E08608.jpeg","contentUrl":"https:\/\/quehacerpolitico.mx\/wp-content\/uploads\/2023\/03\/642C7F4E-A41B-4CBD-8386-0AFC46E08608.jpeg","width":1284,"height":700},{"@type":"BreadcrumbList","@id":"https:\/\/quehacerpolitico.mx\/?p=99052#breadcrumb","itemListElement":[{"@type":"ListItem","position":1,"name":"Inicio","item":"https:\/\/quehacerpolitico.mx\/"},{"@type":"ListItem","position":2,"name":"L\u00f3pez Obrador busca combatir inflaci\u00f3n con una alianza econ\u00f3mica en Latinoam\u00e9rica"}]},{"@type":"WebSite","@id":"https:\/\/quehacerpolitico.mx\/#website","url":"https:\/\/quehacerpolitico.mx\/","name":"","description":"","potentialAction":[{"@type":"SearchAction","target":{"@type":"EntryPoint","urlTemplate":"https:\/\/quehacerpolitico.mx\/?s={search_term_string}"},"query-input":{"@type":"PropertyValueSpecification","valueRequired":true,"valueName":"search_term_string"}}],"inLanguage":"es"},{"@type":"Person","@id":"https:\/\/quehacerpolitico.mx\/#\/schema\/person\/496d8ad2d1d3f8036101dca7ee39e585","name":"Redacci\u00f3n QP","image":{"@type":"ImageObject","inLanguage":"es","@id":"https:\/\/secure.gravatar.com\/avatar\/c7164ed6fdec453195284ad24a5ae5b6e1eed2b848477fa2a4787ba9adf39a41?s=96&d=mm&r=g","url":"https:\/\/secure.gravatar.com\/avatar\/c7164ed6fdec453195284ad24a5ae5b6e1eed2b848477fa2a4787ba9adf39a41?s=96&d=mm&r=g","contentUrl":"https:\/\/secure.gravatar.com\/avatar\/c7164ed6fdec453195284ad24a5ae5b6e1eed2b848477fa2a4787ba9adf39a41?s=96&d=mm&r=g","caption":"Redacci\u00f3n QP"},"url":"https:\/\/quehacerpolitico.mx\/?author=2"}]}},"featured_image_urls":{"full":["https:\/\/quehacerpolitico.mx\/wp-content\/uploads\/2023\/03\/642C7F4E-A41B-4CBD-8386-0AFC46E08608.jpeg",1284,700,false],"thumbnail":["https:\/\/quehacerpolitico.mx\/wp-content\/uploads\/2023\/03\/642C7F4E-A41B-4CBD-8386-0AFC46E08608-150x150.jpeg",150,150,true],"medium":["https:\/\/quehacerpolitico.mx\/wp-content\/uploads\/2023\/03\/642C7F4E-A41B-4CBD-8386-0AFC46E08608-300x164.jpeg",300,164,true],"medium_large":["https:\/\/quehacerpolitico.mx\/wp-content\/uploads\/2023\/03\/642C7F4E-A41B-4CBD-8386-0AFC46E08608-768x419.jpeg",640,349,true],"large":["https:\/\/quehacerpolitico.mx\/wp-content\/uploads\/2023\/03\/642C7F4E-A41B-4CBD-8386-0AFC46E08608-1024x558.jpeg",640,349,true],"1536x1536":["https:\/\/quehacerpolitico.mx\/wp-content\/uploads\/2023\/03\/642C7F4E-A41B-4CBD-8386-0AFC46E08608.jpeg",1284,700,false],"2048x2048":["https:\/\/quehacerpolitico.mx\/wp-content\/uploads\/2023\/03\/642C7F4E-A41B-4CBD-8386-0AFC46E08608.jpeg",1284,700,false],"covernews-featured":["https:\/\/quehacerpolitico.mx\/wp-content\/uploads\/2023\/03\/642C7F4E-A41B-4CBD-8386-0AFC46E08608.jpeg",1024,558,false],"covernews-medium":["https:\/\/quehacerpolitico.mx\/wp-content\/uploads\/2023\/03\/642C7F4E-A41B-4CBD-8386-0AFC46E08608.jpeg",540,294,false]},"author_info":{"display_name":"Redacci\u00f3n QP","author_link":"https:\/\/quehacerpolitico.mx\/?author=2"},"category_info":"<a href=\"https:\/\/quehacerpolitico.mx\/?cat=2\" rel=\"category\">Noticias<\/a>","tag_info":"Noticias","comment_count":"0","_links":{"self":[{"href":"https:\/\/quehacerpolitico.mx\/index.php?rest_route=\/wp\/v2\/posts\/99052","targetHints":{"allow":["GET"]}}],"collection":[{"href":"https:\/\/quehacerpolitico.mx\/index.php?rest_route=\/wp\/v2\/posts"}],"about":[{"href":"https:\/\/quehacerpolitico.mx\/index.php?rest_route=\/wp\/v2\/types\/post"}],"author":[{"embeddable":true,"href":"https:\/\/quehacerpolitico.mx\/index.php?rest_route=\/wp\/v2\/users\/2"}],"replies":[{"embeddable":true,"href":"https:\/\/quehacerpolitico.mx\/index.php?rest_route=%2Fwp%2Fv2%2Fcomments&post=99052"}],"version-history":[{"count":1,"href":"https:\/\/quehacerpolitico.mx\/index.php?rest_route=\/wp\/v2\/posts\/99052\/revisions"}],"predecessor-version":[{"id":99054,"href":"https:\/\/quehacerpolitico.mx\/index.php?rest_route=\/wp\/v2\/posts\/99052\/revisions\/99054"}],"wp:featuredmedia":[{"embeddable":true,"href":"https:\/\/quehacerpolitico.mx\/index.php?rest_route=\/wp\/v2\/media\/99053"}],"wp:attachment":[{"href":"https:\/\/quehacerpolitico.mx\/index.php?rest_route=%2Fwp%2Fv2%2Fmedia&parent=99052"}],"wp:term":[{"taxonomy":"category","embeddable":true,"href":"https:\/\/quehacerpolitico.mx\/index.php?rest_route=%2Fwp%2Fv2%2Fcategories&post=99052"},{"taxonomy":"post_tag","embeddable":true,"href":"https:\/\/quehacerpolitico.mx\/index.php?rest_route=%2Fwp%2Fv2%2Ftags&post=99052"}],"curies":[{"name":"wp","href":"https:\/\/api.w.org\/{rel}","templated":true}]}}