{"id":99000,"date":"2023-02-28T16:41:19","date_gmt":"2023-02-28T16:41:19","guid":{"rendered":"https:\/\/quehacerpolitico.mx\/?p=99000"},"modified":"2023-02-28T17:22:44","modified_gmt":"2023-02-28T17:22:44","slug":"lopez-obrador-dice-a-washington-que-hay-mas-democracia-en-mexico-que-en-estados-unidos","status":"publish","type":"post","link":"https:\/\/quehacerpolitico.mx\/?p=99000","title":{"rendered":"L\u00f3pez Obrador dice a Washington que hay m\u00e1s democracia en M\u00e9xico que en Estados Unidos"},"content":{"rendered":"\n<p>Por Redacci\u00f3n QP<\/p>\n\n\n\n<p>El Presidente L\u00f3pez Obrador respondi\u00f3 a los comentarios hechos por Brian Nichols<\/p>\n\n\n\n<p><strong>El Presidente mexicano, Andr\u00e9s Manuel L\u00f3pez Obrador<\/strong>, dijo este martes a Washington que&nbsp;<strong>hay m\u00e1s democracia en M\u00e9xico que en Estados Unidos<\/strong>&nbsp;tras los cuestionamientos del Departamento de Estado a su reforma electoral, conocida como el &#8220;Plan B&#8221;.<\/p>\n\n\n\n<p>&#8220;Le digo al se\u00f1or (Antony) Blinken (secretario de Estado de los Estados Unidos) que hay m\u00e1s democracia en M\u00e9xico que en Estados Unidos (&#8230;).<strong>Es porque aqu\u00ed gobierna el pueblo, all\u00e1 la oligarqu\u00eda<\/strong>&#8220;, dijo el mandatario mexicano en su rueda de prensa diaria.<\/p>\n\n\n\n<figure class=\"wp-block-embed is-type-video is-provider-youtube wp-block-embed-youtube wp-embed-aspect-16-9 wp-has-aspect-ratio\"><div class=\"wp-block-embed__wrapper\">\n<iframe loading=\"lazy\" title=\"AMLO revira a EU: hay m\u00e1s democracia en M\u00e9xico\" width=\"640\" height=\"360\" src=\"https:\/\/www.youtube.com\/embed\/HdSHIt6KuD8?feature=oembed\" frameborder=\"0\" allow=\"accelerometer; autoplay; clipboard-write; encrypted-media; gyroscope; picture-in-picture; web-share\" referrerpolicy=\"strict-origin-when-cross-origin\" allowfullscreen><\/iframe>\n<\/div><\/figure>\n\n\n\n<p>La pol\u00e9mica surgi\u00f3 a ra\u00edz de las declaraciones hechas por autoridades estadounidenses tras la marcha del domingo en contra de la reforma electoral que fue aprobada la pasada semana en el Senado mexicano.<\/p>\n\n\n\n<p>El secretario asistente para el Hemisferio Occidental del Departamento de Estado, Brian Nichols, dijo que Washington&nbsp;<strong>&#8220;apoya instituciones electorales independientes que tienen recursos para fortalecer los procesos democr\u00e1ticos y el Estado de derecho&#8221;.<\/strong>&nbsp;<strong>&#8220;En M\u00e9xico hoy vemos un gran debate sobre reformas electorales que ponen a prueba la independencia de instituciones electorales y judiciales&#8221;<\/strong>, apunt\u00f3 Nichols.<\/p>\n\n\n\n<p>Por su parte, el portavoz del Departamento de Estado estadounidense,&nbsp;<strong>Ned Price<\/strong>, dijo durante una rueda de prensa este lunes que su pa\u00eds&nbsp;<strong>&#8220;respeta la soberan\u00eda de M\u00e9xico&#8221;<\/strong>, pero que&nbsp;<strong>&#8220;un sistema electoral independiente (&#8230;) constituye uno de los pilares de la democracia&#8221;<\/strong>. La reforma, conocida como&nbsp;<strong>&#8220;Plan B&#8221;<\/strong>&nbsp;despu\u00e9s de que fracasase la iniciativa inicial, que pretend\u00eda modificar la constituci\u00f3n,<strong>&nbsp;recorta el presupuesto, el personal y las atribuciones del Instituto Nacional Electoral (INE), el \u00f3rgano aut\u00f3nomo que organiza las elecciones.<\/strong><\/p>\n\n\n\n<p><strong>&#8220;Aprovecho para contestarle al Departamento de Estado del Gobierno de Estados Unidos que, como es la mala costumbre, siempre se inmiscuyen en asuntos que no le corresponden, muy contrario al presidente (Joe) Biden, que siempre habla de igualdad&#8221;<\/strong>, coment\u00f3 L\u00f3pez Obrador.<\/p>\n\n\n\n<figure class=\"wp-block-embed is-type-rich is-provider-twitter wp-block-embed-twitter\"><div class=\"wp-block-embed__wrapper\">\n<blockquote class=\"twitter-tweet\" data-width=\"550\" data-dnt=\"true\"><p lang=\"es\" dir=\"ltr\">\u201cHay m\u00e1s democracia en M\u00e9xico que en Estados Unidos\u201d<br><br>AMLO anda de malas con EU y se enoja con Blinken y el Departamento de Estado. <a href=\"https:\/\/t.co\/tywTb6E2xm\">pic.twitter.com\/tywTb6E2xm<\/a><\/p>&mdash; Ruido en la Red (@RuidoEnLaRed) <a href=\"https:\/\/twitter.com\/RuidoEnLaRed\/status\/1630575951951060993?ref_src=twsrc%5Etfw\">February 28, 2023<\/a><\/blockquote><script async src=\"https:\/\/platform.twitter.com\/widgets.js\" charset=\"utf-8\"><\/script>\n<\/div><\/figure>\n\n\n\n<p>Seg\u00fan ha denunciado la oposici\u00f3n, que organiz\u00f3 la multitudinaria manifestaci\u00f3n del pasado domingo, la reforma podr\u00eda poner en riesgo la autonom\u00eda de los comicios y favorecer al partido en el poder.<strong>&nbsp;&#8220;En vez de estar meti\u00e9ndose de manera injerencista en nuestros asuntos, si quieren seguir con la misma pol\u00edtica, que se ocupen de los que est\u00e1 pasando en Per\u00fa, donde la embajadora de Estados Unidos es la asesora de los golpistas&#8221;<\/strong>, denunci\u00f3 L\u00f3pez Obrador.<\/p>\n\n\n\n<p>As\u00ed, ahond\u00f3 en las cr\u00edticas que ya verti\u00f3 sobre la embajadora en el pa\u00eds andino,&nbsp;<strong>Lisa Kenna<\/strong>, cuando se reuni\u00f3 con la presidenta peruana,&nbsp;<strong>Dina Boluarte<\/strong>, despu\u00e9s de que el exmandatario<strong>&nbsp;Pedro Castillo<\/strong> fuese destituido y encarcelado por dar un autogolpe de Estado.<\/p>\n\n\n\n<p>Con Informaci\u00f3n de EFE<\/p>\n","protected":false},"excerpt":{"rendered":"<p>Por Redacci\u00f3n QP El Presidente L\u00f3pez Obrador respondi\u00f3 a los comentarios hechos por Brian Nichols&#8230;<\/p>\n","protected":false},"author":2,"featured_media":99003,"comment_status":"open","ping_status":"open","sticky":false,"template":"","format":"standard","meta":{"_monsterinsights_skip_tracking":false,"_monsterinsights_sitenote_active":false,"_monsterinsights_sitenote_note":"","_monsterinsights_sitenote_category":0,"footnotes":""},"categories":[2],"tags":[],"class_list":["post-99000","post","type-post","status-publish","format-standard","has-post-thumbnail","hentry","category-noticias"],"yoast_head":"<!-- This site is optimized with the Yoast SEO plugin v27.3 - https:\/\/yoast.com\/product\/yoast-seo-wordpress\/ -->\n<title>L\u00f3pez Obrador dice a Washington que hay m\u00e1s democracia en M\u00e9xico que en Estados Unidos -<\/title>\n<meta name=\"robots\" content=\"index, follow, max-snippet:-1, max-image-preview:large, max-video-preview:-1\" \/>\n<link rel=\"canonical\" href=\"https:\/\/quehacerpolitico.mx\/?p=99000\" \/>\n<meta property=\"og:locale\" content=\"es_MX\" \/>\n<meta property=\"og:type\" content=\"article\" \/>\n<meta property=\"og:title\" content=\"L\u00f3pez Obrador dice a Washington que hay m\u00e1s democracia en M\u00e9xico que en Estados Unidos -\" \/>\n<meta property=\"og:description\" content=\"Por Redacci\u00f3n QP El Presidente L\u00f3pez Obrador respondi\u00f3 a los comentarios hechos por Brian Nichols...\" \/>\n<meta property=\"og:url\" content=\"https:\/\/quehacerpolitico.mx\/?p=99000\" \/>\n<meta property=\"article:published_time\" content=\"2023-02-28T16:41:19+00:00\" \/>\n<meta property=\"article:modified_time\" content=\"2023-02-28T17:22:44+00:00\" \/>\n<meta property=\"og:image\" content=\"https:\/\/quehacerpolitico.mx\/wp-content\/uploads\/2023\/02\/59070929-8109-48A5-AE30-12CCAA6A8A0C.jpeg\" \/>\n\t<meta property=\"og:image:width\" content=\"1113\" \/>\n\t<meta property=\"og:image:height\" content=\"1069\" \/>\n\t<meta property=\"og:image:type\" content=\"image\/jpeg\" \/>\n<meta name=\"author\" content=\"Redacci\u00f3n QP\" \/>\n<meta name=\"twitter:card\" content=\"summary_large_image\" \/>\n<meta name=\"twitter:label1\" content=\"Escrito por\" \/>\n\t<meta name=\"twitter:data1\" content=\"Redacci\u00f3n QP\" \/>\n\t<meta name=\"twitter:label2\" content=\"Tiempo de lectura\" \/>\n\t<meta name=\"twitter:data2\" content=\"2 minutos\" \/>\n<script type=\"application\/ld+json\" class=\"yoast-schema-graph\">{\"@context\":\"https:\\\/\\\/schema.org\",\"@graph\":[{\"@type\":\"Article\",\"@id\":\"https:\\\/\\\/quehacerpolitico.mx\\\/?p=99000#article\",\"isPartOf\":{\"@id\":\"https:\\\/\\\/quehacerpolitico.mx\\\/?p=99000\"},\"author\":{\"name\":\"Redacci\u00f3n QP\",\"@id\":\"https:\\\/\\\/quehacerpolitico.mx\\\/#\\\/schema\\\/person\\\/496d8ad2d1d3f8036101dca7ee39e585\"},\"headline\":\"L\u00f3pez Obrador dice a Washington que hay m\u00e1s democracia en M\u00e9xico que en Estados Unidos\",\"datePublished\":\"2023-02-28T16:41:19+00:00\",\"dateModified\":\"2023-02-28T17:22:44+00:00\",\"mainEntityOfPage\":{\"@id\":\"https:\\\/\\\/quehacerpolitico.mx\\\/?p=99000\"},\"wordCount\":510,\"commentCount\":0,\"image\":{\"@id\":\"https:\\\/\\\/quehacerpolitico.mx\\\/?p=99000#primaryimage\"},\"thumbnailUrl\":\"https:\\\/\\\/quehacerpolitico.mx\\\/wp-content\\\/uploads\\\/2023\\\/02\\\/59070929-8109-48A5-AE30-12CCAA6A8A0C.jpeg\",\"articleSection\":[\"Noticias\"],\"inLanguage\":\"es\",\"potentialAction\":[{\"@type\":\"CommentAction\",\"name\":\"Comment\",\"target\":[\"https:\\\/\\\/quehacerpolitico.mx\\\/?p=99000#respond\"]}]},{\"@type\":\"WebPage\",\"@id\":\"https:\\\/\\\/quehacerpolitico.mx\\\/?p=99000\",\"url\":\"https:\\\/\\\/quehacerpolitico.mx\\\/?p=99000\",\"name\":\"L\u00f3pez Obrador dice a Washington que hay m\u00e1s democracia en M\u00e9xico que en Estados Unidos -\",\"isPartOf\":{\"@id\":\"https:\\\/\\\/quehacerpolitico.mx\\\/#website\"},\"primaryImageOfPage\":{\"@id\":\"https:\\\/\\\/quehacerpolitico.mx\\\/?p=99000#primaryimage\"},\"image\":{\"@id\":\"https:\\\/\\\/quehacerpolitico.mx\\\/?p=99000#primaryimage\"},\"thumbnailUrl\":\"https:\\\/\\\/quehacerpolitico.mx\\\/wp-content\\\/uploads\\\/2023\\\/02\\\/59070929-8109-48A5-AE30-12CCAA6A8A0C.jpeg\",\"datePublished\":\"2023-02-28T16:41:19+00:00\",\"dateModified\":\"2023-02-28T17:22:44+00:00\",\"author\":{\"@id\":\"https:\\\/\\\/quehacerpolitico.mx\\\/#\\\/schema\\\/person\\\/496d8ad2d1d3f8036101dca7ee39e585\"},\"breadcrumb\":{\"@id\":\"https:\\\/\\\/quehacerpolitico.mx\\\/?p=99000#breadcrumb\"},\"inLanguage\":\"es\",\"potentialAction\":[{\"@type\":\"ReadAction\",\"target\":[\"https:\\\/\\\/quehacerpolitico.mx\\\/?p=99000\"]}]},{\"@type\":\"ImageObject\",\"inLanguage\":\"es\",\"@id\":\"https:\\\/\\\/quehacerpolitico.mx\\\/?p=99000#primaryimage\",\"url\":\"https:\\\/\\\/quehacerpolitico.mx\\\/wp-content\\\/uploads\\\/2023\\\/02\\\/59070929-8109-48A5-AE30-12CCAA6A8A0C.jpeg\",\"contentUrl\":\"https:\\\/\\\/quehacerpolitico.mx\\\/wp-content\\\/uploads\\\/2023\\\/02\\\/59070929-8109-48A5-AE30-12CCAA6A8A0C.jpeg\",\"width\":1113,\"height\":1069},{\"@type\":\"BreadcrumbList\",\"@id\":\"https:\\\/\\\/quehacerpolitico.mx\\\/?p=99000#breadcrumb\",\"itemListElement\":[{\"@type\":\"ListItem\",\"position\":1,\"name\":\"Inicio\",\"item\":\"https:\\\/\\\/quehacerpolitico.mx\\\/\"},{\"@type\":\"ListItem\",\"position\":2,\"name\":\"L\u00f3pez Obrador dice a Washington que hay m\u00e1s democracia en M\u00e9xico que en Estados Unidos\"}]},{\"@type\":\"WebSite\",\"@id\":\"https:\\\/\\\/quehacerpolitico.mx\\\/#website\",\"url\":\"https:\\\/\\\/quehacerpolitico.mx\\\/\",\"name\":\"\",\"description\":\"\",\"potentialAction\":[{\"@type\":\"SearchAction\",\"target\":{\"@type\":\"EntryPoint\",\"urlTemplate\":\"https:\\\/\\\/quehacerpolitico.mx\\\/?s={search_term_string}\"},\"query-input\":{\"@type\":\"PropertyValueSpecification\",\"valueRequired\":true,\"valueName\":\"search_term_string\"}}],\"inLanguage\":\"es\"},{\"@type\":\"Person\",\"@id\":\"https:\\\/\\\/quehacerpolitico.mx\\\/#\\\/schema\\\/person\\\/496d8ad2d1d3f8036101dca7ee39e585\",\"name\":\"Redacci\u00f3n QP\",\"image\":{\"@type\":\"ImageObject\",\"inLanguage\":\"es\",\"@id\":\"https:\\\/\\\/secure.gravatar.com\\\/avatar\\\/c7164ed6fdec453195284ad24a5ae5b6e1eed2b848477fa2a4787ba9adf39a41?s=96&d=mm&r=g\",\"url\":\"https:\\\/\\\/secure.gravatar.com\\\/avatar\\\/c7164ed6fdec453195284ad24a5ae5b6e1eed2b848477fa2a4787ba9adf39a41?s=96&d=mm&r=g\",\"contentUrl\":\"https:\\\/\\\/secure.gravatar.com\\\/avatar\\\/c7164ed6fdec453195284ad24a5ae5b6e1eed2b848477fa2a4787ba9adf39a41?s=96&d=mm&r=g\",\"caption\":\"Redacci\u00f3n QP\"},\"url\":\"https:\\\/\\\/quehacerpolitico.mx\\\/?author=2\"}]}<\/script>\n<!-- \/ Yoast SEO plugin. -->","yoast_head_json":{"title":"L\u00f3pez Obrador dice a Washington que hay m\u00e1s democracia en M\u00e9xico que en Estados Unidos -","robots":{"index":"index","follow":"follow","max-snippet":"max-snippet:-1","max-image-preview":"max-image-preview:large","max-video-preview":"max-video-preview:-1"},"canonical":"https:\/\/quehacerpolitico.mx\/?p=99000","og_locale":"es_MX","og_type":"article","og_title":"L\u00f3pez Obrador dice a Washington que hay m\u00e1s democracia en M\u00e9xico que en Estados Unidos -","og_description":"Por Redacci\u00f3n QP El Presidente L\u00f3pez Obrador respondi\u00f3 a los comentarios hechos por Brian Nichols...","og_url":"https:\/\/quehacerpolitico.mx\/?p=99000","article_published_time":"2023-02-28T16:41:19+00:00","article_modified_time":"2023-02-28T17:22:44+00:00","og_image":[{"width":1113,"height":1069,"url":"https:\/\/quehacerpolitico.mx\/wp-content\/uploads\/2023\/02\/59070929-8109-48A5-AE30-12CCAA6A8A0C.jpeg","type":"image\/jpeg"}],"author":"Redacci\u00f3n QP","twitter_card":"summary_large_image","twitter_misc":{"Escrito por":"Redacci\u00f3n QP","Tiempo de lectura":"2 minutos"},"schema":{"@context":"https:\/\/schema.org","@graph":[{"@type":"Article","@id":"https:\/\/quehacerpolitico.mx\/?p=99000#article","isPartOf":{"@id":"https:\/\/quehacerpolitico.mx\/?p=99000"},"author":{"name":"Redacci\u00f3n QP","@id":"https:\/\/quehacerpolitico.mx\/#\/schema\/person\/496d8ad2d1d3f8036101dca7ee39e585"},"headline":"L\u00f3pez Obrador dice a Washington que hay m\u00e1s democracia en M\u00e9xico que en Estados Unidos","datePublished":"2023-02-28T16:41:19+00:00","dateModified":"2023-02-28T17:22:44+00:00","mainEntityOfPage":{"@id":"https:\/\/quehacerpolitico.mx\/?p=99000"},"wordCount":510,"commentCount":0,"image":{"@id":"https:\/\/quehacerpolitico.mx\/?p=99000#primaryimage"},"thumbnailUrl":"https:\/\/quehacerpolitico.mx\/wp-content\/uploads\/2023\/02\/59070929-8109-48A5-AE30-12CCAA6A8A0C.jpeg","articleSection":["Noticias"],"inLanguage":"es","potentialAction":[{"@type":"CommentAction","name":"Comment","target":["https:\/\/quehacerpolitico.mx\/?p=99000#respond"]}]},{"@type":"WebPage","@id":"https:\/\/quehacerpolitico.mx\/?p=99000","url":"https:\/\/quehacerpolitico.mx\/?p=99000","name":"L\u00f3pez Obrador dice a Washington que hay m\u00e1s democracia en M\u00e9xico que en Estados Unidos -","isPartOf":{"@id":"https:\/\/quehacerpolitico.mx\/#website"},"primaryImageOfPage":{"@id":"https:\/\/quehacerpolitico.mx\/?p=99000#primaryimage"},"image":{"@id":"https:\/\/quehacerpolitico.mx\/?p=99000#primaryimage"},"thumbnailUrl":"https:\/\/quehacerpolitico.mx\/wp-content\/uploads\/2023\/02\/59070929-8109-48A5-AE30-12CCAA6A8A0C.jpeg","datePublished":"2023-02-28T16:41:19+00:00","dateModified":"2023-02-28T17:22:44+00:00","author":{"@id":"https:\/\/quehacerpolitico.mx\/#\/schema\/person\/496d8ad2d1d3f8036101dca7ee39e585"},"breadcrumb":{"@id":"https:\/\/quehacerpolitico.mx\/?p=99000#breadcrumb"},"inLanguage":"es","potentialAction":[{"@type":"ReadAction","target":["https:\/\/quehacerpolitico.mx\/?p=99000"]}]},{"@type":"ImageObject","inLanguage":"es","@id":"https:\/\/quehacerpolitico.mx\/?p=99000#primaryimage","url":"https:\/\/quehacerpolitico.mx\/wp-content\/uploads\/2023\/02\/59070929-8109-48A5-AE30-12CCAA6A8A0C.jpeg","contentUrl":"https:\/\/quehacerpolitico.mx\/wp-content\/uploads\/2023\/02\/59070929-8109-48A5-AE30-12CCAA6A8A0C.jpeg","width":1113,"height":1069},{"@type":"BreadcrumbList","@id":"https:\/\/quehacerpolitico.mx\/?p=99000#breadcrumb","itemListElement":[{"@type":"ListItem","position":1,"name":"Inicio","item":"https:\/\/quehacerpolitico.mx\/"},{"@type":"ListItem","position":2,"name":"L\u00f3pez Obrador dice a Washington que hay m\u00e1s democracia en M\u00e9xico que en Estados Unidos"}]},{"@type":"WebSite","@id":"https:\/\/quehacerpolitico.mx\/#website","url":"https:\/\/quehacerpolitico.mx\/","name":"","description":"","potentialAction":[{"@type":"SearchAction","target":{"@type":"EntryPoint","urlTemplate":"https:\/\/quehacerpolitico.mx\/?s={search_term_string}"},"query-input":{"@type":"PropertyValueSpecification","valueRequired":true,"valueName":"search_term_string"}}],"inLanguage":"es"},{"@type":"Person","@id":"https:\/\/quehacerpolitico.mx\/#\/schema\/person\/496d8ad2d1d3f8036101dca7ee39e585","name":"Redacci\u00f3n QP","image":{"@type":"ImageObject","inLanguage":"es","@id":"https:\/\/secure.gravatar.com\/avatar\/c7164ed6fdec453195284ad24a5ae5b6e1eed2b848477fa2a4787ba9adf39a41?s=96&d=mm&r=g","url":"https:\/\/secure.gravatar.com\/avatar\/c7164ed6fdec453195284ad24a5ae5b6e1eed2b848477fa2a4787ba9adf39a41?s=96&d=mm&r=g","contentUrl":"https:\/\/secure.gravatar.com\/avatar\/c7164ed6fdec453195284ad24a5ae5b6e1eed2b848477fa2a4787ba9adf39a41?s=96&d=mm&r=g","caption":"Redacci\u00f3n QP"},"url":"https:\/\/quehacerpolitico.mx\/?author=2"}]}},"featured_image_urls":{"full":["https:\/\/quehacerpolitico.mx\/wp-content\/uploads\/2023\/02\/59070929-8109-48A5-AE30-12CCAA6A8A0C.jpeg",1113,1069,false],"thumbnail":["https:\/\/quehacerpolitico.mx\/wp-content\/uploads\/2023\/02\/59070929-8109-48A5-AE30-12CCAA6A8A0C-150x150.jpeg",150,150,true],"medium":["https:\/\/quehacerpolitico.mx\/wp-content\/uploads\/2023\/02\/59070929-8109-48A5-AE30-12CCAA6A8A0C-300x288.jpeg",300,288,true],"medium_large":["https:\/\/quehacerpolitico.mx\/wp-content\/uploads\/2023\/02\/59070929-8109-48A5-AE30-12CCAA6A8A0C-768x738.jpeg",640,615,true],"large":["https:\/\/quehacerpolitico.mx\/wp-content\/uploads\/2023\/02\/59070929-8109-48A5-AE30-12CCAA6A8A0C-1024x984.jpeg",640,615,true],"1536x1536":["https:\/\/quehacerpolitico.mx\/wp-content\/uploads\/2023\/02\/59070929-8109-48A5-AE30-12CCAA6A8A0C.jpeg",1113,1069,false],"2048x2048":["https:\/\/quehacerpolitico.mx\/wp-content\/uploads\/2023\/02\/59070929-8109-48A5-AE30-12CCAA6A8A0C.jpeg",1113,1069,false],"covernews-featured":["https:\/\/quehacerpolitico.mx\/wp-content\/uploads\/2023\/02\/59070929-8109-48A5-AE30-12CCAA6A8A0C.jpeg",1024,984,false],"covernews-medium":["https:\/\/quehacerpolitico.mx\/wp-content\/uploads\/2023\/02\/59070929-8109-48A5-AE30-12CCAA6A8A0C.jpeg",354,340,false]},"author_info":{"display_name":"Redacci\u00f3n QP","author_link":"https:\/\/quehacerpolitico.mx\/?author=2"},"category_info":"<a href=\"https:\/\/quehacerpolitico.mx\/?cat=2\" rel=\"category\">Noticias<\/a>","tag_info":"Noticias","comment_count":"0","_links":{"self":[{"href":"https:\/\/quehacerpolitico.mx\/index.php?rest_route=\/wp\/v2\/posts\/99000","targetHints":{"allow":["GET"]}}],"collection":[{"href":"https:\/\/quehacerpolitico.mx\/index.php?rest_route=\/wp\/v2\/posts"}],"about":[{"href":"https:\/\/quehacerpolitico.mx\/index.php?rest_route=\/wp\/v2\/types\/post"}],"author":[{"embeddable":true,"href":"https:\/\/quehacerpolitico.mx\/index.php?rest_route=\/wp\/v2\/users\/2"}],"replies":[{"embeddable":true,"href":"https:\/\/quehacerpolitico.mx\/index.php?rest_route=%2Fwp%2Fv2%2Fcomments&post=99000"}],"version-history":[{"count":2,"href":"https:\/\/quehacerpolitico.mx\/index.php?rest_route=\/wp\/v2\/posts\/99000\/revisions"}],"predecessor-version":[{"id":99004,"href":"https:\/\/quehacerpolitico.mx\/index.php?rest_route=\/wp\/v2\/posts\/99000\/revisions\/99004"}],"wp:featuredmedia":[{"embeddable":true,"href":"https:\/\/quehacerpolitico.mx\/index.php?rest_route=\/wp\/v2\/media\/99003"}],"wp:attachment":[{"href":"https:\/\/quehacerpolitico.mx\/index.php?rest_route=%2Fwp%2Fv2%2Fmedia&parent=99000"}],"wp:term":[{"taxonomy":"category","embeddable":true,"href":"https:\/\/quehacerpolitico.mx\/index.php?rest_route=%2Fwp%2Fv2%2Fcategories&post=99000"},{"taxonomy":"post_tag","embeddable":true,"href":"https:\/\/quehacerpolitico.mx\/index.php?rest_route=%2Fwp%2Fv2%2Ftags&post=99000"}],"curies":[{"name":"wp","href":"https:\/\/api.w.org\/{rel}","templated":true}]}}