{"id":98997,"date":"2023-02-28T16:19:34","date_gmt":"2023-02-28T16:19:34","guid":{"rendered":"https:\/\/quehacerpolitico.mx\/?p=98997"},"modified":"2023-02-28T17:24:17","modified_gmt":"2023-02-28T17:24:17","slug":"gano-mexico-samuel-garcia-celebra-llegada-de-la-empresa-de-tesla-a-nl","status":"publish","type":"post","link":"https:\/\/quehacerpolitico.mx\/?p=98997","title":{"rendered":"&#8220;\u00a1Gan\u00f3 M\u00e9xico!&#8221;, Samuel Garc\u00eda celebra llegada de la empresa de Tesla a NL"},"content":{"rendered":"\n<p>Por Redacci\u00f3n QP<\/p>\n\n\n\n<p>El gobernador de Nuevo Le\u00f3n lanz\u00f3 un tuit celebrando el anuncio que hizo esta ma\u00f1ana en su conferencia ma\u00f1anera el Presidente Andr\u00e9s Manuel L\u00f3pez Obrador<\/p>\n\n\n\n<p>Luego de confirmarse que la planta de\u00a0Tesla ser\u00e1 instalada en Nuevo Le\u00f3n, el gobernador de aquel estado, Samuel Garc\u00eda lanz\u00f3 un tuit celebrando la noticia:\u00a0<strong>&#8220;\u00a1Gan\u00f3 M\u00e9xico, Gan\u00f3 NL, GANAMOS TODOS!&#8221;.<\/strong><\/p>\n\n\n\n<figure class=\"wp-block-embed is-type-rich is-provider-twitter wp-block-embed-twitter\"><div class=\"wp-block-embed__wrapper\">\n<blockquote class=\"twitter-tweet\" data-width=\"550\" data-dnt=\"true\"><p lang=\"es\" dir=\"ltr\">&quot;Muy contentos, muchas gracias al presidente y a Elon Musk por la confianza&quot;<br><br>Samuel Garc\u00eda anda muy contento porque su beb\u00e9 s\u00ed tra\u00eda Tesla bajo el brazo. <a href=\"https:\/\/t.co\/A3CGloiQWJ\">pic.twitter.com\/A3CGloiQWJ<\/a><\/p>&mdash; Ruido en la Red (@RuidoEnLaRed) <a href=\"https:\/\/twitter.com\/RuidoEnLaRed\/status\/1630606685030031361?ref_src=twsrc%5Etfw\">February 28, 2023<\/a><\/blockquote><script async src=\"https:\/\/platform.twitter.com\/widgets.js\" charset=\"utf-8\"><\/script>\n<\/div><\/figure>\n\n\n\n<p>El gobernador de&nbsp;Nuevo Le\u00f3n lanz\u00f3 un tuit celebrando el anuncio que hizo esta ma\u00f1ana en su conferencia ma\u00f1anera el Presidente Andr\u00e9s Manuel L\u00f3pez Obrador.<\/p>\n\n\n\n<figure class=\"wp-block-embed is-type-rich is-provider-twitter wp-block-embed-twitter\"><div class=\"wp-block-embed__wrapper\">\n<blockquote class=\"twitter-tweet\" data-width=\"550\" data-dnt=\"true\"><p lang=\"es\" dir=\"ltr\">\u00a1Gan\u00f3 M\u00e9xico, Gan\u00f3 NL, GANAMOS TODOS!<\/p>&mdash; Samuel Garc\u00eda (@samuel_garcias) <a href=\"https:\/\/twitter.com\/samuel_garcias\/status\/1630570046069129219?ref_src=twsrc%5Etfw\">February 28, 2023<\/a><\/blockquote><script async src=\"https:\/\/platform.twitter.com\/widgets.js\" charset=\"utf-8\"><\/script>\n<\/div><\/figure>\n\n\n\n<p>Lopez Obrador anunci\u00f3 que la planta de Tesla, empresa del multimillonario Elon Musk, ser\u00e1 instalada en la ciudad de Monterrey.<\/p>\n\n\n\n<p>&#8220;Van bien las cosas, platicamos ayer con el se\u00f1or&nbsp;Elon Musk, el director de Tesla. Hay ya un entendimiento, s\u00ed van a dedicar la inversi\u00f3n a M\u00e9xico y se va a establecer la planta en Monterrey, con una serie de compromisos para enfrentar el problema de la escasez del agua. Ellos van ayudar en este sentido&#8221;.<\/p>\n\n\n\n<figure class=\"wp-block-embed is-type-rich is-provider-twitter wp-block-embed-twitter\"><div class=\"wp-block-embed__wrapper\">\n<blockquote class=\"twitter-tweet\" data-width=\"550\" data-dnt=\"true\"><p lang=\"es\" dir=\"ltr\">\ud83d\udea8<a href=\"https:\/\/twitter.com\/hashtag\/%C3%9ALTIMAHORA?src=hash&amp;ref_src=twsrc%5Etfw\">#\u00daLTIMAHORA<\/a> | TESLA SE QUEDA EN MONTERREY<br><br>Despu\u00e9s de la platica con Elon Musk, a AMLO no le quedo de otra m\u00e1s que hacer acuerdos y la planta de Tesla se va a Nuevo Le\u00f3n pero con consumo de agua reciclada. <br><br>A ver si es cierto \ud83e\udd37\u200d\u2640\ufe0f <a href=\"https:\/\/t.co\/I148hoHKWH\">pic.twitter.com\/I148hoHKWH<\/a><\/p>&mdash; Ruido en la Red (@RuidoEnLaRed) <a href=\"https:\/\/twitter.com\/RuidoEnLaRed\/status\/1630570033180033024?ref_src=twsrc%5Etfw\">February 28, 2023<\/a><\/blockquote><script async src=\"https:\/\/platform.twitter.com\/widgets.js\" charset=\"utf-8\"><\/script>\n<\/div><\/figure>\n\n\n\n<h2 class=\"wp-block-heading\">Estos fueron los acercamientos de Samuel Garc\u00eda con Tesla<\/h2>\n\n\n\n<p>En abril del a\u00f1o pasado, el gobernador&nbsp;Samuel Garc\u00eda realiz\u00f3 una gira de trabajo en Texas en la que&nbsp;<strong>visit\u00f3 la planta de Tesla en Austin.<\/strong><\/p>\n\n\n\n<p>En un video en sus redes sociales, el gobernador destac\u00f3 que se refrend\u00f3 un acuerdo de&nbsp;<strong>&#8220;que todo el ensamble de productos, toda la exportaci\u00f3n de carros que se hacen en California y en Texas van a usar el Puente Colombia&#8221;.<\/strong><\/p>\n\n\n\n<h2 class=\"wp-block-heading\">Proveedores de Tesla en Nuevo Le\u00f3n<\/h2>\n\n\n\n<p>Adem\u00e1s, destac\u00f3 que varios proveedores de Tesla operan desde Nuevo Le\u00f3n. &#8220;Todo el aluminio que se usa para la fabricaci\u00f3n de autos Tesla viene de una empresa de Nuevo Le\u00f3n&#8221;.<\/p>\n\n\n\n<p>Samuel Garc\u00eda tambi\u00e9n mencion\u00f3 a la&nbsp;empresa Quanta Computer, dedicada a la fabricaci\u00f3n de componentes electr\u00f3nicos para dichos autos.<\/p>\n\n\n\n<p>En julio de 2022, Samuel Garc\u00eda coloc\u00f3 la primera piedra de la nueva planta de Quanta Computer.<\/p>\n\n\n\n<p>Meses m\u00e1s tardes, en octubre de 2022,&nbsp;Elon Musk visit\u00f3 Nuevo Le\u00f3n donde se reuni\u00f3 con el gobernador y algunos funcionarios de su gabinete. Desde ese entonces trascendi\u00f3 que el empresario buscaba establecer operaciones en el pa\u00eds.<\/p>\n\n\n\n<p>Con Informaci\u00f3n de SUN <\/p>\n","protected":false},"excerpt":{"rendered":"<p>Por Redacci\u00f3n QP El gobernador de Nuevo Le\u00f3n lanz\u00f3 un tuit celebrando el anuncio que&#8230;<\/p>\n","protected":false},"author":2,"featured_media":98998,"comment_status":"open","ping_status":"open","sticky":false,"template":"","format":"standard","meta":{"_monsterinsights_skip_tracking":false,"_monsterinsights_sitenote_active":false,"_monsterinsights_sitenote_note":"","_monsterinsights_sitenote_category":0,"footnotes":""},"categories":[2],"tags":[],"class_list":["post-98997","post","type-post","status-publish","format-standard","has-post-thumbnail","hentry","category-noticias"],"yoast_head":"<!-- This site is optimized with the Yoast SEO plugin v27.3 - https:\/\/yoast.com\/product\/yoast-seo-wordpress\/ -->\n<title>&quot;\u00a1Gan\u00f3 M\u00e9xico!&quot;, Samuel Garc\u00eda celebra llegada de la empresa de Tesla a NL -<\/title>\n<meta name=\"robots\" content=\"index, follow, max-snippet:-1, max-image-preview:large, max-video-preview:-1\" \/>\n<link rel=\"canonical\" href=\"https:\/\/quehacerpolitico.mx\/?p=98997\" \/>\n<meta property=\"og:locale\" content=\"es_MX\" \/>\n<meta property=\"og:type\" content=\"article\" \/>\n<meta property=\"og:title\" content=\"&quot;\u00a1Gan\u00f3 M\u00e9xico!&quot;, Samuel Garc\u00eda celebra llegada de la empresa de Tesla a NL -\" \/>\n<meta property=\"og:description\" content=\"Por Redacci\u00f3n QP El gobernador de Nuevo Le\u00f3n lanz\u00f3 un tuit celebrando el anuncio que...\" \/>\n<meta property=\"og:url\" content=\"https:\/\/quehacerpolitico.mx\/?p=98997\" \/>\n<meta property=\"article:published_time\" content=\"2023-02-28T16:19:34+00:00\" \/>\n<meta property=\"article:modified_time\" content=\"2023-02-28T17:24:17+00:00\" \/>\n<meta property=\"og:image\" content=\"https:\/\/quehacerpolitico.mx\/wp-content\/uploads\/2023\/02\/C6E592D1-E67F-48FB-9323-E5A9A0EEA888.jpeg\" \/>\n\t<meta property=\"og:image:width\" content=\"998\" \/>\n\t<meta property=\"og:image:height\" content=\"607\" \/>\n\t<meta property=\"og:image:type\" content=\"image\/jpeg\" \/>\n<meta name=\"author\" content=\"Redacci\u00f3n QP\" \/>\n<meta name=\"twitter:card\" content=\"summary_large_image\" \/>\n<meta name=\"twitter:label1\" content=\"Escrito por\" \/>\n\t<meta name=\"twitter:data1\" content=\"Redacci\u00f3n QP\" \/>\n\t<meta name=\"twitter:label2\" content=\"Tiempo de lectura\" \/>\n\t<meta name=\"twitter:data2\" content=\"2 minutos\" \/>\n<script type=\"application\/ld+json\" class=\"yoast-schema-graph\">{\"@context\":\"https:\\\/\\\/schema.org\",\"@graph\":[{\"@type\":\"Article\",\"@id\":\"https:\\\/\\\/quehacerpolitico.mx\\\/?p=98997#article\",\"isPartOf\":{\"@id\":\"https:\\\/\\\/quehacerpolitico.mx\\\/?p=98997\"},\"author\":{\"name\":\"Redacci\u00f3n QP\",\"@id\":\"https:\\\/\\\/quehacerpolitico.mx\\\/#\\\/schema\\\/person\\\/496d8ad2d1d3f8036101dca7ee39e585\"},\"headline\":\"&#8220;\u00a1Gan\u00f3 M\u00e9xico!&#8221;, Samuel Garc\u00eda celebra llegada de la empresa de Tesla a NL\",\"datePublished\":\"2023-02-28T16:19:34+00:00\",\"dateModified\":\"2023-02-28T17:24:17+00:00\",\"mainEntityOfPage\":{\"@id\":\"https:\\\/\\\/quehacerpolitico.mx\\\/?p=98997\"},\"wordCount\":445,\"commentCount\":0,\"image\":{\"@id\":\"https:\\\/\\\/quehacerpolitico.mx\\\/?p=98997#primaryimage\"},\"thumbnailUrl\":\"https:\\\/\\\/quehacerpolitico.mx\\\/wp-content\\\/uploads\\\/2023\\\/02\\\/C6E592D1-E67F-48FB-9323-E5A9A0EEA888.jpeg\",\"articleSection\":[\"Noticias\"],\"inLanguage\":\"es\",\"potentialAction\":[{\"@type\":\"CommentAction\",\"name\":\"Comment\",\"target\":[\"https:\\\/\\\/quehacerpolitico.mx\\\/?p=98997#respond\"]}]},{\"@type\":\"WebPage\",\"@id\":\"https:\\\/\\\/quehacerpolitico.mx\\\/?p=98997\",\"url\":\"https:\\\/\\\/quehacerpolitico.mx\\\/?p=98997\",\"name\":\"\\\"\u00a1Gan\u00f3 M\u00e9xico!\\\", Samuel Garc\u00eda celebra llegada de la empresa de Tesla a NL -\",\"isPartOf\":{\"@id\":\"https:\\\/\\\/quehacerpolitico.mx\\\/#website\"},\"primaryImageOfPage\":{\"@id\":\"https:\\\/\\\/quehacerpolitico.mx\\\/?p=98997#primaryimage\"},\"image\":{\"@id\":\"https:\\\/\\\/quehacerpolitico.mx\\\/?p=98997#primaryimage\"},\"thumbnailUrl\":\"https:\\\/\\\/quehacerpolitico.mx\\\/wp-content\\\/uploads\\\/2023\\\/02\\\/C6E592D1-E67F-48FB-9323-E5A9A0EEA888.jpeg\",\"datePublished\":\"2023-02-28T16:19:34+00:00\",\"dateModified\":\"2023-02-28T17:24:17+00:00\",\"author\":{\"@id\":\"https:\\\/\\\/quehacerpolitico.mx\\\/#\\\/schema\\\/person\\\/496d8ad2d1d3f8036101dca7ee39e585\"},\"breadcrumb\":{\"@id\":\"https:\\\/\\\/quehacerpolitico.mx\\\/?p=98997#breadcrumb\"},\"inLanguage\":\"es\",\"potentialAction\":[{\"@type\":\"ReadAction\",\"target\":[\"https:\\\/\\\/quehacerpolitico.mx\\\/?p=98997\"]}]},{\"@type\":\"ImageObject\",\"inLanguage\":\"es\",\"@id\":\"https:\\\/\\\/quehacerpolitico.mx\\\/?p=98997#primaryimage\",\"url\":\"https:\\\/\\\/quehacerpolitico.mx\\\/wp-content\\\/uploads\\\/2023\\\/02\\\/C6E592D1-E67F-48FB-9323-E5A9A0EEA888.jpeg\",\"contentUrl\":\"https:\\\/\\\/quehacerpolitico.mx\\\/wp-content\\\/uploads\\\/2023\\\/02\\\/C6E592D1-E67F-48FB-9323-E5A9A0EEA888.jpeg\",\"width\":998,\"height\":607},{\"@type\":\"BreadcrumbList\",\"@id\":\"https:\\\/\\\/quehacerpolitico.mx\\\/?p=98997#breadcrumb\",\"itemListElement\":[{\"@type\":\"ListItem\",\"position\":1,\"name\":\"Inicio\",\"item\":\"https:\\\/\\\/quehacerpolitico.mx\\\/\"},{\"@type\":\"ListItem\",\"position\":2,\"name\":\"&#8220;\u00a1Gan\u00f3 M\u00e9xico!&#8221;, Samuel Garc\u00eda celebra llegada de la empresa de Tesla a NL\"}]},{\"@type\":\"WebSite\",\"@id\":\"https:\\\/\\\/quehacerpolitico.mx\\\/#website\",\"url\":\"https:\\\/\\\/quehacerpolitico.mx\\\/\",\"name\":\"\",\"description\":\"\",\"potentialAction\":[{\"@type\":\"SearchAction\",\"target\":{\"@type\":\"EntryPoint\",\"urlTemplate\":\"https:\\\/\\\/quehacerpolitico.mx\\\/?s={search_term_string}\"},\"query-input\":{\"@type\":\"PropertyValueSpecification\",\"valueRequired\":true,\"valueName\":\"search_term_string\"}}],\"inLanguage\":\"es\"},{\"@type\":\"Person\",\"@id\":\"https:\\\/\\\/quehacerpolitico.mx\\\/#\\\/schema\\\/person\\\/496d8ad2d1d3f8036101dca7ee39e585\",\"name\":\"Redacci\u00f3n QP\",\"image\":{\"@type\":\"ImageObject\",\"inLanguage\":\"es\",\"@id\":\"https:\\\/\\\/secure.gravatar.com\\\/avatar\\\/c7164ed6fdec453195284ad24a5ae5b6e1eed2b848477fa2a4787ba9adf39a41?s=96&d=mm&r=g\",\"url\":\"https:\\\/\\\/secure.gravatar.com\\\/avatar\\\/c7164ed6fdec453195284ad24a5ae5b6e1eed2b848477fa2a4787ba9adf39a41?s=96&d=mm&r=g\",\"contentUrl\":\"https:\\\/\\\/secure.gravatar.com\\\/avatar\\\/c7164ed6fdec453195284ad24a5ae5b6e1eed2b848477fa2a4787ba9adf39a41?s=96&d=mm&r=g\",\"caption\":\"Redacci\u00f3n QP\"},\"url\":\"https:\\\/\\\/quehacerpolitico.mx\\\/?author=2\"}]}<\/script>\n<!-- \/ Yoast SEO plugin. -->","yoast_head_json":{"title":"\"\u00a1Gan\u00f3 M\u00e9xico!\", Samuel Garc\u00eda celebra llegada de la empresa de Tesla a NL -","robots":{"index":"index","follow":"follow","max-snippet":"max-snippet:-1","max-image-preview":"max-image-preview:large","max-video-preview":"max-video-preview:-1"},"canonical":"https:\/\/quehacerpolitico.mx\/?p=98997","og_locale":"es_MX","og_type":"article","og_title":"\"\u00a1Gan\u00f3 M\u00e9xico!\", Samuel Garc\u00eda celebra llegada de la empresa de Tesla a NL -","og_description":"Por Redacci\u00f3n QP El gobernador de Nuevo Le\u00f3n lanz\u00f3 un tuit celebrando el anuncio que...","og_url":"https:\/\/quehacerpolitico.mx\/?p=98997","article_published_time":"2023-02-28T16:19:34+00:00","article_modified_time":"2023-02-28T17:24:17+00:00","og_image":[{"width":998,"height":607,"url":"https:\/\/quehacerpolitico.mx\/wp-content\/uploads\/2023\/02\/C6E592D1-E67F-48FB-9323-E5A9A0EEA888.jpeg","type":"image\/jpeg"}],"author":"Redacci\u00f3n QP","twitter_card":"summary_large_image","twitter_misc":{"Escrito por":"Redacci\u00f3n QP","Tiempo de lectura":"2 minutos"},"schema":{"@context":"https:\/\/schema.org","@graph":[{"@type":"Article","@id":"https:\/\/quehacerpolitico.mx\/?p=98997#article","isPartOf":{"@id":"https:\/\/quehacerpolitico.mx\/?p=98997"},"author":{"name":"Redacci\u00f3n QP","@id":"https:\/\/quehacerpolitico.mx\/#\/schema\/person\/496d8ad2d1d3f8036101dca7ee39e585"},"headline":"&#8220;\u00a1Gan\u00f3 M\u00e9xico!&#8221;, Samuel Garc\u00eda celebra llegada de la empresa de Tesla a NL","datePublished":"2023-02-28T16:19:34+00:00","dateModified":"2023-02-28T17:24:17+00:00","mainEntityOfPage":{"@id":"https:\/\/quehacerpolitico.mx\/?p=98997"},"wordCount":445,"commentCount":0,"image":{"@id":"https:\/\/quehacerpolitico.mx\/?p=98997#primaryimage"},"thumbnailUrl":"https:\/\/quehacerpolitico.mx\/wp-content\/uploads\/2023\/02\/C6E592D1-E67F-48FB-9323-E5A9A0EEA888.jpeg","articleSection":["Noticias"],"inLanguage":"es","potentialAction":[{"@type":"CommentAction","name":"Comment","target":["https:\/\/quehacerpolitico.mx\/?p=98997#respond"]}]},{"@type":"WebPage","@id":"https:\/\/quehacerpolitico.mx\/?p=98997","url":"https:\/\/quehacerpolitico.mx\/?p=98997","name":"\"\u00a1Gan\u00f3 M\u00e9xico!\", Samuel Garc\u00eda celebra llegada de la empresa de Tesla a NL -","isPartOf":{"@id":"https:\/\/quehacerpolitico.mx\/#website"},"primaryImageOfPage":{"@id":"https:\/\/quehacerpolitico.mx\/?p=98997#primaryimage"},"image":{"@id":"https:\/\/quehacerpolitico.mx\/?p=98997#primaryimage"},"thumbnailUrl":"https:\/\/quehacerpolitico.mx\/wp-content\/uploads\/2023\/02\/C6E592D1-E67F-48FB-9323-E5A9A0EEA888.jpeg","datePublished":"2023-02-28T16:19:34+00:00","dateModified":"2023-02-28T17:24:17+00:00","author":{"@id":"https:\/\/quehacerpolitico.mx\/#\/schema\/person\/496d8ad2d1d3f8036101dca7ee39e585"},"breadcrumb":{"@id":"https:\/\/quehacerpolitico.mx\/?p=98997#breadcrumb"},"inLanguage":"es","potentialAction":[{"@type":"ReadAction","target":["https:\/\/quehacerpolitico.mx\/?p=98997"]}]},{"@type":"ImageObject","inLanguage":"es","@id":"https:\/\/quehacerpolitico.mx\/?p=98997#primaryimage","url":"https:\/\/quehacerpolitico.mx\/wp-content\/uploads\/2023\/02\/C6E592D1-E67F-48FB-9323-E5A9A0EEA888.jpeg","contentUrl":"https:\/\/quehacerpolitico.mx\/wp-content\/uploads\/2023\/02\/C6E592D1-E67F-48FB-9323-E5A9A0EEA888.jpeg","width":998,"height":607},{"@type":"BreadcrumbList","@id":"https:\/\/quehacerpolitico.mx\/?p=98997#breadcrumb","itemListElement":[{"@type":"ListItem","position":1,"name":"Inicio","item":"https:\/\/quehacerpolitico.mx\/"},{"@type":"ListItem","position":2,"name":"&#8220;\u00a1Gan\u00f3 M\u00e9xico!&#8221;, Samuel Garc\u00eda celebra llegada de la empresa de Tesla a NL"}]},{"@type":"WebSite","@id":"https:\/\/quehacerpolitico.mx\/#website","url":"https:\/\/quehacerpolitico.mx\/","name":"","description":"","potentialAction":[{"@type":"SearchAction","target":{"@type":"EntryPoint","urlTemplate":"https:\/\/quehacerpolitico.mx\/?s={search_term_string}"},"query-input":{"@type":"PropertyValueSpecification","valueRequired":true,"valueName":"search_term_string"}}],"inLanguage":"es"},{"@type":"Person","@id":"https:\/\/quehacerpolitico.mx\/#\/schema\/person\/496d8ad2d1d3f8036101dca7ee39e585","name":"Redacci\u00f3n QP","image":{"@type":"ImageObject","inLanguage":"es","@id":"https:\/\/secure.gravatar.com\/avatar\/c7164ed6fdec453195284ad24a5ae5b6e1eed2b848477fa2a4787ba9adf39a41?s=96&d=mm&r=g","url":"https:\/\/secure.gravatar.com\/avatar\/c7164ed6fdec453195284ad24a5ae5b6e1eed2b848477fa2a4787ba9adf39a41?s=96&d=mm&r=g","contentUrl":"https:\/\/secure.gravatar.com\/avatar\/c7164ed6fdec453195284ad24a5ae5b6e1eed2b848477fa2a4787ba9adf39a41?s=96&d=mm&r=g","caption":"Redacci\u00f3n QP"},"url":"https:\/\/quehacerpolitico.mx\/?author=2"}]}},"featured_image_urls":{"full":["https:\/\/quehacerpolitico.mx\/wp-content\/uploads\/2023\/02\/C6E592D1-E67F-48FB-9323-E5A9A0EEA888.jpeg",998,607,false],"thumbnail":["https:\/\/quehacerpolitico.mx\/wp-content\/uploads\/2023\/02\/C6E592D1-E67F-48FB-9323-E5A9A0EEA888-150x150.jpeg",150,150,true],"medium":["https:\/\/quehacerpolitico.mx\/wp-content\/uploads\/2023\/02\/C6E592D1-E67F-48FB-9323-E5A9A0EEA888-300x182.jpeg",300,182,true],"medium_large":["https:\/\/quehacerpolitico.mx\/wp-content\/uploads\/2023\/02\/C6E592D1-E67F-48FB-9323-E5A9A0EEA888-768x467.jpeg",640,389,true],"large":["https:\/\/quehacerpolitico.mx\/wp-content\/uploads\/2023\/02\/C6E592D1-E67F-48FB-9323-E5A9A0EEA888.jpeg",640,389,false],"1536x1536":["https:\/\/quehacerpolitico.mx\/wp-content\/uploads\/2023\/02\/C6E592D1-E67F-48FB-9323-E5A9A0EEA888.jpeg",998,607,false],"2048x2048":["https:\/\/quehacerpolitico.mx\/wp-content\/uploads\/2023\/02\/C6E592D1-E67F-48FB-9323-E5A9A0EEA888.jpeg",998,607,false],"covernews-featured":["https:\/\/quehacerpolitico.mx\/wp-content\/uploads\/2023\/02\/C6E592D1-E67F-48FB-9323-E5A9A0EEA888.jpeg",998,607,false],"covernews-medium":["https:\/\/quehacerpolitico.mx\/wp-content\/uploads\/2023\/02\/C6E592D1-E67F-48FB-9323-E5A9A0EEA888.jpeg",540,328,false]},"author_info":{"display_name":"Redacci\u00f3n QP","author_link":"https:\/\/quehacerpolitico.mx\/?author=2"},"category_info":"<a href=\"https:\/\/quehacerpolitico.mx\/?cat=2\" rel=\"category\">Noticias<\/a>","tag_info":"Noticias","comment_count":"0","_links":{"self":[{"href":"https:\/\/quehacerpolitico.mx\/index.php?rest_route=\/wp\/v2\/posts\/98997","targetHints":{"allow":["GET"]}}],"collection":[{"href":"https:\/\/quehacerpolitico.mx\/index.php?rest_route=\/wp\/v2\/posts"}],"about":[{"href":"https:\/\/quehacerpolitico.mx\/index.php?rest_route=\/wp\/v2\/types\/post"}],"author":[{"embeddable":true,"href":"https:\/\/quehacerpolitico.mx\/index.php?rest_route=\/wp\/v2\/users\/2"}],"replies":[{"embeddable":true,"href":"https:\/\/quehacerpolitico.mx\/index.php?rest_route=%2Fwp%2Fv2%2Fcomments&post=98997"}],"version-history":[{"count":2,"href":"https:\/\/quehacerpolitico.mx\/index.php?rest_route=\/wp\/v2\/posts\/98997\/revisions"}],"predecessor-version":[{"id":99006,"href":"https:\/\/quehacerpolitico.mx\/index.php?rest_route=\/wp\/v2\/posts\/98997\/revisions\/99006"}],"wp:featuredmedia":[{"embeddable":true,"href":"https:\/\/quehacerpolitico.mx\/index.php?rest_route=\/wp\/v2\/media\/98998"}],"wp:attachment":[{"href":"https:\/\/quehacerpolitico.mx\/index.php?rest_route=%2Fwp%2Fv2%2Fmedia&parent=98997"}],"wp:term":[{"taxonomy":"category","embeddable":true,"href":"https:\/\/quehacerpolitico.mx\/index.php?rest_route=%2Fwp%2Fv2%2Fcategories&post=98997"},{"taxonomy":"post_tag","embeddable":true,"href":"https:\/\/quehacerpolitico.mx\/index.php?rest_route=%2Fwp%2Fv2%2Ftags&post=98997"}],"curies":[{"name":"wp","href":"https:\/\/api.w.org\/{rel}","templated":true}]}}