{"id":98991,"date":"2023-02-28T15:36:40","date_gmt":"2023-02-28T15:36:40","guid":{"rendered":"https:\/\/quehacerpolitico.mx\/?p=98991"},"modified":"2023-02-28T15:36:43","modified_gmt":"2023-02-28T15:36:43","slug":"internacionales-carolina-alonso-romei-las-650-ninas-envenenadas-en-iran-para-evitar-que-fueran-a-la-escuela","status":"publish","type":"post","link":"https:\/\/quehacerpolitico.mx\/?p=98991","title":{"rendered":"Internacionales\/\/\/Carolina Alonso Romei\/\/\/Las 650 ni\u00f1as envenenadas en Ir\u00e1n para evitar que fueran a la escuela"},"content":{"rendered":"\n<p>Por Carolina Alonso Romei<\/p>\n\n\n\n<p>Internacionalista <\/p>\n\n\n\n<p>Tras la presi\u00f3n de los padres y parte de la sociedad, las autoridades finalmente admitieron que se trat\u00f3 de un ataque deliberado<\/p>\n\n\n\n<p><strong>Al menos 650 estudiantes de escuelas femeninas en Ir\u00e1n fueron envenenadas.<\/strong><\/p>\n\n\n\n<p>Un alto funcionario del gobierno finalmente admiti\u00f3 que las atacaron de forma deliberada.<\/p>\n\n\n\n<p>Ninguna de las ni\u00f1as ha muerto, pero\u00a0<strong>decenas fueron ingresadas en hospitales con problemas respiratorios, n\u00e1useas, mareos y fatiga.<\/strong><\/p>\n\n\n\n<p>&#8220;Se hizo evidente que algunas personas quer\u00edan que se cerraran todas las escuelas, especialmente las de ni\u00f1as&#8221;, declar\u00f3 el viceministro de Salud de Ir\u00e1n, Younes Panahi, en una conferencia de prensa el 26 de febrero.<\/p>\n\n\n\n<h2 class=\"wp-block-heading\">Envenenadas con qu\u00edmicos<\/h2>\n\n\n\n<p>Hasta entonces la \u00fanica declaraci\u00f3n oficial era que el fiscal general hab\u00eda abierto una investigaci\u00f3n penal sobre el envenenamiento y que este podr\u00eda ser &#8220;intencionado&#8221;.<\/p>\n\n\n\n<p>En los \u00faltimos tres meses las colegialas aseguraron&nbsp;<strong>haber percibido olor a mandarina o pescado podrido antes de enfermar.<\/strong><\/p>\n\n\n\n<p>&#8220;Los productos qu\u00edmicos empleados no son de uso militar y est\u00e1n disponibles al p\u00fablico&#8221;, indic\u00f3 el viceministro Panahi.<\/p>\n\n\n\n<p>Agreg\u00f3 que las v\u00edctimas &#8220;no necesitan tratamiento invasivo y hay que mantener la calma&#8221;.<\/p>\n\n\n\n<p>Despu\u00e9s matiz\u00f3 que su declaraci\u00f3n hab\u00eda sido &#8220;malinterpretada&#8221;, una se\u00f1al de divisi\u00f3n entre de las autoridades sobre c\u00f3mo manejar el malestar social cuando no se ha se\u00f1alado p\u00fablicamente a un culpable.<\/p>\n\n\n\n<p><strong>La ciudad santa de Qom es el epicentro del envenenamiento masivo<\/strong>, pero los ataques se han producido en hasta ocho localidades de Ir\u00e1n.<\/p>\n\n\n\n<p>El descontento p\u00fablico sigue en aumento en el pa\u00eds.<\/p>\n\n\n\n<figure class=\"wp-block-image\"><img decoding=\"async\" src=\"https:\/\/www.informador.mx\/export\/sites\/elinformador\/img\/2023\/02\/28\/las_650_nixas_envenen_x10811249x.jpg_1150884414.jpg\" alt=\"\" title=\"\"\/><figcaption class=\"wp-element-caption\">Padres de las ni\u00f1as envenenadas protestaron frente a la oficina del gobernador de Qom. IRNA&nbsp;<\/figcaption><\/figure>\n\n\n\n<h2 class=\"wp-block-heading\">Padres y madres indignados<\/h2>\n\n\n\n<p>El primer incidente se produjo el 30 de noviembre de 2022, cuando&nbsp;<strong>18 alumnas de la escuela t\u00e9cnica Nour en Qom fueron trasladadas al hospital tras mostrar signos de envenenamiento.<\/strong><\/p>\n\n\n\n<p>Desde entonces se reportaron<strong>&nbsp;ataques en m\u00e1s de 10 escuelas femeninas en la provincia<\/strong>.<\/p>\n\n\n\n<p>A mediados de febrero, un grupo de m\u00e1s de un centenar de personas protest\u00f3 frente a la oficina del gobernador en Qom.<\/p>\n\n\n\n<p>&#8220;\u00a1Est\u00e1 obligado a garantizar la seguridad de mis hijos! Tengo dos hijas&#8221;, gritaba un padre en un video ampliamente difundido en las redes sociales.<\/p>\n\n\n\n<p>&#8220;Dos hijas&#8230; y lo \u00fanico que puedo hacer es no dejarlas ir a la escuela&#8221;.<\/p>\n\n\n\n<p>&#8220;\u00a1Esto es una guerra!&#8221;, exclam\u00f3 una mujer en la misma reuni\u00f3n. &#8220;Est\u00e1n haciendo esto en una escuela secundaria femenina en Qom para obligarnos a permanecer en casa. \u00a1<strong>Quieren que las ni\u00f1as se queden en casa<\/strong>!&#8221;.<\/p>\n\n\n\n<p>Algunos padres aseguran que sus hijas estuvieron enfermas durante semanas despu\u00e9s del envenenamiento.<\/p>\n\n\n\n<p>Un video filmado en un hospital muestra a una adolescente aturdida en una cama con su madre al lado.<\/p>\n\n\n\n<p>&#8220;Queridas madres, soy madre; mi hija est\u00e1 en una cama de hospital y sus extremidades est\u00e1n d\u00e9biles&#8221;, explica, angustiada.<\/p>\n\n\n\n<p>&#8220;La pellizco, pero no siente nada. Por favor, no env\u00ede a sus hijas a la escuela&#8221;.<\/p>\n\n\n\n<h2 class=\"wp-block-heading\">Una ciudad muy religiosa<\/h2>\n\n\n\n<p><strong>Los ataques se han concentrado en Qom,&nbsp;<\/strong>hogar de los l\u00edderes religiosos chi\u00edtas y columna vertebral de la Rep\u00fablica Isl\u00e1mica.<\/p>\n\n\n\n<p>La teocracia iran\u00ed ha visto su poder cuestionado desde la muerte bajo custodia policial de la joven kurda Mahsa Amini el pasado septiembre por supuestamente no llevar bien colocado el velo.<\/p>\n\n\n\n<p>Algunos iran\u00edes se preguntan si las agresiones son una venganza por el papel de las ni\u00f1as y adolescentes en las protestas masivas contra el gobierno tras el caso Amini.<\/p>\n\n\n\n<p>En aquel momento las redes sociales se inundaron de im\u00e1genes de estudiantes quit\u00e1ndose los pa\u00f1uelos de la cabeza.<\/p>\n\n\n\n<figure class=\"wp-block-image\"><img decoding=\"async\" src=\"https:\/\/www.informador.mx\/export\/sites\/elinformador\/img\/2023\/02\/28\/las_650_nixas_envenen_x10811250x.jpg_1150884414.jpg\" alt=\"\" title=\"\"\/><figcaption class=\"wp-element-caption\">TWITTER&nbsp;<\/figcaption><\/figure>\n\n\n\n<p>Otros creen que estos ataques son obra de los islamistas de l\u00ednea dura que quieren &#8220;copiar&#8221; a los talibanes de Afganist\u00e1n y a las milicias de Boko Haram en Nigeria, aterrorizando a los padres para que dejen de enviar a sus hijas a la escuela.<\/p>\n\n\n\n<p>&#8220;\u00bfHa llegado Boko Haram a Ir\u00e1n?&#8221;, se pregunt\u00f3 el exvicepresidente iran\u00ed Mohammad Ali Abtahi en una publicaci\u00f3n de Instagram.<\/p>\n\n\n\n<p>El pol\u00edtico reformista tambi\u00e9n advirti\u00f3 que &#8220;los extremistas interpretar\u00e1n a su favor los l\u00edmites del gobierno y la religi\u00f3n&#8221;.<\/p>\n\n\n\n<p>El r\u00e9gimen iran\u00ed suele rechazar las cr\u00edticas sobre las restricciones a las mujeres en el pa\u00eds, como el velo obligatorio, y argumenta que muchas van a la universidad.<\/p>\n\n\n\n<p><strong>Pero si las j\u00f3venes no pueden terminar la escuela, la universidad es un sue\u00f1o inalcanzable.<\/strong><\/p>\n\n\n\n<h2 class=\"wp-block-heading\">Mentiras de las autoridades<\/h2>\n\n\n\n<p>Los comentarios de una alumna -que asegura haber sido envenenada dos veces- en una reuni\u00f3n con el gobernador de Qom pone de relevancia lo vagas y enga\u00f1osas que han sido algunas declaraciones de las autoridades.<\/p>\n\n\n\n<p>&#8220;Ellos nos dicen que todo est\u00e1 bien, que han hecho su investigaci\u00f3n; pero cuando mi padre pregunt\u00f3 en mi escuela, le dijeron que lo sienten, que el circuito cerrado de televisi\u00f3n estuvo ca\u00eddo durante una semana y no pueden investigar esto&#8221;, denunci\u00f3 en la reuni\u00f3n.<\/p>\n\n\n\n<p>Y, asegur\u00f3,&nbsp;<strong>&#8220;cuando me envenenaron por segunda vez el domingo, el director de la escuela dijo: &#8216;Ella tiene una afecci\u00f3n card\u00edaca, por eso est\u00e1 hospitalizada'&#8221;<\/strong>.<\/p>\n\n\n\n<p>&#8220;\u00a1Pero yo no tengo ning\u00fan problema card\u00edaco!&#8221;, protest\u00f3.<\/p>\n\n\n\n<p>Con Informaci\u00f3n de BBC News Mundo<\/p>\n","protected":false},"excerpt":{"rendered":"<p>Por Carolina Alonso Romei Internacionalista Tras la presi\u00f3n de los padres y parte de la&#8230;<\/p>\n","protected":false},"author":2,"featured_media":98992,"comment_status":"open","ping_status":"open","sticky":false,"template":"","format":"standard","meta":{"_monsterinsights_skip_tracking":false,"_monsterinsights_sitenote_active":false,"_monsterinsights_sitenote_note":"","_monsterinsights_sitenote_category":0,"footnotes":""},"categories":[1],"tags":[],"class_list":["post-98991","post","type-post","status-publish","format-standard","has-post-thumbnail","hentry","category-sin-categoria"],"yoast_head":"<!-- This site is optimized with the Yoast SEO plugin v27.3 - https:\/\/yoast.com\/product\/yoast-seo-wordpress\/ -->\n<title>Internacionales\/\/\/Carolina Alonso Romei\/\/\/Las 650 ni\u00f1as envenenadas en Ir\u00e1n para evitar que fueran a la escuela -<\/title>\n<meta name=\"robots\" content=\"index, follow, max-snippet:-1, max-image-preview:large, max-video-preview:-1\" \/>\n<link rel=\"canonical\" href=\"https:\/\/quehacerpolitico.mx\/?p=98991\" \/>\n<meta property=\"og:locale\" content=\"es_MX\" \/>\n<meta property=\"og:type\" content=\"article\" \/>\n<meta property=\"og:title\" content=\"Internacionales\/\/\/Carolina Alonso Romei\/\/\/Las 650 ni\u00f1as envenenadas en Ir\u00e1n para evitar que fueran a la escuela -\" \/>\n<meta property=\"og:description\" content=\"Por Carolina Alonso Romei Internacionalista Tras la presi\u00f3n de los padres y parte de la...\" \/>\n<meta property=\"og:url\" content=\"https:\/\/quehacerpolitico.mx\/?p=98991\" \/>\n<meta property=\"article:published_time\" content=\"2023-02-28T15:36:40+00:00\" \/>\n<meta property=\"article:modified_time\" content=\"2023-02-28T15:36:43+00:00\" \/>\n<meta property=\"og:image\" content=\"https:\/\/quehacerpolitico.mx\/wp-content\/uploads\/2023\/02\/8F5EFDB3-847C-4CD9-A983-596A96B7EEC8.jpeg\" \/>\n\t<meta property=\"og:image:width\" content=\"739\" \/>\n\t<meta property=\"og:image:height\" content=\"415\" \/>\n\t<meta property=\"og:image:type\" content=\"image\/jpeg\" \/>\n<meta name=\"author\" content=\"Redacci\u00f3n QP\" \/>\n<meta name=\"twitter:card\" content=\"summary_large_image\" \/>\n<meta name=\"twitter:label1\" content=\"Escrito por\" \/>\n\t<meta name=\"twitter:data1\" content=\"Redacci\u00f3n QP\" \/>\n\t<meta name=\"twitter:label2\" content=\"Tiempo de lectura\" \/>\n\t<meta name=\"twitter:data2\" content=\"4 minutos\" \/>\n<script type=\"application\/ld+json\" class=\"yoast-schema-graph\">{\"@context\":\"https:\\\/\\\/schema.org\",\"@graph\":[{\"@type\":\"Article\",\"@id\":\"https:\\\/\\\/quehacerpolitico.mx\\\/?p=98991#article\",\"isPartOf\":{\"@id\":\"https:\\\/\\\/quehacerpolitico.mx\\\/?p=98991\"},\"author\":{\"name\":\"Redacci\u00f3n QP\",\"@id\":\"https:\\\/\\\/quehacerpolitico.mx\\\/#\\\/schema\\\/person\\\/496d8ad2d1d3f8036101dca7ee39e585\"},\"headline\":\"Internacionales\\\/\\\/\\\/Carolina Alonso Romei\\\/\\\/\\\/Las 650 ni\u00f1as envenenadas en Ir\u00e1n para evitar que fueran a la escuela\",\"datePublished\":\"2023-02-28T15:36:40+00:00\",\"dateModified\":\"2023-02-28T15:36:43+00:00\",\"mainEntityOfPage\":{\"@id\":\"https:\\\/\\\/quehacerpolitico.mx\\\/?p=98991\"},\"wordCount\":916,\"commentCount\":0,\"image\":{\"@id\":\"https:\\\/\\\/quehacerpolitico.mx\\\/?p=98991#primaryimage\"},\"thumbnailUrl\":\"https:\\\/\\\/quehacerpolitico.mx\\\/wp-content\\\/uploads\\\/2023\\\/02\\\/8F5EFDB3-847C-4CD9-A983-596A96B7EEC8.jpeg\",\"articleSection\":[\"Internacionales\"],\"inLanguage\":\"es\",\"potentialAction\":[{\"@type\":\"CommentAction\",\"name\":\"Comment\",\"target\":[\"https:\\\/\\\/quehacerpolitico.mx\\\/?p=98991#respond\"]}]},{\"@type\":\"WebPage\",\"@id\":\"https:\\\/\\\/quehacerpolitico.mx\\\/?p=98991\",\"url\":\"https:\\\/\\\/quehacerpolitico.mx\\\/?p=98991\",\"name\":\"Internacionales\\\/\\\/\\\/Carolina Alonso Romei\\\/\\\/\\\/Las 650 ni\u00f1as envenenadas en Ir\u00e1n para evitar que fueran a la escuela -\",\"isPartOf\":{\"@id\":\"https:\\\/\\\/quehacerpolitico.mx\\\/#website\"},\"primaryImageOfPage\":{\"@id\":\"https:\\\/\\\/quehacerpolitico.mx\\\/?p=98991#primaryimage\"},\"image\":{\"@id\":\"https:\\\/\\\/quehacerpolitico.mx\\\/?p=98991#primaryimage\"},\"thumbnailUrl\":\"https:\\\/\\\/quehacerpolitico.mx\\\/wp-content\\\/uploads\\\/2023\\\/02\\\/8F5EFDB3-847C-4CD9-A983-596A96B7EEC8.jpeg\",\"datePublished\":\"2023-02-28T15:36:40+00:00\",\"dateModified\":\"2023-02-28T15:36:43+00:00\",\"author\":{\"@id\":\"https:\\\/\\\/quehacerpolitico.mx\\\/#\\\/schema\\\/person\\\/496d8ad2d1d3f8036101dca7ee39e585\"},\"breadcrumb\":{\"@id\":\"https:\\\/\\\/quehacerpolitico.mx\\\/?p=98991#breadcrumb\"},\"inLanguage\":\"es\",\"potentialAction\":[{\"@type\":\"ReadAction\",\"target\":[\"https:\\\/\\\/quehacerpolitico.mx\\\/?p=98991\"]}]},{\"@type\":\"ImageObject\",\"inLanguage\":\"es\",\"@id\":\"https:\\\/\\\/quehacerpolitico.mx\\\/?p=98991#primaryimage\",\"url\":\"https:\\\/\\\/quehacerpolitico.mx\\\/wp-content\\\/uploads\\\/2023\\\/02\\\/8F5EFDB3-847C-4CD9-A983-596A96B7EEC8.jpeg\",\"contentUrl\":\"https:\\\/\\\/quehacerpolitico.mx\\\/wp-content\\\/uploads\\\/2023\\\/02\\\/8F5EFDB3-847C-4CD9-A983-596A96B7EEC8.jpeg\",\"width\":739,\"height\":415},{\"@type\":\"BreadcrumbList\",\"@id\":\"https:\\\/\\\/quehacerpolitico.mx\\\/?p=98991#breadcrumb\",\"itemListElement\":[{\"@type\":\"ListItem\",\"position\":1,\"name\":\"Inicio\",\"item\":\"https:\\\/\\\/quehacerpolitico.mx\\\/\"},{\"@type\":\"ListItem\",\"position\":2,\"name\":\"Internacionales\\\/\\\/\\\/Carolina Alonso Romei\\\/\\\/\\\/Las 650 ni\u00f1as envenenadas en Ir\u00e1n para evitar que fueran a la escuela\"}]},{\"@type\":\"WebSite\",\"@id\":\"https:\\\/\\\/quehacerpolitico.mx\\\/#website\",\"url\":\"https:\\\/\\\/quehacerpolitico.mx\\\/\",\"name\":\"\",\"description\":\"\",\"potentialAction\":[{\"@type\":\"SearchAction\",\"target\":{\"@type\":\"EntryPoint\",\"urlTemplate\":\"https:\\\/\\\/quehacerpolitico.mx\\\/?s={search_term_string}\"},\"query-input\":{\"@type\":\"PropertyValueSpecification\",\"valueRequired\":true,\"valueName\":\"search_term_string\"}}],\"inLanguage\":\"es\"},{\"@type\":\"Person\",\"@id\":\"https:\\\/\\\/quehacerpolitico.mx\\\/#\\\/schema\\\/person\\\/496d8ad2d1d3f8036101dca7ee39e585\",\"name\":\"Redacci\u00f3n QP\",\"image\":{\"@type\":\"ImageObject\",\"inLanguage\":\"es\",\"@id\":\"https:\\\/\\\/secure.gravatar.com\\\/avatar\\\/c7164ed6fdec453195284ad24a5ae5b6e1eed2b848477fa2a4787ba9adf39a41?s=96&d=mm&r=g\",\"url\":\"https:\\\/\\\/secure.gravatar.com\\\/avatar\\\/c7164ed6fdec453195284ad24a5ae5b6e1eed2b848477fa2a4787ba9adf39a41?s=96&d=mm&r=g\",\"contentUrl\":\"https:\\\/\\\/secure.gravatar.com\\\/avatar\\\/c7164ed6fdec453195284ad24a5ae5b6e1eed2b848477fa2a4787ba9adf39a41?s=96&d=mm&r=g\",\"caption\":\"Redacci\u00f3n QP\"},\"url\":\"https:\\\/\\\/quehacerpolitico.mx\\\/?author=2\"}]}<\/script>\n<!-- \/ Yoast SEO plugin. -->","yoast_head_json":{"title":"Internacionales\/\/\/Carolina Alonso Romei\/\/\/Las 650 ni\u00f1as envenenadas en Ir\u00e1n para evitar que fueran a la escuela -","robots":{"index":"index","follow":"follow","max-snippet":"max-snippet:-1","max-image-preview":"max-image-preview:large","max-video-preview":"max-video-preview:-1"},"canonical":"https:\/\/quehacerpolitico.mx\/?p=98991","og_locale":"es_MX","og_type":"article","og_title":"Internacionales\/\/\/Carolina Alonso Romei\/\/\/Las 650 ni\u00f1as envenenadas en Ir\u00e1n para evitar que fueran a la escuela -","og_description":"Por Carolina Alonso Romei Internacionalista Tras la presi\u00f3n de los padres y parte de la...","og_url":"https:\/\/quehacerpolitico.mx\/?p=98991","article_published_time":"2023-02-28T15:36:40+00:00","article_modified_time":"2023-02-28T15:36:43+00:00","og_image":[{"width":739,"height":415,"url":"https:\/\/quehacerpolitico.mx\/wp-content\/uploads\/2023\/02\/8F5EFDB3-847C-4CD9-A983-596A96B7EEC8.jpeg","type":"image\/jpeg"}],"author":"Redacci\u00f3n QP","twitter_card":"summary_large_image","twitter_misc":{"Escrito por":"Redacci\u00f3n QP","Tiempo de lectura":"4 minutos"},"schema":{"@context":"https:\/\/schema.org","@graph":[{"@type":"Article","@id":"https:\/\/quehacerpolitico.mx\/?p=98991#article","isPartOf":{"@id":"https:\/\/quehacerpolitico.mx\/?p=98991"},"author":{"name":"Redacci\u00f3n QP","@id":"https:\/\/quehacerpolitico.mx\/#\/schema\/person\/496d8ad2d1d3f8036101dca7ee39e585"},"headline":"Internacionales\/\/\/Carolina Alonso Romei\/\/\/Las 650 ni\u00f1as envenenadas en Ir\u00e1n para evitar que fueran a la escuela","datePublished":"2023-02-28T15:36:40+00:00","dateModified":"2023-02-28T15:36:43+00:00","mainEntityOfPage":{"@id":"https:\/\/quehacerpolitico.mx\/?p=98991"},"wordCount":916,"commentCount":0,"image":{"@id":"https:\/\/quehacerpolitico.mx\/?p=98991#primaryimage"},"thumbnailUrl":"https:\/\/quehacerpolitico.mx\/wp-content\/uploads\/2023\/02\/8F5EFDB3-847C-4CD9-A983-596A96B7EEC8.jpeg","articleSection":["Internacionales"],"inLanguage":"es","potentialAction":[{"@type":"CommentAction","name":"Comment","target":["https:\/\/quehacerpolitico.mx\/?p=98991#respond"]}]},{"@type":"WebPage","@id":"https:\/\/quehacerpolitico.mx\/?p=98991","url":"https:\/\/quehacerpolitico.mx\/?p=98991","name":"Internacionales\/\/\/Carolina Alonso Romei\/\/\/Las 650 ni\u00f1as envenenadas en Ir\u00e1n para evitar que fueran a la escuela -","isPartOf":{"@id":"https:\/\/quehacerpolitico.mx\/#website"},"primaryImageOfPage":{"@id":"https:\/\/quehacerpolitico.mx\/?p=98991#primaryimage"},"image":{"@id":"https:\/\/quehacerpolitico.mx\/?p=98991#primaryimage"},"thumbnailUrl":"https:\/\/quehacerpolitico.mx\/wp-content\/uploads\/2023\/02\/8F5EFDB3-847C-4CD9-A983-596A96B7EEC8.jpeg","datePublished":"2023-02-28T15:36:40+00:00","dateModified":"2023-02-28T15:36:43+00:00","author":{"@id":"https:\/\/quehacerpolitico.mx\/#\/schema\/person\/496d8ad2d1d3f8036101dca7ee39e585"},"breadcrumb":{"@id":"https:\/\/quehacerpolitico.mx\/?p=98991#breadcrumb"},"inLanguage":"es","potentialAction":[{"@type":"ReadAction","target":["https:\/\/quehacerpolitico.mx\/?p=98991"]}]},{"@type":"ImageObject","inLanguage":"es","@id":"https:\/\/quehacerpolitico.mx\/?p=98991#primaryimage","url":"https:\/\/quehacerpolitico.mx\/wp-content\/uploads\/2023\/02\/8F5EFDB3-847C-4CD9-A983-596A96B7EEC8.jpeg","contentUrl":"https:\/\/quehacerpolitico.mx\/wp-content\/uploads\/2023\/02\/8F5EFDB3-847C-4CD9-A983-596A96B7EEC8.jpeg","width":739,"height":415},{"@type":"BreadcrumbList","@id":"https:\/\/quehacerpolitico.mx\/?p=98991#breadcrumb","itemListElement":[{"@type":"ListItem","position":1,"name":"Inicio","item":"https:\/\/quehacerpolitico.mx\/"},{"@type":"ListItem","position":2,"name":"Internacionales\/\/\/Carolina Alonso Romei\/\/\/Las 650 ni\u00f1as envenenadas en Ir\u00e1n para evitar que fueran a la escuela"}]},{"@type":"WebSite","@id":"https:\/\/quehacerpolitico.mx\/#website","url":"https:\/\/quehacerpolitico.mx\/","name":"","description":"","potentialAction":[{"@type":"SearchAction","target":{"@type":"EntryPoint","urlTemplate":"https:\/\/quehacerpolitico.mx\/?s={search_term_string}"},"query-input":{"@type":"PropertyValueSpecification","valueRequired":true,"valueName":"search_term_string"}}],"inLanguage":"es"},{"@type":"Person","@id":"https:\/\/quehacerpolitico.mx\/#\/schema\/person\/496d8ad2d1d3f8036101dca7ee39e585","name":"Redacci\u00f3n QP","image":{"@type":"ImageObject","inLanguage":"es","@id":"https:\/\/secure.gravatar.com\/avatar\/c7164ed6fdec453195284ad24a5ae5b6e1eed2b848477fa2a4787ba9adf39a41?s=96&d=mm&r=g","url":"https:\/\/secure.gravatar.com\/avatar\/c7164ed6fdec453195284ad24a5ae5b6e1eed2b848477fa2a4787ba9adf39a41?s=96&d=mm&r=g","contentUrl":"https:\/\/secure.gravatar.com\/avatar\/c7164ed6fdec453195284ad24a5ae5b6e1eed2b848477fa2a4787ba9adf39a41?s=96&d=mm&r=g","caption":"Redacci\u00f3n QP"},"url":"https:\/\/quehacerpolitico.mx\/?author=2"}]}},"featured_image_urls":{"full":["https:\/\/quehacerpolitico.mx\/wp-content\/uploads\/2023\/02\/8F5EFDB3-847C-4CD9-A983-596A96B7EEC8.jpeg",739,415,false],"thumbnail":["https:\/\/quehacerpolitico.mx\/wp-content\/uploads\/2023\/02\/8F5EFDB3-847C-4CD9-A983-596A96B7EEC8-150x150.jpeg",150,150,true],"medium":["https:\/\/quehacerpolitico.mx\/wp-content\/uploads\/2023\/02\/8F5EFDB3-847C-4CD9-A983-596A96B7EEC8-300x168.jpeg",300,168,true],"medium_large":["https:\/\/quehacerpolitico.mx\/wp-content\/uploads\/2023\/02\/8F5EFDB3-847C-4CD9-A983-596A96B7EEC8.jpeg",640,359,false],"large":["https:\/\/quehacerpolitico.mx\/wp-content\/uploads\/2023\/02\/8F5EFDB3-847C-4CD9-A983-596A96B7EEC8.jpeg",640,359,false],"1536x1536":["https:\/\/quehacerpolitico.mx\/wp-content\/uploads\/2023\/02\/8F5EFDB3-847C-4CD9-A983-596A96B7EEC8.jpeg",739,415,false],"2048x2048":["https:\/\/quehacerpolitico.mx\/wp-content\/uploads\/2023\/02\/8F5EFDB3-847C-4CD9-A983-596A96B7EEC8.jpeg",739,415,false],"covernews-featured":["https:\/\/quehacerpolitico.mx\/wp-content\/uploads\/2023\/02\/8F5EFDB3-847C-4CD9-A983-596A96B7EEC8.jpeg",739,415,false],"covernews-medium":["https:\/\/quehacerpolitico.mx\/wp-content\/uploads\/2023\/02\/8F5EFDB3-847C-4CD9-A983-596A96B7EEC8.jpeg",540,303,false]},"author_info":{"display_name":"Redacci\u00f3n QP","author_link":"https:\/\/quehacerpolitico.mx\/?author=2"},"category_info":"<a href=\"https:\/\/quehacerpolitico.mx\/?cat=1\" rel=\"category\">Internacionales<\/a>","tag_info":"Internacionales","comment_count":"0","_links":{"self":[{"href":"https:\/\/quehacerpolitico.mx\/index.php?rest_route=\/wp\/v2\/posts\/98991","targetHints":{"allow":["GET"]}}],"collection":[{"href":"https:\/\/quehacerpolitico.mx\/index.php?rest_route=\/wp\/v2\/posts"}],"about":[{"href":"https:\/\/quehacerpolitico.mx\/index.php?rest_route=\/wp\/v2\/types\/post"}],"author":[{"embeddable":true,"href":"https:\/\/quehacerpolitico.mx\/index.php?rest_route=\/wp\/v2\/users\/2"}],"replies":[{"embeddable":true,"href":"https:\/\/quehacerpolitico.mx\/index.php?rest_route=%2Fwp%2Fv2%2Fcomments&post=98991"}],"version-history":[{"count":1,"href":"https:\/\/quehacerpolitico.mx\/index.php?rest_route=\/wp\/v2\/posts\/98991\/revisions"}],"predecessor-version":[{"id":98993,"href":"https:\/\/quehacerpolitico.mx\/index.php?rest_route=\/wp\/v2\/posts\/98991\/revisions\/98993"}],"wp:featuredmedia":[{"embeddable":true,"href":"https:\/\/quehacerpolitico.mx\/index.php?rest_route=\/wp\/v2\/media\/98992"}],"wp:attachment":[{"href":"https:\/\/quehacerpolitico.mx\/index.php?rest_route=%2Fwp%2Fv2%2Fmedia&parent=98991"}],"wp:term":[{"taxonomy":"category","embeddable":true,"href":"https:\/\/quehacerpolitico.mx\/index.php?rest_route=%2Fwp%2Fv2%2Fcategories&post=98991"},{"taxonomy":"post_tag","embeddable":true,"href":"https:\/\/quehacerpolitico.mx\/index.php?rest_route=%2Fwp%2Fv2%2Ftags&post=98991"}],"curies":[{"name":"wp","href":"https:\/\/api.w.org\/{rel}","templated":true}]}}