{"id":98981,"date":"2023-02-27T19:27:45","date_gmt":"2023-02-27T19:27:45","guid":{"rendered":"https:\/\/quehacerpolitico.mx\/?p=98981"},"modified":"2023-02-27T19:27:49","modified_gmt":"2023-02-27T19:27:49","slug":"ricardo-anaya-asegura-que-el-plan-b-es-una-trampa-video","status":"publish","type":"post","link":"https:\/\/quehacerpolitico.mx\/?p=98981","title":{"rendered":"Ricardo Anaya asegura que el Plan B es una trampa (VIDEO)"},"content":{"rendered":"\n<p>Por Redacci\u00f3n QP<\/p>\n\n\n\n<p>El excandidato a la presidencia, Ricardo Anaya, alerta a los mexicanos de una nueva trampa en el Plan B y los invita a hacer algo por la democracia<\/p>\n\n\n\n<p><strong>Ricardo Anaya<\/strong>, excandidato presidencial, celebr\u00f3 la multitudinaria participaci\u00f3n de los ciudadanos en la concentraci\u00f3n de este domingo 26, para<strong> manifestarse a favor del Instituto Nacional Electoral (INE) y en contra del plan B aprobado por Morena en el Congreso.<\/strong><\/p>\n\n\n\n<p>A trav\u00e9s de un nuevo video, Anaya hizo hincapi\u00e9 en que los ciudadanos\u00a0no solo llenaron el<strong>\u00a0Z\u00f3calo<\/strong>, &#8220;el coraz\u00f3n de M\u00e9xico&#8221;,\u00a0sino las principales plazas de numerosas ciudades del interior del pa\u00eds y tambi\u00e9n del extranjero porque\u00a0<strong>&#8220;la patria se lleva dentro dondequiera que uno va&#8221;<\/strong>.<\/p>\n\n\n\n<figure class=\"wp-block-embed is-type-video is-provider-youtube wp-block-embed-youtube wp-embed-aspect-16-9 wp-has-aspect-ratio\"><div class=\"wp-block-embed__wrapper\">\n<iframe loading=\"lazy\" title=\"La nueva trampa de Morena\" width=\"640\" height=\"360\" src=\"https:\/\/www.youtube.com\/embed\/31QWuxT-r_0?feature=oembed\" frameborder=\"0\" allow=\"accelerometer; autoplay; clipboard-write; encrypted-media; gyroscope; picture-in-picture; web-share\" referrerpolicy=\"strict-origin-when-cross-origin\" allowfullscreen><\/iframe>\n<\/div><\/figure>\n\n\n\n<p>El excandidato presidencial panista alert\u00f3 sobre<strong>&#8220;otra trampa&#8221; del plan B: &#8220;Trampa justamente dise\u00f1ada para dificultar el voto electr\u00f3nico de los millones de mexicanas y mexicanos que actualmente viven fuera&#8221;, y que consiste en reducir &#8220;al m\u00ednimo los plazos&#8221; para registrarse y poder votar, porque &#8220;los de Morena saben que muchos de esos mexicanos no votar\u00edan por ellos&#8221;.<\/strong><\/p>\n\n\n\n<p>Tras recordar la importancia de que los millones de mexicanas y mexicanos que viven fuera del pa\u00eds por distintas razones y puedan ejercer su derecho al voto,\u00a0Anaya explic\u00f3 que en 2024, por primera vez en la historia,<strong>\u00a0los mexicanos residentes en el extranjero podr\u00e1n emitir su voto de manera electr\u00f3nica<\/strong>, desde su celular, tableta o computadora.<\/p>\n\n\n\n<p>&#8220;Entonces, si t\u00fa eres uno de esos millones de mexicanas y mexicanos que actualmente vive fuera o si conoces a alguien que vive fuera y realmente<strong>\u00a0te preocupa la manera en la que L\u00f3pez Obrador y Morena est\u00e1n destruyendo a M\u00e9xico<\/strong>, entonces este mensaje es importante&#8221;, dijo Anaya. &#8220;Mira,\u00a0<strong>si t\u00fa est\u00e1s fuera de M\u00e9xico buscando un mejor futuro para ti y para tu familia, pero llevas la patria dentro y te interesa lo que est\u00e1 pasando en M\u00e9xico<\/strong>; si crees que Morena est\u00e1 destruyendo al pa\u00eds y quieres ayudar a M\u00e9xico, m\u00e1ndame un mensaje privado o d\u00e9jame un comentario, y personalmente me comprometo a entrar en contacto contigo para hacerte llegar toda la informaci\u00f3n que necesitas para poder votar desde tu computadora o desde tu tel\u00e9fono en la pr\u00f3xima elecci\u00f3n presidencial&#8221;, se\u00f1al\u00f3.<\/p>\n\n\n\n<p>La buena noticia, puntualiz\u00f3, es que los ciudadanos est\u00e1n a tiempo de organizarse desde ahora. &#8220;As\u00ed como ayer los ciudadanos libres le pidieron a la Suprema Corte que defienda<strong>&nbsp;la certeza de nuestro voto, a nosotros nos toca tambi\u00e9n defenderlo, votando, participando. Porque quejarse y no hacer nada no lleva a ninguna parte&#8221;<\/strong>,&nbsp;indic\u00f3.<\/p>\n\n\n\n<p>Finalmente asever\u00f3 que<strong>\u00a0&#8220;si la democracia sobrevive en M\u00e9xico ser\u00e1 porque los mexicanos de todas partes estuvimos dispuestos a defenderla&#8221;.<\/strong><\/p>\n\n\n\n<p>Con Informaci\u00f3n de SUN <\/p>\n","protected":false},"excerpt":{"rendered":"<p>Por Redacci\u00f3n QP El excandidato a la presidencia, Ricardo Anaya, alerta a los mexicanos de&#8230;<\/p>\n","protected":false},"author":2,"featured_media":98982,"comment_status":"open","ping_status":"open","sticky":false,"template":"","format":"standard","meta":{"_monsterinsights_skip_tracking":false,"_monsterinsights_sitenote_active":false,"_monsterinsights_sitenote_note":"","_monsterinsights_sitenote_category":0,"footnotes":""},"categories":[2],"tags":[],"class_list":["post-98981","post","type-post","status-publish","format-standard","has-post-thumbnail","hentry","category-noticias"],"yoast_head":"<!-- This site is optimized with the Yoast SEO plugin v27.3 - https:\/\/yoast.com\/product\/yoast-seo-wordpress\/ -->\n<title>Ricardo Anaya asegura que el Plan B es una trampa (VIDEO) -<\/title>\n<meta name=\"robots\" content=\"index, follow, max-snippet:-1, max-image-preview:large, max-video-preview:-1\" \/>\n<link rel=\"canonical\" href=\"https:\/\/quehacerpolitico.mx\/?p=98981\" \/>\n<meta property=\"og:locale\" content=\"es_MX\" \/>\n<meta property=\"og:type\" content=\"article\" \/>\n<meta property=\"og:title\" content=\"Ricardo Anaya asegura que el Plan B es una trampa (VIDEO) -\" \/>\n<meta property=\"og:description\" content=\"Por Redacci\u00f3n QP El excandidato a la presidencia, Ricardo Anaya, alerta a los mexicanos de...\" \/>\n<meta property=\"og:url\" content=\"https:\/\/quehacerpolitico.mx\/?p=98981\" \/>\n<meta property=\"article:published_time\" content=\"2023-02-27T19:27:45+00:00\" \/>\n<meta property=\"article:modified_time\" content=\"2023-02-27T19:27:49+00:00\" \/>\n<meta property=\"og:image\" content=\"https:\/\/quehacerpolitico.mx\/wp-content\/uploads\/2023\/02\/DE76981A-7231-4DD4-8096-0B522B0AFC2F.jpeg\" \/>\n\t<meta property=\"og:image:width\" content=\"1282\" \/>\n\t<meta property=\"og:image:height\" content=\"691\" \/>\n\t<meta property=\"og:image:type\" content=\"image\/jpeg\" \/>\n<meta name=\"author\" content=\"Redacci\u00f3n QP\" \/>\n<meta name=\"twitter:card\" content=\"summary_large_image\" \/>\n<meta name=\"twitter:label1\" content=\"Escrito por\" \/>\n\t<meta name=\"twitter:data1\" content=\"Redacci\u00f3n QP\" \/>\n\t<meta name=\"twitter:label2\" content=\"Tiempo de lectura\" \/>\n\t<meta name=\"twitter:data2\" content=\"2 minutos\" \/>\n<script type=\"application\/ld+json\" class=\"yoast-schema-graph\">{\"@context\":\"https:\\\/\\\/schema.org\",\"@graph\":[{\"@type\":\"Article\",\"@id\":\"https:\\\/\\\/quehacerpolitico.mx\\\/?p=98981#article\",\"isPartOf\":{\"@id\":\"https:\\\/\\\/quehacerpolitico.mx\\\/?p=98981\"},\"author\":{\"name\":\"Redacci\u00f3n QP\",\"@id\":\"https:\\\/\\\/quehacerpolitico.mx\\\/#\\\/schema\\\/person\\\/496d8ad2d1d3f8036101dca7ee39e585\"},\"headline\":\"Ricardo Anaya asegura que el Plan B es una trampa (VIDEO)\",\"datePublished\":\"2023-02-27T19:27:45+00:00\",\"dateModified\":\"2023-02-27T19:27:49+00:00\",\"mainEntityOfPage\":{\"@id\":\"https:\\\/\\\/quehacerpolitico.mx\\\/?p=98981\"},\"wordCount\":493,\"commentCount\":0,\"image\":{\"@id\":\"https:\\\/\\\/quehacerpolitico.mx\\\/?p=98981#primaryimage\"},\"thumbnailUrl\":\"https:\\\/\\\/quehacerpolitico.mx\\\/wp-content\\\/uploads\\\/2023\\\/02\\\/DE76981A-7231-4DD4-8096-0B522B0AFC2F.jpeg\",\"articleSection\":[\"Noticias\"],\"inLanguage\":\"es\",\"potentialAction\":[{\"@type\":\"CommentAction\",\"name\":\"Comment\",\"target\":[\"https:\\\/\\\/quehacerpolitico.mx\\\/?p=98981#respond\"]}]},{\"@type\":\"WebPage\",\"@id\":\"https:\\\/\\\/quehacerpolitico.mx\\\/?p=98981\",\"url\":\"https:\\\/\\\/quehacerpolitico.mx\\\/?p=98981\",\"name\":\"Ricardo Anaya asegura que el Plan B es una trampa (VIDEO) -\",\"isPartOf\":{\"@id\":\"https:\\\/\\\/quehacerpolitico.mx\\\/#website\"},\"primaryImageOfPage\":{\"@id\":\"https:\\\/\\\/quehacerpolitico.mx\\\/?p=98981#primaryimage\"},\"image\":{\"@id\":\"https:\\\/\\\/quehacerpolitico.mx\\\/?p=98981#primaryimage\"},\"thumbnailUrl\":\"https:\\\/\\\/quehacerpolitico.mx\\\/wp-content\\\/uploads\\\/2023\\\/02\\\/DE76981A-7231-4DD4-8096-0B522B0AFC2F.jpeg\",\"datePublished\":\"2023-02-27T19:27:45+00:00\",\"dateModified\":\"2023-02-27T19:27:49+00:00\",\"author\":{\"@id\":\"https:\\\/\\\/quehacerpolitico.mx\\\/#\\\/schema\\\/person\\\/496d8ad2d1d3f8036101dca7ee39e585\"},\"breadcrumb\":{\"@id\":\"https:\\\/\\\/quehacerpolitico.mx\\\/?p=98981#breadcrumb\"},\"inLanguage\":\"es\",\"potentialAction\":[{\"@type\":\"ReadAction\",\"target\":[\"https:\\\/\\\/quehacerpolitico.mx\\\/?p=98981\"]}]},{\"@type\":\"ImageObject\",\"inLanguage\":\"es\",\"@id\":\"https:\\\/\\\/quehacerpolitico.mx\\\/?p=98981#primaryimage\",\"url\":\"https:\\\/\\\/quehacerpolitico.mx\\\/wp-content\\\/uploads\\\/2023\\\/02\\\/DE76981A-7231-4DD4-8096-0B522B0AFC2F.jpeg\",\"contentUrl\":\"https:\\\/\\\/quehacerpolitico.mx\\\/wp-content\\\/uploads\\\/2023\\\/02\\\/DE76981A-7231-4DD4-8096-0B522B0AFC2F.jpeg\",\"width\":1282,\"height\":691},{\"@type\":\"BreadcrumbList\",\"@id\":\"https:\\\/\\\/quehacerpolitico.mx\\\/?p=98981#breadcrumb\",\"itemListElement\":[{\"@type\":\"ListItem\",\"position\":1,\"name\":\"Inicio\",\"item\":\"https:\\\/\\\/quehacerpolitico.mx\\\/\"},{\"@type\":\"ListItem\",\"position\":2,\"name\":\"Ricardo Anaya asegura que el Plan B es una trampa (VIDEO)\"}]},{\"@type\":\"WebSite\",\"@id\":\"https:\\\/\\\/quehacerpolitico.mx\\\/#website\",\"url\":\"https:\\\/\\\/quehacerpolitico.mx\\\/\",\"name\":\"\",\"description\":\"\",\"potentialAction\":[{\"@type\":\"SearchAction\",\"target\":{\"@type\":\"EntryPoint\",\"urlTemplate\":\"https:\\\/\\\/quehacerpolitico.mx\\\/?s={search_term_string}\"},\"query-input\":{\"@type\":\"PropertyValueSpecification\",\"valueRequired\":true,\"valueName\":\"search_term_string\"}}],\"inLanguage\":\"es\"},{\"@type\":\"Person\",\"@id\":\"https:\\\/\\\/quehacerpolitico.mx\\\/#\\\/schema\\\/person\\\/496d8ad2d1d3f8036101dca7ee39e585\",\"name\":\"Redacci\u00f3n QP\",\"image\":{\"@type\":\"ImageObject\",\"inLanguage\":\"es\",\"@id\":\"https:\\\/\\\/secure.gravatar.com\\\/avatar\\\/c7164ed6fdec453195284ad24a5ae5b6e1eed2b848477fa2a4787ba9adf39a41?s=96&d=mm&r=g\",\"url\":\"https:\\\/\\\/secure.gravatar.com\\\/avatar\\\/c7164ed6fdec453195284ad24a5ae5b6e1eed2b848477fa2a4787ba9adf39a41?s=96&d=mm&r=g\",\"contentUrl\":\"https:\\\/\\\/secure.gravatar.com\\\/avatar\\\/c7164ed6fdec453195284ad24a5ae5b6e1eed2b848477fa2a4787ba9adf39a41?s=96&d=mm&r=g\",\"caption\":\"Redacci\u00f3n QP\"},\"url\":\"https:\\\/\\\/quehacerpolitico.mx\\\/?author=2\"}]}<\/script>\n<!-- \/ Yoast SEO plugin. -->","yoast_head_json":{"title":"Ricardo Anaya asegura que el Plan B es una trampa (VIDEO) -","robots":{"index":"index","follow":"follow","max-snippet":"max-snippet:-1","max-image-preview":"max-image-preview:large","max-video-preview":"max-video-preview:-1"},"canonical":"https:\/\/quehacerpolitico.mx\/?p=98981","og_locale":"es_MX","og_type":"article","og_title":"Ricardo Anaya asegura que el Plan B es una trampa (VIDEO) -","og_description":"Por Redacci\u00f3n QP El excandidato a la presidencia, Ricardo Anaya, alerta a los mexicanos de...","og_url":"https:\/\/quehacerpolitico.mx\/?p=98981","article_published_time":"2023-02-27T19:27:45+00:00","article_modified_time":"2023-02-27T19:27:49+00:00","og_image":[{"width":1282,"height":691,"url":"https:\/\/quehacerpolitico.mx\/wp-content\/uploads\/2023\/02\/DE76981A-7231-4DD4-8096-0B522B0AFC2F.jpeg","type":"image\/jpeg"}],"author":"Redacci\u00f3n QP","twitter_card":"summary_large_image","twitter_misc":{"Escrito por":"Redacci\u00f3n QP","Tiempo de lectura":"2 minutos"},"schema":{"@context":"https:\/\/schema.org","@graph":[{"@type":"Article","@id":"https:\/\/quehacerpolitico.mx\/?p=98981#article","isPartOf":{"@id":"https:\/\/quehacerpolitico.mx\/?p=98981"},"author":{"name":"Redacci\u00f3n QP","@id":"https:\/\/quehacerpolitico.mx\/#\/schema\/person\/496d8ad2d1d3f8036101dca7ee39e585"},"headline":"Ricardo Anaya asegura que el Plan B es una trampa (VIDEO)","datePublished":"2023-02-27T19:27:45+00:00","dateModified":"2023-02-27T19:27:49+00:00","mainEntityOfPage":{"@id":"https:\/\/quehacerpolitico.mx\/?p=98981"},"wordCount":493,"commentCount":0,"image":{"@id":"https:\/\/quehacerpolitico.mx\/?p=98981#primaryimage"},"thumbnailUrl":"https:\/\/quehacerpolitico.mx\/wp-content\/uploads\/2023\/02\/DE76981A-7231-4DD4-8096-0B522B0AFC2F.jpeg","articleSection":["Noticias"],"inLanguage":"es","potentialAction":[{"@type":"CommentAction","name":"Comment","target":["https:\/\/quehacerpolitico.mx\/?p=98981#respond"]}]},{"@type":"WebPage","@id":"https:\/\/quehacerpolitico.mx\/?p=98981","url":"https:\/\/quehacerpolitico.mx\/?p=98981","name":"Ricardo Anaya asegura que el Plan B es una trampa (VIDEO) -","isPartOf":{"@id":"https:\/\/quehacerpolitico.mx\/#website"},"primaryImageOfPage":{"@id":"https:\/\/quehacerpolitico.mx\/?p=98981#primaryimage"},"image":{"@id":"https:\/\/quehacerpolitico.mx\/?p=98981#primaryimage"},"thumbnailUrl":"https:\/\/quehacerpolitico.mx\/wp-content\/uploads\/2023\/02\/DE76981A-7231-4DD4-8096-0B522B0AFC2F.jpeg","datePublished":"2023-02-27T19:27:45+00:00","dateModified":"2023-02-27T19:27:49+00:00","author":{"@id":"https:\/\/quehacerpolitico.mx\/#\/schema\/person\/496d8ad2d1d3f8036101dca7ee39e585"},"breadcrumb":{"@id":"https:\/\/quehacerpolitico.mx\/?p=98981#breadcrumb"},"inLanguage":"es","potentialAction":[{"@type":"ReadAction","target":["https:\/\/quehacerpolitico.mx\/?p=98981"]}]},{"@type":"ImageObject","inLanguage":"es","@id":"https:\/\/quehacerpolitico.mx\/?p=98981#primaryimage","url":"https:\/\/quehacerpolitico.mx\/wp-content\/uploads\/2023\/02\/DE76981A-7231-4DD4-8096-0B522B0AFC2F.jpeg","contentUrl":"https:\/\/quehacerpolitico.mx\/wp-content\/uploads\/2023\/02\/DE76981A-7231-4DD4-8096-0B522B0AFC2F.jpeg","width":1282,"height":691},{"@type":"BreadcrumbList","@id":"https:\/\/quehacerpolitico.mx\/?p=98981#breadcrumb","itemListElement":[{"@type":"ListItem","position":1,"name":"Inicio","item":"https:\/\/quehacerpolitico.mx\/"},{"@type":"ListItem","position":2,"name":"Ricardo Anaya asegura que el Plan B es una trampa (VIDEO)"}]},{"@type":"WebSite","@id":"https:\/\/quehacerpolitico.mx\/#website","url":"https:\/\/quehacerpolitico.mx\/","name":"","description":"","potentialAction":[{"@type":"SearchAction","target":{"@type":"EntryPoint","urlTemplate":"https:\/\/quehacerpolitico.mx\/?s={search_term_string}"},"query-input":{"@type":"PropertyValueSpecification","valueRequired":true,"valueName":"search_term_string"}}],"inLanguage":"es"},{"@type":"Person","@id":"https:\/\/quehacerpolitico.mx\/#\/schema\/person\/496d8ad2d1d3f8036101dca7ee39e585","name":"Redacci\u00f3n QP","image":{"@type":"ImageObject","inLanguage":"es","@id":"https:\/\/secure.gravatar.com\/avatar\/c7164ed6fdec453195284ad24a5ae5b6e1eed2b848477fa2a4787ba9adf39a41?s=96&d=mm&r=g","url":"https:\/\/secure.gravatar.com\/avatar\/c7164ed6fdec453195284ad24a5ae5b6e1eed2b848477fa2a4787ba9adf39a41?s=96&d=mm&r=g","contentUrl":"https:\/\/secure.gravatar.com\/avatar\/c7164ed6fdec453195284ad24a5ae5b6e1eed2b848477fa2a4787ba9adf39a41?s=96&d=mm&r=g","caption":"Redacci\u00f3n QP"},"url":"https:\/\/quehacerpolitico.mx\/?author=2"}]}},"featured_image_urls":{"full":["https:\/\/quehacerpolitico.mx\/wp-content\/uploads\/2023\/02\/DE76981A-7231-4DD4-8096-0B522B0AFC2F.jpeg",1282,691,false],"thumbnail":["https:\/\/quehacerpolitico.mx\/wp-content\/uploads\/2023\/02\/DE76981A-7231-4DD4-8096-0B522B0AFC2F-150x150.jpeg",150,150,true],"medium":["https:\/\/quehacerpolitico.mx\/wp-content\/uploads\/2023\/02\/DE76981A-7231-4DD4-8096-0B522B0AFC2F-300x162.jpeg",300,162,true],"medium_large":["https:\/\/quehacerpolitico.mx\/wp-content\/uploads\/2023\/02\/DE76981A-7231-4DD4-8096-0B522B0AFC2F-768x414.jpeg",640,345,true],"large":["https:\/\/quehacerpolitico.mx\/wp-content\/uploads\/2023\/02\/DE76981A-7231-4DD4-8096-0B522B0AFC2F-1024x552.jpeg",640,345,true],"1536x1536":["https:\/\/quehacerpolitico.mx\/wp-content\/uploads\/2023\/02\/DE76981A-7231-4DD4-8096-0B522B0AFC2F.jpeg",1282,691,false],"2048x2048":["https:\/\/quehacerpolitico.mx\/wp-content\/uploads\/2023\/02\/DE76981A-7231-4DD4-8096-0B522B0AFC2F.jpeg",1282,691,false],"covernews-featured":["https:\/\/quehacerpolitico.mx\/wp-content\/uploads\/2023\/02\/DE76981A-7231-4DD4-8096-0B522B0AFC2F.jpeg",1024,552,false],"covernews-medium":["https:\/\/quehacerpolitico.mx\/wp-content\/uploads\/2023\/02\/DE76981A-7231-4DD4-8096-0B522B0AFC2F.jpeg",540,291,false]},"author_info":{"display_name":"Redacci\u00f3n QP","author_link":"https:\/\/quehacerpolitico.mx\/?author=2"},"category_info":"<a href=\"https:\/\/quehacerpolitico.mx\/?cat=2\" rel=\"category\">Noticias<\/a>","tag_info":"Noticias","comment_count":"0","_links":{"self":[{"href":"https:\/\/quehacerpolitico.mx\/index.php?rest_route=\/wp\/v2\/posts\/98981","targetHints":{"allow":["GET"]}}],"collection":[{"href":"https:\/\/quehacerpolitico.mx\/index.php?rest_route=\/wp\/v2\/posts"}],"about":[{"href":"https:\/\/quehacerpolitico.mx\/index.php?rest_route=\/wp\/v2\/types\/post"}],"author":[{"embeddable":true,"href":"https:\/\/quehacerpolitico.mx\/index.php?rest_route=\/wp\/v2\/users\/2"}],"replies":[{"embeddable":true,"href":"https:\/\/quehacerpolitico.mx\/index.php?rest_route=%2Fwp%2Fv2%2Fcomments&post=98981"}],"version-history":[{"count":1,"href":"https:\/\/quehacerpolitico.mx\/index.php?rest_route=\/wp\/v2\/posts\/98981\/revisions"}],"predecessor-version":[{"id":98983,"href":"https:\/\/quehacerpolitico.mx\/index.php?rest_route=\/wp\/v2\/posts\/98981\/revisions\/98983"}],"wp:featuredmedia":[{"embeddable":true,"href":"https:\/\/quehacerpolitico.mx\/index.php?rest_route=\/wp\/v2\/media\/98982"}],"wp:attachment":[{"href":"https:\/\/quehacerpolitico.mx\/index.php?rest_route=%2Fwp%2Fv2%2Fmedia&parent=98981"}],"wp:term":[{"taxonomy":"category","embeddable":true,"href":"https:\/\/quehacerpolitico.mx\/index.php?rest_route=%2Fwp%2Fv2%2Fcategories&post=98981"},{"taxonomy":"post_tag","embeddable":true,"href":"https:\/\/quehacerpolitico.mx\/index.php?rest_route=%2Fwp%2Fv2%2Ftags&post=98981"}],"curies":[{"name":"wp","href":"https:\/\/api.w.org\/{rel}","templated":true}]}}