{"id":98978,"date":"2023-02-27T18:12:48","date_gmt":"2023-02-27T18:12:48","guid":{"rendered":"https:\/\/quehacerpolitico.mx\/?p=98978"},"modified":"2023-02-27T18:12:51","modified_gmt":"2023-02-27T18:12:51","slug":"manifestacion-ine-cuantas-personas-caben-en-el-zocalo-de-cdmx","status":"publish","type":"post","link":"https:\/\/quehacerpolitico.mx\/?p=98978","title":{"rendered":"Manifestaci\u00f3n INE: \u00bfCu\u00e1ntas personas caben en el Z\u00f3calo de CDMX?"},"content":{"rendered":"\n<p>Por Redacci\u00f3n QP<\/p>\n\n\n\n<p>Las marchas a favor del INE han llegado hasta el Z\u00f3calo de CDMX, descubre cu\u00e1ntas personas se pueden alojar ah\u00ed&nbsp;<\/p>\n\n\n\n<p><strong>El Z\u00f3calo de la Ciudad de M\u00e9xico es uno de los lugares m\u00e1s visitados de la entidad.&nbsp;<\/strong>Adem\u00e1s de sus atractivos tur\u00edsticos, por muchas d\u00e9cadas se ha constituido como un punto de reuniones y manifestaciones. Para muchos, el Z\u00f3calo es un sitio de referencia en la capital y gran parte de ello se debe a la ubicaci\u00f3n que posee.<\/p>\n\n\n\n<p>La plancha est\u00e1 rodeada por el\u00a0<strong>Palacio Nacional, el Palacio del Ayuntamiento local y la Catedral Metropolitana.<\/strong>\u00a0Si bien la mayor\u00eda de personas lo conocen como\u00a0<strong>&#8220;Z\u00f3calo&#8221;<\/strong>, su nombre oficial es la Plaza de la Constituci\u00f3n. No obstante, a lo largo de la historia ha pasado por diferentes nomenclaturas, entre ellas, la<strong>\u00a0Plaza Principal, Plaza de Armas, Plaza del Palacio o Plaza Real.<\/strong><\/p>\n\n\n\n<h2 class=\"wp-block-heading\">\u00bfPor qu\u00e9 se le llama &#8220;Z\u00f3calo&#8221; capitalino?<\/h2>\n\n\n\n<p>Como se mencion\u00f3 anteriormente,\u00a0<strong>&#8220;Z\u00f3calo&#8221;<\/strong>\u00a0es la forma popular de llamarle a este espacio p\u00fablico. No obstante, en 1812 se edific\u00f3 con el nombre de la<strong>&#8220;Plaza de la Constituci\u00f3n&#8221;<\/strong>\u00a0en honor a la Constituci\u00f3n de C\u00e1diz, la cual fue proclamada en el mismo lugar.<\/p>\n\n\n\n<p>En 1843, el expresidente Antonio L\u00f3pez de Santana orden\u00f3 construir un monumento para conmemorar la independencia. Sin embargo, el plan nunca se llev\u00f3 a cabo y&nbsp;<strong>solo se construy\u00f3 la base o plancha del Z\u00f3calo, a partir de ese momento se le comenz\u00f3 a llamar as\u00ed.<\/strong><\/p>\n\n\n\n<h3 class=\"wp-block-heading\">\u00bfPara cu\u00e1ntas personas tiene capacidad la plancha del Z\u00f3calo?<\/h3>\n\n\n\n<p>El Z\u00f3calo capitalino, junto con las calles aleda\u00f1as,abarca una superficie de\u00a0<strong>46 mil 800 metros<\/strong>cuadrados, los cuales le permiten alojar a multitudes, por ejemplo<strong>, en un concierto o manifestaci\u00f3n.\u00a0D<\/strong>espu\u00e9s de la Plaza Roja en Mosc\u00fa, Rusia, el Z\u00f3calo de la CDMX es la segunda plaza m\u00e1s grande.<\/p>\n\n\n\n<p>Aproximadamente, tiene una capacidad para<strong>&nbsp;200 mil personas<\/strong>, incluyendo la plancha, las calles laterales y la zona de los portales de Mercaderes.<\/p>\n\n\n\n<p>De acuerdo con el Gobierno de la CDMX,\u00a0<strong>se estima que durante la pasada marcha en defensa del Instituto Nacional Electoral se reunieron cerca de 100 mil personas sobre la plancha del Z\u00f3calo.\u00a0<\/strong>Por otra parte, Claudia Sheinbaum, jefa de gobierno capitalino, inform\u00f3 que m\u00e1s de 280 mil personas rompieron el r\u00e9cord de asistencia al Z\u00f3calo durante el concierto de Grupo Firme, el cual se llev\u00f3 a cabo en el mes de septiembre del 2022.<\/p>\n\n\n\n<p>Con Informaci\u00f3n de SUN <\/p>\n","protected":false},"excerpt":{"rendered":"<p>Por Redacci\u00f3n QP Las marchas a favor del INE han llegado hasta el Z\u00f3calo de&#8230;<\/p>\n","protected":false},"author":2,"featured_media":98979,"comment_status":"open","ping_status":"open","sticky":false,"template":"","format":"standard","meta":{"_monsterinsights_skip_tracking":false,"_monsterinsights_sitenote_active":false,"_monsterinsights_sitenote_note":"","_monsterinsights_sitenote_category":0,"footnotes":""},"categories":[2],"tags":[],"class_list":["post-98978","post","type-post","status-publish","format-standard","has-post-thumbnail","hentry","category-noticias"],"yoast_head":"<!-- This site is optimized with the Yoast SEO plugin v27.3 - https:\/\/yoast.com\/product\/yoast-seo-wordpress\/ -->\n<title>Manifestaci\u00f3n INE: \u00bfCu\u00e1ntas personas caben en el Z\u00f3calo de CDMX? -<\/title>\n<meta name=\"robots\" content=\"index, follow, max-snippet:-1, max-image-preview:large, max-video-preview:-1\" \/>\n<link rel=\"canonical\" href=\"https:\/\/quehacerpolitico.mx\/?p=98978\" \/>\n<meta property=\"og:locale\" content=\"es_MX\" \/>\n<meta property=\"og:type\" content=\"article\" \/>\n<meta property=\"og:title\" content=\"Manifestaci\u00f3n INE: \u00bfCu\u00e1ntas personas caben en el Z\u00f3calo de CDMX? -\" \/>\n<meta property=\"og:description\" content=\"Por Redacci\u00f3n QP Las marchas a favor del INE han llegado hasta el Z\u00f3calo de...\" \/>\n<meta property=\"og:url\" content=\"https:\/\/quehacerpolitico.mx\/?p=98978\" \/>\n<meta property=\"article:published_time\" content=\"2023-02-27T18:12:48+00:00\" \/>\n<meta property=\"article:modified_time\" content=\"2023-02-27T18:12:51+00:00\" \/>\n<meta property=\"og:image\" content=\"https:\/\/quehacerpolitico.mx\/wp-content\/uploads\/2023\/02\/94E92F44-CF83-46E0-B4BB-EB8055CFF172.jpeg\" \/>\n\t<meta property=\"og:image:width\" content=\"1537\" \/>\n\t<meta property=\"og:image:height\" content=\"968\" \/>\n\t<meta property=\"og:image:type\" content=\"image\/jpeg\" \/>\n<meta name=\"author\" content=\"Redacci\u00f3n QP\" \/>\n<meta name=\"twitter:card\" content=\"summary_large_image\" \/>\n<meta name=\"twitter:label1\" content=\"Escrito por\" \/>\n\t<meta name=\"twitter:data1\" content=\"Redacci\u00f3n QP\" \/>\n\t<meta name=\"twitter:label2\" content=\"Tiempo de lectura\" \/>\n\t<meta name=\"twitter:data2\" content=\"2 minutos\" \/>\n<script type=\"application\/ld+json\" class=\"yoast-schema-graph\">{\"@context\":\"https:\\\/\\\/schema.org\",\"@graph\":[{\"@type\":\"Article\",\"@id\":\"https:\\\/\\\/quehacerpolitico.mx\\\/?p=98978#article\",\"isPartOf\":{\"@id\":\"https:\\\/\\\/quehacerpolitico.mx\\\/?p=98978\"},\"author\":{\"name\":\"Redacci\u00f3n QP\",\"@id\":\"https:\\\/\\\/quehacerpolitico.mx\\\/#\\\/schema\\\/person\\\/496d8ad2d1d3f8036101dca7ee39e585\"},\"headline\":\"Manifestaci\u00f3n INE: \u00bfCu\u00e1ntas personas caben en el Z\u00f3calo de CDMX?\",\"datePublished\":\"2023-02-27T18:12:48+00:00\",\"dateModified\":\"2023-02-27T18:12:51+00:00\",\"mainEntityOfPage\":{\"@id\":\"https:\\\/\\\/quehacerpolitico.mx\\\/?p=98978\"},\"wordCount\":446,\"commentCount\":0,\"image\":{\"@id\":\"https:\\\/\\\/quehacerpolitico.mx\\\/?p=98978#primaryimage\"},\"thumbnailUrl\":\"https:\\\/\\\/quehacerpolitico.mx\\\/wp-content\\\/uploads\\\/2023\\\/02\\\/94E92F44-CF83-46E0-B4BB-EB8055CFF172.jpeg\",\"articleSection\":[\"Noticias\"],\"inLanguage\":\"es\",\"potentialAction\":[{\"@type\":\"CommentAction\",\"name\":\"Comment\",\"target\":[\"https:\\\/\\\/quehacerpolitico.mx\\\/?p=98978#respond\"]}]},{\"@type\":\"WebPage\",\"@id\":\"https:\\\/\\\/quehacerpolitico.mx\\\/?p=98978\",\"url\":\"https:\\\/\\\/quehacerpolitico.mx\\\/?p=98978\",\"name\":\"Manifestaci\u00f3n INE: \u00bfCu\u00e1ntas personas caben en el Z\u00f3calo de CDMX? -\",\"isPartOf\":{\"@id\":\"https:\\\/\\\/quehacerpolitico.mx\\\/#website\"},\"primaryImageOfPage\":{\"@id\":\"https:\\\/\\\/quehacerpolitico.mx\\\/?p=98978#primaryimage\"},\"image\":{\"@id\":\"https:\\\/\\\/quehacerpolitico.mx\\\/?p=98978#primaryimage\"},\"thumbnailUrl\":\"https:\\\/\\\/quehacerpolitico.mx\\\/wp-content\\\/uploads\\\/2023\\\/02\\\/94E92F44-CF83-46E0-B4BB-EB8055CFF172.jpeg\",\"datePublished\":\"2023-02-27T18:12:48+00:00\",\"dateModified\":\"2023-02-27T18:12:51+00:00\",\"author\":{\"@id\":\"https:\\\/\\\/quehacerpolitico.mx\\\/#\\\/schema\\\/person\\\/496d8ad2d1d3f8036101dca7ee39e585\"},\"breadcrumb\":{\"@id\":\"https:\\\/\\\/quehacerpolitico.mx\\\/?p=98978#breadcrumb\"},\"inLanguage\":\"es\",\"potentialAction\":[{\"@type\":\"ReadAction\",\"target\":[\"https:\\\/\\\/quehacerpolitico.mx\\\/?p=98978\"]}]},{\"@type\":\"ImageObject\",\"inLanguage\":\"es\",\"@id\":\"https:\\\/\\\/quehacerpolitico.mx\\\/?p=98978#primaryimage\",\"url\":\"https:\\\/\\\/quehacerpolitico.mx\\\/wp-content\\\/uploads\\\/2023\\\/02\\\/94E92F44-CF83-46E0-B4BB-EB8055CFF172.jpeg\",\"contentUrl\":\"https:\\\/\\\/quehacerpolitico.mx\\\/wp-content\\\/uploads\\\/2023\\\/02\\\/94E92F44-CF83-46E0-B4BB-EB8055CFF172.jpeg\",\"width\":1537,\"height\":968},{\"@type\":\"BreadcrumbList\",\"@id\":\"https:\\\/\\\/quehacerpolitico.mx\\\/?p=98978#breadcrumb\",\"itemListElement\":[{\"@type\":\"ListItem\",\"position\":1,\"name\":\"Inicio\",\"item\":\"https:\\\/\\\/quehacerpolitico.mx\\\/\"},{\"@type\":\"ListItem\",\"position\":2,\"name\":\"Manifestaci\u00f3n INE: \u00bfCu\u00e1ntas personas caben en el Z\u00f3calo de CDMX?\"}]},{\"@type\":\"WebSite\",\"@id\":\"https:\\\/\\\/quehacerpolitico.mx\\\/#website\",\"url\":\"https:\\\/\\\/quehacerpolitico.mx\\\/\",\"name\":\"\",\"description\":\"\",\"potentialAction\":[{\"@type\":\"SearchAction\",\"target\":{\"@type\":\"EntryPoint\",\"urlTemplate\":\"https:\\\/\\\/quehacerpolitico.mx\\\/?s={search_term_string}\"},\"query-input\":{\"@type\":\"PropertyValueSpecification\",\"valueRequired\":true,\"valueName\":\"search_term_string\"}}],\"inLanguage\":\"es\"},{\"@type\":\"Person\",\"@id\":\"https:\\\/\\\/quehacerpolitico.mx\\\/#\\\/schema\\\/person\\\/496d8ad2d1d3f8036101dca7ee39e585\",\"name\":\"Redacci\u00f3n QP\",\"image\":{\"@type\":\"ImageObject\",\"inLanguage\":\"es\",\"@id\":\"https:\\\/\\\/secure.gravatar.com\\\/avatar\\\/c7164ed6fdec453195284ad24a5ae5b6e1eed2b848477fa2a4787ba9adf39a41?s=96&d=mm&r=g\",\"url\":\"https:\\\/\\\/secure.gravatar.com\\\/avatar\\\/c7164ed6fdec453195284ad24a5ae5b6e1eed2b848477fa2a4787ba9adf39a41?s=96&d=mm&r=g\",\"contentUrl\":\"https:\\\/\\\/secure.gravatar.com\\\/avatar\\\/c7164ed6fdec453195284ad24a5ae5b6e1eed2b848477fa2a4787ba9adf39a41?s=96&d=mm&r=g\",\"caption\":\"Redacci\u00f3n QP\"},\"url\":\"https:\\\/\\\/quehacerpolitico.mx\\\/?author=2\"}]}<\/script>\n<!-- \/ Yoast SEO plugin. -->","yoast_head_json":{"title":"Manifestaci\u00f3n INE: \u00bfCu\u00e1ntas personas caben en el Z\u00f3calo de CDMX? -","robots":{"index":"index","follow":"follow","max-snippet":"max-snippet:-1","max-image-preview":"max-image-preview:large","max-video-preview":"max-video-preview:-1"},"canonical":"https:\/\/quehacerpolitico.mx\/?p=98978","og_locale":"es_MX","og_type":"article","og_title":"Manifestaci\u00f3n INE: \u00bfCu\u00e1ntas personas caben en el Z\u00f3calo de CDMX? -","og_description":"Por Redacci\u00f3n QP Las marchas a favor del INE han llegado hasta el Z\u00f3calo de...","og_url":"https:\/\/quehacerpolitico.mx\/?p=98978","article_published_time":"2023-02-27T18:12:48+00:00","article_modified_time":"2023-02-27T18:12:51+00:00","og_image":[{"width":1537,"height":968,"url":"https:\/\/quehacerpolitico.mx\/wp-content\/uploads\/2023\/02\/94E92F44-CF83-46E0-B4BB-EB8055CFF172.jpeg","type":"image\/jpeg"}],"author":"Redacci\u00f3n QP","twitter_card":"summary_large_image","twitter_misc":{"Escrito por":"Redacci\u00f3n QP","Tiempo de lectura":"2 minutos"},"schema":{"@context":"https:\/\/schema.org","@graph":[{"@type":"Article","@id":"https:\/\/quehacerpolitico.mx\/?p=98978#article","isPartOf":{"@id":"https:\/\/quehacerpolitico.mx\/?p=98978"},"author":{"name":"Redacci\u00f3n QP","@id":"https:\/\/quehacerpolitico.mx\/#\/schema\/person\/496d8ad2d1d3f8036101dca7ee39e585"},"headline":"Manifestaci\u00f3n INE: \u00bfCu\u00e1ntas personas caben en el Z\u00f3calo de CDMX?","datePublished":"2023-02-27T18:12:48+00:00","dateModified":"2023-02-27T18:12:51+00:00","mainEntityOfPage":{"@id":"https:\/\/quehacerpolitico.mx\/?p=98978"},"wordCount":446,"commentCount":0,"image":{"@id":"https:\/\/quehacerpolitico.mx\/?p=98978#primaryimage"},"thumbnailUrl":"https:\/\/quehacerpolitico.mx\/wp-content\/uploads\/2023\/02\/94E92F44-CF83-46E0-B4BB-EB8055CFF172.jpeg","articleSection":["Noticias"],"inLanguage":"es","potentialAction":[{"@type":"CommentAction","name":"Comment","target":["https:\/\/quehacerpolitico.mx\/?p=98978#respond"]}]},{"@type":"WebPage","@id":"https:\/\/quehacerpolitico.mx\/?p=98978","url":"https:\/\/quehacerpolitico.mx\/?p=98978","name":"Manifestaci\u00f3n INE: \u00bfCu\u00e1ntas personas caben en el Z\u00f3calo de CDMX? -","isPartOf":{"@id":"https:\/\/quehacerpolitico.mx\/#website"},"primaryImageOfPage":{"@id":"https:\/\/quehacerpolitico.mx\/?p=98978#primaryimage"},"image":{"@id":"https:\/\/quehacerpolitico.mx\/?p=98978#primaryimage"},"thumbnailUrl":"https:\/\/quehacerpolitico.mx\/wp-content\/uploads\/2023\/02\/94E92F44-CF83-46E0-B4BB-EB8055CFF172.jpeg","datePublished":"2023-02-27T18:12:48+00:00","dateModified":"2023-02-27T18:12:51+00:00","author":{"@id":"https:\/\/quehacerpolitico.mx\/#\/schema\/person\/496d8ad2d1d3f8036101dca7ee39e585"},"breadcrumb":{"@id":"https:\/\/quehacerpolitico.mx\/?p=98978#breadcrumb"},"inLanguage":"es","potentialAction":[{"@type":"ReadAction","target":["https:\/\/quehacerpolitico.mx\/?p=98978"]}]},{"@type":"ImageObject","inLanguage":"es","@id":"https:\/\/quehacerpolitico.mx\/?p=98978#primaryimage","url":"https:\/\/quehacerpolitico.mx\/wp-content\/uploads\/2023\/02\/94E92F44-CF83-46E0-B4BB-EB8055CFF172.jpeg","contentUrl":"https:\/\/quehacerpolitico.mx\/wp-content\/uploads\/2023\/02\/94E92F44-CF83-46E0-B4BB-EB8055CFF172.jpeg","width":1537,"height":968},{"@type":"BreadcrumbList","@id":"https:\/\/quehacerpolitico.mx\/?p=98978#breadcrumb","itemListElement":[{"@type":"ListItem","position":1,"name":"Inicio","item":"https:\/\/quehacerpolitico.mx\/"},{"@type":"ListItem","position":2,"name":"Manifestaci\u00f3n INE: \u00bfCu\u00e1ntas personas caben en el Z\u00f3calo de CDMX?"}]},{"@type":"WebSite","@id":"https:\/\/quehacerpolitico.mx\/#website","url":"https:\/\/quehacerpolitico.mx\/","name":"","description":"","potentialAction":[{"@type":"SearchAction","target":{"@type":"EntryPoint","urlTemplate":"https:\/\/quehacerpolitico.mx\/?s={search_term_string}"},"query-input":{"@type":"PropertyValueSpecification","valueRequired":true,"valueName":"search_term_string"}}],"inLanguage":"es"},{"@type":"Person","@id":"https:\/\/quehacerpolitico.mx\/#\/schema\/person\/496d8ad2d1d3f8036101dca7ee39e585","name":"Redacci\u00f3n QP","image":{"@type":"ImageObject","inLanguage":"es","@id":"https:\/\/secure.gravatar.com\/avatar\/c7164ed6fdec453195284ad24a5ae5b6e1eed2b848477fa2a4787ba9adf39a41?s=96&d=mm&r=g","url":"https:\/\/secure.gravatar.com\/avatar\/c7164ed6fdec453195284ad24a5ae5b6e1eed2b848477fa2a4787ba9adf39a41?s=96&d=mm&r=g","contentUrl":"https:\/\/secure.gravatar.com\/avatar\/c7164ed6fdec453195284ad24a5ae5b6e1eed2b848477fa2a4787ba9adf39a41?s=96&d=mm&r=g","caption":"Redacci\u00f3n QP"},"url":"https:\/\/quehacerpolitico.mx\/?author=2"}]}},"featured_image_urls":{"full":["https:\/\/quehacerpolitico.mx\/wp-content\/uploads\/2023\/02\/94E92F44-CF83-46E0-B4BB-EB8055CFF172.jpeg",1537,968,false],"thumbnail":["https:\/\/quehacerpolitico.mx\/wp-content\/uploads\/2023\/02\/94E92F44-CF83-46E0-B4BB-EB8055CFF172-150x150.jpeg",150,150,true],"medium":["https:\/\/quehacerpolitico.mx\/wp-content\/uploads\/2023\/02\/94E92F44-CF83-46E0-B4BB-EB8055CFF172-300x189.jpeg",300,189,true],"medium_large":["https:\/\/quehacerpolitico.mx\/wp-content\/uploads\/2023\/02\/94E92F44-CF83-46E0-B4BB-EB8055CFF172-768x484.jpeg",640,403,true],"large":["https:\/\/quehacerpolitico.mx\/wp-content\/uploads\/2023\/02\/94E92F44-CF83-46E0-B4BB-EB8055CFF172-1024x645.jpeg",640,403,true],"1536x1536":["https:\/\/quehacerpolitico.mx\/wp-content\/uploads\/2023\/02\/94E92F44-CF83-46E0-B4BB-EB8055CFF172.jpeg",1536,967,false],"2048x2048":["https:\/\/quehacerpolitico.mx\/wp-content\/uploads\/2023\/02\/94E92F44-CF83-46E0-B4BB-EB8055CFF172.jpeg",1537,968,false],"covernews-featured":["https:\/\/quehacerpolitico.mx\/wp-content\/uploads\/2023\/02\/94E92F44-CF83-46E0-B4BB-EB8055CFF172.jpeg",1024,645,false],"covernews-medium":["https:\/\/quehacerpolitico.mx\/wp-content\/uploads\/2023\/02\/94E92F44-CF83-46E0-B4BB-EB8055CFF172.jpeg",540,340,false]},"author_info":{"display_name":"Redacci\u00f3n QP","author_link":"https:\/\/quehacerpolitico.mx\/?author=2"},"category_info":"<a href=\"https:\/\/quehacerpolitico.mx\/?cat=2\" rel=\"category\">Noticias<\/a>","tag_info":"Noticias","comment_count":"0","_links":{"self":[{"href":"https:\/\/quehacerpolitico.mx\/index.php?rest_route=\/wp\/v2\/posts\/98978","targetHints":{"allow":["GET"]}}],"collection":[{"href":"https:\/\/quehacerpolitico.mx\/index.php?rest_route=\/wp\/v2\/posts"}],"about":[{"href":"https:\/\/quehacerpolitico.mx\/index.php?rest_route=\/wp\/v2\/types\/post"}],"author":[{"embeddable":true,"href":"https:\/\/quehacerpolitico.mx\/index.php?rest_route=\/wp\/v2\/users\/2"}],"replies":[{"embeddable":true,"href":"https:\/\/quehacerpolitico.mx\/index.php?rest_route=%2Fwp%2Fv2%2Fcomments&post=98978"}],"version-history":[{"count":1,"href":"https:\/\/quehacerpolitico.mx\/index.php?rest_route=\/wp\/v2\/posts\/98978\/revisions"}],"predecessor-version":[{"id":98980,"href":"https:\/\/quehacerpolitico.mx\/index.php?rest_route=\/wp\/v2\/posts\/98978\/revisions\/98980"}],"wp:featuredmedia":[{"embeddable":true,"href":"https:\/\/quehacerpolitico.mx\/index.php?rest_route=\/wp\/v2\/media\/98979"}],"wp:attachment":[{"href":"https:\/\/quehacerpolitico.mx\/index.php?rest_route=%2Fwp%2Fv2%2Fmedia&parent=98978"}],"wp:term":[{"taxonomy":"category","embeddable":true,"href":"https:\/\/quehacerpolitico.mx\/index.php?rest_route=%2Fwp%2Fv2%2Fcategories&post=98978"},{"taxonomy":"post_tag","embeddable":true,"href":"https:\/\/quehacerpolitico.mx\/index.php?rest_route=%2Fwp%2Fv2%2Ftags&post=98978"}],"curies":[{"name":"wp","href":"https:\/\/api.w.org\/{rel}","templated":true}]}}