{"id":98975,"date":"2023-02-27T17:59:57","date_gmt":"2023-02-27T17:59:57","guid":{"rendered":"https:\/\/quehacerpolitico.mx\/?p=98975"},"modified":"2023-02-27T18:00:03","modified_gmt":"2023-02-27T18:00:03","slug":"lopez-obrador-minimiza-la-multitudinaria-protesta-contra-plan-b","status":"publish","type":"post","link":"https:\/\/quehacerpolitico.mx\/?p=98975","title":{"rendered":"L\u00f3pez Obrador minimiza la multitudinaria protesta contra Plan B"},"content":{"rendered":"\n<p>Por Redacci\u00f3n QP<\/p>\n\n\n\n<p>L\u00f3pez Obrador afirma que del &#8221;bloque conservador&#8221; hay, por lo menos, 25 millones de simpatizantes<\/p>\n\n\n\n<p>El Presidente Andres Manuel Lopez Obrador minimiz\u00f3 este lunes la jornada de protestas del domingo de cientos de miles de personas en 100 ciudades contra su reforma electoral,<strong>\u00a0el\u00a0\u201cPlan B\u201d, que causa preocupaci\u00f3n internacional por presuntos riesgos a la democracia.<\/strong><\/p>\n\n\n\n<p>El Mandatario indic\u00f3 que en el Z\u00f3calo de Ciudad de M\u00e9xico hubo entre 80 mil y 100 mil personas, mientras que las marchas en otras urbes son&nbsp;<strong>&#8220;todav\u00eda muy peque\u00f1as para lo que representa el potencial conservador en M\u00e9xico&#8221;, donde \u00e9l estima que el &#8220;bloque conservador&#8221; tiene 25 millones de simpatizantes.<\/strong><\/p>\n\n\n\n<p>&#8220;Tienen que mover m\u00e1s gente todav\u00eda, tienen que ir incrementando su capacidad de movilizaci\u00f3n porque tienen potencial, que no dejen de participar, de movilizarse&#8221;, indic\u00f3 el mandatario en su rueda de prensa diaria.<\/p>\n\n\n\n<figure class=\"wp-block-embed is-type-rich is-provider-twitter wp-block-embed-twitter\"><div class=\"wp-block-embed__wrapper\">\n<blockquote class=\"twitter-tweet\" data-width=\"550\" data-dnt=\"true\"><p lang=\"es\" dir=\"ltr\">&quot;Siempre he dicho que se trata de un asunto pol\u00edtico, se est\u00e1n agrupando&quot;<br> <br>Es lo que opina AMLO sobre la marcha en defensa del INE. <a href=\"https:\/\/t.co\/86zYtNWGeb\">pic.twitter.com\/86zYtNWGeb<\/a><\/p>&mdash; Ruido en la Red (@RuidoEnLaRed) <a href=\"https:\/\/twitter.com\/RuidoEnLaRed\/status\/1630209331332300806?ref_src=twsrc%5Etfw\">February 27, 2023<\/a><\/blockquote><script async src=\"https:\/\/platform.twitter.com\/widgets.js\" charset=\"utf-8\"><\/script>\n<\/div><\/figure>\n\n\n\n<p>L\u00f3pez Obrador desestim\u00f3 el reclamo de la manifestaci\u00f3n, la m\u00e1s numerosa que ha habido contra una de sus iniciativas de Gobierno y que busca revertir\u00a0<strong>la reforma aprobada la semana en el Senado porque afecta al funcionamiento del\u00a0Instituto Nacional Electoral (INE), el \u00f3rgano aut\u00f3nomo que organiza las elecciones.<\/strong><\/p>\n\n\n\n<p>La reforma legal de L\u00f3pez Obrador, conocida como &#8220;Plan B&#8221; por ocurrir tras el fracaso de una iniciativa constitucional el a\u00f1o pasado, recorta el presupuesto, el personal y las atribuciones del INE,<strong>lo que pone en riesgo la autonom\u00eda de las elecciones y favorece al partido en el poder, seg\u00fan la oposici\u00f3n y entes internacionales.<\/strong><\/p>\n\n\n\n<p>Pero el mandatario afirm\u00f3 que a quienes lideran las manifestaciones<strong>&nbsp;&#8220;no les importa la democracia, sino lo que quieren es que contin\u00fae el predominio de una oligarqu\u00eda, es decir, un gobierno de los ricos, de los potentados&#8221;.<\/strong><\/p>\n\n\n\n<p>&#8220;Lo de la manifestaci\u00f3n de ayer y otras que vendr\u00e1n se encuadran en este prop\u00f3sito de enfrentarnos porque no quieren la transformaci\u00f3n del pa\u00eds,&nbsp;<strong>quieren seguir robando, quieren regresar por sus fueros, quieren mantener en la marginaci\u00f3n y en el olvido a la mayor\u00eda de los mexicanos&#8221;,<\/strong>coment\u00f3.<\/p>\n\n\n\n<p>El Presidente afirm\u00f3 que entre los manifestantes hubo &#8220;defensores de los fraudes electorales&#8221;, como el que \u00e9l afirma que padeci\u00f3 al perder las elecciones presidenciales de 2006.<\/p>\n\n\n\n<p>&#8220;Cuando dicen el INE no se toca, lo que hay que estar pensando es no se toca lo que ellos quieren: la corrupci\u00f3n.&nbsp;<strong>La corrupci\u00f3n no se toca, seg\u00fan ellos. Los privilegios no se tocan. El narcoestado no se toca&#8221;,<\/strong>&nbsp;opin\u00f3.<\/p>\n\n\n\n<p>La reforma electoral, cuya constitucionalidad ahora analizar\u00e1 la Suprema Corte de Justicia de la Naci\u00f3n, despert\u00f3 la semana pasada alertas de la embajada de Estados Unidos en M\u00e9xico y congresistas estadounidenses.<\/p>\n\n\n\n<p><strong>&#8220;Hoy, en M\u00e9xico vemos un gran debate sobre reformas electorales que est\u00e1n probando la independencia de las instituciones electorales y judiciales&#8221;<\/strong>, tuite\u00f3 el domingo Brian Nichols, secretario asistente para el Hemisferio Occidental del Departamento de Estado de EU.<\/p>\n\n\n\n<p>Con Informaci\u00f3n de EFE<\/p>\n","protected":false},"excerpt":{"rendered":"<p>Por Redacci\u00f3n QP L\u00f3pez Obrador afirma que del &#8221;bloque conservador&#8221; hay, por lo menos, 25&#8230;<\/p>\n","protected":false},"author":2,"featured_media":98976,"comment_status":"open","ping_status":"open","sticky":false,"template":"","format":"standard","meta":{"_monsterinsights_skip_tracking":false,"_monsterinsights_sitenote_active":false,"_monsterinsights_sitenote_note":"","_monsterinsights_sitenote_category":0,"footnotes":""},"categories":[2],"tags":[],"class_list":["post-98975","post","type-post","status-publish","format-standard","has-post-thumbnail","hentry","category-noticias"],"yoast_head":"<!-- This site is optimized with the Yoast SEO plugin v27.3 - https:\/\/yoast.com\/product\/yoast-seo-wordpress\/ -->\n<title>L\u00f3pez Obrador minimiza la multitudinaria protesta contra Plan B -<\/title>\n<meta name=\"robots\" content=\"index, follow, max-snippet:-1, max-image-preview:large, max-video-preview:-1\" \/>\n<link rel=\"canonical\" href=\"https:\/\/quehacerpolitico.mx\/?p=98975\" \/>\n<meta property=\"og:locale\" content=\"es_MX\" \/>\n<meta property=\"og:type\" content=\"article\" \/>\n<meta property=\"og:title\" content=\"L\u00f3pez Obrador minimiza la multitudinaria protesta contra Plan B -\" \/>\n<meta property=\"og:description\" content=\"Por Redacci\u00f3n QP L\u00f3pez Obrador afirma que del &#8221;bloque conservador&#8221; hay, por lo menos, 25...\" \/>\n<meta property=\"og:url\" content=\"https:\/\/quehacerpolitico.mx\/?p=98975\" \/>\n<meta property=\"article:published_time\" content=\"2023-02-27T17:59:57+00:00\" \/>\n<meta property=\"article:modified_time\" content=\"2023-02-27T18:00:03+00:00\" \/>\n<meta property=\"og:image\" content=\"https:\/\/quehacerpolitico.mx\/wp-content\/uploads\/2023\/02\/CFCA5E1D-4482-4BD5-BD69-72288417575B.jpeg\" \/>\n\t<meta property=\"og:image:width\" content=\"1284\" \/>\n\t<meta property=\"og:image:height\" content=\"714\" \/>\n\t<meta property=\"og:image:type\" content=\"image\/jpeg\" \/>\n<meta name=\"author\" content=\"Redacci\u00f3n QP\" \/>\n<meta name=\"twitter:card\" content=\"summary_large_image\" \/>\n<meta name=\"twitter:label1\" content=\"Escrito por\" \/>\n\t<meta name=\"twitter:data1\" content=\"Redacci\u00f3n QP\" \/>\n\t<meta name=\"twitter:label2\" content=\"Tiempo de lectura\" \/>\n\t<meta name=\"twitter:data2\" content=\"3 minutos\" \/>\n<script type=\"application\/ld+json\" class=\"yoast-schema-graph\">{\"@context\":\"https:\\\/\\\/schema.org\",\"@graph\":[{\"@type\":\"Article\",\"@id\":\"https:\\\/\\\/quehacerpolitico.mx\\\/?p=98975#article\",\"isPartOf\":{\"@id\":\"https:\\\/\\\/quehacerpolitico.mx\\\/?p=98975\"},\"author\":{\"name\":\"Redacci\u00f3n QP\",\"@id\":\"https:\\\/\\\/quehacerpolitico.mx\\\/#\\\/schema\\\/person\\\/496d8ad2d1d3f8036101dca7ee39e585\"},\"headline\":\"L\u00f3pez Obrador minimiza la multitudinaria protesta contra Plan B\",\"datePublished\":\"2023-02-27T17:59:57+00:00\",\"dateModified\":\"2023-02-27T18:00:03+00:00\",\"mainEntityOfPage\":{\"@id\":\"https:\\\/\\\/quehacerpolitico.mx\\\/?p=98975\"},\"wordCount\":530,\"commentCount\":0,\"image\":{\"@id\":\"https:\\\/\\\/quehacerpolitico.mx\\\/?p=98975#primaryimage\"},\"thumbnailUrl\":\"https:\\\/\\\/quehacerpolitico.mx\\\/wp-content\\\/uploads\\\/2023\\\/02\\\/CFCA5E1D-4482-4BD5-BD69-72288417575B.jpeg\",\"articleSection\":[\"Noticias\"],\"inLanguage\":\"es\",\"potentialAction\":[{\"@type\":\"CommentAction\",\"name\":\"Comment\",\"target\":[\"https:\\\/\\\/quehacerpolitico.mx\\\/?p=98975#respond\"]}]},{\"@type\":\"WebPage\",\"@id\":\"https:\\\/\\\/quehacerpolitico.mx\\\/?p=98975\",\"url\":\"https:\\\/\\\/quehacerpolitico.mx\\\/?p=98975\",\"name\":\"L\u00f3pez Obrador minimiza la multitudinaria protesta contra Plan B -\",\"isPartOf\":{\"@id\":\"https:\\\/\\\/quehacerpolitico.mx\\\/#website\"},\"primaryImageOfPage\":{\"@id\":\"https:\\\/\\\/quehacerpolitico.mx\\\/?p=98975#primaryimage\"},\"image\":{\"@id\":\"https:\\\/\\\/quehacerpolitico.mx\\\/?p=98975#primaryimage\"},\"thumbnailUrl\":\"https:\\\/\\\/quehacerpolitico.mx\\\/wp-content\\\/uploads\\\/2023\\\/02\\\/CFCA5E1D-4482-4BD5-BD69-72288417575B.jpeg\",\"datePublished\":\"2023-02-27T17:59:57+00:00\",\"dateModified\":\"2023-02-27T18:00:03+00:00\",\"author\":{\"@id\":\"https:\\\/\\\/quehacerpolitico.mx\\\/#\\\/schema\\\/person\\\/496d8ad2d1d3f8036101dca7ee39e585\"},\"breadcrumb\":{\"@id\":\"https:\\\/\\\/quehacerpolitico.mx\\\/?p=98975#breadcrumb\"},\"inLanguage\":\"es\",\"potentialAction\":[{\"@type\":\"ReadAction\",\"target\":[\"https:\\\/\\\/quehacerpolitico.mx\\\/?p=98975\"]}]},{\"@type\":\"ImageObject\",\"inLanguage\":\"es\",\"@id\":\"https:\\\/\\\/quehacerpolitico.mx\\\/?p=98975#primaryimage\",\"url\":\"https:\\\/\\\/quehacerpolitico.mx\\\/wp-content\\\/uploads\\\/2023\\\/02\\\/CFCA5E1D-4482-4BD5-BD69-72288417575B.jpeg\",\"contentUrl\":\"https:\\\/\\\/quehacerpolitico.mx\\\/wp-content\\\/uploads\\\/2023\\\/02\\\/CFCA5E1D-4482-4BD5-BD69-72288417575B.jpeg\",\"width\":1284,\"height\":714},{\"@type\":\"BreadcrumbList\",\"@id\":\"https:\\\/\\\/quehacerpolitico.mx\\\/?p=98975#breadcrumb\",\"itemListElement\":[{\"@type\":\"ListItem\",\"position\":1,\"name\":\"Inicio\",\"item\":\"https:\\\/\\\/quehacerpolitico.mx\\\/\"},{\"@type\":\"ListItem\",\"position\":2,\"name\":\"L\u00f3pez Obrador minimiza la multitudinaria protesta contra Plan B\"}]},{\"@type\":\"WebSite\",\"@id\":\"https:\\\/\\\/quehacerpolitico.mx\\\/#website\",\"url\":\"https:\\\/\\\/quehacerpolitico.mx\\\/\",\"name\":\"\",\"description\":\"\",\"potentialAction\":[{\"@type\":\"SearchAction\",\"target\":{\"@type\":\"EntryPoint\",\"urlTemplate\":\"https:\\\/\\\/quehacerpolitico.mx\\\/?s={search_term_string}\"},\"query-input\":{\"@type\":\"PropertyValueSpecification\",\"valueRequired\":true,\"valueName\":\"search_term_string\"}}],\"inLanguage\":\"es\"},{\"@type\":\"Person\",\"@id\":\"https:\\\/\\\/quehacerpolitico.mx\\\/#\\\/schema\\\/person\\\/496d8ad2d1d3f8036101dca7ee39e585\",\"name\":\"Redacci\u00f3n QP\",\"image\":{\"@type\":\"ImageObject\",\"inLanguage\":\"es\",\"@id\":\"https:\\\/\\\/secure.gravatar.com\\\/avatar\\\/c7164ed6fdec453195284ad24a5ae5b6e1eed2b848477fa2a4787ba9adf39a41?s=96&d=mm&r=g\",\"url\":\"https:\\\/\\\/secure.gravatar.com\\\/avatar\\\/c7164ed6fdec453195284ad24a5ae5b6e1eed2b848477fa2a4787ba9adf39a41?s=96&d=mm&r=g\",\"contentUrl\":\"https:\\\/\\\/secure.gravatar.com\\\/avatar\\\/c7164ed6fdec453195284ad24a5ae5b6e1eed2b848477fa2a4787ba9adf39a41?s=96&d=mm&r=g\",\"caption\":\"Redacci\u00f3n QP\"},\"url\":\"https:\\\/\\\/quehacerpolitico.mx\\\/?author=2\"}]}<\/script>\n<!-- \/ Yoast SEO plugin. -->","yoast_head_json":{"title":"L\u00f3pez Obrador minimiza la multitudinaria protesta contra Plan B -","robots":{"index":"index","follow":"follow","max-snippet":"max-snippet:-1","max-image-preview":"max-image-preview:large","max-video-preview":"max-video-preview:-1"},"canonical":"https:\/\/quehacerpolitico.mx\/?p=98975","og_locale":"es_MX","og_type":"article","og_title":"L\u00f3pez Obrador minimiza la multitudinaria protesta contra Plan B -","og_description":"Por Redacci\u00f3n QP L\u00f3pez Obrador afirma que del &#8221;bloque conservador&#8221; hay, por lo menos, 25...","og_url":"https:\/\/quehacerpolitico.mx\/?p=98975","article_published_time":"2023-02-27T17:59:57+00:00","article_modified_time":"2023-02-27T18:00:03+00:00","og_image":[{"width":1284,"height":714,"url":"https:\/\/quehacerpolitico.mx\/wp-content\/uploads\/2023\/02\/CFCA5E1D-4482-4BD5-BD69-72288417575B.jpeg","type":"image\/jpeg"}],"author":"Redacci\u00f3n QP","twitter_card":"summary_large_image","twitter_misc":{"Escrito por":"Redacci\u00f3n QP","Tiempo de lectura":"3 minutos"},"schema":{"@context":"https:\/\/schema.org","@graph":[{"@type":"Article","@id":"https:\/\/quehacerpolitico.mx\/?p=98975#article","isPartOf":{"@id":"https:\/\/quehacerpolitico.mx\/?p=98975"},"author":{"name":"Redacci\u00f3n QP","@id":"https:\/\/quehacerpolitico.mx\/#\/schema\/person\/496d8ad2d1d3f8036101dca7ee39e585"},"headline":"L\u00f3pez Obrador minimiza la multitudinaria protesta contra Plan B","datePublished":"2023-02-27T17:59:57+00:00","dateModified":"2023-02-27T18:00:03+00:00","mainEntityOfPage":{"@id":"https:\/\/quehacerpolitico.mx\/?p=98975"},"wordCount":530,"commentCount":0,"image":{"@id":"https:\/\/quehacerpolitico.mx\/?p=98975#primaryimage"},"thumbnailUrl":"https:\/\/quehacerpolitico.mx\/wp-content\/uploads\/2023\/02\/CFCA5E1D-4482-4BD5-BD69-72288417575B.jpeg","articleSection":["Noticias"],"inLanguage":"es","potentialAction":[{"@type":"CommentAction","name":"Comment","target":["https:\/\/quehacerpolitico.mx\/?p=98975#respond"]}]},{"@type":"WebPage","@id":"https:\/\/quehacerpolitico.mx\/?p=98975","url":"https:\/\/quehacerpolitico.mx\/?p=98975","name":"L\u00f3pez Obrador minimiza la multitudinaria protesta contra Plan B -","isPartOf":{"@id":"https:\/\/quehacerpolitico.mx\/#website"},"primaryImageOfPage":{"@id":"https:\/\/quehacerpolitico.mx\/?p=98975#primaryimage"},"image":{"@id":"https:\/\/quehacerpolitico.mx\/?p=98975#primaryimage"},"thumbnailUrl":"https:\/\/quehacerpolitico.mx\/wp-content\/uploads\/2023\/02\/CFCA5E1D-4482-4BD5-BD69-72288417575B.jpeg","datePublished":"2023-02-27T17:59:57+00:00","dateModified":"2023-02-27T18:00:03+00:00","author":{"@id":"https:\/\/quehacerpolitico.mx\/#\/schema\/person\/496d8ad2d1d3f8036101dca7ee39e585"},"breadcrumb":{"@id":"https:\/\/quehacerpolitico.mx\/?p=98975#breadcrumb"},"inLanguage":"es","potentialAction":[{"@type":"ReadAction","target":["https:\/\/quehacerpolitico.mx\/?p=98975"]}]},{"@type":"ImageObject","inLanguage":"es","@id":"https:\/\/quehacerpolitico.mx\/?p=98975#primaryimage","url":"https:\/\/quehacerpolitico.mx\/wp-content\/uploads\/2023\/02\/CFCA5E1D-4482-4BD5-BD69-72288417575B.jpeg","contentUrl":"https:\/\/quehacerpolitico.mx\/wp-content\/uploads\/2023\/02\/CFCA5E1D-4482-4BD5-BD69-72288417575B.jpeg","width":1284,"height":714},{"@type":"BreadcrumbList","@id":"https:\/\/quehacerpolitico.mx\/?p=98975#breadcrumb","itemListElement":[{"@type":"ListItem","position":1,"name":"Inicio","item":"https:\/\/quehacerpolitico.mx\/"},{"@type":"ListItem","position":2,"name":"L\u00f3pez Obrador minimiza la multitudinaria protesta contra Plan B"}]},{"@type":"WebSite","@id":"https:\/\/quehacerpolitico.mx\/#website","url":"https:\/\/quehacerpolitico.mx\/","name":"","description":"","potentialAction":[{"@type":"SearchAction","target":{"@type":"EntryPoint","urlTemplate":"https:\/\/quehacerpolitico.mx\/?s={search_term_string}"},"query-input":{"@type":"PropertyValueSpecification","valueRequired":true,"valueName":"search_term_string"}}],"inLanguage":"es"},{"@type":"Person","@id":"https:\/\/quehacerpolitico.mx\/#\/schema\/person\/496d8ad2d1d3f8036101dca7ee39e585","name":"Redacci\u00f3n QP","image":{"@type":"ImageObject","inLanguage":"es","@id":"https:\/\/secure.gravatar.com\/avatar\/c7164ed6fdec453195284ad24a5ae5b6e1eed2b848477fa2a4787ba9adf39a41?s=96&d=mm&r=g","url":"https:\/\/secure.gravatar.com\/avatar\/c7164ed6fdec453195284ad24a5ae5b6e1eed2b848477fa2a4787ba9adf39a41?s=96&d=mm&r=g","contentUrl":"https:\/\/secure.gravatar.com\/avatar\/c7164ed6fdec453195284ad24a5ae5b6e1eed2b848477fa2a4787ba9adf39a41?s=96&d=mm&r=g","caption":"Redacci\u00f3n QP"},"url":"https:\/\/quehacerpolitico.mx\/?author=2"}]}},"featured_image_urls":{"full":["https:\/\/quehacerpolitico.mx\/wp-content\/uploads\/2023\/02\/CFCA5E1D-4482-4BD5-BD69-72288417575B.jpeg",1284,714,false],"thumbnail":["https:\/\/quehacerpolitico.mx\/wp-content\/uploads\/2023\/02\/CFCA5E1D-4482-4BD5-BD69-72288417575B-150x150.jpeg",150,150,true],"medium":["https:\/\/quehacerpolitico.mx\/wp-content\/uploads\/2023\/02\/CFCA5E1D-4482-4BD5-BD69-72288417575B-300x167.jpeg",300,167,true],"medium_large":["https:\/\/quehacerpolitico.mx\/wp-content\/uploads\/2023\/02\/CFCA5E1D-4482-4BD5-BD69-72288417575B-768x427.jpeg",640,356,true],"large":["https:\/\/quehacerpolitico.mx\/wp-content\/uploads\/2023\/02\/CFCA5E1D-4482-4BD5-BD69-72288417575B-1024x569.jpeg",640,356,true],"1536x1536":["https:\/\/quehacerpolitico.mx\/wp-content\/uploads\/2023\/02\/CFCA5E1D-4482-4BD5-BD69-72288417575B.jpeg",1284,714,false],"2048x2048":["https:\/\/quehacerpolitico.mx\/wp-content\/uploads\/2023\/02\/CFCA5E1D-4482-4BD5-BD69-72288417575B.jpeg",1284,714,false],"covernews-featured":["https:\/\/quehacerpolitico.mx\/wp-content\/uploads\/2023\/02\/CFCA5E1D-4482-4BD5-BD69-72288417575B.jpeg",1024,569,false],"covernews-medium":["https:\/\/quehacerpolitico.mx\/wp-content\/uploads\/2023\/02\/CFCA5E1D-4482-4BD5-BD69-72288417575B.jpeg",540,300,false]},"author_info":{"display_name":"Redacci\u00f3n QP","author_link":"https:\/\/quehacerpolitico.mx\/?author=2"},"category_info":"<a href=\"https:\/\/quehacerpolitico.mx\/?cat=2\" rel=\"category\">Noticias<\/a>","tag_info":"Noticias","comment_count":"0","_links":{"self":[{"href":"https:\/\/quehacerpolitico.mx\/index.php?rest_route=\/wp\/v2\/posts\/98975","targetHints":{"allow":["GET"]}}],"collection":[{"href":"https:\/\/quehacerpolitico.mx\/index.php?rest_route=\/wp\/v2\/posts"}],"about":[{"href":"https:\/\/quehacerpolitico.mx\/index.php?rest_route=\/wp\/v2\/types\/post"}],"author":[{"embeddable":true,"href":"https:\/\/quehacerpolitico.mx\/index.php?rest_route=\/wp\/v2\/users\/2"}],"replies":[{"embeddable":true,"href":"https:\/\/quehacerpolitico.mx\/index.php?rest_route=%2Fwp%2Fv2%2Fcomments&post=98975"}],"version-history":[{"count":1,"href":"https:\/\/quehacerpolitico.mx\/index.php?rest_route=\/wp\/v2\/posts\/98975\/revisions"}],"predecessor-version":[{"id":98977,"href":"https:\/\/quehacerpolitico.mx\/index.php?rest_route=\/wp\/v2\/posts\/98975\/revisions\/98977"}],"wp:featuredmedia":[{"embeddable":true,"href":"https:\/\/quehacerpolitico.mx\/index.php?rest_route=\/wp\/v2\/media\/98976"}],"wp:attachment":[{"href":"https:\/\/quehacerpolitico.mx\/index.php?rest_route=%2Fwp%2Fv2%2Fmedia&parent=98975"}],"wp:term":[{"taxonomy":"category","embeddable":true,"href":"https:\/\/quehacerpolitico.mx\/index.php?rest_route=%2Fwp%2Fv2%2Fcategories&post=98975"},{"taxonomy":"post_tag","embeddable":true,"href":"https:\/\/quehacerpolitico.mx\/index.php?rest_route=%2Fwp%2Fv2%2Ftags&post=98975"}],"curies":[{"name":"wp","href":"https:\/\/api.w.org\/{rel}","templated":true}]}}