{"id":98953,"date":"2023-02-25T01:27:25","date_gmt":"2023-02-25T01:27:25","guid":{"rendered":"https:\/\/quehacerpolitico.mx\/?p=98953"},"modified":"2023-02-25T01:27:28","modified_gmt":"2023-02-25T01:27:28","slug":"procesan-a-presunto-homicida-de-nina-que-recibio-bala","status":"publish","type":"post","link":"https:\/\/quehacerpolitico.mx\/?p=98953","title":{"rendered":"Procesan a presunto homicida de ni\u00f1a que recibi\u00f3 bala"},"content":{"rendered":"\n<p>Por Redacci\u00f3n QP<\/p>\n\n\n\n<p>La Fiscal\u00eda de la CDMX indic\u00f3 que el implicado permanecer\u00e1 en el Reclusorio Oriente mientras se lleva el proceso en su contra<\/p>\n\n\n\n<p>El vocero de la Fiscal\u00eda General de Justicia (FGJ) de la Ciudad de M\u00e9xico, Ulises Lara, inform\u00f3 que\u00a0<strong>Julio &#8220;N&#8221;, presunto implicado en la muerte de una menor<\/strong> de edad en la alcald\u00eda \u00c1lvaro Obreg\u00f3n, fue vinculado a proceso, por lo que permanecer\u00e1 en el\u00a0<strong>Reclusorio Oriente<\/strong>.<\/p>\n\n\n\n<figure class=\"wp-block-embed is-type-rich is-provider-twitter wp-block-embed-twitter\"><div class=\"wp-block-embed__wrapper\">\n<blockquote class=\"twitter-tweet\" data-width=\"550\" data-dnt=\"true\"><p lang=\"es\" dir=\"ltr\">Busca Fiscal\u00eda CDMX llevar a proceso a un hombre a quien formularemos imputaci\u00f3n por la muerte de una adolescente con disparo de arma de fuego, en \u00c1lvaro Obreg\u00f3n. El detenido qued\u00f3 interno en el Reclusorio Oriente, a disposici\u00f3n de un juez, quien determinar\u00e1 su situaci\u00f3n jur\u00eddica <a href=\"https:\/\/t.co\/1eJc4m7G2i\">pic.twitter.com\/1eJc4m7G2i<\/a><\/p>&mdash; Fiscal\u00eda CDMX (@FiscaliaCDMX) <a href=\"https:\/\/twitter.com\/FiscaliaCDMX\/status\/1629171803070275584?ref_src=twsrc%5Etfw\">February 24, 2023<\/a><\/blockquote><script async src=\"https:\/\/platform.twitter.com\/widgets.js\" charset=\"utf-8\"><\/script>\n<\/div><\/figure>\n\n\n\n<p>En un mensaje a medios, en donde dio a conocer otros casos, se\u00f1al\u00f3 que la&nbsp;<strong>FGJ judicializ\u00f3 el caso, tras la muerte de la adolescente<\/strong>&nbsp;por disparo de arma de fuego.<\/p>\n\n\n\n<p>De acuerdo con las indagatorias de la Fiscal\u00eda Especializada para la Investigaci\u00f3n del Delito de Feminicidio,\u00a0<strong>el detenido discut\u00eda con otro hombre<\/strong>\u00a0y posiblemente deton\u00f3 el arma de fuego cuando la v\u00edctima caminaba por el lugar, lesion\u00e1ndola.<\/p>\n\n\n\n<p>Posteriormente&nbsp;<strong>el individuo huy\u00f3<\/strong>, pero elementos de la Secretar\u00eda de Seguridad Ciudadana (SSC) fueron alertados de los hechos y lograron su detenci\u00f3n.<\/p>\n\n\n\n<p><strong>La menor de edad fue trasladada a un hospital donde perdi\u00f3 la vida,<\/strong>\u00a0por lo que el agente del Ministerio P\u00fablico de dicha Fiscal\u00eda activ\u00f3 los protocolos correspondientes.<\/p>\n\n\n\n<p><strong>El Centro de Apoyo Socio-jur\u00eddico<\/strong>&nbsp;a V\u00edctimas del Delito Violento (ADEVI) de la Coordinaci\u00f3n General de Investigaci\u00f3n de Delitos de G\u00e9nero y Atenci\u00f3n a V\u00edctimas brinda&nbsp;<strong>atenci\u00f3n integral a la familia de la v\u00edctima,<\/strong>&nbsp;y refiri\u00f3 que se mantiene comunicaci\u00f3n constante con los afectados.<\/p>\n\n\n\n<p>Luego de la\u00a0<strong>integraci\u00f3n de la carpeta de investigaci\u00f3n<\/strong>, encabezada por la representaci\u00f3n social en coadyuvancia con agentes de la Polic\u00eda de Investigaci\u00f3n (PDI) y personal pericial, fue posible judicializar el caso para solicitar audiencia ante un juez de control.<\/p>\n\n\n\n<p>Con informaci\u00f3n de SUN<\/p>\n","protected":false},"excerpt":{"rendered":"<p>Por Redacci\u00f3n QP La Fiscal\u00eda de la CDMX indic\u00f3 que el implicado permanecer\u00e1 en el&#8230;<\/p>\n","protected":false},"author":2,"featured_media":98954,"comment_status":"open","ping_status":"open","sticky":false,"template":"","format":"standard","meta":{"_monsterinsights_skip_tracking":false,"_monsterinsights_sitenote_active":false,"_monsterinsights_sitenote_note":"","_monsterinsights_sitenote_category":0,"footnotes":""},"categories":[55],"tags":[],"class_list":["post-98953","post","type-post","status-publish","format-standard","has-post-thumbnail","hentry","category-cdmx"],"yoast_head":"<!-- This site is optimized with the Yoast SEO plugin v27.3 - https:\/\/yoast.com\/product\/yoast-seo-wordpress\/ -->\n<title>Procesan a presunto homicida de ni\u00f1a que recibi\u00f3 bala -<\/title>\n<meta name=\"robots\" content=\"index, follow, max-snippet:-1, max-image-preview:large, max-video-preview:-1\" \/>\n<link rel=\"canonical\" href=\"https:\/\/quehacerpolitico.mx\/?p=98953\" \/>\n<meta property=\"og:locale\" content=\"es_MX\" \/>\n<meta property=\"og:type\" content=\"article\" \/>\n<meta property=\"og:title\" content=\"Procesan a presunto homicida de ni\u00f1a que recibi\u00f3 bala -\" \/>\n<meta property=\"og:description\" content=\"Por Redacci\u00f3n QP La Fiscal\u00eda de la CDMX indic\u00f3 que el implicado permanecer\u00e1 en el...\" \/>\n<meta property=\"og:url\" content=\"https:\/\/quehacerpolitico.mx\/?p=98953\" \/>\n<meta property=\"article:published_time\" content=\"2023-02-25T01:27:25+00:00\" \/>\n<meta property=\"article:modified_time\" content=\"2023-02-25T01:27:28+00:00\" \/>\n<meta property=\"og:image\" content=\"https:\/\/quehacerpolitico.mx\/wp-content\/uploads\/2023\/02\/4E9E45DC-1A8C-4030-A067-2EC1989A83F1.jpeg\" \/>\n\t<meta property=\"og:image:width\" content=\"895\" \/>\n\t<meta property=\"og:image:height\" content=\"486\" \/>\n\t<meta property=\"og:image:type\" content=\"image\/jpeg\" \/>\n<meta name=\"author\" content=\"Redacci\u00f3n QP\" \/>\n<meta name=\"twitter:card\" content=\"summary_large_image\" \/>\n<meta name=\"twitter:label1\" content=\"Escrito por\" \/>\n\t<meta name=\"twitter:data1\" content=\"Redacci\u00f3n QP\" \/>\n\t<meta name=\"twitter:label2\" content=\"Tiempo de lectura\" \/>\n\t<meta name=\"twitter:data2\" content=\"2 minutos\" \/>\n<script type=\"application\/ld+json\" class=\"yoast-schema-graph\">{\"@context\":\"https:\\\/\\\/schema.org\",\"@graph\":[{\"@type\":\"Article\",\"@id\":\"https:\\\/\\\/quehacerpolitico.mx\\\/?p=98953#article\",\"isPartOf\":{\"@id\":\"https:\\\/\\\/quehacerpolitico.mx\\\/?p=98953\"},\"author\":{\"name\":\"Redacci\u00f3n QP\",\"@id\":\"https:\\\/\\\/quehacerpolitico.mx\\\/#\\\/schema\\\/person\\\/496d8ad2d1d3f8036101dca7ee39e585\"},\"headline\":\"Procesan a presunto homicida de ni\u00f1a que recibi\u00f3 bala\",\"datePublished\":\"2023-02-25T01:27:25+00:00\",\"dateModified\":\"2023-02-25T01:27:28+00:00\",\"mainEntityOfPage\":{\"@id\":\"https:\\\/\\\/quehacerpolitico.mx\\\/?p=98953\"},\"wordCount\":336,\"commentCount\":0,\"image\":{\"@id\":\"https:\\\/\\\/quehacerpolitico.mx\\\/?p=98953#primaryimage\"},\"thumbnailUrl\":\"https:\\\/\\\/quehacerpolitico.mx\\\/wp-content\\\/uploads\\\/2023\\\/02\\\/4E9E45DC-1A8C-4030-A067-2EC1989A83F1.jpeg\",\"articleSection\":[\"CDMX\"],\"inLanguage\":\"es\",\"potentialAction\":[{\"@type\":\"CommentAction\",\"name\":\"Comment\",\"target\":[\"https:\\\/\\\/quehacerpolitico.mx\\\/?p=98953#respond\"]}]},{\"@type\":\"WebPage\",\"@id\":\"https:\\\/\\\/quehacerpolitico.mx\\\/?p=98953\",\"url\":\"https:\\\/\\\/quehacerpolitico.mx\\\/?p=98953\",\"name\":\"Procesan a presunto homicida de ni\u00f1a que recibi\u00f3 bala -\",\"isPartOf\":{\"@id\":\"https:\\\/\\\/quehacerpolitico.mx\\\/#website\"},\"primaryImageOfPage\":{\"@id\":\"https:\\\/\\\/quehacerpolitico.mx\\\/?p=98953#primaryimage\"},\"image\":{\"@id\":\"https:\\\/\\\/quehacerpolitico.mx\\\/?p=98953#primaryimage\"},\"thumbnailUrl\":\"https:\\\/\\\/quehacerpolitico.mx\\\/wp-content\\\/uploads\\\/2023\\\/02\\\/4E9E45DC-1A8C-4030-A067-2EC1989A83F1.jpeg\",\"datePublished\":\"2023-02-25T01:27:25+00:00\",\"dateModified\":\"2023-02-25T01:27:28+00:00\",\"author\":{\"@id\":\"https:\\\/\\\/quehacerpolitico.mx\\\/#\\\/schema\\\/person\\\/496d8ad2d1d3f8036101dca7ee39e585\"},\"breadcrumb\":{\"@id\":\"https:\\\/\\\/quehacerpolitico.mx\\\/?p=98953#breadcrumb\"},\"inLanguage\":\"es\",\"potentialAction\":[{\"@type\":\"ReadAction\",\"target\":[\"https:\\\/\\\/quehacerpolitico.mx\\\/?p=98953\"]}]},{\"@type\":\"ImageObject\",\"inLanguage\":\"es\",\"@id\":\"https:\\\/\\\/quehacerpolitico.mx\\\/?p=98953#primaryimage\",\"url\":\"https:\\\/\\\/quehacerpolitico.mx\\\/wp-content\\\/uploads\\\/2023\\\/02\\\/4E9E45DC-1A8C-4030-A067-2EC1989A83F1.jpeg\",\"contentUrl\":\"https:\\\/\\\/quehacerpolitico.mx\\\/wp-content\\\/uploads\\\/2023\\\/02\\\/4E9E45DC-1A8C-4030-A067-2EC1989A83F1.jpeg\",\"width\":895,\"height\":486},{\"@type\":\"BreadcrumbList\",\"@id\":\"https:\\\/\\\/quehacerpolitico.mx\\\/?p=98953#breadcrumb\",\"itemListElement\":[{\"@type\":\"ListItem\",\"position\":1,\"name\":\"Inicio\",\"item\":\"https:\\\/\\\/quehacerpolitico.mx\\\/\"},{\"@type\":\"ListItem\",\"position\":2,\"name\":\"Procesan a presunto homicida de ni\u00f1a que recibi\u00f3 bala\"}]},{\"@type\":\"WebSite\",\"@id\":\"https:\\\/\\\/quehacerpolitico.mx\\\/#website\",\"url\":\"https:\\\/\\\/quehacerpolitico.mx\\\/\",\"name\":\"\",\"description\":\"\",\"potentialAction\":[{\"@type\":\"SearchAction\",\"target\":{\"@type\":\"EntryPoint\",\"urlTemplate\":\"https:\\\/\\\/quehacerpolitico.mx\\\/?s={search_term_string}\"},\"query-input\":{\"@type\":\"PropertyValueSpecification\",\"valueRequired\":true,\"valueName\":\"search_term_string\"}}],\"inLanguage\":\"es\"},{\"@type\":\"Person\",\"@id\":\"https:\\\/\\\/quehacerpolitico.mx\\\/#\\\/schema\\\/person\\\/496d8ad2d1d3f8036101dca7ee39e585\",\"name\":\"Redacci\u00f3n QP\",\"image\":{\"@type\":\"ImageObject\",\"inLanguage\":\"es\",\"@id\":\"https:\\\/\\\/secure.gravatar.com\\\/avatar\\\/c7164ed6fdec453195284ad24a5ae5b6e1eed2b848477fa2a4787ba9adf39a41?s=96&d=mm&r=g\",\"url\":\"https:\\\/\\\/secure.gravatar.com\\\/avatar\\\/c7164ed6fdec453195284ad24a5ae5b6e1eed2b848477fa2a4787ba9adf39a41?s=96&d=mm&r=g\",\"contentUrl\":\"https:\\\/\\\/secure.gravatar.com\\\/avatar\\\/c7164ed6fdec453195284ad24a5ae5b6e1eed2b848477fa2a4787ba9adf39a41?s=96&d=mm&r=g\",\"caption\":\"Redacci\u00f3n QP\"},\"url\":\"https:\\\/\\\/quehacerpolitico.mx\\\/?author=2\"}]}<\/script>\n<!-- \/ Yoast SEO plugin. -->","yoast_head_json":{"title":"Procesan a presunto homicida de ni\u00f1a que recibi\u00f3 bala -","robots":{"index":"index","follow":"follow","max-snippet":"max-snippet:-1","max-image-preview":"max-image-preview:large","max-video-preview":"max-video-preview:-1"},"canonical":"https:\/\/quehacerpolitico.mx\/?p=98953","og_locale":"es_MX","og_type":"article","og_title":"Procesan a presunto homicida de ni\u00f1a que recibi\u00f3 bala -","og_description":"Por Redacci\u00f3n QP La Fiscal\u00eda de la CDMX indic\u00f3 que el implicado permanecer\u00e1 en el...","og_url":"https:\/\/quehacerpolitico.mx\/?p=98953","article_published_time":"2023-02-25T01:27:25+00:00","article_modified_time":"2023-02-25T01:27:28+00:00","og_image":[{"width":895,"height":486,"url":"https:\/\/quehacerpolitico.mx\/wp-content\/uploads\/2023\/02\/4E9E45DC-1A8C-4030-A067-2EC1989A83F1.jpeg","type":"image\/jpeg"}],"author":"Redacci\u00f3n QP","twitter_card":"summary_large_image","twitter_misc":{"Escrito por":"Redacci\u00f3n QP","Tiempo de lectura":"2 minutos"},"schema":{"@context":"https:\/\/schema.org","@graph":[{"@type":"Article","@id":"https:\/\/quehacerpolitico.mx\/?p=98953#article","isPartOf":{"@id":"https:\/\/quehacerpolitico.mx\/?p=98953"},"author":{"name":"Redacci\u00f3n QP","@id":"https:\/\/quehacerpolitico.mx\/#\/schema\/person\/496d8ad2d1d3f8036101dca7ee39e585"},"headline":"Procesan a presunto homicida de ni\u00f1a que recibi\u00f3 bala","datePublished":"2023-02-25T01:27:25+00:00","dateModified":"2023-02-25T01:27:28+00:00","mainEntityOfPage":{"@id":"https:\/\/quehacerpolitico.mx\/?p=98953"},"wordCount":336,"commentCount":0,"image":{"@id":"https:\/\/quehacerpolitico.mx\/?p=98953#primaryimage"},"thumbnailUrl":"https:\/\/quehacerpolitico.mx\/wp-content\/uploads\/2023\/02\/4E9E45DC-1A8C-4030-A067-2EC1989A83F1.jpeg","articleSection":["CDMX"],"inLanguage":"es","potentialAction":[{"@type":"CommentAction","name":"Comment","target":["https:\/\/quehacerpolitico.mx\/?p=98953#respond"]}]},{"@type":"WebPage","@id":"https:\/\/quehacerpolitico.mx\/?p=98953","url":"https:\/\/quehacerpolitico.mx\/?p=98953","name":"Procesan a presunto homicida de ni\u00f1a que recibi\u00f3 bala -","isPartOf":{"@id":"https:\/\/quehacerpolitico.mx\/#website"},"primaryImageOfPage":{"@id":"https:\/\/quehacerpolitico.mx\/?p=98953#primaryimage"},"image":{"@id":"https:\/\/quehacerpolitico.mx\/?p=98953#primaryimage"},"thumbnailUrl":"https:\/\/quehacerpolitico.mx\/wp-content\/uploads\/2023\/02\/4E9E45DC-1A8C-4030-A067-2EC1989A83F1.jpeg","datePublished":"2023-02-25T01:27:25+00:00","dateModified":"2023-02-25T01:27:28+00:00","author":{"@id":"https:\/\/quehacerpolitico.mx\/#\/schema\/person\/496d8ad2d1d3f8036101dca7ee39e585"},"breadcrumb":{"@id":"https:\/\/quehacerpolitico.mx\/?p=98953#breadcrumb"},"inLanguage":"es","potentialAction":[{"@type":"ReadAction","target":["https:\/\/quehacerpolitico.mx\/?p=98953"]}]},{"@type":"ImageObject","inLanguage":"es","@id":"https:\/\/quehacerpolitico.mx\/?p=98953#primaryimage","url":"https:\/\/quehacerpolitico.mx\/wp-content\/uploads\/2023\/02\/4E9E45DC-1A8C-4030-A067-2EC1989A83F1.jpeg","contentUrl":"https:\/\/quehacerpolitico.mx\/wp-content\/uploads\/2023\/02\/4E9E45DC-1A8C-4030-A067-2EC1989A83F1.jpeg","width":895,"height":486},{"@type":"BreadcrumbList","@id":"https:\/\/quehacerpolitico.mx\/?p=98953#breadcrumb","itemListElement":[{"@type":"ListItem","position":1,"name":"Inicio","item":"https:\/\/quehacerpolitico.mx\/"},{"@type":"ListItem","position":2,"name":"Procesan a presunto homicida de ni\u00f1a que recibi\u00f3 bala"}]},{"@type":"WebSite","@id":"https:\/\/quehacerpolitico.mx\/#website","url":"https:\/\/quehacerpolitico.mx\/","name":"","description":"","potentialAction":[{"@type":"SearchAction","target":{"@type":"EntryPoint","urlTemplate":"https:\/\/quehacerpolitico.mx\/?s={search_term_string}"},"query-input":{"@type":"PropertyValueSpecification","valueRequired":true,"valueName":"search_term_string"}}],"inLanguage":"es"},{"@type":"Person","@id":"https:\/\/quehacerpolitico.mx\/#\/schema\/person\/496d8ad2d1d3f8036101dca7ee39e585","name":"Redacci\u00f3n QP","image":{"@type":"ImageObject","inLanguage":"es","@id":"https:\/\/secure.gravatar.com\/avatar\/c7164ed6fdec453195284ad24a5ae5b6e1eed2b848477fa2a4787ba9adf39a41?s=96&d=mm&r=g","url":"https:\/\/secure.gravatar.com\/avatar\/c7164ed6fdec453195284ad24a5ae5b6e1eed2b848477fa2a4787ba9adf39a41?s=96&d=mm&r=g","contentUrl":"https:\/\/secure.gravatar.com\/avatar\/c7164ed6fdec453195284ad24a5ae5b6e1eed2b848477fa2a4787ba9adf39a41?s=96&d=mm&r=g","caption":"Redacci\u00f3n QP"},"url":"https:\/\/quehacerpolitico.mx\/?author=2"}]}},"featured_image_urls":{"full":["https:\/\/quehacerpolitico.mx\/wp-content\/uploads\/2023\/02\/4E9E45DC-1A8C-4030-A067-2EC1989A83F1.jpeg",895,486,false],"thumbnail":["https:\/\/quehacerpolitico.mx\/wp-content\/uploads\/2023\/02\/4E9E45DC-1A8C-4030-A067-2EC1989A83F1-150x150.jpeg",150,150,true],"medium":["https:\/\/quehacerpolitico.mx\/wp-content\/uploads\/2023\/02\/4E9E45DC-1A8C-4030-A067-2EC1989A83F1-300x163.jpeg",300,163,true],"medium_large":["https:\/\/quehacerpolitico.mx\/wp-content\/uploads\/2023\/02\/4E9E45DC-1A8C-4030-A067-2EC1989A83F1-768x417.jpeg",640,348,true],"large":["https:\/\/quehacerpolitico.mx\/wp-content\/uploads\/2023\/02\/4E9E45DC-1A8C-4030-A067-2EC1989A83F1.jpeg",640,348,false],"1536x1536":["https:\/\/quehacerpolitico.mx\/wp-content\/uploads\/2023\/02\/4E9E45DC-1A8C-4030-A067-2EC1989A83F1.jpeg",895,486,false],"2048x2048":["https:\/\/quehacerpolitico.mx\/wp-content\/uploads\/2023\/02\/4E9E45DC-1A8C-4030-A067-2EC1989A83F1.jpeg",895,486,false],"covernews-featured":["https:\/\/quehacerpolitico.mx\/wp-content\/uploads\/2023\/02\/4E9E45DC-1A8C-4030-A067-2EC1989A83F1.jpeg",895,486,false],"covernews-medium":["https:\/\/quehacerpolitico.mx\/wp-content\/uploads\/2023\/02\/4E9E45DC-1A8C-4030-A067-2EC1989A83F1.jpeg",540,293,false]},"author_info":{"display_name":"Redacci\u00f3n QP","author_link":"https:\/\/quehacerpolitico.mx\/?author=2"},"category_info":"<a href=\"https:\/\/quehacerpolitico.mx\/?cat=55\" rel=\"category\">CDMX<\/a>","tag_info":"CDMX","comment_count":"0","_links":{"self":[{"href":"https:\/\/quehacerpolitico.mx\/index.php?rest_route=\/wp\/v2\/posts\/98953","targetHints":{"allow":["GET"]}}],"collection":[{"href":"https:\/\/quehacerpolitico.mx\/index.php?rest_route=\/wp\/v2\/posts"}],"about":[{"href":"https:\/\/quehacerpolitico.mx\/index.php?rest_route=\/wp\/v2\/types\/post"}],"author":[{"embeddable":true,"href":"https:\/\/quehacerpolitico.mx\/index.php?rest_route=\/wp\/v2\/users\/2"}],"replies":[{"embeddable":true,"href":"https:\/\/quehacerpolitico.mx\/index.php?rest_route=%2Fwp%2Fv2%2Fcomments&post=98953"}],"version-history":[{"count":1,"href":"https:\/\/quehacerpolitico.mx\/index.php?rest_route=\/wp\/v2\/posts\/98953\/revisions"}],"predecessor-version":[{"id":98955,"href":"https:\/\/quehacerpolitico.mx\/index.php?rest_route=\/wp\/v2\/posts\/98953\/revisions\/98955"}],"wp:featuredmedia":[{"embeddable":true,"href":"https:\/\/quehacerpolitico.mx\/index.php?rest_route=\/wp\/v2\/media\/98954"}],"wp:attachment":[{"href":"https:\/\/quehacerpolitico.mx\/index.php?rest_route=%2Fwp%2Fv2%2Fmedia&parent=98953"}],"wp:term":[{"taxonomy":"category","embeddable":true,"href":"https:\/\/quehacerpolitico.mx\/index.php?rest_route=%2Fwp%2Fv2%2Fcategories&post=98953"},{"taxonomy":"post_tag","embeddable":true,"href":"https:\/\/quehacerpolitico.mx\/index.php?rest_route=%2Fwp%2Fv2%2Ftags&post=98953"}],"curies":[{"name":"wp","href":"https:\/\/api.w.org\/{rel}","templated":true}]}}