{"id":98950,"date":"2023-02-24T23:39:49","date_gmt":"2023-02-24T23:39:49","guid":{"rendered":"https:\/\/quehacerpolitico.mx\/?p=98950"},"modified":"2023-02-24T23:39:52","modified_gmt":"2023-02-24T23:39:52","slug":"samuel-garcia-afirma-que-si-hay-agua-para-planta-de-tesla-en-nuevo-leon","status":"publish","type":"post","link":"https:\/\/quehacerpolitico.mx\/?p=98950","title":{"rendered":"Samuel Garc\u00eda afirma que s\u00ed hay agua para planta de Tesla en Nuevo Le\u00f3n"},"content":{"rendered":"\n<p>Por Redacci\u00f3n QP<\/p>\n\n\n\n<p>La llegada de Tesla a M\u00e9xico se rumora desde que en octubre pasado Musk visit\u00f3 Nuevo Le\u00f3n, donde se reuni\u00f3 con la influencer Mariana Rodr\u00edguez, esposa del gobernador Garc\u00eda<\/p>\n\n\n\n<p><strong>Samuel Garc\u00eda, gobernador de Nuevo Le\u00f3n,\u00a0afirm\u00f3 este viernes que su entidad s\u00ed cuenta con el agua suficiente para satisfacer las demandas de Tesla, perteneciente a Elon Musk. Esto a pesar de que L\u00f3pez Obrador indic\u00f3 que no ser\u00eda permitido.<\/strong><\/p>\n\n\n\n<p>&#8220;Nosotros vamos a trabajar con Tesla de la mano para que puedan ir aclarando y comprobando que no utilizan agua de consumo humano y que la que utilizan es tratada y es m\u00ednima&#8221;, expres\u00f3 a medios Garc\u00eda, del opositor Movimiento Ciudadano (MC).<\/p>\n\n\n\n<p>Sus declaraciones se producen despu\u00e9s de que L\u00f3pez Obrador<strong>\u00a0avis\u00f3 en su rueda de prensa matutina que su Gobierno no dar\u00eda los permisos para que Tesla instale la planta en Nuevo Le\u00f3n<\/strong>al recordar que el a\u00f1o pasado vivi\u00f3 una crisis h\u00eddrica que restringi\u00f3 el suministro de agua para consumo humano.<\/p>\n\n\n\n<p>&#8220;En el caso de la pretensi\u00f3n de poner la planta en Monterrey (capital de Nuevo Le\u00f3n), ustedes saben, acabamos de padecer una crisis tremenda de falta de agua, porque no hay agua no es factible&#8221;, dijo el mandatario.<strong>&nbsp;Garc\u00eda argument\u00f3 que Nuevo Le\u00f3n, estado fronterizo con Texas y polo industrial de M\u00e9xico, tiene 3 mil litros de agua tratada por segundo que proporcionar y la planta de Tesla ocupar\u00eda menos de 100<\/strong>. &#8220;As\u00ed que yo no le veo ning\u00fan problema al tema del agua&#8221;, insisti\u00f3.<\/p>\n\n\n\n<p>Remarc\u00f3 que la entidad s\u00ed tiene agua y tendr\u00e1 mucha m\u00e1s.<strong>\u00a0&#8220;S\u00ed (hay) y va a haber mucha m\u00e1s para el futuro de nuestro estado&#8221;, asegur\u00f3.<\/strong>Garc\u00eda estableci\u00f3 que espera tratar el tema con el presidente y que incluso el mandatario tiene una pr\u00f3xima visita al estado. &#8220;No lo he podido visitar, pero yo estoy dispuesto cuando \u00e9l me diga. Creo que viene al estado tambi\u00e9n&#8221;, adelant\u00f3.<\/p>\n\n\n\n<p>La llegada de Tesla a M\u00e9xico se rumora desde que en octubre pasado Musk visit\u00f3 Nuevo Le\u00f3n, donde se reuni\u00f3 con la influencer Mariana Rodr\u00edguez, esposa del gobernador Garc\u00eda. Pero su instalaci\u00f3n se ha convertido en una controversia pol\u00edtica porque funcionarios del Gobierno federal han expresado<strong>\u00a0su deseo de que Tesla se instale cerca del Aeropuerto Internacional Felipe \u00c1ngeles (AIFA), obra prioritaria de L\u00f3pez Obrador para la capital mexicana, o en el sureste del pa\u00eds.<\/strong><\/p>\n\n\n\n<p>Con informaci\u00f3n de EFE<\/p>\n","protected":false},"excerpt":{"rendered":"<p>Por Redacci\u00f3n QP La llegada de Tesla a M\u00e9xico se rumora desde que en octubre&#8230;<\/p>\n","protected":false},"author":2,"featured_media":98951,"comment_status":"open","ping_status":"open","sticky":false,"template":"","format":"standard","meta":{"_monsterinsights_skip_tracking":false,"_monsterinsights_sitenote_active":false,"_monsterinsights_sitenote_note":"","_monsterinsights_sitenote_category":0,"footnotes":""},"categories":[2],"tags":[],"class_list":["post-98950","post","type-post","status-publish","format-standard","has-post-thumbnail","hentry","category-noticias"],"yoast_head":"<!-- This site is optimized with the Yoast SEO plugin v27.3 - https:\/\/yoast.com\/product\/yoast-seo-wordpress\/ -->\n<title>Samuel Garc\u00eda afirma que s\u00ed hay agua para planta de Tesla en Nuevo Le\u00f3n -<\/title>\n<meta name=\"robots\" content=\"index, follow, max-snippet:-1, max-image-preview:large, max-video-preview:-1\" \/>\n<link rel=\"canonical\" href=\"https:\/\/quehacerpolitico.mx\/?p=98950\" \/>\n<meta property=\"og:locale\" content=\"es_MX\" \/>\n<meta property=\"og:type\" content=\"article\" \/>\n<meta property=\"og:title\" content=\"Samuel Garc\u00eda afirma que s\u00ed hay agua para planta de Tesla en Nuevo Le\u00f3n -\" \/>\n<meta property=\"og:description\" content=\"Por Redacci\u00f3n QP La llegada de Tesla a M\u00e9xico se rumora desde que en octubre...\" \/>\n<meta property=\"og:url\" content=\"https:\/\/quehacerpolitico.mx\/?p=98950\" \/>\n<meta property=\"article:published_time\" content=\"2023-02-24T23:39:49+00:00\" \/>\n<meta property=\"article:modified_time\" content=\"2023-02-24T23:39:52+00:00\" \/>\n<meta property=\"og:image\" content=\"https:\/\/quehacerpolitico.mx\/wp-content\/uploads\/2023\/02\/E4C289CF-B2AC-46B4-A650-06F5C10573DC.jpeg\" \/>\n\t<meta property=\"og:image:width\" content=\"705\" \/>\n\t<meta property=\"og:image:height\" content=\"435\" \/>\n\t<meta property=\"og:image:type\" content=\"image\/jpeg\" \/>\n<meta name=\"author\" content=\"Redacci\u00f3n QP\" \/>\n<meta name=\"twitter:card\" content=\"summary_large_image\" \/>\n<meta name=\"twitter:label1\" content=\"Escrito por\" \/>\n\t<meta name=\"twitter:data1\" content=\"Redacci\u00f3n QP\" \/>\n\t<meta name=\"twitter:label2\" content=\"Tiempo de lectura\" \/>\n\t<meta name=\"twitter:data2\" content=\"2 minutos\" \/>\n<script type=\"application\/ld+json\" class=\"yoast-schema-graph\">{\"@context\":\"https:\\\/\\\/schema.org\",\"@graph\":[{\"@type\":\"Article\",\"@id\":\"https:\\\/\\\/quehacerpolitico.mx\\\/?p=98950#article\",\"isPartOf\":{\"@id\":\"https:\\\/\\\/quehacerpolitico.mx\\\/?p=98950\"},\"author\":{\"name\":\"Redacci\u00f3n QP\",\"@id\":\"https:\\\/\\\/quehacerpolitico.mx\\\/#\\\/schema\\\/person\\\/496d8ad2d1d3f8036101dca7ee39e585\"},\"headline\":\"Samuel Garc\u00eda afirma que s\u00ed hay agua para planta de Tesla en Nuevo Le\u00f3n\",\"datePublished\":\"2023-02-24T23:39:49+00:00\",\"dateModified\":\"2023-02-24T23:39:52+00:00\",\"mainEntityOfPage\":{\"@id\":\"https:\\\/\\\/quehacerpolitico.mx\\\/?p=98950\"},\"wordCount\":448,\"commentCount\":0,\"image\":{\"@id\":\"https:\\\/\\\/quehacerpolitico.mx\\\/?p=98950#primaryimage\"},\"thumbnailUrl\":\"https:\\\/\\\/quehacerpolitico.mx\\\/wp-content\\\/uploads\\\/2023\\\/02\\\/E4C289CF-B2AC-46B4-A650-06F5C10573DC.jpeg\",\"articleSection\":[\"Noticias\"],\"inLanguage\":\"es\",\"potentialAction\":[{\"@type\":\"CommentAction\",\"name\":\"Comment\",\"target\":[\"https:\\\/\\\/quehacerpolitico.mx\\\/?p=98950#respond\"]}]},{\"@type\":\"WebPage\",\"@id\":\"https:\\\/\\\/quehacerpolitico.mx\\\/?p=98950\",\"url\":\"https:\\\/\\\/quehacerpolitico.mx\\\/?p=98950\",\"name\":\"Samuel Garc\u00eda afirma que s\u00ed hay agua para planta de Tesla en Nuevo Le\u00f3n -\",\"isPartOf\":{\"@id\":\"https:\\\/\\\/quehacerpolitico.mx\\\/#website\"},\"primaryImageOfPage\":{\"@id\":\"https:\\\/\\\/quehacerpolitico.mx\\\/?p=98950#primaryimage\"},\"image\":{\"@id\":\"https:\\\/\\\/quehacerpolitico.mx\\\/?p=98950#primaryimage\"},\"thumbnailUrl\":\"https:\\\/\\\/quehacerpolitico.mx\\\/wp-content\\\/uploads\\\/2023\\\/02\\\/E4C289CF-B2AC-46B4-A650-06F5C10573DC.jpeg\",\"datePublished\":\"2023-02-24T23:39:49+00:00\",\"dateModified\":\"2023-02-24T23:39:52+00:00\",\"author\":{\"@id\":\"https:\\\/\\\/quehacerpolitico.mx\\\/#\\\/schema\\\/person\\\/496d8ad2d1d3f8036101dca7ee39e585\"},\"breadcrumb\":{\"@id\":\"https:\\\/\\\/quehacerpolitico.mx\\\/?p=98950#breadcrumb\"},\"inLanguage\":\"es\",\"potentialAction\":[{\"@type\":\"ReadAction\",\"target\":[\"https:\\\/\\\/quehacerpolitico.mx\\\/?p=98950\"]}]},{\"@type\":\"ImageObject\",\"inLanguage\":\"es\",\"@id\":\"https:\\\/\\\/quehacerpolitico.mx\\\/?p=98950#primaryimage\",\"url\":\"https:\\\/\\\/quehacerpolitico.mx\\\/wp-content\\\/uploads\\\/2023\\\/02\\\/E4C289CF-B2AC-46B4-A650-06F5C10573DC.jpeg\",\"contentUrl\":\"https:\\\/\\\/quehacerpolitico.mx\\\/wp-content\\\/uploads\\\/2023\\\/02\\\/E4C289CF-B2AC-46B4-A650-06F5C10573DC.jpeg\",\"width\":705,\"height\":435},{\"@type\":\"BreadcrumbList\",\"@id\":\"https:\\\/\\\/quehacerpolitico.mx\\\/?p=98950#breadcrumb\",\"itemListElement\":[{\"@type\":\"ListItem\",\"position\":1,\"name\":\"Inicio\",\"item\":\"https:\\\/\\\/quehacerpolitico.mx\\\/\"},{\"@type\":\"ListItem\",\"position\":2,\"name\":\"Samuel Garc\u00eda afirma que s\u00ed hay agua para planta de Tesla en Nuevo Le\u00f3n\"}]},{\"@type\":\"WebSite\",\"@id\":\"https:\\\/\\\/quehacerpolitico.mx\\\/#website\",\"url\":\"https:\\\/\\\/quehacerpolitico.mx\\\/\",\"name\":\"\",\"description\":\"\",\"potentialAction\":[{\"@type\":\"SearchAction\",\"target\":{\"@type\":\"EntryPoint\",\"urlTemplate\":\"https:\\\/\\\/quehacerpolitico.mx\\\/?s={search_term_string}\"},\"query-input\":{\"@type\":\"PropertyValueSpecification\",\"valueRequired\":true,\"valueName\":\"search_term_string\"}}],\"inLanguage\":\"es\"},{\"@type\":\"Person\",\"@id\":\"https:\\\/\\\/quehacerpolitico.mx\\\/#\\\/schema\\\/person\\\/496d8ad2d1d3f8036101dca7ee39e585\",\"name\":\"Redacci\u00f3n QP\",\"image\":{\"@type\":\"ImageObject\",\"inLanguage\":\"es\",\"@id\":\"https:\\\/\\\/secure.gravatar.com\\\/avatar\\\/c7164ed6fdec453195284ad24a5ae5b6e1eed2b848477fa2a4787ba9adf39a41?s=96&d=mm&r=g\",\"url\":\"https:\\\/\\\/secure.gravatar.com\\\/avatar\\\/c7164ed6fdec453195284ad24a5ae5b6e1eed2b848477fa2a4787ba9adf39a41?s=96&d=mm&r=g\",\"contentUrl\":\"https:\\\/\\\/secure.gravatar.com\\\/avatar\\\/c7164ed6fdec453195284ad24a5ae5b6e1eed2b848477fa2a4787ba9adf39a41?s=96&d=mm&r=g\",\"caption\":\"Redacci\u00f3n QP\"},\"url\":\"https:\\\/\\\/quehacerpolitico.mx\\\/?author=2\"}]}<\/script>\n<!-- \/ Yoast SEO plugin. -->","yoast_head_json":{"title":"Samuel Garc\u00eda afirma que s\u00ed hay agua para planta de Tesla en Nuevo Le\u00f3n -","robots":{"index":"index","follow":"follow","max-snippet":"max-snippet:-1","max-image-preview":"max-image-preview:large","max-video-preview":"max-video-preview:-1"},"canonical":"https:\/\/quehacerpolitico.mx\/?p=98950","og_locale":"es_MX","og_type":"article","og_title":"Samuel Garc\u00eda afirma que s\u00ed hay agua para planta de Tesla en Nuevo Le\u00f3n -","og_description":"Por Redacci\u00f3n QP La llegada de Tesla a M\u00e9xico se rumora desde que en octubre...","og_url":"https:\/\/quehacerpolitico.mx\/?p=98950","article_published_time":"2023-02-24T23:39:49+00:00","article_modified_time":"2023-02-24T23:39:52+00:00","og_image":[{"width":705,"height":435,"url":"https:\/\/quehacerpolitico.mx\/wp-content\/uploads\/2023\/02\/E4C289CF-B2AC-46B4-A650-06F5C10573DC.jpeg","type":"image\/jpeg"}],"author":"Redacci\u00f3n QP","twitter_card":"summary_large_image","twitter_misc":{"Escrito por":"Redacci\u00f3n QP","Tiempo de lectura":"2 minutos"},"schema":{"@context":"https:\/\/schema.org","@graph":[{"@type":"Article","@id":"https:\/\/quehacerpolitico.mx\/?p=98950#article","isPartOf":{"@id":"https:\/\/quehacerpolitico.mx\/?p=98950"},"author":{"name":"Redacci\u00f3n QP","@id":"https:\/\/quehacerpolitico.mx\/#\/schema\/person\/496d8ad2d1d3f8036101dca7ee39e585"},"headline":"Samuel Garc\u00eda afirma que s\u00ed hay agua para planta de Tesla en Nuevo Le\u00f3n","datePublished":"2023-02-24T23:39:49+00:00","dateModified":"2023-02-24T23:39:52+00:00","mainEntityOfPage":{"@id":"https:\/\/quehacerpolitico.mx\/?p=98950"},"wordCount":448,"commentCount":0,"image":{"@id":"https:\/\/quehacerpolitico.mx\/?p=98950#primaryimage"},"thumbnailUrl":"https:\/\/quehacerpolitico.mx\/wp-content\/uploads\/2023\/02\/E4C289CF-B2AC-46B4-A650-06F5C10573DC.jpeg","articleSection":["Noticias"],"inLanguage":"es","potentialAction":[{"@type":"CommentAction","name":"Comment","target":["https:\/\/quehacerpolitico.mx\/?p=98950#respond"]}]},{"@type":"WebPage","@id":"https:\/\/quehacerpolitico.mx\/?p=98950","url":"https:\/\/quehacerpolitico.mx\/?p=98950","name":"Samuel Garc\u00eda afirma que s\u00ed hay agua para planta de Tesla en Nuevo Le\u00f3n -","isPartOf":{"@id":"https:\/\/quehacerpolitico.mx\/#website"},"primaryImageOfPage":{"@id":"https:\/\/quehacerpolitico.mx\/?p=98950#primaryimage"},"image":{"@id":"https:\/\/quehacerpolitico.mx\/?p=98950#primaryimage"},"thumbnailUrl":"https:\/\/quehacerpolitico.mx\/wp-content\/uploads\/2023\/02\/E4C289CF-B2AC-46B4-A650-06F5C10573DC.jpeg","datePublished":"2023-02-24T23:39:49+00:00","dateModified":"2023-02-24T23:39:52+00:00","author":{"@id":"https:\/\/quehacerpolitico.mx\/#\/schema\/person\/496d8ad2d1d3f8036101dca7ee39e585"},"breadcrumb":{"@id":"https:\/\/quehacerpolitico.mx\/?p=98950#breadcrumb"},"inLanguage":"es","potentialAction":[{"@type":"ReadAction","target":["https:\/\/quehacerpolitico.mx\/?p=98950"]}]},{"@type":"ImageObject","inLanguage":"es","@id":"https:\/\/quehacerpolitico.mx\/?p=98950#primaryimage","url":"https:\/\/quehacerpolitico.mx\/wp-content\/uploads\/2023\/02\/E4C289CF-B2AC-46B4-A650-06F5C10573DC.jpeg","contentUrl":"https:\/\/quehacerpolitico.mx\/wp-content\/uploads\/2023\/02\/E4C289CF-B2AC-46B4-A650-06F5C10573DC.jpeg","width":705,"height":435},{"@type":"BreadcrumbList","@id":"https:\/\/quehacerpolitico.mx\/?p=98950#breadcrumb","itemListElement":[{"@type":"ListItem","position":1,"name":"Inicio","item":"https:\/\/quehacerpolitico.mx\/"},{"@type":"ListItem","position":2,"name":"Samuel Garc\u00eda afirma que s\u00ed hay agua para planta de Tesla en Nuevo Le\u00f3n"}]},{"@type":"WebSite","@id":"https:\/\/quehacerpolitico.mx\/#website","url":"https:\/\/quehacerpolitico.mx\/","name":"","description":"","potentialAction":[{"@type":"SearchAction","target":{"@type":"EntryPoint","urlTemplate":"https:\/\/quehacerpolitico.mx\/?s={search_term_string}"},"query-input":{"@type":"PropertyValueSpecification","valueRequired":true,"valueName":"search_term_string"}}],"inLanguage":"es"},{"@type":"Person","@id":"https:\/\/quehacerpolitico.mx\/#\/schema\/person\/496d8ad2d1d3f8036101dca7ee39e585","name":"Redacci\u00f3n QP","image":{"@type":"ImageObject","inLanguage":"es","@id":"https:\/\/secure.gravatar.com\/avatar\/c7164ed6fdec453195284ad24a5ae5b6e1eed2b848477fa2a4787ba9adf39a41?s=96&d=mm&r=g","url":"https:\/\/secure.gravatar.com\/avatar\/c7164ed6fdec453195284ad24a5ae5b6e1eed2b848477fa2a4787ba9adf39a41?s=96&d=mm&r=g","contentUrl":"https:\/\/secure.gravatar.com\/avatar\/c7164ed6fdec453195284ad24a5ae5b6e1eed2b848477fa2a4787ba9adf39a41?s=96&d=mm&r=g","caption":"Redacci\u00f3n QP"},"url":"https:\/\/quehacerpolitico.mx\/?author=2"}]}},"featured_image_urls":{"full":["https:\/\/quehacerpolitico.mx\/wp-content\/uploads\/2023\/02\/E4C289CF-B2AC-46B4-A650-06F5C10573DC.jpeg",705,435,false],"thumbnail":["https:\/\/quehacerpolitico.mx\/wp-content\/uploads\/2023\/02\/E4C289CF-B2AC-46B4-A650-06F5C10573DC-150x150.jpeg",150,150,true],"medium":["https:\/\/quehacerpolitico.mx\/wp-content\/uploads\/2023\/02\/E4C289CF-B2AC-46B4-A650-06F5C10573DC-300x185.jpeg",300,185,true],"medium_large":["https:\/\/quehacerpolitico.mx\/wp-content\/uploads\/2023\/02\/E4C289CF-B2AC-46B4-A650-06F5C10573DC.jpeg",640,395,false],"large":["https:\/\/quehacerpolitico.mx\/wp-content\/uploads\/2023\/02\/E4C289CF-B2AC-46B4-A650-06F5C10573DC.jpeg",640,395,false],"1536x1536":["https:\/\/quehacerpolitico.mx\/wp-content\/uploads\/2023\/02\/E4C289CF-B2AC-46B4-A650-06F5C10573DC.jpeg",705,435,false],"2048x2048":["https:\/\/quehacerpolitico.mx\/wp-content\/uploads\/2023\/02\/E4C289CF-B2AC-46B4-A650-06F5C10573DC.jpeg",705,435,false],"covernews-featured":["https:\/\/quehacerpolitico.mx\/wp-content\/uploads\/2023\/02\/E4C289CF-B2AC-46B4-A650-06F5C10573DC.jpeg",705,435,false],"covernews-medium":["https:\/\/quehacerpolitico.mx\/wp-content\/uploads\/2023\/02\/E4C289CF-B2AC-46B4-A650-06F5C10573DC.jpeg",540,333,false]},"author_info":{"display_name":"Redacci\u00f3n QP","author_link":"https:\/\/quehacerpolitico.mx\/?author=2"},"category_info":"<a href=\"https:\/\/quehacerpolitico.mx\/?cat=2\" rel=\"category\">Noticias<\/a>","tag_info":"Noticias","comment_count":"0","_links":{"self":[{"href":"https:\/\/quehacerpolitico.mx\/index.php?rest_route=\/wp\/v2\/posts\/98950","targetHints":{"allow":["GET"]}}],"collection":[{"href":"https:\/\/quehacerpolitico.mx\/index.php?rest_route=\/wp\/v2\/posts"}],"about":[{"href":"https:\/\/quehacerpolitico.mx\/index.php?rest_route=\/wp\/v2\/types\/post"}],"author":[{"embeddable":true,"href":"https:\/\/quehacerpolitico.mx\/index.php?rest_route=\/wp\/v2\/users\/2"}],"replies":[{"embeddable":true,"href":"https:\/\/quehacerpolitico.mx\/index.php?rest_route=%2Fwp%2Fv2%2Fcomments&post=98950"}],"version-history":[{"count":1,"href":"https:\/\/quehacerpolitico.mx\/index.php?rest_route=\/wp\/v2\/posts\/98950\/revisions"}],"predecessor-version":[{"id":98952,"href":"https:\/\/quehacerpolitico.mx\/index.php?rest_route=\/wp\/v2\/posts\/98950\/revisions\/98952"}],"wp:featuredmedia":[{"embeddable":true,"href":"https:\/\/quehacerpolitico.mx\/index.php?rest_route=\/wp\/v2\/media\/98951"}],"wp:attachment":[{"href":"https:\/\/quehacerpolitico.mx\/index.php?rest_route=%2Fwp%2Fv2%2Fmedia&parent=98950"}],"wp:term":[{"taxonomy":"category","embeddable":true,"href":"https:\/\/quehacerpolitico.mx\/index.php?rest_route=%2Fwp%2Fv2%2Fcategories&post=98950"},{"taxonomy":"post_tag","embeddable":true,"href":"https:\/\/quehacerpolitico.mx\/index.php?rest_route=%2Fwp%2Fv2%2Ftags&post=98950"}],"curies":[{"name":"wp","href":"https:\/\/api.w.org\/{rel}","templated":true}]}}