{"id":98944,"date":"2023-02-24T23:17:59","date_gmt":"2023-02-24T23:17:59","guid":{"rendered":"https:\/\/quehacerpolitico.mx\/?p=98944"},"modified":"2023-02-24T23:18:02","modified_gmt":"2023-02-24T23:18:02","slug":"contingencia-ambiental-no-tiene-que-ver-con-asunto-politico-sheinbaum","status":"publish","type":"post","link":"https:\/\/quehacerpolitico.mx\/?p=98944","title":{"rendered":"Contingencia ambiental no tiene que ver con asunto pol\u00edtico: Sheinbaum"},"content":{"rendered":"\n<p>Por Redacci\u00f3n QP<\/p>\n\n\n\n<p>Luego de que en redes sociales actores pol\u00edticos se\u00f1alaran que la activaci\u00f3n de la contingencia coincide con la marcha en defensa del INE,\u00a0Sheinbaum indic\u00f3 que no se trata de ning\u00fan asunto pol\u00edtico<\/p>\n\n\n\n<p>La contingencia ambiental &#8220;no tiene nada que ver con un asunto pol\u00edtico, nunca ha tenido que ver (\u2026) es un asunto absolutamente cient\u00edfico&#8221;, afirm\u00f3 la jefa de Gobierno de la Ciudad de M\u00e9xico,\u00a0<strong>Claudia Sheinbaum<\/strong>.<\/p>\n\n\n\n<p>Luego de que en redes sociales actores pol\u00edticos se\u00f1alaran que la activaci\u00f3n de la contingencia coincide con la marcha en defensa del Instituto Nacional Electoral<strong>&nbsp;(INE)&nbsp;<\/strong>rumbo al Z\u00f3calo, que se realizar\u00e1 el pr\u00f3ximo domingo, Sheinbaum<strong>&nbsp;indic\u00f3 que no se trata de ning\u00fan asunto pol\u00edtico.<\/strong><\/p>\n\n\n\n<p>&#8220;Ser\u00eda una irresponsabilidad, sea que por razones pol\u00edticas se dijera no hay contingencia o por que se dijera s\u00ed hay contingencia. Es un asunto absolutamente cient\u00edfico, que tiene datos, que se puede observar y que tiene que ver con normas&#8221; aclar\u00f3.<\/p>\n\n\n\n<p>En conferencia de prensa, la jefa de Gobierno dijo que<strong>&nbsp;se mantiene en comunicaci\u00f3n con los organizadores de la marcha y que se dar\u00e1n todas las facilidades a quienes participen.<\/strong><\/p>\n\n\n\n<p>La mandataria capitalina a\u00f1adi\u00f3 que se mantiene en comunicaci\u00f3n con los organizadores de la marcha y que\u00a0<strong>se dar\u00e1n todas las condiciones de seguridad<\/strong>\u00a0para garantizar la libre expresi\u00f3n.<\/p>\n\n\n\n<p>Sobre las acusaciones del cierre de las calles de Pino Suarez y 20 de noviembre, en el Centro, Sheinbaum indic\u00f3 que es &#8220;completamente falso&#8221;.<\/p>\n\n\n\n<figure class=\"wp-block-embed is-type-rich is-provider-twitter wp-block-embed-twitter\"><div class=\"wp-block-embed__wrapper\">\n<blockquote class=\"twitter-tweet\" data-width=\"550\" data-dnt=\"true\"><p lang=\"es\" dir=\"ltr\"><a href=\"https:\/\/twitter.com\/hashtag\/EnVivo?src=hash&amp;ref_src=twsrc%5Etfw\">#EnVivo<\/a> \u25b6\ufe0f La <a href=\"https:\/\/twitter.com\/hashtag\/JefaDeGobierno?src=hash&amp;ref_src=twsrc%5Etfw\">#JefaDeGobierno<\/a> ofrece conferencia de prensa. <a href=\"https:\/\/t.co\/Ois53EYZQb\">https:\/\/t.co\/Ois53EYZQb<\/a><\/p>&mdash; Gobierno de la Ciudad de M\u00e9xico (@GobCDMX) <a href=\"https:\/\/twitter.com\/GobCDMX\/status\/1629183035618004992?ref_src=twsrc%5Etfw\">February 24, 2023<\/a><\/blockquote><script async src=\"https:\/\/platform.twitter.com\/widgets.js\" charset=\"utf-8\"><\/script>\n<\/div><\/figure>\n\n\n\n<h2 class=\"wp-block-heading\">Activan fase 1 de contingencia ambiental&nbsp;<\/h2>\n\n\n\n<p>La Comisi\u00f3n Ambiental de la Megal\u00f3polis\u00a0<strong>(CAMe)\u00a0<\/strong>activ\u00f3 la Fase 1 de Contingencia Ambiental la tarde de este jueves 23 de febrero, luego de que se alcanzara una concentraci\u00f3n m\u00e1xima de ozono de 155 partes por bill\u00f3n (ppb) en la estaci\u00f3n de monitoreo Ajusco Medio, de la alcald\u00eda Tlalpan,<strong>Ciudad de M\u00e9xico.<\/strong><\/p>\n\n\n\n<p>Por ello, este viernes est\u00e1 suspendida la circulaci\u00f3n para veh\u00edculos con holograma de verificaci\u00f3n 2; los hologramas 1 cuyo \u00faltimo d\u00edgito num\u00e9rico sea 0, 2, 4, 6, 8 y 9 as\u00ed como aquellos cuya matr\u00edcula est\u00e9 conformada s\u00f3lo por letras. Adem\u00e1s de los hologramas 0 y 00, engomado azul, terminaci\u00f3n de placa 9 y 0.<\/p>\n\n\n\n<p>Con Informaci\u00f3n de SUN <\/p>\n","protected":false},"excerpt":{"rendered":"<p>Por Redacci\u00f3n QP Luego de que en redes sociales actores pol\u00edticos se\u00f1alaran que la activaci\u00f3n&#8230;<\/p>\n","protected":false},"author":2,"featured_media":98945,"comment_status":"open","ping_status":"open","sticky":false,"template":"","format":"standard","meta":{"_monsterinsights_skip_tracking":false,"_monsterinsights_sitenote_active":false,"_monsterinsights_sitenote_note":"","_monsterinsights_sitenote_category":0,"footnotes":""},"categories":[55],"tags":[],"class_list":["post-98944","post","type-post","status-publish","format-standard","has-post-thumbnail","hentry","category-cdmx"],"yoast_head":"<!-- This site is optimized with the Yoast SEO plugin v27.3 - https:\/\/yoast.com\/product\/yoast-seo-wordpress\/ -->\n<title>Contingencia ambiental no tiene que ver con asunto pol\u00edtico: Sheinbaum -<\/title>\n<meta name=\"robots\" content=\"index, follow, max-snippet:-1, max-image-preview:large, max-video-preview:-1\" \/>\n<link rel=\"canonical\" href=\"https:\/\/quehacerpolitico.mx\/?p=98944\" \/>\n<meta property=\"og:locale\" content=\"es_MX\" \/>\n<meta property=\"og:type\" content=\"article\" \/>\n<meta property=\"og:title\" content=\"Contingencia ambiental no tiene que ver con asunto pol\u00edtico: Sheinbaum -\" \/>\n<meta property=\"og:description\" content=\"Por Redacci\u00f3n QP Luego de que en redes sociales actores pol\u00edticos se\u00f1alaran que la activaci\u00f3n...\" \/>\n<meta property=\"og:url\" content=\"https:\/\/quehacerpolitico.mx\/?p=98944\" \/>\n<meta property=\"article:published_time\" content=\"2023-02-24T23:17:59+00:00\" \/>\n<meta property=\"article:modified_time\" content=\"2023-02-24T23:18:02+00:00\" \/>\n<meta property=\"og:image\" content=\"https:\/\/quehacerpolitico.mx\/wp-content\/uploads\/2023\/02\/5B41D0AD-1E91-487C-8353-D14C3FE723CD.jpeg\" \/>\n\t<meta property=\"og:image:width\" content=\"1284\" \/>\n\t<meta property=\"og:image:height\" content=\"695\" \/>\n\t<meta property=\"og:image:type\" content=\"image\/jpeg\" \/>\n<meta name=\"author\" content=\"Redacci\u00f3n QP\" \/>\n<meta name=\"twitter:card\" content=\"summary_large_image\" \/>\n<meta name=\"twitter:label1\" content=\"Escrito por\" \/>\n\t<meta name=\"twitter:data1\" content=\"Redacci\u00f3n QP\" \/>\n\t<meta name=\"twitter:label2\" content=\"Tiempo de lectura\" \/>\n\t<meta name=\"twitter:data2\" content=\"2 minutos\" \/>\n<script type=\"application\/ld+json\" class=\"yoast-schema-graph\">{\"@context\":\"https:\\\/\\\/schema.org\",\"@graph\":[{\"@type\":\"Article\",\"@id\":\"https:\\\/\\\/quehacerpolitico.mx\\\/?p=98944#article\",\"isPartOf\":{\"@id\":\"https:\\\/\\\/quehacerpolitico.mx\\\/?p=98944\"},\"author\":{\"name\":\"Redacci\u00f3n QP\",\"@id\":\"https:\\\/\\\/quehacerpolitico.mx\\\/#\\\/schema\\\/person\\\/496d8ad2d1d3f8036101dca7ee39e585\"},\"headline\":\"Contingencia ambiental no tiene que ver con asunto pol\u00edtico: Sheinbaum\",\"datePublished\":\"2023-02-24T23:17:59+00:00\",\"dateModified\":\"2023-02-24T23:18:02+00:00\",\"mainEntityOfPage\":{\"@id\":\"https:\\\/\\\/quehacerpolitico.mx\\\/?p=98944\"},\"wordCount\":408,\"commentCount\":0,\"image\":{\"@id\":\"https:\\\/\\\/quehacerpolitico.mx\\\/?p=98944#primaryimage\"},\"thumbnailUrl\":\"https:\\\/\\\/quehacerpolitico.mx\\\/wp-content\\\/uploads\\\/2023\\\/02\\\/5B41D0AD-1E91-487C-8353-D14C3FE723CD.jpeg\",\"articleSection\":[\"CDMX\"],\"inLanguage\":\"es\",\"potentialAction\":[{\"@type\":\"CommentAction\",\"name\":\"Comment\",\"target\":[\"https:\\\/\\\/quehacerpolitico.mx\\\/?p=98944#respond\"]}]},{\"@type\":\"WebPage\",\"@id\":\"https:\\\/\\\/quehacerpolitico.mx\\\/?p=98944\",\"url\":\"https:\\\/\\\/quehacerpolitico.mx\\\/?p=98944\",\"name\":\"Contingencia ambiental no tiene que ver con asunto pol\u00edtico: Sheinbaum -\",\"isPartOf\":{\"@id\":\"https:\\\/\\\/quehacerpolitico.mx\\\/#website\"},\"primaryImageOfPage\":{\"@id\":\"https:\\\/\\\/quehacerpolitico.mx\\\/?p=98944#primaryimage\"},\"image\":{\"@id\":\"https:\\\/\\\/quehacerpolitico.mx\\\/?p=98944#primaryimage\"},\"thumbnailUrl\":\"https:\\\/\\\/quehacerpolitico.mx\\\/wp-content\\\/uploads\\\/2023\\\/02\\\/5B41D0AD-1E91-487C-8353-D14C3FE723CD.jpeg\",\"datePublished\":\"2023-02-24T23:17:59+00:00\",\"dateModified\":\"2023-02-24T23:18:02+00:00\",\"author\":{\"@id\":\"https:\\\/\\\/quehacerpolitico.mx\\\/#\\\/schema\\\/person\\\/496d8ad2d1d3f8036101dca7ee39e585\"},\"breadcrumb\":{\"@id\":\"https:\\\/\\\/quehacerpolitico.mx\\\/?p=98944#breadcrumb\"},\"inLanguage\":\"es\",\"potentialAction\":[{\"@type\":\"ReadAction\",\"target\":[\"https:\\\/\\\/quehacerpolitico.mx\\\/?p=98944\"]}]},{\"@type\":\"ImageObject\",\"inLanguage\":\"es\",\"@id\":\"https:\\\/\\\/quehacerpolitico.mx\\\/?p=98944#primaryimage\",\"url\":\"https:\\\/\\\/quehacerpolitico.mx\\\/wp-content\\\/uploads\\\/2023\\\/02\\\/5B41D0AD-1E91-487C-8353-D14C3FE723CD.jpeg\",\"contentUrl\":\"https:\\\/\\\/quehacerpolitico.mx\\\/wp-content\\\/uploads\\\/2023\\\/02\\\/5B41D0AD-1E91-487C-8353-D14C3FE723CD.jpeg\",\"width\":1284,\"height\":695},{\"@type\":\"BreadcrumbList\",\"@id\":\"https:\\\/\\\/quehacerpolitico.mx\\\/?p=98944#breadcrumb\",\"itemListElement\":[{\"@type\":\"ListItem\",\"position\":1,\"name\":\"Inicio\",\"item\":\"https:\\\/\\\/quehacerpolitico.mx\\\/\"},{\"@type\":\"ListItem\",\"position\":2,\"name\":\"Contingencia ambiental no tiene que ver con asunto pol\u00edtico: Sheinbaum\"}]},{\"@type\":\"WebSite\",\"@id\":\"https:\\\/\\\/quehacerpolitico.mx\\\/#website\",\"url\":\"https:\\\/\\\/quehacerpolitico.mx\\\/\",\"name\":\"\",\"description\":\"\",\"potentialAction\":[{\"@type\":\"SearchAction\",\"target\":{\"@type\":\"EntryPoint\",\"urlTemplate\":\"https:\\\/\\\/quehacerpolitico.mx\\\/?s={search_term_string}\"},\"query-input\":{\"@type\":\"PropertyValueSpecification\",\"valueRequired\":true,\"valueName\":\"search_term_string\"}}],\"inLanguage\":\"es\"},{\"@type\":\"Person\",\"@id\":\"https:\\\/\\\/quehacerpolitico.mx\\\/#\\\/schema\\\/person\\\/496d8ad2d1d3f8036101dca7ee39e585\",\"name\":\"Redacci\u00f3n QP\",\"image\":{\"@type\":\"ImageObject\",\"inLanguage\":\"es\",\"@id\":\"https:\\\/\\\/secure.gravatar.com\\\/avatar\\\/c7164ed6fdec453195284ad24a5ae5b6e1eed2b848477fa2a4787ba9adf39a41?s=96&d=mm&r=g\",\"url\":\"https:\\\/\\\/secure.gravatar.com\\\/avatar\\\/c7164ed6fdec453195284ad24a5ae5b6e1eed2b848477fa2a4787ba9adf39a41?s=96&d=mm&r=g\",\"contentUrl\":\"https:\\\/\\\/secure.gravatar.com\\\/avatar\\\/c7164ed6fdec453195284ad24a5ae5b6e1eed2b848477fa2a4787ba9adf39a41?s=96&d=mm&r=g\",\"caption\":\"Redacci\u00f3n QP\"},\"url\":\"https:\\\/\\\/quehacerpolitico.mx\\\/?author=2\"}]}<\/script>\n<!-- \/ Yoast SEO plugin. -->","yoast_head_json":{"title":"Contingencia ambiental no tiene que ver con asunto pol\u00edtico: Sheinbaum -","robots":{"index":"index","follow":"follow","max-snippet":"max-snippet:-1","max-image-preview":"max-image-preview:large","max-video-preview":"max-video-preview:-1"},"canonical":"https:\/\/quehacerpolitico.mx\/?p=98944","og_locale":"es_MX","og_type":"article","og_title":"Contingencia ambiental no tiene que ver con asunto pol\u00edtico: Sheinbaum -","og_description":"Por Redacci\u00f3n QP Luego de que en redes sociales actores pol\u00edticos se\u00f1alaran que la activaci\u00f3n...","og_url":"https:\/\/quehacerpolitico.mx\/?p=98944","article_published_time":"2023-02-24T23:17:59+00:00","article_modified_time":"2023-02-24T23:18:02+00:00","og_image":[{"width":1284,"height":695,"url":"https:\/\/quehacerpolitico.mx\/wp-content\/uploads\/2023\/02\/5B41D0AD-1E91-487C-8353-D14C3FE723CD.jpeg","type":"image\/jpeg"}],"author":"Redacci\u00f3n QP","twitter_card":"summary_large_image","twitter_misc":{"Escrito por":"Redacci\u00f3n QP","Tiempo de lectura":"2 minutos"},"schema":{"@context":"https:\/\/schema.org","@graph":[{"@type":"Article","@id":"https:\/\/quehacerpolitico.mx\/?p=98944#article","isPartOf":{"@id":"https:\/\/quehacerpolitico.mx\/?p=98944"},"author":{"name":"Redacci\u00f3n QP","@id":"https:\/\/quehacerpolitico.mx\/#\/schema\/person\/496d8ad2d1d3f8036101dca7ee39e585"},"headline":"Contingencia ambiental no tiene que ver con asunto pol\u00edtico: Sheinbaum","datePublished":"2023-02-24T23:17:59+00:00","dateModified":"2023-02-24T23:18:02+00:00","mainEntityOfPage":{"@id":"https:\/\/quehacerpolitico.mx\/?p=98944"},"wordCount":408,"commentCount":0,"image":{"@id":"https:\/\/quehacerpolitico.mx\/?p=98944#primaryimage"},"thumbnailUrl":"https:\/\/quehacerpolitico.mx\/wp-content\/uploads\/2023\/02\/5B41D0AD-1E91-487C-8353-D14C3FE723CD.jpeg","articleSection":["CDMX"],"inLanguage":"es","potentialAction":[{"@type":"CommentAction","name":"Comment","target":["https:\/\/quehacerpolitico.mx\/?p=98944#respond"]}]},{"@type":"WebPage","@id":"https:\/\/quehacerpolitico.mx\/?p=98944","url":"https:\/\/quehacerpolitico.mx\/?p=98944","name":"Contingencia ambiental no tiene que ver con asunto pol\u00edtico: Sheinbaum -","isPartOf":{"@id":"https:\/\/quehacerpolitico.mx\/#website"},"primaryImageOfPage":{"@id":"https:\/\/quehacerpolitico.mx\/?p=98944#primaryimage"},"image":{"@id":"https:\/\/quehacerpolitico.mx\/?p=98944#primaryimage"},"thumbnailUrl":"https:\/\/quehacerpolitico.mx\/wp-content\/uploads\/2023\/02\/5B41D0AD-1E91-487C-8353-D14C3FE723CD.jpeg","datePublished":"2023-02-24T23:17:59+00:00","dateModified":"2023-02-24T23:18:02+00:00","author":{"@id":"https:\/\/quehacerpolitico.mx\/#\/schema\/person\/496d8ad2d1d3f8036101dca7ee39e585"},"breadcrumb":{"@id":"https:\/\/quehacerpolitico.mx\/?p=98944#breadcrumb"},"inLanguage":"es","potentialAction":[{"@type":"ReadAction","target":["https:\/\/quehacerpolitico.mx\/?p=98944"]}]},{"@type":"ImageObject","inLanguage":"es","@id":"https:\/\/quehacerpolitico.mx\/?p=98944#primaryimage","url":"https:\/\/quehacerpolitico.mx\/wp-content\/uploads\/2023\/02\/5B41D0AD-1E91-487C-8353-D14C3FE723CD.jpeg","contentUrl":"https:\/\/quehacerpolitico.mx\/wp-content\/uploads\/2023\/02\/5B41D0AD-1E91-487C-8353-D14C3FE723CD.jpeg","width":1284,"height":695},{"@type":"BreadcrumbList","@id":"https:\/\/quehacerpolitico.mx\/?p=98944#breadcrumb","itemListElement":[{"@type":"ListItem","position":1,"name":"Inicio","item":"https:\/\/quehacerpolitico.mx\/"},{"@type":"ListItem","position":2,"name":"Contingencia ambiental no tiene que ver con asunto pol\u00edtico: Sheinbaum"}]},{"@type":"WebSite","@id":"https:\/\/quehacerpolitico.mx\/#website","url":"https:\/\/quehacerpolitico.mx\/","name":"","description":"","potentialAction":[{"@type":"SearchAction","target":{"@type":"EntryPoint","urlTemplate":"https:\/\/quehacerpolitico.mx\/?s={search_term_string}"},"query-input":{"@type":"PropertyValueSpecification","valueRequired":true,"valueName":"search_term_string"}}],"inLanguage":"es"},{"@type":"Person","@id":"https:\/\/quehacerpolitico.mx\/#\/schema\/person\/496d8ad2d1d3f8036101dca7ee39e585","name":"Redacci\u00f3n QP","image":{"@type":"ImageObject","inLanguage":"es","@id":"https:\/\/secure.gravatar.com\/avatar\/c7164ed6fdec453195284ad24a5ae5b6e1eed2b848477fa2a4787ba9adf39a41?s=96&d=mm&r=g","url":"https:\/\/secure.gravatar.com\/avatar\/c7164ed6fdec453195284ad24a5ae5b6e1eed2b848477fa2a4787ba9adf39a41?s=96&d=mm&r=g","contentUrl":"https:\/\/secure.gravatar.com\/avatar\/c7164ed6fdec453195284ad24a5ae5b6e1eed2b848477fa2a4787ba9adf39a41?s=96&d=mm&r=g","caption":"Redacci\u00f3n QP"},"url":"https:\/\/quehacerpolitico.mx\/?author=2"}]}},"featured_image_urls":{"full":["https:\/\/quehacerpolitico.mx\/wp-content\/uploads\/2023\/02\/5B41D0AD-1E91-487C-8353-D14C3FE723CD.jpeg",1284,695,false],"thumbnail":["https:\/\/quehacerpolitico.mx\/wp-content\/uploads\/2023\/02\/5B41D0AD-1E91-487C-8353-D14C3FE723CD-150x150.jpeg",150,150,true],"medium":["https:\/\/quehacerpolitico.mx\/wp-content\/uploads\/2023\/02\/5B41D0AD-1E91-487C-8353-D14C3FE723CD-300x162.jpeg",300,162,true],"medium_large":["https:\/\/quehacerpolitico.mx\/wp-content\/uploads\/2023\/02\/5B41D0AD-1E91-487C-8353-D14C3FE723CD-768x416.jpeg",640,347,true],"large":["https:\/\/quehacerpolitico.mx\/wp-content\/uploads\/2023\/02\/5B41D0AD-1E91-487C-8353-D14C3FE723CD-1024x554.jpeg",640,346,true],"1536x1536":["https:\/\/quehacerpolitico.mx\/wp-content\/uploads\/2023\/02\/5B41D0AD-1E91-487C-8353-D14C3FE723CD.jpeg",1284,695,false],"2048x2048":["https:\/\/quehacerpolitico.mx\/wp-content\/uploads\/2023\/02\/5B41D0AD-1E91-487C-8353-D14C3FE723CD.jpeg",1284,695,false],"covernews-featured":["https:\/\/quehacerpolitico.mx\/wp-content\/uploads\/2023\/02\/5B41D0AD-1E91-487C-8353-D14C3FE723CD.jpeg",1024,554,false],"covernews-medium":["https:\/\/quehacerpolitico.mx\/wp-content\/uploads\/2023\/02\/5B41D0AD-1E91-487C-8353-D14C3FE723CD.jpeg",540,292,false]},"author_info":{"display_name":"Redacci\u00f3n QP","author_link":"https:\/\/quehacerpolitico.mx\/?author=2"},"category_info":"<a href=\"https:\/\/quehacerpolitico.mx\/?cat=55\" rel=\"category\">CDMX<\/a>","tag_info":"CDMX","comment_count":"0","_links":{"self":[{"href":"https:\/\/quehacerpolitico.mx\/index.php?rest_route=\/wp\/v2\/posts\/98944","targetHints":{"allow":["GET"]}}],"collection":[{"href":"https:\/\/quehacerpolitico.mx\/index.php?rest_route=\/wp\/v2\/posts"}],"about":[{"href":"https:\/\/quehacerpolitico.mx\/index.php?rest_route=\/wp\/v2\/types\/post"}],"author":[{"embeddable":true,"href":"https:\/\/quehacerpolitico.mx\/index.php?rest_route=\/wp\/v2\/users\/2"}],"replies":[{"embeddable":true,"href":"https:\/\/quehacerpolitico.mx\/index.php?rest_route=%2Fwp%2Fv2%2Fcomments&post=98944"}],"version-history":[{"count":1,"href":"https:\/\/quehacerpolitico.mx\/index.php?rest_route=\/wp\/v2\/posts\/98944\/revisions"}],"predecessor-version":[{"id":98946,"href":"https:\/\/quehacerpolitico.mx\/index.php?rest_route=\/wp\/v2\/posts\/98944\/revisions\/98946"}],"wp:featuredmedia":[{"embeddable":true,"href":"https:\/\/quehacerpolitico.mx\/index.php?rest_route=\/wp\/v2\/media\/98945"}],"wp:attachment":[{"href":"https:\/\/quehacerpolitico.mx\/index.php?rest_route=%2Fwp%2Fv2%2Fmedia&parent=98944"}],"wp:term":[{"taxonomy":"category","embeddable":true,"href":"https:\/\/quehacerpolitico.mx\/index.php?rest_route=%2Fwp%2Fv2%2Fcategories&post=98944"},{"taxonomy":"post_tag","embeddable":true,"href":"https:\/\/quehacerpolitico.mx\/index.php?rest_route=%2Fwp%2Fv2%2Ftags&post=98944"}],"curies":[{"name":"wp","href":"https:\/\/api.w.org\/{rel}","templated":true}]}}