{"id":98941,"date":"2023-02-24T22:59:00","date_gmt":"2023-02-24T22:59:00","guid":{"rendered":"https:\/\/quehacerpolitico.mx\/?p=98941"},"modified":"2023-02-24T23:29:25","modified_gmt":"2023-02-24T23:29:25","slug":"rosario-robles-libra-proceso-penal-por-estafa-maestra-sera-administrativo","status":"publish","type":"post","link":"https:\/\/quehacerpolitico.mx\/?p=98941","title":{"rendered":"Rosario Robles libra proceso penal por &#8216;Estafa Maestra&#8217;; ser\u00e1 administrativo"},"content":{"rendered":"\n<p>Por Redacci\u00f3n QP<\/p>\n\n\n\n<p>Rosario Robles libra proceso penal por &#8216;Estafa Maestra&#8217;; ser\u00e1 administrativo<\/p>\n\n\n\n<p>El&nbsp;<strong>proceso penal contra&nbsp;Rosario Robles<\/strong>Berlanga&nbsp;por la &#8220;<strong>Estafa maestra&#8221;<\/strong>&nbsp;fue cancelado hoy por un juez, quien determin\u00f3 que las supuestas omisiones atribuidas a la exfuncionaria y que permitieron el presunto&nbsp;desv\u00edo de&nbsp;<strong>5 mil millones de pesos<\/strong>&nbsp;cuando estuvo como secretaria de Desarrollo Social y de Desarrollo Territorial y Urbano en realidad&nbsp;<strong>se trata&nbsp;de faltas administrativas<\/strong>.<\/p>\n\n\n\n<figure class=\"wp-block-embed is-type-rich is-provider-twitter wp-block-embed-twitter\"><div class=\"wp-block-embed__wrapper\">\n<blockquote class=\"twitter-tweet\" data-width=\"550\" data-dnt=\"true\"><p lang=\"es\" dir=\"ltr\">\ud83d\udea8<a href=\"https:\/\/twitter.com\/hashtag\/%C3%9ALTIMAHORA?src=hash&amp;ref_src=twsrc%5Etfw\">#\u00daLTIMAHORA<\/a> \u201cHoy se demuestra que ten\u00eda la raz\u00f3n y que soy inocente\u201d<br><br>Son las primeras declaraciones de Rosario Robles despu\u00e9s de ser absuelta por el desv\u00edo de recursos en el caso conocido como la Estafa Maestra.<br><br>\ud83d\udcfd\ufe0f<a href=\"https:\/\/twitter.com\/CiroGomezL?ref_src=twsrc%5Etfw\">@CiroGomezL<\/a> <a href=\"https:\/\/t.co\/2dqyRM2iSq\">pic.twitter.com\/2dqyRM2iSq<\/a><\/p>&mdash; Ruido en la Red (@RuidoEnLaRed) <a href=\"https:\/\/twitter.com\/RuidoEnLaRed\/status\/1629232284799840256?ref_src=twsrc%5Etfw\">February 24, 2023<\/a><\/blockquote><script async src=\"https:\/\/platform.twitter.com\/widgets.js\" charset=\"utf-8\"><\/script>\n<\/div><\/figure>\n\n\n\n<p>En la audiencia de este viernes,\u00a0<strong>el juez Roberto Paredes Gorostieta decidi\u00f3 que el\u00a0caso siga por la v\u00eda administrativa<\/strong>\u00a0y no por la penal que llev\u00f3 a que Rosario Robles estuviera presa por tres a\u00f1os\u00a0en el penal de Santa Martha Acatitla hasta el 19 de agosto del a\u00f1o pasado, cuando se le cambi\u00f3 la medida cautelar de\u00a0<strong>prisi\u00f3n preventiva<\/strong>.<\/p>\n\n\n\n<figure class=\"wp-block-embed is-type-rich is-provider-twitter wp-block-embed-twitter\"><div class=\"wp-block-embed__wrapper\">\n<blockquote class=\"twitter-tweet\" data-width=\"550\" data-dnt=\"true\"><p lang=\"es\" dir=\"ltr\">Rosario Robles asegura &quot;no tengo rencores ni resentimientos y mi pretensi\u00f3n no es ajustar cuentas con nadie&quot; y dijo que es una mujer que ha dado batallas toda su vida y seguir\u00e1 adelante.<br><br>\ud83d\udcf9: <a href=\"https:\/\/twitter.com\/nayaroldan?ref_src=twsrc%5Etfw\">@nayaroldan<\/a> <a href=\"https:\/\/t.co\/sdcon4cVDs\">pic.twitter.com\/sdcon4cVDs<\/a><\/p>&mdash; Animal Pol\u00edtico (@Pajaropolitico) <a href=\"https:\/\/twitter.com\/Pajaropolitico\/status\/1629245582702428160?ref_src=twsrc%5Etfw\">February 24, 2023<\/a><\/blockquote><script async src=\"https:\/\/platform.twitter.com\/widgets.js\" charset=\"utf-8\"><\/script>\n<\/div><\/figure>\n\n\n\n<figure class=\"wp-block-embed is-type-rich is-provider-twitter wp-block-embed-twitter\"><div class=\"wp-block-embed__wrapper\">\n<blockquote class=\"twitter-tweet\" data-width=\"550\" data-dnt=\"true\"><p lang=\"es\" dir=\"ltr\">Epigmenio Mendieta, abogado de Robles, se\u00f1al\u00f3 que se les dio la raz\u00f3n sobre lo que la defensa plante\u00f3 desde hace tres a\u00f1os e indic\u00f3 que lo que se debi\u00f3 seguir fue un proceso administrativo y no penal.<br><br>\ud83d\udcf9: <a href=\"https:\/\/twitter.com\/nayaroldan?ref_src=twsrc%5Etfw\">@nayaroldan<\/a> <a href=\"https:\/\/t.co\/4gUhSpKUQJ\">pic.twitter.com\/4gUhSpKUQJ<\/a><\/p>&mdash; Animal Pol\u00edtico (@Pajaropolitico) <a href=\"https:\/\/twitter.com\/Pajaropolitico\/status\/1629244418908893184?ref_src=twsrc%5Etfw\">February 24, 2023<\/a><\/blockquote><script async src=\"https:\/\/platform.twitter.com\/widgets.js\" charset=\"utf-8\"><\/script>\n<\/div><\/figure>\n\n\n\n<figure class=\"wp-block-embed is-type-rich is-provider-twitter wp-block-embed-twitter\"><div class=\"wp-block-embed__wrapper\">\n<blockquote class=\"twitter-tweet\" data-width=\"550\" data-dnt=\"true\"><p lang=\"es\" dir=\"ltr\">\ud83d\udde3\ufe0f \u201cYo no hui, yo no me fui; despu\u00e9s de m\u00e1s de tres a\u00f1os a m\u00ed no me han encontrado un solo peso que yo no haya obtenido del fruto de mi trabajo\u201d, asegur\u00f3 Rosario Robles. <br><br>\ud83d\udcf9: <a href=\"https:\/\/twitter.com\/nayaroldan?ref_src=twsrc%5Etfw\">@nayaroldan<\/a> <a href=\"https:\/\/t.co\/KFxuewTlYJ\">pic.twitter.com\/KFxuewTlYJ<\/a><\/p>&mdash; Animal Pol\u00edtico (@Pajaropolitico) <a href=\"https:\/\/twitter.com\/Pajaropolitico\/status\/1629242494293786624?ref_src=twsrc%5Etfw\">February 24, 2023<\/a><\/blockquote><script async src=\"https:\/\/platform.twitter.com\/widgets.js\" charset=\"utf-8\"><\/script>\n<\/div><\/figure>\n\n\n\n<figure class=\"wp-block-embed is-type-rich is-provider-twitter wp-block-embed-twitter\"><div class=\"wp-block-embed__wrapper\">\n<blockquote class=\"twitter-tweet\" data-width=\"550\" data-dnt=\"true\"><p lang=\"es\" dir=\"ltr\">Despu\u00e9s de la audiencia en la que qued\u00f3 absuelta por los desv\u00edos de la <a href=\"https:\/\/twitter.com\/hashtag\/EstafaMaestra?src=hash&amp;ref_src=twsrc%5Etfw\">#EstafaMaestra<\/a>, la exsecretaria <a href=\"https:\/\/twitter.com\/Rosario_Robles_?ref_src=twsrc%5Etfw\">@Rosario_Robles_<\/a> dijo que confiaba en que \u201ctendr\u00eda que hacerse justicia\u201d y finalmente quedar\u00eda libre. <br><br>Robles estuvo en prisi\u00f3n preventiva de 2019 a 2022.<br><br>\ud83d\udcf9: <a href=\"https:\/\/twitter.com\/nayaroldan?ref_src=twsrc%5Etfw\">@nayaroldan<\/a> <a href=\"https:\/\/t.co\/0mp2H7X95L\">pic.twitter.com\/0mp2H7X95L<\/a><\/p>&mdash; Animal Pol\u00edtico (@Pajaropolitico) <a href=\"https:\/\/twitter.com\/Pajaropolitico\/status\/1629238269652398080?ref_src=twsrc%5Etfw\">February 24, 2023<\/a><\/blockquote><script async src=\"https:\/\/platform.twitter.com\/widgets.js\" charset=\"utf-8\"><\/script>\n<\/div><\/figure>\n\n\n\n<p><strong>La defensa de la exfuncionaria<\/strong>&nbsp;solicit\u00f3 desde el a\u00f1o pasado el&nbsp;sobreseimiento del caso&nbsp;al argumentar que la&nbsp;acusaci\u00f3n contra Rosario Robles no se trata de un delito, sino de una&nbsp;<strong>falta administrativa al presuntamente no impedir la firma&nbsp;<\/strong>de convenios a trav\u00e9s de los cuales se realizaron los desv\u00edos.<\/p>\n\n\n\n<figure class=\"wp-block-embed is-type-rich is-provider-twitter wp-block-embed-twitter\"><div class=\"wp-block-embed__wrapper\">\n<blockquote class=\"twitter-tweet\" data-width=\"550\" data-dnt=\"true\"><p lang=\"es\" dir=\"ltr\">Solo tengo palabras de agradecimiento para todas y todos los que creyeron en m\u00ed. Siempre confi\u00e9 en que la justicia llegar\u00eda y en nuestro poder judicial. A las mujeres encarceladas injustamente les digo que siguen contando conmigo. <a href=\"https:\/\/twitter.com\/hashtag\/LaJusticiaEsMiCausa?src=hash&amp;ref_src=twsrc%5Etfw\">#LaJusticiaEsMiCausa<\/a> <a href=\"https:\/\/t.co\/i5GbR77hkZ\">pic.twitter.com\/i5GbR77hkZ<\/a><\/p>&mdash; Rosario Robles (@Rosario_Robles_) <a href=\"https:\/\/twitter.com\/Rosario_Robles_\/status\/1629246855824527364?ref_src=twsrc%5Etfw\">February 24, 2023<\/a><\/blockquote><script async src=\"https:\/\/platform.twitter.com\/widgets.js\" charset=\"utf-8\"><\/script>\n<\/div><\/figure>\n\n\n\n<p><strong>El&nbsp;Noveno Tribunal Colegiado concedi\u00f3 un amparo<\/strong>el a\u00f1o pasado a la exfuncionaria,&nbsp;por lo que orden\u00f3 al juez convocar a una audiencia para que&nbsp;valorarara&nbsp;t\u00e9cnica y jur\u00eddicamente la v\u00eda por la que deb\u00eda seguir el caso, pero teniendo&nbsp;<strong>en cuenta el principio de pro-persona<\/strong>.<\/p>\n\n\n\n<p>Con Informaci\u00f3n de SUN <\/p>\n","protected":false},"excerpt":{"rendered":"<p>Por Redacci\u00f3n QP Rosario Robles libra proceso penal por &#8216;Estafa Maestra&#8217;; ser\u00e1 administrativo El&nbsp;proceso penal&#8230;<\/p>\n","protected":false},"author":2,"featured_media":98948,"comment_status":"open","ping_status":"open","sticky":false,"template":"","format":"standard","meta":{"_monsterinsights_skip_tracking":false,"_monsterinsights_sitenote_active":false,"_monsterinsights_sitenote_note":"","_monsterinsights_sitenote_category":0,"footnotes":""},"categories":[2],"tags":[],"class_list":["post-98941","post","type-post","status-publish","format-standard","has-post-thumbnail","hentry","category-noticias"],"yoast_head":"<!-- This site is optimized with the Yoast SEO plugin v27.3 - https:\/\/yoast.com\/product\/yoast-seo-wordpress\/ -->\n<title>Rosario Robles libra proceso penal por &#039;Estafa Maestra&#039;; ser\u00e1 administrativo -<\/title>\n<meta name=\"robots\" content=\"index, follow, max-snippet:-1, max-image-preview:large, max-video-preview:-1\" \/>\n<link rel=\"canonical\" href=\"https:\/\/quehacerpolitico.mx\/?p=98941\" \/>\n<meta property=\"og:locale\" content=\"es_MX\" \/>\n<meta property=\"og:type\" content=\"article\" \/>\n<meta property=\"og:title\" content=\"Rosario Robles libra proceso penal por &#039;Estafa Maestra&#039;; ser\u00e1 administrativo -\" \/>\n<meta property=\"og:description\" content=\"Por Redacci\u00f3n QP Rosario Robles libra proceso penal por &#8216;Estafa Maestra&#8217;; ser\u00e1 administrativo El&nbsp;proceso penal...\" \/>\n<meta property=\"og:url\" content=\"https:\/\/quehacerpolitico.mx\/?p=98941\" \/>\n<meta property=\"article:published_time\" content=\"2023-02-24T22:59:00+00:00\" \/>\n<meta property=\"article:modified_time\" content=\"2023-02-24T23:29:25+00:00\" \/>\n<meta property=\"og:image\" content=\"https:\/\/quehacerpolitico.mx\/wp-content\/uploads\/2023\/02\/366036F3-60BD-4404-B009-BE148A3BD032.jpeg\" \/>\n\t<meta property=\"og:image:width\" content=\"1284\" \/>\n\t<meta property=\"og:image:height\" content=\"696\" \/>\n\t<meta property=\"og:image:type\" content=\"image\/jpeg\" \/>\n<meta name=\"author\" content=\"Redacci\u00f3n QP\" \/>\n<meta name=\"twitter:card\" content=\"summary_large_image\" \/>\n<meta name=\"twitter:label1\" content=\"Escrito por\" \/>\n\t<meta name=\"twitter:data1\" content=\"Redacci\u00f3n QP\" \/>\n\t<meta name=\"twitter:label2\" content=\"Tiempo de lectura\" \/>\n\t<meta name=\"twitter:data2\" content=\"2 minutos\" \/>\n<script type=\"application\/ld+json\" class=\"yoast-schema-graph\">{\"@context\":\"https:\\\/\\\/schema.org\",\"@graph\":[{\"@type\":\"Article\",\"@id\":\"https:\\\/\\\/quehacerpolitico.mx\\\/?p=98941#article\",\"isPartOf\":{\"@id\":\"https:\\\/\\\/quehacerpolitico.mx\\\/?p=98941\"},\"author\":{\"name\":\"Redacci\u00f3n QP\",\"@id\":\"https:\\\/\\\/quehacerpolitico.mx\\\/#\\\/schema\\\/person\\\/496d8ad2d1d3f8036101dca7ee39e585\"},\"headline\":\"Rosario Robles libra proceso penal por &#8216;Estafa Maestra&#8217;; ser\u00e1 administrativo\",\"datePublished\":\"2023-02-24T22:59:00+00:00\",\"dateModified\":\"2023-02-24T23:29:25+00:00\",\"mainEntityOfPage\":{\"@id\":\"https:\\\/\\\/quehacerpolitico.mx\\\/?p=98941\"},\"wordCount\":336,\"commentCount\":0,\"image\":{\"@id\":\"https:\\\/\\\/quehacerpolitico.mx\\\/?p=98941#primaryimage\"},\"thumbnailUrl\":\"https:\\\/\\\/quehacerpolitico.mx\\\/wp-content\\\/uploads\\\/2023\\\/02\\\/366036F3-60BD-4404-B009-BE148A3BD032.jpeg\",\"articleSection\":[\"Noticias\"],\"inLanguage\":\"es\",\"potentialAction\":[{\"@type\":\"CommentAction\",\"name\":\"Comment\",\"target\":[\"https:\\\/\\\/quehacerpolitico.mx\\\/?p=98941#respond\"]}]},{\"@type\":\"WebPage\",\"@id\":\"https:\\\/\\\/quehacerpolitico.mx\\\/?p=98941\",\"url\":\"https:\\\/\\\/quehacerpolitico.mx\\\/?p=98941\",\"name\":\"Rosario Robles libra proceso penal por 'Estafa Maestra'; ser\u00e1 administrativo -\",\"isPartOf\":{\"@id\":\"https:\\\/\\\/quehacerpolitico.mx\\\/#website\"},\"primaryImageOfPage\":{\"@id\":\"https:\\\/\\\/quehacerpolitico.mx\\\/?p=98941#primaryimage\"},\"image\":{\"@id\":\"https:\\\/\\\/quehacerpolitico.mx\\\/?p=98941#primaryimage\"},\"thumbnailUrl\":\"https:\\\/\\\/quehacerpolitico.mx\\\/wp-content\\\/uploads\\\/2023\\\/02\\\/366036F3-60BD-4404-B009-BE148A3BD032.jpeg\",\"datePublished\":\"2023-02-24T22:59:00+00:00\",\"dateModified\":\"2023-02-24T23:29:25+00:00\",\"author\":{\"@id\":\"https:\\\/\\\/quehacerpolitico.mx\\\/#\\\/schema\\\/person\\\/496d8ad2d1d3f8036101dca7ee39e585\"},\"breadcrumb\":{\"@id\":\"https:\\\/\\\/quehacerpolitico.mx\\\/?p=98941#breadcrumb\"},\"inLanguage\":\"es\",\"potentialAction\":[{\"@type\":\"ReadAction\",\"target\":[\"https:\\\/\\\/quehacerpolitico.mx\\\/?p=98941\"]}]},{\"@type\":\"ImageObject\",\"inLanguage\":\"es\",\"@id\":\"https:\\\/\\\/quehacerpolitico.mx\\\/?p=98941#primaryimage\",\"url\":\"https:\\\/\\\/quehacerpolitico.mx\\\/wp-content\\\/uploads\\\/2023\\\/02\\\/366036F3-60BD-4404-B009-BE148A3BD032.jpeg\",\"contentUrl\":\"https:\\\/\\\/quehacerpolitico.mx\\\/wp-content\\\/uploads\\\/2023\\\/02\\\/366036F3-60BD-4404-B009-BE148A3BD032.jpeg\",\"width\":1284,\"height\":696},{\"@type\":\"BreadcrumbList\",\"@id\":\"https:\\\/\\\/quehacerpolitico.mx\\\/?p=98941#breadcrumb\",\"itemListElement\":[{\"@type\":\"ListItem\",\"position\":1,\"name\":\"Inicio\",\"item\":\"https:\\\/\\\/quehacerpolitico.mx\\\/\"},{\"@type\":\"ListItem\",\"position\":2,\"name\":\"Rosario Robles libra proceso penal por &#8216;Estafa Maestra&#8217;; ser\u00e1 administrativo\"}]},{\"@type\":\"WebSite\",\"@id\":\"https:\\\/\\\/quehacerpolitico.mx\\\/#website\",\"url\":\"https:\\\/\\\/quehacerpolitico.mx\\\/\",\"name\":\"\",\"description\":\"\",\"potentialAction\":[{\"@type\":\"SearchAction\",\"target\":{\"@type\":\"EntryPoint\",\"urlTemplate\":\"https:\\\/\\\/quehacerpolitico.mx\\\/?s={search_term_string}\"},\"query-input\":{\"@type\":\"PropertyValueSpecification\",\"valueRequired\":true,\"valueName\":\"search_term_string\"}}],\"inLanguage\":\"es\"},{\"@type\":\"Person\",\"@id\":\"https:\\\/\\\/quehacerpolitico.mx\\\/#\\\/schema\\\/person\\\/496d8ad2d1d3f8036101dca7ee39e585\",\"name\":\"Redacci\u00f3n QP\",\"image\":{\"@type\":\"ImageObject\",\"inLanguage\":\"es\",\"@id\":\"https:\\\/\\\/secure.gravatar.com\\\/avatar\\\/c7164ed6fdec453195284ad24a5ae5b6e1eed2b848477fa2a4787ba9adf39a41?s=96&d=mm&r=g\",\"url\":\"https:\\\/\\\/secure.gravatar.com\\\/avatar\\\/c7164ed6fdec453195284ad24a5ae5b6e1eed2b848477fa2a4787ba9adf39a41?s=96&d=mm&r=g\",\"contentUrl\":\"https:\\\/\\\/secure.gravatar.com\\\/avatar\\\/c7164ed6fdec453195284ad24a5ae5b6e1eed2b848477fa2a4787ba9adf39a41?s=96&d=mm&r=g\",\"caption\":\"Redacci\u00f3n QP\"},\"url\":\"https:\\\/\\\/quehacerpolitico.mx\\\/?author=2\"}]}<\/script>\n<!-- \/ Yoast SEO plugin. -->","yoast_head_json":{"title":"Rosario Robles libra proceso penal por 'Estafa Maestra'; ser\u00e1 administrativo -","robots":{"index":"index","follow":"follow","max-snippet":"max-snippet:-1","max-image-preview":"max-image-preview:large","max-video-preview":"max-video-preview:-1"},"canonical":"https:\/\/quehacerpolitico.mx\/?p=98941","og_locale":"es_MX","og_type":"article","og_title":"Rosario Robles libra proceso penal por 'Estafa Maestra'; ser\u00e1 administrativo -","og_description":"Por Redacci\u00f3n QP Rosario Robles libra proceso penal por &#8216;Estafa Maestra&#8217;; ser\u00e1 administrativo El&nbsp;proceso penal...","og_url":"https:\/\/quehacerpolitico.mx\/?p=98941","article_published_time":"2023-02-24T22:59:00+00:00","article_modified_time":"2023-02-24T23:29:25+00:00","og_image":[{"width":1284,"height":696,"url":"https:\/\/quehacerpolitico.mx\/wp-content\/uploads\/2023\/02\/366036F3-60BD-4404-B009-BE148A3BD032.jpeg","type":"image\/jpeg"}],"author":"Redacci\u00f3n QP","twitter_card":"summary_large_image","twitter_misc":{"Escrito por":"Redacci\u00f3n QP","Tiempo de lectura":"2 minutos"},"schema":{"@context":"https:\/\/schema.org","@graph":[{"@type":"Article","@id":"https:\/\/quehacerpolitico.mx\/?p=98941#article","isPartOf":{"@id":"https:\/\/quehacerpolitico.mx\/?p=98941"},"author":{"name":"Redacci\u00f3n QP","@id":"https:\/\/quehacerpolitico.mx\/#\/schema\/person\/496d8ad2d1d3f8036101dca7ee39e585"},"headline":"Rosario Robles libra proceso penal por &#8216;Estafa Maestra&#8217;; ser\u00e1 administrativo","datePublished":"2023-02-24T22:59:00+00:00","dateModified":"2023-02-24T23:29:25+00:00","mainEntityOfPage":{"@id":"https:\/\/quehacerpolitico.mx\/?p=98941"},"wordCount":336,"commentCount":0,"image":{"@id":"https:\/\/quehacerpolitico.mx\/?p=98941#primaryimage"},"thumbnailUrl":"https:\/\/quehacerpolitico.mx\/wp-content\/uploads\/2023\/02\/366036F3-60BD-4404-B009-BE148A3BD032.jpeg","articleSection":["Noticias"],"inLanguage":"es","potentialAction":[{"@type":"CommentAction","name":"Comment","target":["https:\/\/quehacerpolitico.mx\/?p=98941#respond"]}]},{"@type":"WebPage","@id":"https:\/\/quehacerpolitico.mx\/?p=98941","url":"https:\/\/quehacerpolitico.mx\/?p=98941","name":"Rosario Robles libra proceso penal por 'Estafa Maestra'; ser\u00e1 administrativo -","isPartOf":{"@id":"https:\/\/quehacerpolitico.mx\/#website"},"primaryImageOfPage":{"@id":"https:\/\/quehacerpolitico.mx\/?p=98941#primaryimage"},"image":{"@id":"https:\/\/quehacerpolitico.mx\/?p=98941#primaryimage"},"thumbnailUrl":"https:\/\/quehacerpolitico.mx\/wp-content\/uploads\/2023\/02\/366036F3-60BD-4404-B009-BE148A3BD032.jpeg","datePublished":"2023-02-24T22:59:00+00:00","dateModified":"2023-02-24T23:29:25+00:00","author":{"@id":"https:\/\/quehacerpolitico.mx\/#\/schema\/person\/496d8ad2d1d3f8036101dca7ee39e585"},"breadcrumb":{"@id":"https:\/\/quehacerpolitico.mx\/?p=98941#breadcrumb"},"inLanguage":"es","potentialAction":[{"@type":"ReadAction","target":["https:\/\/quehacerpolitico.mx\/?p=98941"]}]},{"@type":"ImageObject","inLanguage":"es","@id":"https:\/\/quehacerpolitico.mx\/?p=98941#primaryimage","url":"https:\/\/quehacerpolitico.mx\/wp-content\/uploads\/2023\/02\/366036F3-60BD-4404-B009-BE148A3BD032.jpeg","contentUrl":"https:\/\/quehacerpolitico.mx\/wp-content\/uploads\/2023\/02\/366036F3-60BD-4404-B009-BE148A3BD032.jpeg","width":1284,"height":696},{"@type":"BreadcrumbList","@id":"https:\/\/quehacerpolitico.mx\/?p=98941#breadcrumb","itemListElement":[{"@type":"ListItem","position":1,"name":"Inicio","item":"https:\/\/quehacerpolitico.mx\/"},{"@type":"ListItem","position":2,"name":"Rosario Robles libra proceso penal por &#8216;Estafa Maestra&#8217;; ser\u00e1 administrativo"}]},{"@type":"WebSite","@id":"https:\/\/quehacerpolitico.mx\/#website","url":"https:\/\/quehacerpolitico.mx\/","name":"","description":"","potentialAction":[{"@type":"SearchAction","target":{"@type":"EntryPoint","urlTemplate":"https:\/\/quehacerpolitico.mx\/?s={search_term_string}"},"query-input":{"@type":"PropertyValueSpecification","valueRequired":true,"valueName":"search_term_string"}}],"inLanguage":"es"},{"@type":"Person","@id":"https:\/\/quehacerpolitico.mx\/#\/schema\/person\/496d8ad2d1d3f8036101dca7ee39e585","name":"Redacci\u00f3n QP","image":{"@type":"ImageObject","inLanguage":"es","@id":"https:\/\/secure.gravatar.com\/avatar\/c7164ed6fdec453195284ad24a5ae5b6e1eed2b848477fa2a4787ba9adf39a41?s=96&d=mm&r=g","url":"https:\/\/secure.gravatar.com\/avatar\/c7164ed6fdec453195284ad24a5ae5b6e1eed2b848477fa2a4787ba9adf39a41?s=96&d=mm&r=g","contentUrl":"https:\/\/secure.gravatar.com\/avatar\/c7164ed6fdec453195284ad24a5ae5b6e1eed2b848477fa2a4787ba9adf39a41?s=96&d=mm&r=g","caption":"Redacci\u00f3n QP"},"url":"https:\/\/quehacerpolitico.mx\/?author=2"}]}},"featured_image_urls":{"full":["https:\/\/quehacerpolitico.mx\/wp-content\/uploads\/2023\/02\/366036F3-60BD-4404-B009-BE148A3BD032.jpeg",1284,696,false],"thumbnail":["https:\/\/quehacerpolitico.mx\/wp-content\/uploads\/2023\/02\/366036F3-60BD-4404-B009-BE148A3BD032-150x150.jpeg",150,150,true],"medium":["https:\/\/quehacerpolitico.mx\/wp-content\/uploads\/2023\/02\/366036F3-60BD-4404-B009-BE148A3BD032-300x163.jpeg",300,163,true],"medium_large":["https:\/\/quehacerpolitico.mx\/wp-content\/uploads\/2023\/02\/366036F3-60BD-4404-B009-BE148A3BD032-768x416.jpeg",640,347,true],"large":["https:\/\/quehacerpolitico.mx\/wp-content\/uploads\/2023\/02\/366036F3-60BD-4404-B009-BE148A3BD032-1024x555.jpeg",640,347,true],"1536x1536":["https:\/\/quehacerpolitico.mx\/wp-content\/uploads\/2023\/02\/366036F3-60BD-4404-B009-BE148A3BD032.jpeg",1284,696,false],"2048x2048":["https:\/\/quehacerpolitico.mx\/wp-content\/uploads\/2023\/02\/366036F3-60BD-4404-B009-BE148A3BD032.jpeg",1284,696,false],"covernews-featured":["https:\/\/quehacerpolitico.mx\/wp-content\/uploads\/2023\/02\/366036F3-60BD-4404-B009-BE148A3BD032.jpeg",1024,555,false],"covernews-medium":["https:\/\/quehacerpolitico.mx\/wp-content\/uploads\/2023\/02\/366036F3-60BD-4404-B009-BE148A3BD032.jpeg",540,293,false]},"author_info":{"display_name":"Redacci\u00f3n QP","author_link":"https:\/\/quehacerpolitico.mx\/?author=2"},"category_info":"<a href=\"https:\/\/quehacerpolitico.mx\/?cat=2\" rel=\"category\">Noticias<\/a>","tag_info":"Noticias","comment_count":"0","_links":{"self":[{"href":"https:\/\/quehacerpolitico.mx\/index.php?rest_route=\/wp\/v2\/posts\/98941","targetHints":{"allow":["GET"]}}],"collection":[{"href":"https:\/\/quehacerpolitico.mx\/index.php?rest_route=\/wp\/v2\/posts"}],"about":[{"href":"https:\/\/quehacerpolitico.mx\/index.php?rest_route=\/wp\/v2\/types\/post"}],"author":[{"embeddable":true,"href":"https:\/\/quehacerpolitico.mx\/index.php?rest_route=\/wp\/v2\/users\/2"}],"replies":[{"embeddable":true,"href":"https:\/\/quehacerpolitico.mx\/index.php?rest_route=%2Fwp%2Fv2%2Fcomments&post=98941"}],"version-history":[{"count":3,"href":"https:\/\/quehacerpolitico.mx\/index.php?rest_route=\/wp\/v2\/posts\/98941\/revisions"}],"predecessor-version":[{"id":98949,"href":"https:\/\/quehacerpolitico.mx\/index.php?rest_route=\/wp\/v2\/posts\/98941\/revisions\/98949"}],"wp:featuredmedia":[{"embeddable":true,"href":"https:\/\/quehacerpolitico.mx\/index.php?rest_route=\/wp\/v2\/media\/98948"}],"wp:attachment":[{"href":"https:\/\/quehacerpolitico.mx\/index.php?rest_route=%2Fwp%2Fv2%2Fmedia&parent=98941"}],"wp:term":[{"taxonomy":"category","embeddable":true,"href":"https:\/\/quehacerpolitico.mx\/index.php?rest_route=%2Fwp%2Fv2%2Fcategories&post=98941"},{"taxonomy":"post_tag","embeddable":true,"href":"https:\/\/quehacerpolitico.mx\/index.php?rest_route=%2Fwp%2Fv2%2Ftags&post=98941"}],"curies":[{"name":"wp","href":"https:\/\/api.w.org\/{rel}","templated":true}]}}