{"id":98922,"date":"2023-02-24T20:59:22","date_gmt":"2023-02-24T20:59:22","guid":{"rendered":"https:\/\/quehacerpolitico.mx\/?p=98922"},"modified":"2023-02-24T20:59:26","modified_gmt":"2023-02-24T20:59:26","slug":"problemas-en-paris-messi-se-encaro-con-un-companero-que-le-tiro-una-dura-patada","status":"publish","type":"post","link":"https:\/\/quehacerpolitico.mx\/?p=98922","title":{"rendered":"\u00a1Problemas en Par\u00eds! Messi se encar\u00f3 con un compa\u00f1ero que le tir\u00f3 una dura patada"},"content":{"rendered":"\n<p>Por Redacci\u00f3n QP<\/p>\n\n\n\n<p>Las cosas en el cuadro franc\u00e9s siguen sin mejorar y, por si fuera poco, el argentino tuvo un encontronazo con Vitinha.<\/p>\n\n\n\n<p>A d\u00edas de que se dispute del Olympique de Marsella vs PSG, el conjunto capitalino volvi\u00f3 a protagonizar los medios franceses para mal. Despu\u00e9s de lo que ha pasado en las \u00faltimas semanas, el cuadro galo vivi\u00f3 un momento inc\u00f3modo, ya que\u00a0Lionel Messi y un compa\u00f1ero se encararon en un entrenamiento que se calent\u00f3. De acuerdo con L&#8217;Equipe, el n\u00famero 30 del PSG\u00a0sufri\u00f3 una dura patada por parte del mediocampista portugu\u00e9s Vitinha, quien en un intento por quitarle la pelota lo habr\u00eda golpeado violentamente.\u00a0 &#8220;El astro argentino apenas soport\u00f3 la injerencia de Vitinha en el entrenamiento, y no se guard\u00f3 nada despu\u00e9s hasta que se produjo un encontronazo casi normal entre ambos&#8221;, se\u00f1al\u00f3 el medio franc\u00e9s sobre el desafortunado encuentro.<\/p>\n\n\n\n<p>La fuente agrega que el argentino habr\u00eda encarado a su compa\u00f1ero para decirle que se calmara, ya que le antes del encontronazo le pidi\u00f3 que no le entrara tan fuerte porque recientemente sali\u00f3 de una lesi\u00f3n, aunque Vitinha no hizo caso.<\/p>\n\n\n\n<p>Tras la pol\u00e9mica, el conjunto parisino debe centrarse en el partido del domingo, ya que enfrentar\u00e1 a su ac\u00e9rrimo rival, el Olympique de Marsella, cuadro que lo elimin\u00f3 de la Copa de Francia.<\/p>\n\n\n\n<p>Con Informaci\u00f3n de Medio Tiempo<\/p>\n","protected":false},"excerpt":{"rendered":"<p>Por Redacci\u00f3n QP Las cosas en el cuadro franc\u00e9s siguen sin mejorar y, por si&#8230;<\/p>\n","protected":false},"author":2,"featured_media":98923,"comment_status":"open","ping_status":"open","sticky":false,"template":"","format":"standard","meta":{"_monsterinsights_skip_tracking":false,"_monsterinsights_sitenote_active":false,"_monsterinsights_sitenote_note":"","_monsterinsights_sitenote_category":0,"footnotes":""},"categories":[54],"tags":[],"class_list":["post-98922","post","type-post","status-publish","format-standard","has-post-thumbnail","hentry","category-deportes"],"yoast_head":"<!-- This site is optimized with the Yoast SEO plugin v27.3 - https:\/\/yoast.com\/product\/yoast-seo-wordpress\/ -->\n<title>\u00a1Problemas en Par\u00eds! Messi se encar\u00f3 con un compa\u00f1ero que le tir\u00f3 una dura patada -<\/title>\n<meta name=\"robots\" content=\"index, follow, max-snippet:-1, max-image-preview:large, max-video-preview:-1\" \/>\n<link rel=\"canonical\" href=\"https:\/\/quehacerpolitico.mx\/?p=98922\" \/>\n<meta property=\"og:locale\" content=\"es_MX\" \/>\n<meta property=\"og:type\" content=\"article\" \/>\n<meta property=\"og:title\" content=\"\u00a1Problemas en Par\u00eds! Messi se encar\u00f3 con un compa\u00f1ero que le tir\u00f3 una dura patada -\" \/>\n<meta property=\"og:description\" content=\"Por Redacci\u00f3n QP Las cosas en el cuadro franc\u00e9s siguen sin mejorar y, por si...\" \/>\n<meta property=\"og:url\" content=\"https:\/\/quehacerpolitico.mx\/?p=98922\" \/>\n<meta property=\"article:published_time\" content=\"2023-02-24T20:59:22+00:00\" \/>\n<meta property=\"article:modified_time\" content=\"2023-02-24T20:59:26+00:00\" \/>\n<meta property=\"og:image\" content=\"https:\/\/quehacerpolitico.mx\/wp-content\/uploads\/2023\/02\/0FE5E83E-E47C-420C-A237-229E6F605637.webp\" \/>\n\t<meta property=\"og:image:width\" content=\"1200\" \/>\n\t<meta property=\"og:image:height\" content=\"800\" \/>\n\t<meta property=\"og:image:type\" content=\"image\/webp\" \/>\n<meta name=\"author\" content=\"Redacci\u00f3n QP\" \/>\n<meta name=\"twitter:card\" content=\"summary_large_image\" \/>\n<meta name=\"twitter:label1\" content=\"Escrito por\" \/>\n\t<meta name=\"twitter:data1\" content=\"Redacci\u00f3n QP\" \/>\n\t<meta name=\"twitter:label2\" content=\"Tiempo de lectura\" \/>\n\t<meta name=\"twitter:data2\" content=\"1 minuto\" \/>\n<script type=\"application\/ld+json\" class=\"yoast-schema-graph\">{\"@context\":\"https:\\\/\\\/schema.org\",\"@graph\":[{\"@type\":\"Article\",\"@id\":\"https:\\\/\\\/quehacerpolitico.mx\\\/?p=98922#article\",\"isPartOf\":{\"@id\":\"https:\\\/\\\/quehacerpolitico.mx\\\/?p=98922\"},\"author\":{\"name\":\"Redacci\u00f3n QP\",\"@id\":\"https:\\\/\\\/quehacerpolitico.mx\\\/#\\\/schema\\\/person\\\/496d8ad2d1d3f8036101dca7ee39e585\"},\"headline\":\"\u00a1Problemas en Par\u00eds! Messi se encar\u00f3 con un compa\u00f1ero que le tir\u00f3 una dura patada\",\"datePublished\":\"2023-02-24T20:59:22+00:00\",\"dateModified\":\"2023-02-24T20:59:26+00:00\",\"mainEntityOfPage\":{\"@id\":\"https:\\\/\\\/quehacerpolitico.mx\\\/?p=98922\"},\"wordCount\":260,\"commentCount\":0,\"image\":{\"@id\":\"https:\\\/\\\/quehacerpolitico.mx\\\/?p=98922#primaryimage\"},\"thumbnailUrl\":\"https:\\\/\\\/quehacerpolitico.mx\\\/wp-content\\\/uploads\\\/2023\\\/02\\\/0FE5E83E-E47C-420C-A237-229E6F605637.webp\",\"articleSection\":[\"Deportes\"],\"inLanguage\":\"es\",\"potentialAction\":[{\"@type\":\"CommentAction\",\"name\":\"Comment\",\"target\":[\"https:\\\/\\\/quehacerpolitico.mx\\\/?p=98922#respond\"]}]},{\"@type\":\"WebPage\",\"@id\":\"https:\\\/\\\/quehacerpolitico.mx\\\/?p=98922\",\"url\":\"https:\\\/\\\/quehacerpolitico.mx\\\/?p=98922\",\"name\":\"\u00a1Problemas en Par\u00eds! Messi se encar\u00f3 con un compa\u00f1ero que le tir\u00f3 una dura patada -\",\"isPartOf\":{\"@id\":\"https:\\\/\\\/quehacerpolitico.mx\\\/#website\"},\"primaryImageOfPage\":{\"@id\":\"https:\\\/\\\/quehacerpolitico.mx\\\/?p=98922#primaryimage\"},\"image\":{\"@id\":\"https:\\\/\\\/quehacerpolitico.mx\\\/?p=98922#primaryimage\"},\"thumbnailUrl\":\"https:\\\/\\\/quehacerpolitico.mx\\\/wp-content\\\/uploads\\\/2023\\\/02\\\/0FE5E83E-E47C-420C-A237-229E6F605637.webp\",\"datePublished\":\"2023-02-24T20:59:22+00:00\",\"dateModified\":\"2023-02-24T20:59:26+00:00\",\"author\":{\"@id\":\"https:\\\/\\\/quehacerpolitico.mx\\\/#\\\/schema\\\/person\\\/496d8ad2d1d3f8036101dca7ee39e585\"},\"breadcrumb\":{\"@id\":\"https:\\\/\\\/quehacerpolitico.mx\\\/?p=98922#breadcrumb\"},\"inLanguage\":\"es\",\"potentialAction\":[{\"@type\":\"ReadAction\",\"target\":[\"https:\\\/\\\/quehacerpolitico.mx\\\/?p=98922\"]}]},{\"@type\":\"ImageObject\",\"inLanguage\":\"es\",\"@id\":\"https:\\\/\\\/quehacerpolitico.mx\\\/?p=98922#primaryimage\",\"url\":\"https:\\\/\\\/quehacerpolitico.mx\\\/wp-content\\\/uploads\\\/2023\\\/02\\\/0FE5E83E-E47C-420C-A237-229E6F605637.webp\",\"contentUrl\":\"https:\\\/\\\/quehacerpolitico.mx\\\/wp-content\\\/uploads\\\/2023\\\/02\\\/0FE5E83E-E47C-420C-A237-229E6F605637.webp\",\"width\":1200,\"height\":800},{\"@type\":\"BreadcrumbList\",\"@id\":\"https:\\\/\\\/quehacerpolitico.mx\\\/?p=98922#breadcrumb\",\"itemListElement\":[{\"@type\":\"ListItem\",\"position\":1,\"name\":\"Inicio\",\"item\":\"https:\\\/\\\/quehacerpolitico.mx\\\/\"},{\"@type\":\"ListItem\",\"position\":2,\"name\":\"\u00a1Problemas en Par\u00eds! Messi se encar\u00f3 con un compa\u00f1ero que le tir\u00f3 una dura patada\"}]},{\"@type\":\"WebSite\",\"@id\":\"https:\\\/\\\/quehacerpolitico.mx\\\/#website\",\"url\":\"https:\\\/\\\/quehacerpolitico.mx\\\/\",\"name\":\"\",\"description\":\"\",\"potentialAction\":[{\"@type\":\"SearchAction\",\"target\":{\"@type\":\"EntryPoint\",\"urlTemplate\":\"https:\\\/\\\/quehacerpolitico.mx\\\/?s={search_term_string}\"},\"query-input\":{\"@type\":\"PropertyValueSpecification\",\"valueRequired\":true,\"valueName\":\"search_term_string\"}}],\"inLanguage\":\"es\"},{\"@type\":\"Person\",\"@id\":\"https:\\\/\\\/quehacerpolitico.mx\\\/#\\\/schema\\\/person\\\/496d8ad2d1d3f8036101dca7ee39e585\",\"name\":\"Redacci\u00f3n QP\",\"image\":{\"@type\":\"ImageObject\",\"inLanguage\":\"es\",\"@id\":\"https:\\\/\\\/secure.gravatar.com\\\/avatar\\\/c7164ed6fdec453195284ad24a5ae5b6e1eed2b848477fa2a4787ba9adf39a41?s=96&d=mm&r=g\",\"url\":\"https:\\\/\\\/secure.gravatar.com\\\/avatar\\\/c7164ed6fdec453195284ad24a5ae5b6e1eed2b848477fa2a4787ba9adf39a41?s=96&d=mm&r=g\",\"contentUrl\":\"https:\\\/\\\/secure.gravatar.com\\\/avatar\\\/c7164ed6fdec453195284ad24a5ae5b6e1eed2b848477fa2a4787ba9adf39a41?s=96&d=mm&r=g\",\"caption\":\"Redacci\u00f3n QP\"},\"url\":\"https:\\\/\\\/quehacerpolitico.mx\\\/?author=2\"}]}<\/script>\n<!-- \/ Yoast SEO plugin. -->","yoast_head_json":{"title":"\u00a1Problemas en Par\u00eds! Messi se encar\u00f3 con un compa\u00f1ero que le tir\u00f3 una dura patada -","robots":{"index":"index","follow":"follow","max-snippet":"max-snippet:-1","max-image-preview":"max-image-preview:large","max-video-preview":"max-video-preview:-1"},"canonical":"https:\/\/quehacerpolitico.mx\/?p=98922","og_locale":"es_MX","og_type":"article","og_title":"\u00a1Problemas en Par\u00eds! Messi se encar\u00f3 con un compa\u00f1ero que le tir\u00f3 una dura patada -","og_description":"Por Redacci\u00f3n QP Las cosas en el cuadro franc\u00e9s siguen sin mejorar y, por si...","og_url":"https:\/\/quehacerpolitico.mx\/?p=98922","article_published_time":"2023-02-24T20:59:22+00:00","article_modified_time":"2023-02-24T20:59:26+00:00","og_image":[{"width":1200,"height":800,"url":"https:\/\/quehacerpolitico.mx\/wp-content\/uploads\/2023\/02\/0FE5E83E-E47C-420C-A237-229E6F605637.webp","type":"image\/webp"}],"author":"Redacci\u00f3n QP","twitter_card":"summary_large_image","twitter_misc":{"Escrito por":"Redacci\u00f3n QP","Tiempo de lectura":"1 minuto"},"schema":{"@context":"https:\/\/schema.org","@graph":[{"@type":"Article","@id":"https:\/\/quehacerpolitico.mx\/?p=98922#article","isPartOf":{"@id":"https:\/\/quehacerpolitico.mx\/?p=98922"},"author":{"name":"Redacci\u00f3n QP","@id":"https:\/\/quehacerpolitico.mx\/#\/schema\/person\/496d8ad2d1d3f8036101dca7ee39e585"},"headline":"\u00a1Problemas en Par\u00eds! Messi se encar\u00f3 con un compa\u00f1ero que le tir\u00f3 una dura patada","datePublished":"2023-02-24T20:59:22+00:00","dateModified":"2023-02-24T20:59:26+00:00","mainEntityOfPage":{"@id":"https:\/\/quehacerpolitico.mx\/?p=98922"},"wordCount":260,"commentCount":0,"image":{"@id":"https:\/\/quehacerpolitico.mx\/?p=98922#primaryimage"},"thumbnailUrl":"https:\/\/quehacerpolitico.mx\/wp-content\/uploads\/2023\/02\/0FE5E83E-E47C-420C-A237-229E6F605637.webp","articleSection":["Deportes"],"inLanguage":"es","potentialAction":[{"@type":"CommentAction","name":"Comment","target":["https:\/\/quehacerpolitico.mx\/?p=98922#respond"]}]},{"@type":"WebPage","@id":"https:\/\/quehacerpolitico.mx\/?p=98922","url":"https:\/\/quehacerpolitico.mx\/?p=98922","name":"\u00a1Problemas en Par\u00eds! Messi se encar\u00f3 con un compa\u00f1ero que le tir\u00f3 una dura patada -","isPartOf":{"@id":"https:\/\/quehacerpolitico.mx\/#website"},"primaryImageOfPage":{"@id":"https:\/\/quehacerpolitico.mx\/?p=98922#primaryimage"},"image":{"@id":"https:\/\/quehacerpolitico.mx\/?p=98922#primaryimage"},"thumbnailUrl":"https:\/\/quehacerpolitico.mx\/wp-content\/uploads\/2023\/02\/0FE5E83E-E47C-420C-A237-229E6F605637.webp","datePublished":"2023-02-24T20:59:22+00:00","dateModified":"2023-02-24T20:59:26+00:00","author":{"@id":"https:\/\/quehacerpolitico.mx\/#\/schema\/person\/496d8ad2d1d3f8036101dca7ee39e585"},"breadcrumb":{"@id":"https:\/\/quehacerpolitico.mx\/?p=98922#breadcrumb"},"inLanguage":"es","potentialAction":[{"@type":"ReadAction","target":["https:\/\/quehacerpolitico.mx\/?p=98922"]}]},{"@type":"ImageObject","inLanguage":"es","@id":"https:\/\/quehacerpolitico.mx\/?p=98922#primaryimage","url":"https:\/\/quehacerpolitico.mx\/wp-content\/uploads\/2023\/02\/0FE5E83E-E47C-420C-A237-229E6F605637.webp","contentUrl":"https:\/\/quehacerpolitico.mx\/wp-content\/uploads\/2023\/02\/0FE5E83E-E47C-420C-A237-229E6F605637.webp","width":1200,"height":800},{"@type":"BreadcrumbList","@id":"https:\/\/quehacerpolitico.mx\/?p=98922#breadcrumb","itemListElement":[{"@type":"ListItem","position":1,"name":"Inicio","item":"https:\/\/quehacerpolitico.mx\/"},{"@type":"ListItem","position":2,"name":"\u00a1Problemas en Par\u00eds! Messi se encar\u00f3 con un compa\u00f1ero que le tir\u00f3 una dura patada"}]},{"@type":"WebSite","@id":"https:\/\/quehacerpolitico.mx\/#website","url":"https:\/\/quehacerpolitico.mx\/","name":"","description":"","potentialAction":[{"@type":"SearchAction","target":{"@type":"EntryPoint","urlTemplate":"https:\/\/quehacerpolitico.mx\/?s={search_term_string}"},"query-input":{"@type":"PropertyValueSpecification","valueRequired":true,"valueName":"search_term_string"}}],"inLanguage":"es"},{"@type":"Person","@id":"https:\/\/quehacerpolitico.mx\/#\/schema\/person\/496d8ad2d1d3f8036101dca7ee39e585","name":"Redacci\u00f3n QP","image":{"@type":"ImageObject","inLanguage":"es","@id":"https:\/\/secure.gravatar.com\/avatar\/c7164ed6fdec453195284ad24a5ae5b6e1eed2b848477fa2a4787ba9adf39a41?s=96&d=mm&r=g","url":"https:\/\/secure.gravatar.com\/avatar\/c7164ed6fdec453195284ad24a5ae5b6e1eed2b848477fa2a4787ba9adf39a41?s=96&d=mm&r=g","contentUrl":"https:\/\/secure.gravatar.com\/avatar\/c7164ed6fdec453195284ad24a5ae5b6e1eed2b848477fa2a4787ba9adf39a41?s=96&d=mm&r=g","caption":"Redacci\u00f3n QP"},"url":"https:\/\/quehacerpolitico.mx\/?author=2"}]}},"featured_image_urls":{"full":["https:\/\/quehacerpolitico.mx\/wp-content\/uploads\/2023\/02\/0FE5E83E-E47C-420C-A237-229E6F605637.webp",1200,800,false],"thumbnail":["https:\/\/quehacerpolitico.mx\/wp-content\/uploads\/2023\/02\/0FE5E83E-E47C-420C-A237-229E6F605637-150x150.webp",150,150,true],"medium":["https:\/\/quehacerpolitico.mx\/wp-content\/uploads\/2023\/02\/0FE5E83E-E47C-420C-A237-229E6F605637-300x200.webp",300,200,true],"medium_large":["https:\/\/quehacerpolitico.mx\/wp-content\/uploads\/2023\/02\/0FE5E83E-E47C-420C-A237-229E6F605637-768x512.webp",640,427,true],"large":["https:\/\/quehacerpolitico.mx\/wp-content\/uploads\/2023\/02\/0FE5E83E-E47C-420C-A237-229E6F605637-1024x683.webp",640,427,true],"1536x1536":["https:\/\/quehacerpolitico.mx\/wp-content\/uploads\/2023\/02\/0FE5E83E-E47C-420C-A237-229E6F605637.webp",1200,800,false],"2048x2048":["https:\/\/quehacerpolitico.mx\/wp-content\/uploads\/2023\/02\/0FE5E83E-E47C-420C-A237-229E6F605637.webp",1200,800,false],"covernews-featured":["https:\/\/quehacerpolitico.mx\/wp-content\/uploads\/2023\/02\/0FE5E83E-E47C-420C-A237-229E6F605637.webp",1024,683,false],"covernews-medium":["https:\/\/quehacerpolitico.mx\/wp-content\/uploads\/2023\/02\/0FE5E83E-E47C-420C-A237-229E6F605637.webp",510,340,false]},"author_info":{"display_name":"Redacci\u00f3n QP","author_link":"https:\/\/quehacerpolitico.mx\/?author=2"},"category_info":"<a href=\"https:\/\/quehacerpolitico.mx\/?cat=54\" rel=\"category\">Deportes<\/a>","tag_info":"Deportes","comment_count":"0","_links":{"self":[{"href":"https:\/\/quehacerpolitico.mx\/index.php?rest_route=\/wp\/v2\/posts\/98922","targetHints":{"allow":["GET"]}}],"collection":[{"href":"https:\/\/quehacerpolitico.mx\/index.php?rest_route=\/wp\/v2\/posts"}],"about":[{"href":"https:\/\/quehacerpolitico.mx\/index.php?rest_route=\/wp\/v2\/types\/post"}],"author":[{"embeddable":true,"href":"https:\/\/quehacerpolitico.mx\/index.php?rest_route=\/wp\/v2\/users\/2"}],"replies":[{"embeddable":true,"href":"https:\/\/quehacerpolitico.mx\/index.php?rest_route=%2Fwp%2Fv2%2Fcomments&post=98922"}],"version-history":[{"count":1,"href":"https:\/\/quehacerpolitico.mx\/index.php?rest_route=\/wp\/v2\/posts\/98922\/revisions"}],"predecessor-version":[{"id":98924,"href":"https:\/\/quehacerpolitico.mx\/index.php?rest_route=\/wp\/v2\/posts\/98922\/revisions\/98924"}],"wp:featuredmedia":[{"embeddable":true,"href":"https:\/\/quehacerpolitico.mx\/index.php?rest_route=\/wp\/v2\/media\/98923"}],"wp:attachment":[{"href":"https:\/\/quehacerpolitico.mx\/index.php?rest_route=%2Fwp%2Fv2%2Fmedia&parent=98922"}],"wp:term":[{"taxonomy":"category","embeddable":true,"href":"https:\/\/quehacerpolitico.mx\/index.php?rest_route=%2Fwp%2Fv2%2Fcategories&post=98922"},{"taxonomy":"post_tag","embeddable":true,"href":"https:\/\/quehacerpolitico.mx\/index.php?rest_route=%2Fwp%2Fv2%2Ftags&post=98922"}],"curies":[{"name":"wp","href":"https:\/\/api.w.org\/{rel}","templated":true}]}}